{"id":1587,"date":"2010-02-18T00:00:00","date_gmt":"2010-02-17T22:00:00","guid":{"rendered":"https:\/\/www.gereso.com\/actualites\/2010\/02\/pratique-2010-epargne-salariale\/"},"modified":"2010-02-18T00:00:00","modified_gmt":"2010-02-17T22:00:00","slug":"pratique-2010-epargne-salariale","status":"publish","type":"post","link":"https:\/\/www.gereso.com\/actualites\/2010\/02\/18\/pratique-2010-epargne-salariale\/","title":{"rendered":"Pratique 2010 &#8211; Epargne salariale"},"content":{"rendered":"\n<p style=\"font-weight: bold;\">Droit du travail, Paie, Protection sociale, \u00c9pargne salariale. Quelles nouveaut\u00e9s cette ann\u00e9e pour les PME-PMI&nbsp;?<\/p>\n<p>Notreconsultante en paie et droit social, Amandine LECOMTE, vous aide \u00e0 devenirincollable sur tous les dossiers qui font l&rsquo;agenda en 2010 !<\/p>\n<p>Augmentation du forfait social, contribution sp\u00e9cifique sur lesretraites chapeaux&#8230; Retrouvez toute l&rsquo;actualit\u00e9 en \u00e9pargne salarialesous forme defiche pratique.<\/p>\n<h3>L&rsquo;augmentation du forfait social<\/h3>\n<p><span style=\"font-weight: bold;\">Contribution patronale de 2% sur <\/span><\/p>\n<li>la participation<\/li>\n<li>l&rsquo;int\u00e9ressement<\/li>\n<li>la prime exceptionnelle d&rsquo;int\u00e9ressement<\/li>\n<li>les abondements de l&#8217;employeur aux plans d &lsquo;\u00e9pargne d&rsquo; entreprise<\/li>\n<li>les contributions patronales aux r\u00e9gimes de retraite suppl\u00e9mentaire<\/li>\n<p><span style=\"font-weight: bold;\">Passage \u00e0 4% et extension du champ d&rsquo;application<\/span><\/p>\n<li>Aux dispositifs de participation, d&rsquo;int\u00e9ressement, de plans d&rsquo;\u00e9pargne et de retraite suppl\u00e9mentaire b\u00e9n\u00e9ficiant aux chefs d&rsquo;entreprise, pr\u00e9sidents, directeurs g\u00e9n\u00e9raux, g\u00e9rants ou membres du directoire, ainsi qu&rsquo;au conjoint du chef d&rsquo;entreprise ayant le statut de conjoint collaborateur ou associ\u00e9, dans les entreprises dont l&rsquo;effectif habituel est compris entre un et 250 salari\u00e9s <\/li>\n<li>Aux jetons de pr\u00e9sence et aux r\u00e9mun\u00e9rations exceptionnelles pour des mandats ou missions vers\u00e9s aux administrateurs et membres du conseil de surveillance de soci\u00e9t\u00e9s anonymes. <\/li>\n<h3>L&rsquo;augmentation des contributions sur les retraites \u00ab\u00a0chapeaux\u00a0\u00bb<\/h3>\n<p>Les employeurs doivent payer <span style=\"font-weight: bold;\">une contribution sp\u00e9cifique<\/span> au titre des r\u00e9gimes de retraite suppl\u00e9mentaire \u00e0 prestations d\u00e9finies conditionnant les droits \u00e0 prestations \u00e0 l&rsquo;ach\u00e8vement par le b\u00e9n\u00e9ficiaire de sa carri\u00e8re dans l&rsquo;entreprise et dont le financement par l&#8217;employeur n&rsquo;est pas individualis\u00e9 salari\u00e9 par salari\u00e9 <\/p>\n<p>Les taux actuels (6%, 8%, 12% selon l&rsquo;assiette retenue par l&#8217;employeur) <span style=\"font-weight: bold;\">doublent<\/span>.  <\/p>\n","protected":false},"excerpt":{"rendered":"<p>Droit du travail, Paie, Protection sociale, \u00c9pargne salariale. Quelles nouveaut\u00e9s cette ann\u00e9e pour les PME-PMI&nbsp;? Notreconsultante en paie et droit social, Amandine LECOMTE, vous aide \u00e0 devenirincollable sur tous les dossiers qui font l&rsquo;agenda en 2010 ! Augmentation du forfait social, contribution sp\u00e9cifique sur lesretraites chapeaux&#8230; Retrouvez toute l&rsquo;actualit\u00e9 en \u00e9pargne salarialesous forme defiche pratique. [&hellip;]<\/p>\n","protected":false},"author":32,"featured_media":0,"comment_status":"open","ping_status":"open","sticky":false,"template":"","format":"standard","meta":{"_acf_changed":false,"_mi_skip_tracking":false,"footnotes":""},"categories":[4],"tags":[],"class_list":["post-1587","post","type-post","status-publish","format-standard","hentry","category-retraite-et-protection-sociale"],"acf":[],"yoast_head":"<!-- This site is optimized with the Yoast SEO plugin v23.4 - https:\/\/yoast.com\/wordpress\/plugins\/seo\/ -->\n<title>Pratique 2010 - Epargne salariale - Le Blog GERESO<\/title>\n<meta name=\"robots\" content=\"index, follow, max-snippet:-1, max-image-preview:large, max-video-preview:-1\" \/>\n<link rel=\"canonical\" href=\"https:\/\/www.gereso.com\/actualites\/2010\/02\/18\/pratique-2010-epargne-salariale\/\" \/>\n<meta property=\"og:locale\" content=\"fr_FR\" \/>\n<meta property=\"og:type\" content=\"article\" \/>\n<meta property=\"og:title\" content=\"Pratique 2010 - Epargne salariale - Le Blog GERESO\" \/>\n<meta property=\"og:description\" content=\"Droit du travail, Paie, Protection sociale, \u00c9pargne salariale. Quelles nouveaut\u00e9s cette ann\u00e9e pour les PME-PMI&nbsp;? Notreconsultante en paie et droit social, Amandine LECOMTE, vous aide \u00e0 devenirincollable sur tous les dossiers qui font l&rsquo;agenda en 2010 ! Augmentation du forfait social, contribution sp\u00e9cifique sur lesretraites chapeaux&#8230; Retrouvez toute l&rsquo;actualit\u00e9 en \u00e9pargne salarialesous forme defiche pratique. [&hellip;]\" \/>\n<meta property=\"og:url\" content=\"https:\/\/www.gereso.com\/actualites\/2010\/02\/18\/pratique-2010-epargne-salariale\/\" \/>\n<meta property=\"og:site_name\" content=\"Le Blog GERESO\" \/>\n<meta property=\"article:published_time\" content=\"2010-02-17T22:00:00+00:00\" \/>\n<meta name=\"author\" content=\"\u00c9quipe GERESO\" \/>\n<meta name=\"twitter:card\" content=\"summary_large_image\" \/>\n<script type=\"application\/ld+json\" class=\"yoast-schema-graph\">{\"@context\":\"https:\/\/schema.org\",\"@graph\":[{\"@type\":\"WebPage\",\"@id\":\"https:\/\/www.gereso.com\/actualites\/2010\/02\/18\/pratique-2010-epargne-salariale\/\",\"url\":\"https:\/\/www.gereso.com\/actualites\/2010\/02\/18\/pratique-2010-epargne-salariale\/\",\"name\":\"Pratique 2010 - Epargne salariale - Le Blog GERESO\",\"isPartOf\":{\"@id\":\"https:\/\/www.gereso.com\/actualites\/#website\"},\"datePublished\":\"2010-02-17T22:00:00+00:00\",\"dateModified\":\"2010-02-17T22:00:00+00:00\",\"author\":{\"@id\":\"https:\/\/www.gereso.com\/actualites\/#\/schema\/person\/197d8aef40cb4ae3f6a0aa9e1d3df2a6\"},\"breadcrumb\":{\"@id\":\"https:\/\/www.gereso.com\/actualites\/2010\/02\/18\/pratique-2010-epargne-salariale\/#breadcrumb\"},\"inLanguage\":\"fr-FR\",\"potentialAction\":[{\"@type\":\"ReadAction\",\"target\":[\"https:\/\/www.gereso.com\/actualites\/2010\/02\/18\/pratique-2010-epargne-salariale\/\"]}]},{\"@type\":\"BreadcrumbList\",\"@id\":\"https:\/\/www.gereso.com\/actualites\/2010\/02\/18\/pratique-2010-epargne-salariale\/#breadcrumb\",\"itemListElement\":[{\"@type\":\"ListItem\",\"position\":1,\"name\":\"Home\",\"item\":\"https:\/\/www.gereso.com\/actualites\/\"},{\"@type\":\"ListItem\",\"position\":2,\"name\":\"Pratique 2010 &#8211; Epargne salariale\"}]},{\"@type\":\"WebSite\",\"@id\":\"https:\/\/www.gereso.com\/actualites\/#website\",\"url\":\"https:\/\/www.gereso.com\/actualites\/\",\"name\":\"Le Blog GERESO\",\"description\":\"Toute l&#039;actu RH, Finance, Fonction Publique, Management...\",\"potentialAction\":[{\"@type\":\"SearchAction\",\"target\":{\"@type\":\"EntryPoint\",\"urlTemplate\":\"https:\/\/www.gereso.com\/actualites\/?s={search_term_string}\"},\"query-input\":{\"@type\":\"PropertyValueSpecification\",\"valueRequired\":true,\"valueName\":\"search_term_string\"}}],\"inLanguage\":\"fr-FR\"},{\"@type\":\"Person\",\"@id\":\"https:\/\/www.gereso.com\/actualites\/#\/schema\/person\/197d8aef40cb4ae3f6a0aa9e1d3df2a6\",\"name\":\"\u00c9quipe GERESO\",\"image\":{\"@type\":\"ImageObject\",\"inLanguage\":\"fr-FR\",\"@id\":\"https:\/\/www.gereso.com\/actualites\/#\/schema\/person\/image\/\",\"url\":\"https:\/\/www.gereso.com\/actualites\/wp-content\/uploads\/2013\/12\/avatar-gereso-1.png\",\"contentUrl\":\"https:\/\/www.gereso.com\/actualites\/wp-content\/uploads\/2013\/12\/avatar-gereso-1.png\",\"caption\":\"\u00c9quipe GERESO\"},\"url\":\"https:\/\/www.gereso.com\/actualites\/author\/gereso\/\"}]}<\/script>\n<!-- \/ Yoast SEO plugin. -->","yoast_head_json":{"title":"Pratique 2010 - Epargne salariale - Le Blog GERESO","robots":{"index":"index","follow":"follow","max-snippet":"max-snippet:-1","max-image-preview":"max-image-preview:large","max-video-preview":"max-video-preview:-1"},"canonical":"https:\/\/www.gereso.com\/actualites\/2010\/02\/18\/pratique-2010-epargne-salariale\/","og_locale":"fr_FR","og_type":"article","og_title":"Pratique 2010 - Epargne salariale - Le Blog GERESO","og_description":"Droit du travail, Paie, Protection sociale, \u00c9pargne salariale. Quelles nouveaut\u00e9s cette ann\u00e9e pour les PME-PMI&nbsp;? Notreconsultante en paie et droit social, Amandine LECOMTE, vous aide \u00e0 devenirincollable sur tous les dossiers qui font l&rsquo;agenda en 2010 ! Augmentation du forfait social, contribution sp\u00e9cifique sur lesretraites chapeaux&#8230; Retrouvez toute l&rsquo;actualit\u00e9 en \u00e9pargne salarialesous forme defiche pratique. [&hellip;]","og_url":"https:\/\/www.gereso.com\/actualites\/2010\/02\/18\/pratique-2010-epargne-salariale\/","og_site_name":"Le Blog GERESO","article_published_time":"2010-02-17T22:00:00+00:00","author":"\u00c9quipe GERESO","twitter_card":"summary_large_image","schema":{"@context":"https:\/\/schema.org","@graph":[{"@type":"WebPage","@id":"https:\/\/www.gereso.com\/actualites\/2010\/02\/18\/pratique-2010-epargne-salariale\/","url":"https:\/\/www.gereso.com\/actualites\/2010\/02\/18\/pratique-2010-epargne-salariale\/","name":"Pratique 2010 - Epargne salariale - Le Blog GERESO","isPartOf":{"@id":"https:\/\/www.gereso.com\/actualites\/#website"},"datePublished":"2010-02-17T22:00:00+00:00","dateModified":"2010-02-17T22:00:00+00:00","author":{"@id":"https:\/\/www.gereso.com\/actualites\/#\/schema\/person\/197d8aef40cb4ae3f6a0aa9e1d3df2a6"},"breadcrumb":{"@id":"https:\/\/www.gereso.com\/actualites\/2010\/02\/18\/pratique-2010-epargne-salariale\/#breadcrumb"},"inLanguage":"fr-FR","potentialAction":[{"@type":"ReadAction","target":["https:\/\/www.gereso.com\/actualites\/2010\/02\/18\/pratique-2010-epargne-salariale\/"]}]},{"@type":"BreadcrumbList","@id":"https:\/\/www.gereso.com\/actualites\/2010\/02\/18\/pratique-2010-epargne-salariale\/#breadcrumb","itemListElement":[{"@type":"ListItem","position":1,"name":"Home","item":"https:\/\/www.gereso.com\/actualites\/"},{"@type":"ListItem","position":2,"name":"Pratique 2010 &#8211; Epargne salariale"}]},{"@type":"WebSite","@id":"https:\/\/www.gereso.com\/actualites\/#website","url":"https:\/\/www.gereso.com\/actualites\/","name":"Le Blog GERESO","description":"Toute l&#039;actu RH, Finance, Fonction Publique, Management...","potentialAction":[{"@type":"SearchAction","target":{"@type":"EntryPoint","urlTemplate":"https:\/\/www.gereso.com\/actualites\/?s={search_term_string}"},"query-input":{"@type":"PropertyValueSpecification","valueRequired":true,"valueName":"search_term_string"}}],"inLanguage":"fr-FR"},{"@type":"Person","@id":"https:\/\/www.gereso.com\/actualites\/#\/schema\/person\/197d8aef40cb4ae3f6a0aa9e1d3df2a6","name":"\u00c9quipe GERESO","image":{"@type":"ImageObject","inLanguage":"fr-FR","@id":"https:\/\/www.gereso.com\/actualites\/#\/schema\/person\/image\/","url":"https:\/\/www.gereso.com\/actualites\/wp-content\/uploads\/2013\/12\/avatar-gereso-1.png","contentUrl":"https:\/\/www.gereso.com\/actualites\/wp-content\/uploads\/2013\/12\/avatar-gereso-1.png","caption":"\u00c9quipe GERESO"},"url":"https:\/\/www.gereso.com\/actualites\/author\/gereso\/"}]}},"_links":{"self":[{"href":"https:\/\/www.gereso.com\/actualites\/wp-json\/wp\/v2\/posts\/1587","targetHints":{"allow":["GET"]}}],"collection":[{"href":"https:\/\/www.gereso.com\/actualites\/wp-json\/wp\/v2\/posts"}],"about":[{"href":"https:\/\/www.gereso.com\/actualites\/wp-json\/wp\/v2\/types\/post"}],"author":[{"embeddable":true,"href":"https:\/\/www.gereso.com\/actualites\/wp-json\/wp\/v2\/users\/32"}],"replies":[{"embeddable":true,"href":"https:\/\/www.gereso.com\/actualites\/wp-json\/wp\/v2\/comments?post=1587"}],"version-history":[{"count":0,"href":"https:\/\/www.gereso.com\/actualites\/wp-json\/wp\/v2\/posts\/1587\/revisions"}],"wp:attachment":[{"href":"https:\/\/www.gereso.com\/actualites\/wp-json\/wp\/v2\/media?parent=1587"}],"wp:term":[{"taxonomy":"category","embeddable":true,"href":"https:\/\/www.gereso.com\/actualites\/wp-json\/wp\/v2\/categories?post=1587"},{"taxonomy":"post_tag","embeddable":true,"href":"https:\/\/www.gereso.com\/actualites\/wp-json\/wp\/v2\/tags?post=1587"}],"curies":[{"name":"wp","href":"https:\/\/api.w.org\/{rel}","templated":true}]}}