{"id":1588,"date":"2010-03-10T00:00:00","date_gmt":"2010-03-09T22:00:00","guid":{"rendered":"https:\/\/www.gereso.com\/actualites\/2010\/03\/retraites-ca-bouge-en-2010\/"},"modified":"2010-03-10T00:00:00","modified_gmt":"2010-03-09T22:00:00","slug":"retraites-ca-bouge-en-2010","status":"publish","type":"post","link":"https:\/\/www.gereso.com\/actualites\/2010\/03\/10\/retraites-ca-bouge-en-2010\/","title":{"rendered":"Retraites : \u00e7a bouge en 2010"},"content":{"rendered":"\n<p>Pas de pr\u00e9cipitations pour le plus gros dossier de l&rsquo;ann\u00e9e.La concertation sur la r\u00e9forme des retraites entre les partenaires sociaux etle gouvernement qui d\u00e9butera mi-avril devrait permettre au gouvernement ded\u00e9poser un projet de loi \u00e0 l&rsquo;automne.<\/p>\n<p>Si la feuille de route n&rsquo;a pas \u00e9t\u00e9 r\u00e9v\u00e9l\u00e9e, deux pistes\u00e9mergent cependant: le recul de l&rsquo;\u00e2ge l\u00e9gal de d\u00e9part en retraite etl&rsquo;allongement de la dur\u00e9e d&rsquo;activit\u00e9.<\/p>\n<p>En effet, il n&rsquo;y aura pas de remise en cause du syst\u00e8me der\u00e9partition et pas non plus de baisse des pensions, a indiqu\u00e9 Nicolas Sarkozylors du Sommet social du 15 f\u00e9vrier. Deux possibilit\u00e9s donc pour enrayer lesd\u00e9ficits: allonger une nouvelle fois la dur\u00e9e de cotisation (cf. la r\u00e9formeFillon de 2003), et\/ou repousser l&rsquo;\u00e2ge l\u00e9gal de la retraite au-del\u00e0 de 60 ans.Bien qu&rsquo;insuffisante, cette \u00e9ventualit\u00e9 est celle qui r\u00e9duirait le plus lesd\u00e9ficits \u00e0 court terme.<\/p>\n<h2>D&rsquo;ici l\u00e0, qu&rsquo;est-ce qui nous attend&nbsp;?<\/h2>\n<p style=\"font-size: x-small;\">(Source : Laurence Allard- magazine le Point)<\/p>\n<h3>Pas de d\u00e9cote<\/h3>\n<p>Vous avez entre 60 et 65 ans et la retraite est pr\u00e9vue d&rsquo;ici\u00e0 la fin de l&rsquo;ann\u00e9e&nbsp;? Si vous \u00eates en possession du nombre de trimestres requispour toucher une pension \u00e0 taux plein, vous ne subirez aucune d\u00e9cote sur lespensions vers\u00e9es par les r\u00e9gimes compl\u00e9mentaires Agirc et Arrco. En effet,l&rsquo;abattement de 22 % est enterr\u00e9? pour 21 mois\u00a0!<\/p>\n<h3>Des montants en berne&nbsp;?<\/h3>\n<p>Acquisition du point et de sa valeur\u00a0: au tour del&rsquo;\u00e9pineuse question du montant\u00a0! Ainsi, au 1er avril 2009, le prix d&rsquo;achatdes points a \u00e9t\u00e9 augment\u00e9 de 1,8 % (4,9604 euros pour l&rsquo;Agirc et 14,2198 eurospour l&rsquo;Arrco). En d&rsquo;autres termes, si vous n&rsquo;avez pas eu de hausse de salairesup\u00e9rieure \u00e0 ce pourcentage au titre de 2009, vous obtiendrez moins de pointscette ann\u00e9e que l&rsquo;an dernier&#8230; Et donc moins de retraite !<\/p>\n<h3>&#8230;Mais une valeur du point en hausse<\/h3>\n<p>En revanche, la valeur du point a \u00e9t\u00e9 revaloris\u00e9e \u00e0 la m\u00eamep\u00e9riode de 1,30 %. Comme pour le r\u00e9gime g\u00e9n\u00e9ral, l&rsquo;augmentation comprend unepartie de rattrapage sur l&rsquo;inflation 2008, et une autre sur l&rsquo;\u00e9volutionattendue des prix cette ann\u00e9e.<\/p>\n<h3>Vivre \u00e0 cr\u00e9dit<\/h3>\n<p>L&rsquo;interrogation qui fait l&rsquo;agenda de la protection socialeen 2010 : Comment financer la reconduction du r\u00e9gime actuel&nbsp;? En effet, lesr\u00e9gimes compl\u00e9mentaires qui sont parvenus \u00e0 garder la t\u00eate hors de l&rsquo;eaujusque-l\u00e0 devraient entrer dans le rouge en 2010. Le MEDEF avait propos\u00e9 uneaugmentation des cotisations? Mais en couplant la mesure \u00e0 un recul de l&rsquo;\u00e2ge ded\u00e9part \u00e0 la retraite, l&rsquo;augmentation a fait choux blancs.<\/p>\n<p>Les r\u00e9gimes vont donc devoir vivre \u00e0 cr\u00e9dit. 2011 risque decr\u00e9er la surprise pour les futurs retrait\u00e9s&#8230; <\/p>\n","protected":false},"excerpt":{"rendered":"<p>Pas de pr\u00e9cipitations pour le plus gros dossier de l&rsquo;ann\u00e9e.La concertation sur la r\u00e9forme des retraites entre les partenaires sociaux etle gouvernement qui d\u00e9butera mi-avril devrait permettre au gouvernement ded\u00e9poser un projet de loi \u00e0 l&rsquo;automne. Si la feuille de route n&rsquo;a pas \u00e9t\u00e9 r\u00e9v\u00e9l\u00e9e, deux pistes\u00e9mergent cependant: le recul de l&rsquo;\u00e2ge l\u00e9gal de d\u00e9part [&hellip;]<\/p>\n","protected":false},"author":32,"featured_media":0,"comment_status":"open","ping_status":"open","sticky":false,"template":"","format":"standard","meta":{"_acf_changed":false,"_mi_skip_tracking":false,"footnotes":""},"categories":[4],"tags":[],"class_list":["post-1588","post","type-post","status-publish","format-standard","hentry","category-retraite-et-protection-sociale"],"acf":[],"yoast_head":"<!-- This site is optimized with the Yoast SEO plugin v23.4 - https:\/\/yoast.com\/wordpress\/plugins\/seo\/ -->\n<title>Retraites : \u00e7a bouge en 2010 - Le Blog GERESO<\/title>\n<meta name=\"robots\" content=\"index, follow, max-snippet:-1, max-image-preview:large, max-video-preview:-1\" \/>\n<link rel=\"canonical\" href=\"https:\/\/www.gereso.com\/actualites\/2010\/03\/10\/retraites-ca-bouge-en-2010\/\" \/>\n<meta property=\"og:locale\" content=\"fr_FR\" \/>\n<meta property=\"og:type\" content=\"article\" \/>\n<meta property=\"og:title\" content=\"Retraites : \u00e7a bouge en 2010 - Le Blog GERESO\" \/>\n<meta property=\"og:description\" content=\"Pas de pr\u00e9cipitations pour le plus gros dossier de l&rsquo;ann\u00e9e.La concertation sur la r\u00e9forme des retraites entre les partenaires sociaux etle gouvernement qui d\u00e9butera mi-avril devrait permettre au gouvernement ded\u00e9poser un projet de loi \u00e0 l&rsquo;automne. Si la feuille de route n&rsquo;a pas \u00e9t\u00e9 r\u00e9v\u00e9l\u00e9e, deux pistes\u00e9mergent cependant: le recul de l&rsquo;\u00e2ge l\u00e9gal de d\u00e9part [&hellip;]\" \/>\n<meta property=\"og:url\" content=\"https:\/\/www.gereso.com\/actualites\/2010\/03\/10\/retraites-ca-bouge-en-2010\/\" \/>\n<meta property=\"og:site_name\" content=\"Le Blog GERESO\" \/>\n<meta property=\"article:published_time\" content=\"2010-03-09T22:00:00+00:00\" \/>\n<meta name=\"author\" content=\"\u00c9quipe GERESO\" \/>\n<meta name=\"twitter:card\" content=\"summary_large_image\" \/>\n<script type=\"application\/ld+json\" class=\"yoast-schema-graph\">{\"@context\":\"https:\/\/schema.org\",\"@graph\":[{\"@type\":\"WebPage\",\"@id\":\"https:\/\/www.gereso.com\/actualites\/2010\/03\/10\/retraites-ca-bouge-en-2010\/\",\"url\":\"https:\/\/www.gereso.com\/actualites\/2010\/03\/10\/retraites-ca-bouge-en-2010\/\",\"name\":\"Retraites : \u00e7a bouge en 2010 - Le Blog GERESO\",\"isPartOf\":{\"@id\":\"https:\/\/www.gereso.com\/actualites\/#website\"},\"datePublished\":\"2010-03-09T22:00:00+00:00\",\"dateModified\":\"2010-03-09T22:00:00+00:00\",\"author\":{\"@id\":\"https:\/\/www.gereso.com\/actualites\/#\/schema\/person\/197d8aef40cb4ae3f6a0aa9e1d3df2a6\"},\"breadcrumb\":{\"@id\":\"https:\/\/www.gereso.com\/actualites\/2010\/03\/10\/retraites-ca-bouge-en-2010\/#breadcrumb\"},\"inLanguage\":\"fr-FR\",\"potentialAction\":[{\"@type\":\"ReadAction\",\"target\":[\"https:\/\/www.gereso.com\/actualites\/2010\/03\/10\/retraites-ca-bouge-en-2010\/\"]}]},{\"@type\":\"BreadcrumbList\",\"@id\":\"https:\/\/www.gereso.com\/actualites\/2010\/03\/10\/retraites-ca-bouge-en-2010\/#breadcrumb\",\"itemListElement\":[{\"@type\":\"ListItem\",\"position\":1,\"name\":\"Home\",\"item\":\"https:\/\/www.gereso.com\/actualites\/\"},{\"@type\":\"ListItem\",\"position\":2,\"name\":\"Retraites : \u00e7a bouge en 2010\"}]},{\"@type\":\"WebSite\",\"@id\":\"https:\/\/www.gereso.com\/actualites\/#website\",\"url\":\"https:\/\/www.gereso.com\/actualites\/\",\"name\":\"Le Blog GERESO\",\"description\":\"Toute l&#039;actu RH, Finance, Fonction Publique, Management...\",\"potentialAction\":[{\"@type\":\"SearchAction\",\"target\":{\"@type\":\"EntryPoint\",\"urlTemplate\":\"https:\/\/www.gereso.com\/actualites\/?s={search_term_string}\"},\"query-input\":{\"@type\":\"PropertyValueSpecification\",\"valueRequired\":true,\"valueName\":\"search_term_string\"}}],\"inLanguage\":\"fr-FR\"},{\"@type\":\"Person\",\"@id\":\"https:\/\/www.gereso.com\/actualites\/#\/schema\/person\/197d8aef40cb4ae3f6a0aa9e1d3df2a6\",\"name\":\"\u00c9quipe GERESO\",\"image\":{\"@type\":\"ImageObject\",\"inLanguage\":\"fr-FR\",\"@id\":\"https:\/\/www.gereso.com\/actualites\/#\/schema\/person\/image\/\",\"url\":\"https:\/\/www.gereso.com\/actualites\/wp-content\/uploads\/2013\/12\/avatar-gereso-1.png\",\"contentUrl\":\"https:\/\/www.gereso.com\/actualites\/wp-content\/uploads\/2013\/12\/avatar-gereso-1.png\",\"caption\":\"\u00c9quipe GERESO\"},\"url\":\"https:\/\/www.gereso.com\/actualites\/author\/gereso\/\"}]}<\/script>\n<!-- \/ Yoast SEO plugin. -->","yoast_head_json":{"title":"Retraites : \u00e7a bouge en 2010 - Le Blog GERESO","robots":{"index":"index","follow":"follow","max-snippet":"max-snippet:-1","max-image-preview":"max-image-preview:large","max-video-preview":"max-video-preview:-1"},"canonical":"https:\/\/www.gereso.com\/actualites\/2010\/03\/10\/retraites-ca-bouge-en-2010\/","og_locale":"fr_FR","og_type":"article","og_title":"Retraites : \u00e7a bouge en 2010 - Le Blog GERESO","og_description":"Pas de pr\u00e9cipitations pour le plus gros dossier de l&rsquo;ann\u00e9e.La concertation sur la r\u00e9forme des retraites entre les partenaires sociaux etle gouvernement qui d\u00e9butera mi-avril devrait permettre au gouvernement ded\u00e9poser un projet de loi \u00e0 l&rsquo;automne. Si la feuille de route n&rsquo;a pas \u00e9t\u00e9 r\u00e9v\u00e9l\u00e9e, deux pistes\u00e9mergent cependant: le recul de l&rsquo;\u00e2ge l\u00e9gal de d\u00e9part [&hellip;]","og_url":"https:\/\/www.gereso.com\/actualites\/2010\/03\/10\/retraites-ca-bouge-en-2010\/","og_site_name":"Le Blog GERESO","article_published_time":"2010-03-09T22:00:00+00:00","author":"\u00c9quipe GERESO","twitter_card":"summary_large_image","schema":{"@context":"https:\/\/schema.org","@graph":[{"@type":"WebPage","@id":"https:\/\/www.gereso.com\/actualites\/2010\/03\/10\/retraites-ca-bouge-en-2010\/","url":"https:\/\/www.gereso.com\/actualites\/2010\/03\/10\/retraites-ca-bouge-en-2010\/","name":"Retraites : \u00e7a bouge en 2010 - Le Blog GERESO","isPartOf":{"@id":"https:\/\/www.gereso.com\/actualites\/#website"},"datePublished":"2010-03-09T22:00:00+00:00","dateModified":"2010-03-09T22:00:00+00:00","author":{"@id":"https:\/\/www.gereso.com\/actualites\/#\/schema\/person\/197d8aef40cb4ae3f6a0aa9e1d3df2a6"},"breadcrumb":{"@id":"https:\/\/www.gereso.com\/actualites\/2010\/03\/10\/retraites-ca-bouge-en-2010\/#breadcrumb"},"inLanguage":"fr-FR","potentialAction":[{"@type":"ReadAction","target":["https:\/\/www.gereso.com\/actualites\/2010\/03\/10\/retraites-ca-bouge-en-2010\/"]}]},{"@type":"BreadcrumbList","@id":"https:\/\/www.gereso.com\/actualites\/2010\/03\/10\/retraites-ca-bouge-en-2010\/#breadcrumb","itemListElement":[{"@type":"ListItem","position":1,"name":"Home","item":"https:\/\/www.gereso.com\/actualites\/"},{"@type":"ListItem","position":2,"name":"Retraites : \u00e7a bouge en 2010"}]},{"@type":"WebSite","@id":"https:\/\/www.gereso.com\/actualites\/#website","url":"https:\/\/www.gereso.com\/actualites\/","name":"Le Blog GERESO","description":"Toute l&#039;actu RH, Finance, Fonction Publique, Management...","potentialAction":[{"@type":"SearchAction","target":{"@type":"EntryPoint","urlTemplate":"https:\/\/www.gereso.com\/actualites\/?s={search_term_string}"},"query-input":{"@type":"PropertyValueSpecification","valueRequired":true,"valueName":"search_term_string"}}],"inLanguage":"fr-FR"},{"@type":"Person","@id":"https:\/\/www.gereso.com\/actualites\/#\/schema\/person\/197d8aef40cb4ae3f6a0aa9e1d3df2a6","name":"\u00c9quipe GERESO","image":{"@type":"ImageObject","inLanguage":"fr-FR","@id":"https:\/\/www.gereso.com\/actualites\/#\/schema\/person\/image\/","url":"https:\/\/www.gereso.com\/actualites\/wp-content\/uploads\/2013\/12\/avatar-gereso-1.png","contentUrl":"https:\/\/www.gereso.com\/actualites\/wp-content\/uploads\/2013\/12\/avatar-gereso-1.png","caption":"\u00c9quipe GERESO"},"url":"https:\/\/www.gereso.com\/actualites\/author\/gereso\/"}]}},"_links":{"self":[{"href":"https:\/\/www.gereso.com\/actualites\/wp-json\/wp\/v2\/posts\/1588","targetHints":{"allow":["GET"]}}],"collection":[{"href":"https:\/\/www.gereso.com\/actualites\/wp-json\/wp\/v2\/posts"}],"about":[{"href":"https:\/\/www.gereso.com\/actualites\/wp-json\/wp\/v2\/types\/post"}],"author":[{"embeddable":true,"href":"https:\/\/www.gereso.com\/actualites\/wp-json\/wp\/v2\/users\/32"}],"replies":[{"embeddable":true,"href":"https:\/\/www.gereso.com\/actualites\/wp-json\/wp\/v2\/comments?post=1588"}],"version-history":[{"count":0,"href":"https:\/\/www.gereso.com\/actualites\/wp-json\/wp\/v2\/posts\/1588\/revisions"}],"wp:attachment":[{"href":"https:\/\/www.gereso.com\/actualites\/wp-json\/wp\/v2\/media?parent=1588"}],"wp:term":[{"taxonomy":"category","embeddable":true,"href":"https:\/\/www.gereso.com\/actualites\/wp-json\/wp\/v2\/categories?post=1588"},{"taxonomy":"post_tag","embeddable":true,"href":"https:\/\/www.gereso.com\/actualites\/wp-json\/wp\/v2\/tags?post=1588"}],"curies":[{"name":"wp","href":"https:\/\/api.w.org\/{rel}","templated":true}]}}