{"id":1589,"date":"2010-03-10T00:00:00","date_gmt":"2010-03-09T22:00:00","guid":{"rendered":"https:\/\/www.gereso.com\/actualites\/2010\/03\/les-chiffres-cles-de-la-retraite\/"},"modified":"2010-03-10T00:00:00","modified_gmt":"2010-03-09T22:00:00","slug":"les-chiffres-cles-de-la-retraite","status":"publish","type":"post","link":"https:\/\/www.gereso.com\/actualites\/2010\/03\/10\/les-chiffres-cles-de-la-retraite\/","title":{"rendered":"Les chiffres cl\u00e9s de la retraite"},"content":{"rendered":"<h3>Valeurs annuelles du point au 1er avril 2009<\/h3>\n<p> <\/p>\n<table cellspacing=\"0\" cellpadding=\"10\" border=\"1\">\n<tbody>\n<tr>\n<td valign=\"middle\" bgcolor=\"#c7ffce\" align=\"left\" style=\"text-align: center;\">\u00a0ARRCO<\/td>\n<td valign=\"middle\" bgcolor=\"#c7ffce\" align=\"left\" style=\"text-align: center;\">\u00a0AGIRC<\/td>\n<td valign=\"middle\" bgcolor=\"#c7ffce\" align=\"left\" style=\"text-align: center;\">\u00a0Evolution*<\/td>\n<\/tr>\n<tr>\n<td>\u00a01,1799 &euro;<\/td>\n<td>0,4186 &euro; <\/td>\n<td>\u00a0+ 1,34 %<\/td>\n<\/tr>\n<\/tbody>\n<\/table>\n<p><span style=\"font-style: italic;\">* en moyenne sur l&rsquo;ann\u00e9e<\/span><\/p>\n<h3>Salaire de r\u00e9f\u00e9rence 2009<\/h3>\n<table cellspacing=\"0\" cellpadding=\"10\" border=\"1\">\n<tbody>\n<tr>\n<td valign=\"middle\" bgcolor=\"#c7ffce\" align=\"left\" style=\"text-align: center;\">\u00a0ARRCO<\/td>\n<td valign=\"middle\" bgcolor=\"#c7ffce\" align=\"left\" style=\"text-align: center;\">\u00a0AGIRC<\/td>\n<td valign=\"middle\" bgcolor=\"#c7ffce\" align=\"left\" style=\"text-align: center;\">\u00a0Evolution<\/td>\n<\/tr>\n<tr>\n<td>\u00a014,2198 &euro; <\/td>\n<td>4,9604 &euro;  <\/td>\n<td>\u00a0+ 1,8 % <\/td>\n<\/tr>\n<\/tbody>\n<\/table>\n<h3>Estimation des effectifs en 2008<\/h3>\n<p> <\/p>\n<table cellspacing=\"0\" cellpadding=\"10\" border=\"1\">\n<tbody>\n<tr><\/tr>\n<tr>\n<td valign=\"middle\" bgcolor=\"#c7ffce\" align=\"left\" style=\"text-align: center;\">\u00a0<\/td>\n<td valign=\"middle\" bgcolor=\"#c7ffce\" align=\"left\" style=\"text-align: center;\">\u00a0ARRCO<\/td>\n<td valign=\"middle\" bgcolor=\"#c7ffce\" align=\"left\" style=\"text-align: center;\">\u00a0AGIRC<\/td>\n<\/tr>\n<tr>\n<td>\u00a0Cotisants (estimation) <\/td>\n<td style=\"text-align: center;\">18,5 millions <\/td>\n<td style=\"text-align: center;\">\u00a03,94 millions <\/td>\n<\/tr>\n<tr>\n<td>\u00a0Retrait\u00e9s<\/td>\n<td style=\"text-align: center;\">\u00a011,3 millions<\/td>\n<td style=\"text-align: center;\">2,40 millions <\/td>\n<\/tr>\n<tr>\n<td>\u00a0Titulaires d&rsquo;une retraite directe seule<\/td>\n<td style=\"text-align: center;\">\u00a08,2 millions<\/td>\n<td style=\"text-align: center;\">\u00a01,85 millions<\/td>\n<\/tr>\n<tr>\n<td>\u00a0Titulaires d&rsquo;une pension de r\u00e9version seule<\/td>\n<td style=\"text-align: center;\">1,6 million <\/td>\n<td style=\"text-align: center;\">487 000 <\/td>\n<\/tr>\n<tr>\n<td>\u00a0Titulaires d&rsquo;une retraite directe et d&rsquo;une pension de r\u00e9version<\/td>\n<td style=\"text-align: center;\">1,5 million <\/td>\n<td style=\"text-align: center;\">61 000 <\/td>\n<\/tr>\n<tr>\n<td>\u00a0Nouveaux retrait\u00e9s<\/td>\n<td style=\"text-align: center;\">653 000 <\/td>\n<td style=\"text-align: center;\">147 000 <\/td>\n<\/tr>\n<tr>\n<td>\u00a0Nouveaux retrait\u00e9s au titre des carri\u00e8res longues<\/td>\n<td style=\"text-align: center;\">103 000 <\/td>\n<td style=\"text-align: center;\">22 000 <\/td>\n<\/tr>\n<\/tbody>\n<\/table>\n<h3>\u00a0Evolution des salaires moyens<\/h3>\n<table cellspacing=\"0\" cellpadding=\"10\" border=\"1\">\n<tbody>\n<tr>\n<td valign=\"middle\" bgcolor=\"#c7ffce\" align=\"left\">\u00a0<\/td>\n<td valign=\"middle\" bgcolor=\"#c7ffce\" align=\"left\">2005 <\/td>\n<td valign=\"middle\" bgcolor=\"#c7ffce\" align=\"left\">2006 <\/td>\n<td valign=\"middle\" bgcolor=\"#c7ffce\" align=\"left\">2007 <\/td>\n<td valign=\"middle\" bgcolor=\"#c7ffce\" align=\"left\">2008 <\/td>\n<\/tr>\n<tr>\n<td>\u00a0ARRCO<\/td>\n<td>2,6 % <\/td>\n<td>3,1 % <\/td>\n<td>3,1 % <\/td>\n<td>2,8 % <\/td>\n<\/tr>\n<tr>\n<td>\u00a0AGIRC<\/td>\n<td>1,9 % <\/td>\n<td>2,2 % <\/td>\n<td>2,5 % <\/td>\n<td>2,6 % <\/td>\n<\/tr>\n<\/tbody>\n<\/table>\n<h3>Age moyen de d\u00e9part \u00e0 la retraite en 2008<\/h3>\n<p>\u00a0 <\/p>\n<table cellspacing=\"0\" cellpadding=\"10\" border=\"1\">\n<tbody>\n<tr>\n<td valign=\"middle\" bgcolor=\"#c7ffce\" align=\"left\">\u00a0<\/td>\n<td valign=\"middle\" bgcolor=\"#c7ffce\" align=\"left\">ARRCO <\/td>\n<td valign=\"middle\" bgcolor=\"#c7ffce\" align=\"left\">AGIRC  <\/td>\n<\/tr>\n<tr>\n<td>\u00a0Age moyen de d\u00e9part en retraite<\/td>\n<td>61 ans et 2 mois  <\/td>\n<td>60 ans et 9 mois  <\/td>\n<\/tr>\n<tr>\n<td>\u00a0Age moyen pour les femmes<\/td>\n<td>61 ans et 5 mois <\/td>\n<td>61 ans et 2 mois <\/td>\n<\/tr>\n<tr>\n<td>\u00a0Age moyen pour les hommes<\/td>\n<td>61 ans<\/td>\n<td>60 ans et 7 mois<\/td>\n<\/tr>\n<\/tbody>\n<\/table>\n<h3>Pensions moyennes en 2008<\/h3>\n<p>ARRCO :   <\/p>\n<li>Les retrait\u00e9s directs ont re\u00e7u une pension annuelle moyenne de 2988 points soit 3468 euros (valeur moyenne du point de 2008 : 1,1606 euro).<\/li>\n<li>La pension des femmes repr\u00e9sente 57% de celle des hommes.<\/li>\n<li>La pension moyenne des nouveaux retrait\u00e9s est sup\u00e9rieure de 14% \u00e0 celle de l&rsquo;ensemble des retrait\u00e9s directs du r\u00e9gime.<\/li>\n<p> AGIRC :   <\/p>\n<li>Les retrait\u00e9s directs ont re\u00e7u une pension annuelle moyenne (TB et TC) de 21951 points, soit 8980 euros (valeur moyenne du point de 0,4117 euro).<\/li>\n<li>La pension des femmes repr\u00e9sente environ 40% de celle des hommes.<\/li>\n<li>La pension moyenne des nouveaux retrait\u00e9s est inf\u00e9rieure de 16% \u00e0 celle de l&rsquo;ensemble des retrait\u00e9s directs du r\u00e9gime.<\/li>\n<h3>Esp\u00e9rance de vie \u00e0 60 ans<\/h3>\n<table cellspacing=\"0\" cellpadding=\"10\" border=\"1\">\n<tbody>\n<tr>\n<td valign=\"middle\" bgcolor=\"#c7ffce\" align=\"left\">\u00a0<\/td>\n<td valign=\"middle\" bgcolor=\"#c7ffce\" align=\"left\" style=\"text-align: center;\">ARRCO <\/td>\n<td valign=\"middle\" bgcolor=\"#c7ffce\" style=\"text-align: center;\">AGIRC <\/td>\n<\/tr>\n<tr>\n<td>\u00a0Femmes<\/td>\n<td>26 ans et 11 mois (1) <\/td>\n<td>27 ans et 8 mois (2) <\/td>\n<\/tr>\n<tr>\n<td>\u00a0Hommes<\/td>\n<td>22 ans (1)<\/td>\n<td>22 ans et 10 mois (2) <\/td>\n<\/tr>\n<\/tbody>\n<\/table>\n<p>(1) Source Insee<br \/>(2) Source Agirc<\/p>\n<h3>Rapport d\u00e9mographique en 2008<br \/><\/h3>\n<table cellspacing=\"0\" cellpadding=\"10\" border=\"1\">\n<tbody>\n<tr>\n<td valign=\"middle\" bgcolor=\"#c7ffce\" align=\"left\">\u00a0<\/td>\n<td valign=\"middle\" bgcolor=\"#c7ffce\" align=\"left\">\u00a0ARRCO<\/td>\n<td valign=\"middle\" bgcolor=\"#c7ffce\" align=\"left\">AGIRC <\/td>\n<\/tr>\n<tr>\n<td>Rapport d\u00e9mographique <\/td>\n<td>1,63 <\/td>\n<td>1,64 <\/td>\n<\/tr>\n<\/tbody>\n<\/table>\n<p>Le rapport d\u00e9mographique repr\u00e9sente le nombre de cotisants pour 1 retrait\u00e9 au 31 d\u00e9cembre.<\/p>\n","protected":false},"excerpt":{"rendered":"<p>Valeurs annuelles du point au 1er avril 2009 \u00a0ARRCO \u00a0AGIRC \u00a0Evolution* \u00a01,1799 &euro; 0,4186 &euro; \u00a0+ 1,34 % * en moyenne sur l&rsquo;ann\u00e9e Salaire de r\u00e9f\u00e9rence 2009 \u00a0ARRCO \u00a0AGIRC \u00a0Evolution \u00a014,2198 &euro; 4,9604 &euro; \u00a0+ 1,8 % Estimation des effectifs en 2008 \u00a0 \u00a0ARRCO \u00a0AGIRC \u00a0Cotisants (estimation) 18,5 millions \u00a03,94 millions \u00a0Retrait\u00e9s \u00a011,3 millions 2,40 [&hellip;]<\/p>\n","protected":false},"author":32,"featured_media":0,"comment_status":"open","ping_status":"open","sticky":false,"template":"","format":"standard","meta":{"_acf_changed":false,"_mi_skip_tracking":false,"footnotes":""},"categories":[4],"tags":[],"class_list":["post-1589","post","type-post","status-publish","format-standard","hentry","category-retraite-et-protection-sociale"],"acf":[],"yoast_head":"<!-- This site is optimized with the Yoast SEO plugin v23.4 - https:\/\/yoast.com\/wordpress\/plugins\/seo\/ -->\n<title>Les chiffres cl\u00e9s de la retraite - Le Blog GERESO<\/title>\n<meta name=\"robots\" content=\"index, follow, max-snippet:-1, max-image-preview:large, max-video-preview:-1\" \/>\n<link rel=\"canonical\" href=\"https:\/\/www.gereso.com\/actualites\/2010\/03\/10\/les-chiffres-cles-de-la-retraite\/\" \/>\n<meta property=\"og:locale\" content=\"fr_FR\" \/>\n<meta property=\"og:type\" content=\"article\" \/>\n<meta property=\"og:title\" content=\"Les chiffres cl\u00e9s de la retraite - Le Blog GERESO\" \/>\n<meta property=\"og:description\" content=\"Valeurs annuelles du point au 1er avril 2009 \u00a0ARRCO \u00a0AGIRC \u00a0Evolution* \u00a01,1799 &euro; 0,4186 &euro; \u00a0+ 1,34 % * en moyenne sur l&rsquo;ann\u00e9e Salaire de r\u00e9f\u00e9rence 2009 \u00a0ARRCO \u00a0AGIRC \u00a0Evolution \u00a014,2198 &euro; 4,9604 &euro; \u00a0+ 1,8 % Estimation des effectifs en 2008 \u00a0 \u00a0ARRCO \u00a0AGIRC \u00a0Cotisants (estimation) 18,5 millions \u00a03,94 millions \u00a0Retrait\u00e9s \u00a011,3 millions 2,40 [&hellip;]\" \/>\n<meta property=\"og:url\" content=\"https:\/\/www.gereso.com\/actualites\/2010\/03\/10\/les-chiffres-cles-de-la-retraite\/\" \/>\n<meta property=\"og:site_name\" content=\"Le Blog GERESO\" \/>\n<meta property=\"article:published_time\" content=\"2010-03-09T22:00:00+00:00\" \/>\n<meta name=\"author\" content=\"\u00c9quipe GERESO\" \/>\n<meta name=\"twitter:card\" content=\"summary_large_image\" \/>\n<script type=\"application\/ld+json\" class=\"yoast-schema-graph\">{\"@context\":\"https:\/\/schema.org\",\"@graph\":[{\"@type\":\"WebPage\",\"@id\":\"https:\/\/www.gereso.com\/actualites\/2010\/03\/10\/les-chiffres-cles-de-la-retraite\/\",\"url\":\"https:\/\/www.gereso.com\/actualites\/2010\/03\/10\/les-chiffres-cles-de-la-retraite\/\",\"name\":\"Les chiffres cl\u00e9s de la retraite - Le Blog GERESO\",\"isPartOf\":{\"@id\":\"https:\/\/www.gereso.com\/actualites\/#website\"},\"datePublished\":\"2010-03-09T22:00:00+00:00\",\"dateModified\":\"2010-03-09T22:00:00+00:00\",\"author\":{\"@id\":\"https:\/\/www.gereso.com\/actualites\/#\/schema\/person\/197d8aef40cb4ae3f6a0aa9e1d3df2a6\"},\"breadcrumb\":{\"@id\":\"https:\/\/www.gereso.com\/actualites\/2010\/03\/10\/les-chiffres-cles-de-la-retraite\/#breadcrumb\"},\"inLanguage\":\"fr-FR\",\"potentialAction\":[{\"@type\":\"ReadAction\",\"target\":[\"https:\/\/www.gereso.com\/actualites\/2010\/03\/10\/les-chiffres-cles-de-la-retraite\/\"]}]},{\"@type\":\"BreadcrumbList\",\"@id\":\"https:\/\/www.gereso.com\/actualites\/2010\/03\/10\/les-chiffres-cles-de-la-retraite\/#breadcrumb\",\"itemListElement\":[{\"@type\":\"ListItem\",\"position\":1,\"name\":\"Home\",\"item\":\"https:\/\/www.gereso.com\/actualites\/\"},{\"@type\":\"ListItem\",\"position\":2,\"name\":\"Les chiffres cl\u00e9s de la retraite\"}]},{\"@type\":\"WebSite\",\"@id\":\"https:\/\/www.gereso.com\/actualites\/#website\",\"url\":\"https:\/\/www.gereso.com\/actualites\/\",\"name\":\"Le Blog GERESO\",\"description\":\"Toute l&#039;actu RH, Finance, Fonction Publique, Management...\",\"potentialAction\":[{\"@type\":\"SearchAction\",\"target\":{\"@type\":\"EntryPoint\",\"urlTemplate\":\"https:\/\/www.gereso.com\/actualites\/?s={search_term_string}\"},\"query-input\":{\"@type\":\"PropertyValueSpecification\",\"valueRequired\":true,\"valueName\":\"search_term_string\"}}],\"inLanguage\":\"fr-FR\"},{\"@type\":\"Person\",\"@id\":\"https:\/\/www.gereso.com\/actualites\/#\/schema\/person\/197d8aef40cb4ae3f6a0aa9e1d3df2a6\",\"name\":\"\u00c9quipe GERESO\",\"image\":{\"@type\":\"ImageObject\",\"inLanguage\":\"fr-FR\",\"@id\":\"https:\/\/www.gereso.com\/actualites\/#\/schema\/person\/image\/\",\"url\":\"https:\/\/www.gereso.com\/actualites\/wp-content\/uploads\/2013\/12\/avatar-gereso-1.png\",\"contentUrl\":\"https:\/\/www.gereso.com\/actualites\/wp-content\/uploads\/2013\/12\/avatar-gereso-1.png\",\"caption\":\"\u00c9quipe GERESO\"},\"url\":\"https:\/\/www.gereso.com\/actualites\/author\/gereso\/\"}]}<\/script>\n<!-- \/ Yoast SEO plugin. -->","yoast_head_json":{"title":"Les chiffres cl\u00e9s de la retraite - Le Blog GERESO","robots":{"index":"index","follow":"follow","max-snippet":"max-snippet:-1","max-image-preview":"max-image-preview:large","max-video-preview":"max-video-preview:-1"},"canonical":"https:\/\/www.gereso.com\/actualites\/2010\/03\/10\/les-chiffres-cles-de-la-retraite\/","og_locale":"fr_FR","og_type":"article","og_title":"Les chiffres cl\u00e9s de la retraite - Le Blog GERESO","og_description":"Valeurs annuelles du point au 1er avril 2009 \u00a0ARRCO \u00a0AGIRC \u00a0Evolution* \u00a01,1799 &euro; 0,4186 &euro; \u00a0+ 1,34 % * en moyenne sur l&rsquo;ann\u00e9e Salaire de r\u00e9f\u00e9rence 2009 \u00a0ARRCO \u00a0AGIRC \u00a0Evolution \u00a014,2198 &euro; 4,9604 &euro; \u00a0+ 1,8 % Estimation des effectifs en 2008 \u00a0 \u00a0ARRCO \u00a0AGIRC \u00a0Cotisants (estimation) 18,5 millions \u00a03,94 millions \u00a0Retrait\u00e9s \u00a011,3 millions 2,40 [&hellip;]","og_url":"https:\/\/www.gereso.com\/actualites\/2010\/03\/10\/les-chiffres-cles-de-la-retraite\/","og_site_name":"Le Blog GERESO","article_published_time":"2010-03-09T22:00:00+00:00","author":"\u00c9quipe GERESO","twitter_card":"summary_large_image","schema":{"@context":"https:\/\/schema.org","@graph":[{"@type":"WebPage","@id":"https:\/\/www.gereso.com\/actualites\/2010\/03\/10\/les-chiffres-cles-de-la-retraite\/","url":"https:\/\/www.gereso.com\/actualites\/2010\/03\/10\/les-chiffres-cles-de-la-retraite\/","name":"Les chiffres cl\u00e9s de la retraite - Le Blog GERESO","isPartOf":{"@id":"https:\/\/www.gereso.com\/actualites\/#website"},"datePublished":"2010-03-09T22:00:00+00:00","dateModified":"2010-03-09T22:00:00+00:00","author":{"@id":"https:\/\/www.gereso.com\/actualites\/#\/schema\/person\/197d8aef40cb4ae3f6a0aa9e1d3df2a6"},"breadcrumb":{"@id":"https:\/\/www.gereso.com\/actualites\/2010\/03\/10\/les-chiffres-cles-de-la-retraite\/#breadcrumb"},"inLanguage":"fr-FR","potentialAction":[{"@type":"ReadAction","target":["https:\/\/www.gereso.com\/actualites\/2010\/03\/10\/les-chiffres-cles-de-la-retraite\/"]}]},{"@type":"BreadcrumbList","@id":"https:\/\/www.gereso.com\/actualites\/2010\/03\/10\/les-chiffres-cles-de-la-retraite\/#breadcrumb","itemListElement":[{"@type":"ListItem","position":1,"name":"Home","item":"https:\/\/www.gereso.com\/actualites\/"},{"@type":"ListItem","position":2,"name":"Les chiffres cl\u00e9s de la retraite"}]},{"@type":"WebSite","@id":"https:\/\/www.gereso.com\/actualites\/#website","url":"https:\/\/www.gereso.com\/actualites\/","name":"Le Blog GERESO","description":"Toute l&#039;actu RH, Finance, Fonction Publique, Management...","potentialAction":[{"@type":"SearchAction","target":{"@type":"EntryPoint","urlTemplate":"https:\/\/www.gereso.com\/actualites\/?s={search_term_string}"},"query-input":{"@type":"PropertyValueSpecification","valueRequired":true,"valueName":"search_term_string"}}],"inLanguage":"fr-FR"},{"@type":"Person","@id":"https:\/\/www.gereso.com\/actualites\/#\/schema\/person\/197d8aef40cb4ae3f6a0aa9e1d3df2a6","name":"\u00c9quipe GERESO","image":{"@type":"ImageObject","inLanguage":"fr-FR","@id":"https:\/\/www.gereso.com\/actualites\/#\/schema\/person\/image\/","url":"https:\/\/www.gereso.com\/actualites\/wp-content\/uploads\/2013\/12\/avatar-gereso-1.png","contentUrl":"https:\/\/www.gereso.com\/actualites\/wp-content\/uploads\/2013\/12\/avatar-gereso-1.png","caption":"\u00c9quipe GERESO"},"url":"https:\/\/www.gereso.com\/actualites\/author\/gereso\/"}]}},"_links":{"self":[{"href":"https:\/\/www.gereso.com\/actualites\/wp-json\/wp\/v2\/posts\/1589","targetHints":{"allow":["GET"]}}],"collection":[{"href":"https:\/\/www.gereso.com\/actualites\/wp-json\/wp\/v2\/posts"}],"about":[{"href":"https:\/\/www.gereso.com\/actualites\/wp-json\/wp\/v2\/types\/post"}],"author":[{"embeddable":true,"href":"https:\/\/www.gereso.com\/actualites\/wp-json\/wp\/v2\/users\/32"}],"replies":[{"embeddable":true,"href":"https:\/\/www.gereso.com\/actualites\/wp-json\/wp\/v2\/comments?post=1589"}],"version-history":[{"count":0,"href":"https:\/\/www.gereso.com\/actualites\/wp-json\/wp\/v2\/posts\/1589\/revisions"}],"wp:attachment":[{"href":"https:\/\/www.gereso.com\/actualites\/wp-json\/wp\/v2\/media?parent=1589"}],"wp:term":[{"taxonomy":"category","embeddable":true,"href":"https:\/\/www.gereso.com\/actualites\/wp-json\/wp\/v2\/categories?post=1589"},{"taxonomy":"post_tag","embeddable":true,"href":"https:\/\/www.gereso.com\/actualites\/wp-json\/wp\/v2\/tags?post=1589"}],"curies":[{"name":"wp","href":"https:\/\/api.w.org\/{rel}","templated":true}]}}