{"id":1590,"date":"2010-03-10T00:00:00","date_gmt":"2010-03-09T22:00:00","guid":{"rendered":"https:\/\/www.gereso.com\/actualites\/2010\/03\/comment-calculer-sa-retraite\/"},"modified":"2010-03-10T00:00:00","modified_gmt":"2010-03-09T22:00:00","slug":"comment-calculer-sa-retraite","status":"publish","type":"post","link":"https:\/\/www.gereso.com\/actualites\/2010\/03\/10\/comment-calculer-sa-retraite\/","title":{"rendered":"Comment calculer sa retraite&nbsp;?"},"content":{"rendered":"<p><b>P\u00e9riodes ch\u00f4m\u00e9es, plusieurs employeurs et diversesactivit\u00e9s men\u00e9es au cours de sa carri\u00e8re &#8230; Pas facile, facile de calculer saretraite face \u00e0 un parcours professionnel qui n&rsquo;est pas droit comme un i\u00a0!<\/b><\/p>\n<p><b>Quelle est la marche \u00e0 suivre\u00a0? <\/b><\/p>\n<h3><b>Les caisses de retraites vous aident<\/b><\/h3>\n<p>En premier lieu, les caisses de retraite envoient l&rsquo;ann\u00e9e devos 40 \u00e8me, 45 \u00e8me et 50 \u00e8me anniversaires un relev\u00e9 de situation individueller\u00e9capitulant le nombre de trimestres valid\u00e9s et les points accumul\u00e9s. <\/p>\n<p>Si vous avez entre 56 et 57 ans, elles vous envoient uneestimation de votre retraite en cas de d\u00e9part \u00e0 60 ou \u00e0 65 ans.<\/p>\n<h3><b>Demander son relev\u00e9 de carri\u00e8re<\/b><\/h3>\n<p>C&rsquo;est la premi\u00e8re d\u00e9marche \u00e0 effectuer lorsque l&rsquo;on envisagesa retraite, explique GIP info retraite. <\/p>\n<p>\u00c0 quoi sert-il&nbsp;? Deux choses\u00a0: effectuer un pointpr\u00e9cis sur votre situation et prendre votre d\u00e9cision sur la date de votred\u00e9part. <\/p>\n<p>Si vous \u00eates <b>\u00e0 moins de deux ans de la retraite<\/b> et souhaitez anticiper cette d\u00e9marche, vous pouvezdemander \u00e0 chacun de vos organismes de retraite (de base et compl\u00e9mentaire) devous fournir gratuitement un relev\u00e9 de carri\u00e8re. <\/p>\n<p>Celui-ci retrace les informations enregistr\u00e9es par lacaisse. Dans les r\u00e9gimes de base, par exemple, celles-ci concernent :<\/p>\n<li>Vos r\u00e9mun\u00e9rations ou revenus soumis \u00e0 cotisations,<\/li>\n<li>Le nombre de trimestres valid\u00e9s,<\/li>\n<li>Le cas \u00e9ch\u00e9ant, les trimestres assimil\u00e9s\u00a0: maladie,invalidit\u00e9, accident du travail, ch\u00f4mage (?), qui peuvent \u00eatre pris en comptesous certaines conditions <\/li>\n<p>Il est souhaitable de demander ce relev\u00e9 de <b>18 \u00e0 24 moisavant la date \u00e0 laquelle vous envisagez de prendre votre retraite<\/b>. <\/p>\n<p>Si vous vous rendez compte d&rsquo;un oubli ou d&rsquo;une erreur (unep\u00e9riode non prise en compte par une caisse de retraite, par exemple), ce d\u00e9laivous permettra de proc\u00e9der aux reconstitutions n\u00e9cessaires \u00e0 sa r\u00e9gularisation,comme recontacter l&rsquo;un de vos anciens employeurs ou r\u00e9cup\u00e9rer un documentmanquant.<\/p>\n<p>Selon le ou les r\u00e9gimes dont vous d\u00e9pendez, vous pouvez obtenirce relev\u00e9 de carri\u00e8re en compl\u00e9tant <b>un formulaire t\u00e9l\u00e9chargeable<\/b><b> sur le site de votre organisme<\/b>, en \u00e9crivant, ou en vous rendant \u00e0 l&rsquo;accueil devotre caisse. <\/p>\n<p>Certains r\u00e9gimes proposent m\u00eame, apr\u00e8s inscription, devisualiser, voire de r\u00e9gulariser, votre relev\u00e9 en ligne sur leur site web.<\/p>\n<p><b>Attention\u00a0! Demander un relev\u00e9 de carri\u00e8re nesignifie pas demander sa retraite<\/b>. Ils&rsquo;agit l\u00e0 de deux d\u00e9marches diff\u00e9rentes, qui n&rsquo;ont pas les m\u00eames cons\u00e9quences.<\/p>\n<h3><b>A savoir<\/b><\/h3>\n<p>La plupart des organismes de retraite proc\u00e8dent \u00e0 desop\u00e9rations de \u00ab\u00a0pr\u00e9liquidation\u00a0\u00bb qui les conduisent \u00e0 vous contacterentre 55 et 58 ans pour pr\u00e9parer votre dossier retraite. <\/p>\n<p>Dans ce cas, nul besoin de demander votre relev\u00e9 decarri\u00e8re, celui-ci vous sera en effet automatiquement adress\u00e9 par votreorganisme de retraite\u00a0!<\/p>\n","protected":false},"excerpt":{"rendered":"<p>P\u00e9riodes ch\u00f4m\u00e9es, plusieurs employeurs et diversesactivit\u00e9s men\u00e9es au cours de sa carri\u00e8re &#8230; Pas facile, facile de calculer saretraite face \u00e0 un parcours professionnel qui n&rsquo;est pas droit comme un i\u00a0! Quelle est la marche \u00e0 suivre\u00a0? Les caisses de retraites vous aident En premier lieu, les caisses de retraite envoient l&rsquo;ann\u00e9e devos 40 \u00e8me, [&hellip;]<\/p>\n","protected":false},"author":32,"featured_media":0,"comment_status":"open","ping_status":"open","sticky":false,"template":"","format":"standard","meta":{"_acf_changed":false,"_mi_skip_tracking":false,"footnotes":""},"categories":[4],"tags":[],"class_list":["post-1590","post","type-post","status-publish","format-standard","hentry","category-retraite-et-protection-sociale"],"acf":[],"yoast_head":"<!-- This site is optimized with the Yoast SEO plugin v23.4 - https:\/\/yoast.com\/wordpress\/plugins\/seo\/ -->\n<title>Comment calculer sa retraite&nbsp;? - Le Blog GERESO<\/title>\n<meta name=\"robots\" content=\"index, follow, max-snippet:-1, max-image-preview:large, max-video-preview:-1\" \/>\n<link rel=\"canonical\" href=\"https:\/\/www.gereso.com\/actualites\/2010\/03\/10\/comment-calculer-sa-retraite\/\" \/>\n<meta property=\"og:locale\" content=\"fr_FR\" \/>\n<meta property=\"og:type\" content=\"article\" \/>\n<meta property=\"og:title\" content=\"Comment calculer sa retraite&nbsp;? - Le Blog GERESO\" \/>\n<meta property=\"og:description\" content=\"P\u00e9riodes ch\u00f4m\u00e9es, plusieurs employeurs et diversesactivit\u00e9s men\u00e9es au cours de sa carri\u00e8re &#8230; Pas facile, facile de calculer saretraite face \u00e0 un parcours professionnel qui n&rsquo;est pas droit comme un i\u00a0! Quelle est la marche \u00e0 suivre\u00a0? Les caisses de retraites vous aident En premier lieu, les caisses de retraite envoient l&rsquo;ann\u00e9e devos 40 \u00e8me, [&hellip;]\" \/>\n<meta property=\"og:url\" content=\"https:\/\/www.gereso.com\/actualites\/2010\/03\/10\/comment-calculer-sa-retraite\/\" \/>\n<meta property=\"og:site_name\" content=\"Le Blog GERESO\" \/>\n<meta property=\"article:published_time\" content=\"2010-03-09T22:00:00+00:00\" \/>\n<meta name=\"author\" content=\"\u00c9quipe GERESO\" \/>\n<meta name=\"twitter:card\" content=\"summary_large_image\" \/>\n<script type=\"application\/ld+json\" class=\"yoast-schema-graph\">{\"@context\":\"https:\/\/schema.org\",\"@graph\":[{\"@type\":\"WebPage\",\"@id\":\"https:\/\/www.gereso.com\/actualites\/2010\/03\/10\/comment-calculer-sa-retraite\/\",\"url\":\"https:\/\/www.gereso.com\/actualites\/2010\/03\/10\/comment-calculer-sa-retraite\/\",\"name\":\"Comment calculer sa retraite&nbsp;? - Le Blog GERESO\",\"isPartOf\":{\"@id\":\"https:\/\/www.gereso.com\/actualites\/#website\"},\"datePublished\":\"2010-03-09T22:00:00+00:00\",\"dateModified\":\"2010-03-09T22:00:00+00:00\",\"author\":{\"@id\":\"https:\/\/www.gereso.com\/actualites\/#\/schema\/person\/197d8aef40cb4ae3f6a0aa9e1d3df2a6\"},\"breadcrumb\":{\"@id\":\"https:\/\/www.gereso.com\/actualites\/2010\/03\/10\/comment-calculer-sa-retraite\/#breadcrumb\"},\"inLanguage\":\"fr-FR\",\"potentialAction\":[{\"@type\":\"ReadAction\",\"target\":[\"https:\/\/www.gereso.com\/actualites\/2010\/03\/10\/comment-calculer-sa-retraite\/\"]}]},{\"@type\":\"BreadcrumbList\",\"@id\":\"https:\/\/www.gereso.com\/actualites\/2010\/03\/10\/comment-calculer-sa-retraite\/#breadcrumb\",\"itemListElement\":[{\"@type\":\"ListItem\",\"position\":1,\"name\":\"Home\",\"item\":\"https:\/\/www.gereso.com\/actualites\/\"},{\"@type\":\"ListItem\",\"position\":2,\"name\":\"Comment calculer sa retraite&nbsp;?\"}]},{\"@type\":\"WebSite\",\"@id\":\"https:\/\/www.gereso.com\/actualites\/#website\",\"url\":\"https:\/\/www.gereso.com\/actualites\/\",\"name\":\"Le Blog GERESO\",\"description\":\"Toute l&#039;actu RH, Finance, Fonction Publique, Management...\",\"potentialAction\":[{\"@type\":\"SearchAction\",\"target\":{\"@type\":\"EntryPoint\",\"urlTemplate\":\"https:\/\/www.gereso.com\/actualites\/?s={search_term_string}\"},\"query-input\":{\"@type\":\"PropertyValueSpecification\",\"valueRequired\":true,\"valueName\":\"search_term_string\"}}],\"inLanguage\":\"fr-FR\"},{\"@type\":\"Person\",\"@id\":\"https:\/\/www.gereso.com\/actualites\/#\/schema\/person\/197d8aef40cb4ae3f6a0aa9e1d3df2a6\",\"name\":\"\u00c9quipe GERESO\",\"image\":{\"@type\":\"ImageObject\",\"inLanguage\":\"fr-FR\",\"@id\":\"https:\/\/www.gereso.com\/actualites\/#\/schema\/person\/image\/\",\"url\":\"https:\/\/www.gereso.com\/actualites\/wp-content\/uploads\/2013\/12\/avatar-gereso-1.png\",\"contentUrl\":\"https:\/\/www.gereso.com\/actualites\/wp-content\/uploads\/2013\/12\/avatar-gereso-1.png\",\"caption\":\"\u00c9quipe GERESO\"},\"url\":\"https:\/\/www.gereso.com\/actualites\/author\/gereso\/\"}]}<\/script>\n<!-- \/ Yoast SEO plugin. -->","yoast_head_json":{"title":"Comment calculer sa retraite&nbsp;? - Le Blog GERESO","robots":{"index":"index","follow":"follow","max-snippet":"max-snippet:-1","max-image-preview":"max-image-preview:large","max-video-preview":"max-video-preview:-1"},"canonical":"https:\/\/www.gereso.com\/actualites\/2010\/03\/10\/comment-calculer-sa-retraite\/","og_locale":"fr_FR","og_type":"article","og_title":"Comment calculer sa retraite&nbsp;? - Le Blog GERESO","og_description":"P\u00e9riodes ch\u00f4m\u00e9es, plusieurs employeurs et diversesactivit\u00e9s men\u00e9es au cours de sa carri\u00e8re &#8230; Pas facile, facile de calculer saretraite face \u00e0 un parcours professionnel qui n&rsquo;est pas droit comme un i\u00a0! Quelle est la marche \u00e0 suivre\u00a0? Les caisses de retraites vous aident En premier lieu, les caisses de retraite envoient l&rsquo;ann\u00e9e devos 40 \u00e8me, [&hellip;]","og_url":"https:\/\/www.gereso.com\/actualites\/2010\/03\/10\/comment-calculer-sa-retraite\/","og_site_name":"Le Blog GERESO","article_published_time":"2010-03-09T22:00:00+00:00","author":"\u00c9quipe GERESO","twitter_card":"summary_large_image","schema":{"@context":"https:\/\/schema.org","@graph":[{"@type":"WebPage","@id":"https:\/\/www.gereso.com\/actualites\/2010\/03\/10\/comment-calculer-sa-retraite\/","url":"https:\/\/www.gereso.com\/actualites\/2010\/03\/10\/comment-calculer-sa-retraite\/","name":"Comment calculer sa retraite&nbsp;? - Le Blog GERESO","isPartOf":{"@id":"https:\/\/www.gereso.com\/actualites\/#website"},"datePublished":"2010-03-09T22:00:00+00:00","dateModified":"2010-03-09T22:00:00+00:00","author":{"@id":"https:\/\/www.gereso.com\/actualites\/#\/schema\/person\/197d8aef40cb4ae3f6a0aa9e1d3df2a6"},"breadcrumb":{"@id":"https:\/\/www.gereso.com\/actualites\/2010\/03\/10\/comment-calculer-sa-retraite\/#breadcrumb"},"inLanguage":"fr-FR","potentialAction":[{"@type":"ReadAction","target":["https:\/\/www.gereso.com\/actualites\/2010\/03\/10\/comment-calculer-sa-retraite\/"]}]},{"@type":"BreadcrumbList","@id":"https:\/\/www.gereso.com\/actualites\/2010\/03\/10\/comment-calculer-sa-retraite\/#breadcrumb","itemListElement":[{"@type":"ListItem","position":1,"name":"Home","item":"https:\/\/www.gereso.com\/actualites\/"},{"@type":"ListItem","position":2,"name":"Comment calculer sa retraite&nbsp;?"}]},{"@type":"WebSite","@id":"https:\/\/www.gereso.com\/actualites\/#website","url":"https:\/\/www.gereso.com\/actualites\/","name":"Le Blog GERESO","description":"Toute l&#039;actu RH, Finance, Fonction Publique, Management...","potentialAction":[{"@type":"SearchAction","target":{"@type":"EntryPoint","urlTemplate":"https:\/\/www.gereso.com\/actualites\/?s={search_term_string}"},"query-input":{"@type":"PropertyValueSpecification","valueRequired":true,"valueName":"search_term_string"}}],"inLanguage":"fr-FR"},{"@type":"Person","@id":"https:\/\/www.gereso.com\/actualites\/#\/schema\/person\/197d8aef40cb4ae3f6a0aa9e1d3df2a6","name":"\u00c9quipe GERESO","image":{"@type":"ImageObject","inLanguage":"fr-FR","@id":"https:\/\/www.gereso.com\/actualites\/#\/schema\/person\/image\/","url":"https:\/\/www.gereso.com\/actualites\/wp-content\/uploads\/2013\/12\/avatar-gereso-1.png","contentUrl":"https:\/\/www.gereso.com\/actualites\/wp-content\/uploads\/2013\/12\/avatar-gereso-1.png","caption":"\u00c9quipe GERESO"},"url":"https:\/\/www.gereso.com\/actualites\/author\/gereso\/"}]}},"_links":{"self":[{"href":"https:\/\/www.gereso.com\/actualites\/wp-json\/wp\/v2\/posts\/1590","targetHints":{"allow":["GET"]}}],"collection":[{"href":"https:\/\/www.gereso.com\/actualites\/wp-json\/wp\/v2\/posts"}],"about":[{"href":"https:\/\/www.gereso.com\/actualites\/wp-json\/wp\/v2\/types\/post"}],"author":[{"embeddable":true,"href":"https:\/\/www.gereso.com\/actualites\/wp-json\/wp\/v2\/users\/32"}],"replies":[{"embeddable":true,"href":"https:\/\/www.gereso.com\/actualites\/wp-json\/wp\/v2\/comments?post=1590"}],"version-history":[{"count":0,"href":"https:\/\/www.gereso.com\/actualites\/wp-json\/wp\/v2\/posts\/1590\/revisions"}],"wp:attachment":[{"href":"https:\/\/www.gereso.com\/actualites\/wp-json\/wp\/v2\/media?parent=1590"}],"wp:term":[{"taxonomy":"category","embeddable":true,"href":"https:\/\/www.gereso.com\/actualites\/wp-json\/wp\/v2\/categories?post=1590"},{"taxonomy":"post_tag","embeddable":true,"href":"https:\/\/www.gereso.com\/actualites\/wp-json\/wp\/v2\/tags?post=1590"}],"curies":[{"name":"wp","href":"https:\/\/api.w.org\/{rel}","templated":true}]}}