{"id":1591,"date":"2010-03-10T00:00:00","date_gmt":"2010-03-09T22:00:00","guid":{"rendered":"https:\/\/www.gereso.com\/actualites\/2010\/03\/la-repartition-cest-quoi\/"},"modified":"2010-03-10T00:00:00","modified_gmt":"2010-03-09T22:00:00","slug":"la-repartition-cest-quoi","status":"publish","type":"post","link":"https:\/\/www.gereso.com\/actualites\/2010\/03\/10\/la-repartition-cest-quoi\/","title":{"rendered":"La r\u00e9partition, c&#039;est quoi&nbsp;?"},"content":{"rendered":"<p><b>On aura tout entendu ces derniers temps en mati\u00e8re deretraites ! Pour conna\u00eetre l&rsquo;int\u00e9gralit\u00e9 du futur syst\u00e8me, il faudra attendreseptembre et le projet de loi. Une chose est s\u00fbre n\u00e9anmoins\u00a0puisque legouvernement l&rsquo;a annonc\u00e9\u00a0derni\u00e8rement lors du sommet social: la r\u00e9forme netouchera ni au syst\u00e8me de r\u00e9partition ni aux montants des pensions. <\/b><\/p>\n<p><b>Alors qu&rsquo;entend t-on par r\u00e9partition\u00a0 et quels ensont les m\u00e9canismes\u00a0? Qu&rsquo;est-ce que la capitalisation? Un point sur lar\u00e9partition, avec la Caisse Nationale d&rsquo;AssuranceVieillesse (CNAV).<\/b><\/p>\n<h3><b>Quid du \u00ab\u00a0principe de r\u00e9partition\u00a0\u00bb\u00a0?<\/b><\/h3>\n<p>Il est toujours bon de le rappeler, la France a opt\u00e9 pour unsyst\u00e8me fond\u00e9 sur la r\u00e9partition. Ainsi l&rsquo;article 1er de la loi du 21 ao\u00fbt 2003portant r\u00e9forme des retraites pr\u00e9cise\u00a0: \u00ab\u00a0La Nation r\u00e9affirmesolennellement le choix de la retraite par r\u00e9partition au coeur du pacte socialqui unit les g\u00e9n\u00e9rations\u00a0\u00bb.<\/p>\n<p>Dans ce mode de gestion les cotisations \u00ab retraite \u00bb vers\u00e9espar les actifs et les employeurs sont imm\u00e9diatement utilis\u00e9es pour payer lesretraites. En r\u00e9sum\u00e9 : les cotisations d&rsquo;aujourd&rsquo;hui financent les retraitesd&rsquo;aujourd&rsquo;hui.<\/p>\n<p>Dans un syst\u00e8me par r\u00e9partition, salari\u00e9s et employeursversent des cotisations aux r\u00e9gimes de base et aux r\u00e9gimes compl\u00e9mentairesobligatoires. Gr\u00e2ce \u00e0 leurs cotisations, les salari\u00e9s s&rsquo;ouvrent des droits pourleur future retraite.<\/p>\n<p>Ce syst\u00e8me se caract\u00e9rise donc par :<\/p>\n<p>&#8211; Un contrat entre les g\u00e9n\u00e9rations. En effet, chaqueg\u00e9n\u00e9ration d&rsquo;actifs se reconna\u00eet une dette vis-\u00e0-vis de la g\u00e9n\u00e9rationpr\u00e9c\u00e9dente et b\u00e9n\u00e9ficiera \u00e0 son tour du paiement de sa retraite par lag\u00e9n\u00e9ration suivante<\/p>\n<p>&#8211; Des m\u00e9canismes de redistribution de revenu au b\u00e9n\u00e9fice despopulations les moins ais\u00e9es <\/p>\n<p>&#8211; Des m\u00e9canismes de solidarit\u00e9 au sein d&rsquo;une m\u00eameg\u00e9n\u00e9ration. Les p\u00e9riodes d&rsquo;interruption de travail\u00a0: ch\u00f4mage, maternit\u00e9,maladie? pouvant \u00eatre consid\u00e9r\u00e9es comme des p\u00e9riodes \u00abavec cotisations\u00bb<\/p>\n<p>&#8211; Des m\u00e9canismes de compensation entre les diff\u00e9rentsr\u00e9gimes par r\u00e9partition<\/p>\n<h3><b>Quelle mise en oeuvre?<\/b><\/h3>\n<p>Diverses mises en oeuvre sont possibles\u00a0: <\/p>\n<p>(cf. GIP info retraite)<\/p>\n<p>&#8211; A partir des trimestres de cotisation : cette modalit\u00e9s&rsquo;applique principalement aux r\u00e9gimes de retraite de base. Le montant desretraites est d\u00e9termin\u00e9 par les textes l\u00e9gislatifs ou r\u00e9glementaires, parexemple sous la forme d&rsquo;un pourcentage d&rsquo;un montant de r\u00e9f\u00e9rence, comme leplafond de la s\u00e9curit\u00e9 sociale.<\/p>\n<p>Les cotisations sont alors calcul\u00e9es pour permettre lefinancement des retraites, en fonction du montant global des revenus surlesquels elles sont assises.<\/p>\n<p>&#8211; A partir des points de retraite : elle s&rsquo;applique auxr\u00e9gimes de retraite compl\u00e9mentaires obligatoires, mais aussi \u00e0 quelques r\u00e9gimesde base de non salari\u00e9s\u00a0: exploitants agricoles et professions lib\u00e9rales.En \u00e9change de ses cotisations et, le cas \u00e9ch\u00e9ant, de celles de son employeur,l&rsquo;assur\u00e9 se voit attribuer des points, calcul\u00e9s selon une formule associantnotamment la r\u00e9mun\u00e9ration, le montant des cotisations et le \u00ab\u00a0prixd&rsquo;achat\u00a0\u00bb d&rsquo;un point (ou \u00ab\u00a0salaire de r\u00e9f\u00e9rence\u00a0\u00bb).<\/p>\n<p>A son d\u00e9part en retraite, l&rsquo;assur\u00e9 percevra \u00e0 son tour unepension, dont le montant sera fonction du \u00a0\u00bb prix de vente \u00a0\u00bb du point\u00e0 cette date et du nombre de points accumul\u00e9s au cours de sa vie active.<\/p>\n<h3><b>Capitalisation, PERP et PERCO<\/b><\/h3>\n<p>Dans un syst\u00e8me par capitalisation, chaque assur\u00e9 et le cas\u00e9ch\u00e9ant son employeur, verse des cotisations qui lui restent acquises et luiseront revers\u00e9es au moment du d\u00e9part en retraite sous forme de rente ou decapital. Les cotisations vers\u00e9es sont investies en placements financiers quiseront liquid\u00e9s au moment du d\u00e9part. <\/p>\n<p>Dans un tel syst\u00e8me, les sommes vers\u00e9es d\u00e9pendent desversements effectu\u00e9s durant la vie active et de la performance des placementschoisis.<\/p>\n<p>Si la France a opt\u00e9 pour un syst\u00e8me par r\u00e9partition, le m\u00e9canismepar capitalisation est n\u00e9anmoins pr\u00e9sent dans certaines formes d&rsquo;\u00e9pargneretraite r\u00e9glement\u00e9es comme le plan d&rsquo;\u00e9pargne-retraite populaire (PERP), et leplan d&rsquo;\u00e9pargne pour la retraite collectif (PERCO), qui peuvent s&rsquo;ajouter auxretraites de base et compl\u00e9mentaires.<\/p>\n","protected":false},"excerpt":{"rendered":"<p>On aura tout entendu ces derniers temps en mati\u00e8re deretraites ! Pour conna\u00eetre l&rsquo;int\u00e9gralit\u00e9 du futur syst\u00e8me, il faudra attendreseptembre et le projet de loi. Une chose est s\u00fbre n\u00e9anmoins\u00a0puisque legouvernement l&rsquo;a annonc\u00e9\u00a0derni\u00e8rement lors du sommet social: la r\u00e9forme netouchera ni au syst\u00e8me de r\u00e9partition ni aux montants des pensions. Alors qu&rsquo;entend t-on par r\u00e9partition\u00a0 [&hellip;]<\/p>\n","protected":false},"author":32,"featured_media":0,"comment_status":"open","ping_status":"open","sticky":false,"template":"","format":"standard","meta":{"_acf_changed":false,"_mi_skip_tracking":false,"footnotes":""},"categories":[4],"tags":[],"class_list":["post-1591","post","type-post","status-publish","format-standard","hentry","category-retraite-et-protection-sociale"],"acf":[],"yoast_head":"<!-- This site is optimized with the Yoast SEO plugin v23.4 - https:\/\/yoast.com\/wordpress\/plugins\/seo\/ -->\n<title>La r\u00e9partition, c&#039;est quoi&nbsp;? - Le Blog GERESO<\/title>\n<meta name=\"robots\" content=\"index, follow, max-snippet:-1, max-image-preview:large, max-video-preview:-1\" \/>\n<link rel=\"canonical\" href=\"https:\/\/www.gereso.com\/actualites\/2010\/03\/10\/la-repartition-cest-quoi\/\" \/>\n<meta property=\"og:locale\" content=\"fr_FR\" \/>\n<meta property=\"og:type\" content=\"article\" \/>\n<meta property=\"og:title\" content=\"La r\u00e9partition, c&#039;est quoi&nbsp;? - Le Blog GERESO\" \/>\n<meta property=\"og:description\" content=\"On aura tout entendu ces derniers temps en mati\u00e8re deretraites ! Pour conna\u00eetre l&rsquo;int\u00e9gralit\u00e9 du futur syst\u00e8me, il faudra attendreseptembre et le projet de loi. Une chose est s\u00fbre n\u00e9anmoins\u00a0puisque legouvernement l&rsquo;a annonc\u00e9\u00a0derni\u00e8rement lors du sommet social: la r\u00e9forme netouchera ni au syst\u00e8me de r\u00e9partition ni aux montants des pensions. Alors qu&rsquo;entend t-on par r\u00e9partition\u00a0 [&hellip;]\" \/>\n<meta property=\"og:url\" content=\"https:\/\/www.gereso.com\/actualites\/2010\/03\/10\/la-repartition-cest-quoi\/\" \/>\n<meta property=\"og:site_name\" content=\"Le Blog GERESO\" \/>\n<meta property=\"article:published_time\" content=\"2010-03-09T22:00:00+00:00\" \/>\n<meta name=\"author\" content=\"\u00c9quipe GERESO\" \/>\n<meta name=\"twitter:card\" content=\"summary_large_image\" \/>\n<script type=\"application\/ld+json\" class=\"yoast-schema-graph\">{\"@context\":\"https:\/\/schema.org\",\"@graph\":[{\"@type\":\"WebPage\",\"@id\":\"https:\/\/www.gereso.com\/actualites\/2010\/03\/10\/la-repartition-cest-quoi\/\",\"url\":\"https:\/\/www.gereso.com\/actualites\/2010\/03\/10\/la-repartition-cest-quoi\/\",\"name\":\"La r\u00e9partition, c&#039;est quoi&nbsp;? - Le Blog GERESO\",\"isPartOf\":{\"@id\":\"https:\/\/www.gereso.com\/actualites\/#website\"},\"datePublished\":\"2010-03-09T22:00:00+00:00\",\"dateModified\":\"2010-03-09T22:00:00+00:00\",\"author\":{\"@id\":\"https:\/\/www.gereso.com\/actualites\/#\/schema\/person\/197d8aef40cb4ae3f6a0aa9e1d3df2a6\"},\"breadcrumb\":{\"@id\":\"https:\/\/www.gereso.com\/actualites\/2010\/03\/10\/la-repartition-cest-quoi\/#breadcrumb\"},\"inLanguage\":\"fr-FR\",\"potentialAction\":[{\"@type\":\"ReadAction\",\"target\":[\"https:\/\/www.gereso.com\/actualites\/2010\/03\/10\/la-repartition-cest-quoi\/\"]}]},{\"@type\":\"BreadcrumbList\",\"@id\":\"https:\/\/www.gereso.com\/actualites\/2010\/03\/10\/la-repartition-cest-quoi\/#breadcrumb\",\"itemListElement\":[{\"@type\":\"ListItem\",\"position\":1,\"name\":\"Home\",\"item\":\"https:\/\/www.gereso.com\/actualites\/\"},{\"@type\":\"ListItem\",\"position\":2,\"name\":\"La r\u00e9partition, c&#039;est quoi&nbsp;?\"}]},{\"@type\":\"WebSite\",\"@id\":\"https:\/\/www.gereso.com\/actualites\/#website\",\"url\":\"https:\/\/www.gereso.com\/actualites\/\",\"name\":\"Le Blog GERESO\",\"description\":\"Toute l&#039;actu RH, Finance, Fonction Publique, Management...\",\"potentialAction\":[{\"@type\":\"SearchAction\",\"target\":{\"@type\":\"EntryPoint\",\"urlTemplate\":\"https:\/\/www.gereso.com\/actualites\/?s={search_term_string}\"},\"query-input\":{\"@type\":\"PropertyValueSpecification\",\"valueRequired\":true,\"valueName\":\"search_term_string\"}}],\"inLanguage\":\"fr-FR\"},{\"@type\":\"Person\",\"@id\":\"https:\/\/www.gereso.com\/actualites\/#\/schema\/person\/197d8aef40cb4ae3f6a0aa9e1d3df2a6\",\"name\":\"\u00c9quipe GERESO\",\"image\":{\"@type\":\"ImageObject\",\"inLanguage\":\"fr-FR\",\"@id\":\"https:\/\/www.gereso.com\/actualites\/#\/schema\/person\/image\/\",\"url\":\"https:\/\/www.gereso.com\/actualites\/wp-content\/uploads\/2013\/12\/avatar-gereso-1.png\",\"contentUrl\":\"https:\/\/www.gereso.com\/actualites\/wp-content\/uploads\/2013\/12\/avatar-gereso-1.png\",\"caption\":\"\u00c9quipe GERESO\"},\"url\":\"https:\/\/www.gereso.com\/actualites\/author\/gereso\/\"}]}<\/script>\n<!-- \/ Yoast SEO plugin. -->","yoast_head_json":{"title":"La r\u00e9partition, c&#039;est quoi&nbsp;? - Le Blog GERESO","robots":{"index":"index","follow":"follow","max-snippet":"max-snippet:-1","max-image-preview":"max-image-preview:large","max-video-preview":"max-video-preview:-1"},"canonical":"https:\/\/www.gereso.com\/actualites\/2010\/03\/10\/la-repartition-cest-quoi\/","og_locale":"fr_FR","og_type":"article","og_title":"La r\u00e9partition, c&#039;est quoi&nbsp;? - Le Blog GERESO","og_description":"On aura tout entendu ces derniers temps en mati\u00e8re deretraites ! Pour conna\u00eetre l&rsquo;int\u00e9gralit\u00e9 du futur syst\u00e8me, il faudra attendreseptembre et le projet de loi. Une chose est s\u00fbre n\u00e9anmoins\u00a0puisque legouvernement l&rsquo;a annonc\u00e9\u00a0derni\u00e8rement lors du sommet social: la r\u00e9forme netouchera ni au syst\u00e8me de r\u00e9partition ni aux montants des pensions. Alors qu&rsquo;entend t-on par r\u00e9partition\u00a0 [&hellip;]","og_url":"https:\/\/www.gereso.com\/actualites\/2010\/03\/10\/la-repartition-cest-quoi\/","og_site_name":"Le Blog GERESO","article_published_time":"2010-03-09T22:00:00+00:00","author":"\u00c9quipe GERESO","twitter_card":"summary_large_image","schema":{"@context":"https:\/\/schema.org","@graph":[{"@type":"WebPage","@id":"https:\/\/www.gereso.com\/actualites\/2010\/03\/10\/la-repartition-cest-quoi\/","url":"https:\/\/www.gereso.com\/actualites\/2010\/03\/10\/la-repartition-cest-quoi\/","name":"La r\u00e9partition, c&#039;est quoi&nbsp;? - Le Blog GERESO","isPartOf":{"@id":"https:\/\/www.gereso.com\/actualites\/#website"},"datePublished":"2010-03-09T22:00:00+00:00","dateModified":"2010-03-09T22:00:00+00:00","author":{"@id":"https:\/\/www.gereso.com\/actualites\/#\/schema\/person\/197d8aef40cb4ae3f6a0aa9e1d3df2a6"},"breadcrumb":{"@id":"https:\/\/www.gereso.com\/actualites\/2010\/03\/10\/la-repartition-cest-quoi\/#breadcrumb"},"inLanguage":"fr-FR","potentialAction":[{"@type":"ReadAction","target":["https:\/\/www.gereso.com\/actualites\/2010\/03\/10\/la-repartition-cest-quoi\/"]}]},{"@type":"BreadcrumbList","@id":"https:\/\/www.gereso.com\/actualites\/2010\/03\/10\/la-repartition-cest-quoi\/#breadcrumb","itemListElement":[{"@type":"ListItem","position":1,"name":"Home","item":"https:\/\/www.gereso.com\/actualites\/"},{"@type":"ListItem","position":2,"name":"La r\u00e9partition, c&#039;est quoi&nbsp;?"}]},{"@type":"WebSite","@id":"https:\/\/www.gereso.com\/actualites\/#website","url":"https:\/\/www.gereso.com\/actualites\/","name":"Le Blog GERESO","description":"Toute l&#039;actu RH, Finance, Fonction Publique, Management...","potentialAction":[{"@type":"SearchAction","target":{"@type":"EntryPoint","urlTemplate":"https:\/\/www.gereso.com\/actualites\/?s={search_term_string}"},"query-input":{"@type":"PropertyValueSpecification","valueRequired":true,"valueName":"search_term_string"}}],"inLanguage":"fr-FR"},{"@type":"Person","@id":"https:\/\/www.gereso.com\/actualites\/#\/schema\/person\/197d8aef40cb4ae3f6a0aa9e1d3df2a6","name":"\u00c9quipe GERESO","image":{"@type":"ImageObject","inLanguage":"fr-FR","@id":"https:\/\/www.gereso.com\/actualites\/#\/schema\/person\/image\/","url":"https:\/\/www.gereso.com\/actualites\/wp-content\/uploads\/2013\/12\/avatar-gereso-1.png","contentUrl":"https:\/\/www.gereso.com\/actualites\/wp-content\/uploads\/2013\/12\/avatar-gereso-1.png","caption":"\u00c9quipe GERESO"},"url":"https:\/\/www.gereso.com\/actualites\/author\/gereso\/"}]}},"_links":{"self":[{"href":"https:\/\/www.gereso.com\/actualites\/wp-json\/wp\/v2\/posts\/1591","targetHints":{"allow":["GET"]}}],"collection":[{"href":"https:\/\/www.gereso.com\/actualites\/wp-json\/wp\/v2\/posts"}],"about":[{"href":"https:\/\/www.gereso.com\/actualites\/wp-json\/wp\/v2\/types\/post"}],"author":[{"embeddable":true,"href":"https:\/\/www.gereso.com\/actualites\/wp-json\/wp\/v2\/users\/32"}],"replies":[{"embeddable":true,"href":"https:\/\/www.gereso.com\/actualites\/wp-json\/wp\/v2\/comments?post=1591"}],"version-history":[{"count":0,"href":"https:\/\/www.gereso.com\/actualites\/wp-json\/wp\/v2\/posts\/1591\/revisions"}],"wp:attachment":[{"href":"https:\/\/www.gereso.com\/actualites\/wp-json\/wp\/v2\/media?parent=1591"}],"wp:term":[{"taxonomy":"category","embeddable":true,"href":"https:\/\/www.gereso.com\/actualites\/wp-json\/wp\/v2\/categories?post=1591"},{"taxonomy":"post_tag","embeddable":true,"href":"https:\/\/www.gereso.com\/actualites\/wp-json\/wp\/v2\/tags?post=1591"}],"curies":[{"name":"wp","href":"https:\/\/api.w.org\/{rel}","templated":true}]}}