{"id":1592,"date":"2010-03-10T00:00:00","date_gmt":"2010-03-09T22:00:00","guid":{"rendered":"https:\/\/www.gereso.com\/actualites\/2010\/03\/calculer-ses-points-de-retraite-agirc-arrco\/"},"modified":"2010-03-10T00:00:00","modified_gmt":"2010-03-09T22:00:00","slug":"calculer-ses-points-de-retraite-agirc-arrco","status":"publish","type":"post","link":"https:\/\/www.gereso.com\/actualites\/2010\/03\/10\/calculer-ses-points-de-retraite-agirc-arrco\/","title":{"rendered":"Calculer ses points de retraite Agirc \/ Arrco"},"content":{"rendered":"\n<p><b>Vous souhaitez op\u00e9rer le calcul de vos points deretraite\u00a0? Suivez le guide Agirc \/ Arrco.<\/b><\/p>\n<h3>Calcul des points de retraite<\/h3>\n<p>Les cotisations, vers\u00e9es par l&#8217;employeur, donnent droit \u00e0des points de retraite compl\u00e9mentaire. Ces points sont comptabilis\u00e9s sur uncompte retraite. <\/p>\n<p>Voici le calcul des points de retraite :<\/p>\n<p style=\"color: rgb(119, 147, 163);\"><b>Nombre de points = Assiette de cotisation x Taux d&rsquo;acquisition des points \/Prix d&rsquo;un point<\/b><\/p>\n<h3>Taux d&rsquo;acquisition des points<\/h3>\n<p>Le taux qui sert au calcul des points n&rsquo;est pas le m\u00eame quele taux de cotisation.<\/p>\n<p style=\"color: rgb(119, 147, 163);\"><b>Taux de cotisation = Taux d&rsquo;acquisition d&rsquo;un point x Taux d&rsquo;appel<\/b><\/p>\n<p>Le taux d&rsquo;appel est \u00e9gal \u00e0 125 %. Il a \u00e9t\u00e9 d\u00e9cid\u00e9 voiciquelques ann\u00e9es pour \u00e9quilibrer les r\u00e9gimes de retraite Arrco et Agirc.<\/p>\n<table cellspacing=\"0\" cellpadding=\"10\" border=\"1\">\n<tbody>\n<tr>\n<td valign=\"middle\" bgcolor=\"#a6f5b9\">Arrco <\/td>\n<td valign=\"middle\" bgcolor=\"#a6f5b9\" align=\"left\">Taux d&rsquo;acquisition des points <\/td>\n<td valign=\"middle\" bgcolor=\"#a6f5b9\" align=\"left\">Taux de cotisation <\/td>\n<\/tr>\n<tr>\n<td valign=\"middle\" bgcolor=\"#a6f5b9\" align=\"left\">\u00a0Tranche 1<\/td>\n<td>6 % <\/td>\n<td>7,5 % <\/td>\n<\/tr>\n<tr>\n<td valign=\"middle\" bgcolor=\"#a6f5b9\" align=\"left\">\u00a0Tranche 2<\/td>\n<td>\u00a016 %<\/td>\n<td>20 % <\/td>\n<\/tr>\n<\/tbody>\n<\/table>\n<p>\u00a0<\/p>\n<table cellspacing=\"0\" cellpadding=\"10\" border=\"1\">\n<tbody>\n<tr>\n<td valign=\"middle\" bgcolor=\"#a6f5b9\">Agirc<\/td>\n<td valign=\"middle\" bgcolor=\"#a6f5b9\" align=\"left\">Taux d&rsquo;acquisition des points <\/td>\n<td valign=\"middle\" bgcolor=\"#a6f5b9\" align=\"left\">Taux de cotisation <\/td>\n<\/tr>\n<tr>\n<td valign=\"middle\" bgcolor=\"#a6f5b9\" align=\"left\">\u00a0Tranche B<\/td>\n<td>16,24 % <\/td>\n<td>20,30 % <\/td>\n<\/tr>\n<tr>\n<td valign=\"middle\" bgcolor=\"#a6f5b9\" align=\"left\">\u00a0Tranche C<\/td>\n<td>16,24 %<\/td>\n<td>20,30 % <\/td>\n<\/tr>\n<\/tbody>\n<\/table>\n<h3>Prix d&rsquo;un point<\/h3>\n<p> Le prix d&rsquo;un point de retraite, appel\u00e9 salaire de r\u00e9f\u00e9rence,\u00e9volue en fonction du salaire moyen des cotisants des r\u00e9gimes Arrco et Agirc del&rsquo;ann\u00e9e pr\u00e9c\u00e9dente.<\/p>\n<p>Ce sont les partenaires sociaux, repr\u00e9sentants desorganisations patronales et syndicales, gestionnaires des r\u00e9gimes de retraitecompl\u00e9mentaire, qui d\u00e9cident, chaque ann\u00e9e, de cette \u00e9volution.<\/p>\n<p><b>Pour l&rsquo;Arrco, il est de 14,2198 &euro; pour 2009.<\/b><\/p>\n<p><b> Pour l&rsquo;Agirc, il est de 4,9604 &euro; pour 2009.<\/b><\/p>\n<h3>Relev\u00e9 de points<\/h3>\n<p>Vous pouvez consulter a tout moment et en touteconfidentialit\u00e9 votre relev\u00e9 de points de retraite compl\u00e9mentaire sur le siteInternet de votre groupe de protection sociale. <\/p>\n<p>Attention\u00a0! V\u00e9rifiez les informations qui ysont port\u00e9es et signalez \u00e0 votre caisse de retraite tout oubli ou anomalie\u00e9ventuels.<\/p>\n<h3><b>Calcul des cotisations<\/b><\/h3>\n<li><b>Montant<\/b><\/li>\n<p>Les cotisations repr\u00e9sentent un pourcentage du salaire.Elles sont pr\u00e9lev\u00e9es chaque mois par l&#8217;employeur qui les verse aux caisses deretraite.<\/p>\n<p style=\"font-weight: bold; color: rgb(119, 147, 163);\">Montant = Assiettede cotisation x Taux de cotisation<\/p>\n<p>La part du salaire \u00e0 laquelle on applique le taux decotisation s&rsquo;appelle l&rsquo;assiette de cotisation.<\/p>\n<p>Sauf exception, elle est d\u00e9termin\u00e9e d&rsquo;apr\u00e8s le salaire brut,avant d\u00e9duction des cotisations, retenues et pr\u00e9l\u00e8vements.<\/p>\n<p>Elle inclut :<\/p>\n<li>les salaires et gains ;<\/li>\n<li>les indemnit\u00e9s de cong\u00e9s pay\u00e9s ;<\/li>\n<li>les autres indemnit\u00e9s ;<\/li>\n<li>les primes et gratifications ;<\/li>\n<li>les avantages en argent et en nature ;<\/li>\n<li>les sommes per\u00e7ues directement ou par l&rsquo;entremise d&rsquo;un tiers \u00e0 titre depourboire.<\/li>\n<h3><b>Tranches de salaire<\/b><\/h3>\n<p>L&rsquo;assiette de cotisation est d\u00e9coup\u00e9e en tranche<\/p>\n<table cellspacing=\"0\" cellpadding=\"10\" border=\"1\">\n<tbody>\n<tr>\n<td valign=\"middle\" bgcolor=\"#a6f5b9\" align=\"left\" rowspan=\"2\">\u00a0Arrco <\/td>\n<td valign=\"middle\" bgcolor=\"#a6f5b9\" style=\"text-align: center;\">\u00a0Tranche 1<\/td>\n<td valign=\"middle\" bgcolor=\"#a6f5b9\" style=\"text-align: center;\">Tranche 2 <\/td>\n<\/tr>\n<tr>\n<td>\u00a0Entre 0 et 1 plafond S\u00e9curit\u00e9 Sociale<\/td>\n<td>Entre 1 et 3 plafonds S\u00e9curit\u00e9 Sociale <\/td>\n<\/tr>\n<\/tbody>\n<\/table>\n<p><\/p>\n<table cellspacing=\"0\" cellpadding=\"10\" border=\"1\">\n<tbody>\n<tr>\u00a0      <\/tr>\n<tr>\n<td valign=\"middle\" bgcolor=\"#a6f5b9\" align=\"left\" rowspan=\"2\">\u00a0Agirc <\/td>\n<td valign=\"middle\" bgcolor=\"#a6f5b9\" style=\"text-align: center;\">\u00a0Tranche B <\/td>\n<td valign=\"middle\" bgcolor=\"#a6f5b9\" style=\"text-align: center;\">Tranche C <\/td>\n<\/tr>\n<tr>\n<td>\u00a0Entre 1 et 4 plafonds S\u00e9curit\u00e9 Sociale <\/td>\n<td>Entre 4 et 8 plafonds S\u00e9curit\u00e9 Sociale  <\/td>\n<\/tr>\n<\/tbody>\n<\/table>\n<p>En 2009, le plafond de la S\u00e9curit\u00e9 Sociale est de 2859 &euro; par mois, soit 34 308 &euro; pour l&rsquo;ann\u00e9e.<\/p>\n<p><span style=\"font-style: italic;\">(Source Agirc\/Arrco)<\/span><\/p>\n","protected":false},"excerpt":{"rendered":"<p>Vous souhaitez op\u00e9rer le calcul de vos points deretraite\u00a0? Suivez le guide Agirc \/ Arrco. Calcul des points de retraite Les cotisations, vers\u00e9es par l&#8217;employeur, donnent droit \u00e0des points de retraite compl\u00e9mentaire. Ces points sont comptabilis\u00e9s sur uncompte retraite. Voici le calcul des points de retraite : Nombre de points = Assiette de cotisation x [&hellip;]<\/p>\n","protected":false},"author":32,"featured_media":0,"comment_status":"open","ping_status":"open","sticky":false,"template":"","format":"standard","meta":{"_acf_changed":false,"_mi_skip_tracking":false,"footnotes":""},"categories":[4],"tags":[],"class_list":["post-1592","post","type-post","status-publish","format-standard","hentry","category-retraite-et-protection-sociale"],"acf":[],"yoast_head":"<!-- This site is optimized with the Yoast SEO plugin v23.4 - https:\/\/yoast.com\/wordpress\/plugins\/seo\/ -->\n<title>Calculer ses points de retraite Agirc \/ Arrco - Le Blog GERESO<\/title>\n<meta name=\"robots\" content=\"index, follow, max-snippet:-1, max-image-preview:large, max-video-preview:-1\" \/>\n<link rel=\"canonical\" href=\"https:\/\/www.gereso.com\/actualites\/2010\/03\/10\/calculer-ses-points-de-retraite-agirc-arrco\/\" \/>\n<meta property=\"og:locale\" content=\"fr_FR\" \/>\n<meta property=\"og:type\" content=\"article\" \/>\n<meta property=\"og:title\" content=\"Calculer ses points de retraite Agirc \/ Arrco - Le Blog GERESO\" \/>\n<meta property=\"og:description\" content=\"Vous souhaitez op\u00e9rer le calcul de vos points deretraite\u00a0? Suivez le guide Agirc \/ Arrco. Calcul des points de retraite Les cotisations, vers\u00e9es par l&#8217;employeur, donnent droit \u00e0des points de retraite compl\u00e9mentaire. Ces points sont comptabilis\u00e9s sur uncompte retraite. Voici le calcul des points de retraite : Nombre de points = Assiette de cotisation x [&hellip;]\" \/>\n<meta property=\"og:url\" content=\"https:\/\/www.gereso.com\/actualites\/2010\/03\/10\/calculer-ses-points-de-retraite-agirc-arrco\/\" \/>\n<meta property=\"og:site_name\" content=\"Le Blog GERESO\" \/>\n<meta property=\"article:published_time\" content=\"2010-03-09T22:00:00+00:00\" \/>\n<meta name=\"author\" content=\"\u00c9quipe GERESO\" \/>\n<meta name=\"twitter:card\" content=\"summary_large_image\" \/>\n<script type=\"application\/ld+json\" class=\"yoast-schema-graph\">{\"@context\":\"https:\/\/schema.org\",\"@graph\":[{\"@type\":\"WebPage\",\"@id\":\"https:\/\/www.gereso.com\/actualites\/2010\/03\/10\/calculer-ses-points-de-retraite-agirc-arrco\/\",\"url\":\"https:\/\/www.gereso.com\/actualites\/2010\/03\/10\/calculer-ses-points-de-retraite-agirc-arrco\/\",\"name\":\"Calculer ses points de retraite Agirc \/ Arrco - Le Blog GERESO\",\"isPartOf\":{\"@id\":\"https:\/\/www.gereso.com\/actualites\/#website\"},\"datePublished\":\"2010-03-09T22:00:00+00:00\",\"dateModified\":\"2010-03-09T22:00:00+00:00\",\"author\":{\"@id\":\"https:\/\/www.gereso.com\/actualites\/#\/schema\/person\/197d8aef40cb4ae3f6a0aa9e1d3df2a6\"},\"breadcrumb\":{\"@id\":\"https:\/\/www.gereso.com\/actualites\/2010\/03\/10\/calculer-ses-points-de-retraite-agirc-arrco\/#breadcrumb\"},\"inLanguage\":\"fr-FR\",\"potentialAction\":[{\"@type\":\"ReadAction\",\"target\":[\"https:\/\/www.gereso.com\/actualites\/2010\/03\/10\/calculer-ses-points-de-retraite-agirc-arrco\/\"]}]},{\"@type\":\"BreadcrumbList\",\"@id\":\"https:\/\/www.gereso.com\/actualites\/2010\/03\/10\/calculer-ses-points-de-retraite-agirc-arrco\/#breadcrumb\",\"itemListElement\":[{\"@type\":\"ListItem\",\"position\":1,\"name\":\"Home\",\"item\":\"https:\/\/www.gereso.com\/actualites\/\"},{\"@type\":\"ListItem\",\"position\":2,\"name\":\"Calculer ses points de retraite Agirc \/ Arrco\"}]},{\"@type\":\"WebSite\",\"@id\":\"https:\/\/www.gereso.com\/actualites\/#website\",\"url\":\"https:\/\/www.gereso.com\/actualites\/\",\"name\":\"Le Blog GERESO\",\"description\":\"Toute l&#039;actu RH, Finance, Fonction Publique, Management...\",\"potentialAction\":[{\"@type\":\"SearchAction\",\"target\":{\"@type\":\"EntryPoint\",\"urlTemplate\":\"https:\/\/www.gereso.com\/actualites\/?s={search_term_string}\"},\"query-input\":{\"@type\":\"PropertyValueSpecification\",\"valueRequired\":true,\"valueName\":\"search_term_string\"}}],\"inLanguage\":\"fr-FR\"},{\"@type\":\"Person\",\"@id\":\"https:\/\/www.gereso.com\/actualites\/#\/schema\/person\/197d8aef40cb4ae3f6a0aa9e1d3df2a6\",\"name\":\"\u00c9quipe GERESO\",\"image\":{\"@type\":\"ImageObject\",\"inLanguage\":\"fr-FR\",\"@id\":\"https:\/\/www.gereso.com\/actualites\/#\/schema\/person\/image\/\",\"url\":\"https:\/\/www.gereso.com\/actualites\/wp-content\/uploads\/2013\/12\/avatar-gereso-1.png\",\"contentUrl\":\"https:\/\/www.gereso.com\/actualites\/wp-content\/uploads\/2013\/12\/avatar-gereso-1.png\",\"caption\":\"\u00c9quipe GERESO\"},\"url\":\"https:\/\/www.gereso.com\/actualites\/author\/gereso\/\"}]}<\/script>\n<!-- \/ Yoast SEO plugin. -->","yoast_head_json":{"title":"Calculer ses points de retraite Agirc \/ Arrco - Le Blog GERESO","robots":{"index":"index","follow":"follow","max-snippet":"max-snippet:-1","max-image-preview":"max-image-preview:large","max-video-preview":"max-video-preview:-1"},"canonical":"https:\/\/www.gereso.com\/actualites\/2010\/03\/10\/calculer-ses-points-de-retraite-agirc-arrco\/","og_locale":"fr_FR","og_type":"article","og_title":"Calculer ses points de retraite Agirc \/ Arrco - Le Blog GERESO","og_description":"Vous souhaitez op\u00e9rer le calcul de vos points deretraite\u00a0? Suivez le guide Agirc \/ Arrco. Calcul des points de retraite Les cotisations, vers\u00e9es par l&#8217;employeur, donnent droit \u00e0des points de retraite compl\u00e9mentaire. Ces points sont comptabilis\u00e9s sur uncompte retraite. Voici le calcul des points de retraite : Nombre de points = Assiette de cotisation x [&hellip;]","og_url":"https:\/\/www.gereso.com\/actualites\/2010\/03\/10\/calculer-ses-points-de-retraite-agirc-arrco\/","og_site_name":"Le Blog GERESO","article_published_time":"2010-03-09T22:00:00+00:00","author":"\u00c9quipe GERESO","twitter_card":"summary_large_image","schema":{"@context":"https:\/\/schema.org","@graph":[{"@type":"WebPage","@id":"https:\/\/www.gereso.com\/actualites\/2010\/03\/10\/calculer-ses-points-de-retraite-agirc-arrco\/","url":"https:\/\/www.gereso.com\/actualites\/2010\/03\/10\/calculer-ses-points-de-retraite-agirc-arrco\/","name":"Calculer ses points de retraite Agirc \/ Arrco - Le Blog GERESO","isPartOf":{"@id":"https:\/\/www.gereso.com\/actualites\/#website"},"datePublished":"2010-03-09T22:00:00+00:00","dateModified":"2010-03-09T22:00:00+00:00","author":{"@id":"https:\/\/www.gereso.com\/actualites\/#\/schema\/person\/197d8aef40cb4ae3f6a0aa9e1d3df2a6"},"breadcrumb":{"@id":"https:\/\/www.gereso.com\/actualites\/2010\/03\/10\/calculer-ses-points-de-retraite-agirc-arrco\/#breadcrumb"},"inLanguage":"fr-FR","potentialAction":[{"@type":"ReadAction","target":["https:\/\/www.gereso.com\/actualites\/2010\/03\/10\/calculer-ses-points-de-retraite-agirc-arrco\/"]}]},{"@type":"BreadcrumbList","@id":"https:\/\/www.gereso.com\/actualites\/2010\/03\/10\/calculer-ses-points-de-retraite-agirc-arrco\/#breadcrumb","itemListElement":[{"@type":"ListItem","position":1,"name":"Home","item":"https:\/\/www.gereso.com\/actualites\/"},{"@type":"ListItem","position":2,"name":"Calculer ses points de retraite Agirc \/ Arrco"}]},{"@type":"WebSite","@id":"https:\/\/www.gereso.com\/actualites\/#website","url":"https:\/\/www.gereso.com\/actualites\/","name":"Le Blog GERESO","description":"Toute l&#039;actu RH, Finance, Fonction Publique, Management...","potentialAction":[{"@type":"SearchAction","target":{"@type":"EntryPoint","urlTemplate":"https:\/\/www.gereso.com\/actualites\/?s={search_term_string}"},"query-input":{"@type":"PropertyValueSpecification","valueRequired":true,"valueName":"search_term_string"}}],"inLanguage":"fr-FR"},{"@type":"Person","@id":"https:\/\/www.gereso.com\/actualites\/#\/schema\/person\/197d8aef40cb4ae3f6a0aa9e1d3df2a6","name":"\u00c9quipe GERESO","image":{"@type":"ImageObject","inLanguage":"fr-FR","@id":"https:\/\/www.gereso.com\/actualites\/#\/schema\/person\/image\/","url":"https:\/\/www.gereso.com\/actualites\/wp-content\/uploads\/2013\/12\/avatar-gereso-1.png","contentUrl":"https:\/\/www.gereso.com\/actualites\/wp-content\/uploads\/2013\/12\/avatar-gereso-1.png","caption":"\u00c9quipe GERESO"},"url":"https:\/\/www.gereso.com\/actualites\/author\/gereso\/"}]}},"_links":{"self":[{"href":"https:\/\/www.gereso.com\/actualites\/wp-json\/wp\/v2\/posts\/1592","targetHints":{"allow":["GET"]}}],"collection":[{"href":"https:\/\/www.gereso.com\/actualites\/wp-json\/wp\/v2\/posts"}],"about":[{"href":"https:\/\/www.gereso.com\/actualites\/wp-json\/wp\/v2\/types\/post"}],"author":[{"embeddable":true,"href":"https:\/\/www.gereso.com\/actualites\/wp-json\/wp\/v2\/users\/32"}],"replies":[{"embeddable":true,"href":"https:\/\/www.gereso.com\/actualites\/wp-json\/wp\/v2\/comments?post=1592"}],"version-history":[{"count":0,"href":"https:\/\/www.gereso.com\/actualites\/wp-json\/wp\/v2\/posts\/1592\/revisions"}],"wp:attachment":[{"href":"https:\/\/www.gereso.com\/actualites\/wp-json\/wp\/v2\/media?parent=1592"}],"wp:term":[{"taxonomy":"category","embeddable":true,"href":"https:\/\/www.gereso.com\/actualites\/wp-json\/wp\/v2\/categories?post=1592"},{"taxonomy":"post_tag","embeddable":true,"href":"https:\/\/www.gereso.com\/actualites\/wp-json\/wp\/v2\/tags?post=1592"}],"curies":[{"name":"wp","href":"https:\/\/api.w.org\/{rel}","templated":true}]}}