{"id":1594,"date":"2010-04-12T00:00:00","date_gmt":"2010-04-11T22:00:00","guid":{"rendered":"https:\/\/www.gereso.com\/actualites\/2010\/04\/cumul-emploi-retraite-du-nouveau-pour-les-independants\/"},"modified":"2010-04-12T00:00:00","modified_gmt":"2010-04-11T22:00:00","slug":"cumul-emploi-retraite-du-nouveau-pour-les-independants","status":"publish","type":"post","link":"https:\/\/www.gereso.com\/actualites\/2010\/04\/12\/cumul-emploi-retraite-du-nouveau-pour-les-independants\/","title":{"rendered":"Cumul emploi-retraite : du nouveau pour les ind\u00e9pendants"},"content":{"rendered":"<p><b>Une circulaire du 8 mars 2010 apporte des pr\u00e9cisions<\/b><\/p>\n<p>Pour percevoir sa retraite, un assur\u00e9 doit rompre tout lienavec son employeur. Il peut ensuite reprendre une activit\u00e9 salari\u00e9e et rien nes&rsquo;oppose \u00e0 ce que ce soit chez son ancien employeur. Ce dispositif, permettantle cumul de la retraite et des revenus tir\u00e9s de cet emploi, c&rsquo;est le cumulemploi-retraite, qui b\u00e9n\u00e9ficie, en sus, de conditions assouplies&#8230; Lebut\u00a0? Faciliter l&rsquo;acc\u00e8s \u00e0 l&#8217;emploi des seniors.<\/p>\n<p>Les derni\u00e8res modifications, effectives \u00e0 compter du 1<sup>er<\/sup>janvier 2010 portaient sur le calcul de la dur\u00e9e de suspension des assur\u00e9ssoumis au cumul emploi-retraite plafonn\u00e9.<\/p>\n<p>Une circulaire du R\u00e9gime social des ind\u00e9pendants (RSI) dat\u00e9edu 8 mars 2010, apporte des indications sur les dispositions du d\u00e9cret(n\u00b02009-1738) du 30 d\u00e9cembre 2009 relatif au cumul emploi-retraite et pr\u00e9cisenotamment\u00a0:<\/p>\n<li>Le travailleur ind\u00e9pendant, quisouhaite b\u00e9n\u00e9ficier du cumul emploi-retraite, doit retourner l&rsquo;attestation surl&rsquo;honneur de cumul emploi-retraite \u00e0 sa caisse, dans <b>le mois qui suit ladate de l&rsquo;entr\u00e9e<\/b> en jouissance de saretraite, en cas de maintien de l&rsquo;activit\u00e9 professionnelle ou dans le mois quisuit la reprise d&rsquo;une activit\u00e9 professionnelle.<\/li>\n<li>S&rsquo;il est soumis au cumul emploi-retraite plafonn\u00e9et s&rsquo;il remplit, en cours d&rsquo;ann\u00e9e, les conditions pour b\u00e9n\u00e9ficier du cumulemploi-retraite lib\u00e9ralis\u00e9, le revenu retenu pour le calcul du d\u00e9passement estrapport\u00e9 <b>au nombre de mois<\/b> aucours duquel l&rsquo;int\u00e9ress\u00e9 n&rsquo;est pas soumis au cumul lib\u00e9ralis\u00e9 et le plafond estproratis\u00e9 de la m\u00eame mani\u00e8re.<\/li>\n","protected":false},"excerpt":{"rendered":"<p>Une circulaire du 8 mars 2010 apporte des pr\u00e9cisions Pour percevoir sa retraite, un assur\u00e9 doit rompre tout lienavec son employeur. Il peut ensuite reprendre une activit\u00e9 salari\u00e9e et rien nes&rsquo;oppose \u00e0 ce que ce soit chez son ancien employeur. Ce dispositif, permettantle cumul de la retraite et des revenus tir\u00e9s de cet emploi, c&rsquo;est [&hellip;]<\/p>\n","protected":false},"author":32,"featured_media":0,"comment_status":"open","ping_status":"open","sticky":false,"template":"","format":"standard","meta":{"_acf_changed":false,"_mi_skip_tracking":false,"footnotes":""},"categories":[4],"tags":[],"class_list":["post-1594","post","type-post","status-publish","format-standard","hentry","category-retraite-et-protection-sociale"],"acf":[],"yoast_head":"<!-- This site is optimized with the Yoast SEO plugin v23.4 - https:\/\/yoast.com\/wordpress\/plugins\/seo\/ -->\n<title>Cumul emploi-retraite : du nouveau pour les ind\u00e9pendants - Le Blog GERESO<\/title>\n<meta name=\"robots\" content=\"index, follow, max-snippet:-1, max-image-preview:large, max-video-preview:-1\" \/>\n<link rel=\"canonical\" href=\"https:\/\/www.gereso.com\/actualites\/2010\/04\/12\/cumul-emploi-retraite-du-nouveau-pour-les-independants\/\" \/>\n<meta property=\"og:locale\" content=\"fr_FR\" \/>\n<meta property=\"og:type\" content=\"article\" \/>\n<meta property=\"og:title\" content=\"Cumul emploi-retraite : du nouveau pour les ind\u00e9pendants - Le Blog GERESO\" \/>\n<meta property=\"og:description\" content=\"Une circulaire du 8 mars 2010 apporte des pr\u00e9cisions Pour percevoir sa retraite, un assur\u00e9 doit rompre tout lienavec son employeur. Il peut ensuite reprendre une activit\u00e9 salari\u00e9e et rien nes&rsquo;oppose \u00e0 ce que ce soit chez son ancien employeur. Ce dispositif, permettantle cumul de la retraite et des revenus tir\u00e9s de cet emploi, c&rsquo;est [&hellip;]\" \/>\n<meta property=\"og:url\" content=\"https:\/\/www.gereso.com\/actualites\/2010\/04\/12\/cumul-emploi-retraite-du-nouveau-pour-les-independants\/\" \/>\n<meta property=\"og:site_name\" content=\"Le Blog GERESO\" \/>\n<meta property=\"article:published_time\" content=\"2010-04-11T22:00:00+00:00\" \/>\n<meta name=\"author\" content=\"\u00c9quipe GERESO\" \/>\n<meta name=\"twitter:card\" content=\"summary_large_image\" \/>\n<script type=\"application\/ld+json\" class=\"yoast-schema-graph\">{\"@context\":\"https:\/\/schema.org\",\"@graph\":[{\"@type\":\"WebPage\",\"@id\":\"https:\/\/www.gereso.com\/actualites\/2010\/04\/12\/cumul-emploi-retraite-du-nouveau-pour-les-independants\/\",\"url\":\"https:\/\/www.gereso.com\/actualites\/2010\/04\/12\/cumul-emploi-retraite-du-nouveau-pour-les-independants\/\",\"name\":\"Cumul emploi-retraite : du nouveau pour les ind\u00e9pendants - Le Blog GERESO\",\"isPartOf\":{\"@id\":\"https:\/\/www.gereso.com\/actualites\/#website\"},\"datePublished\":\"2010-04-11T22:00:00+00:00\",\"dateModified\":\"2010-04-11T22:00:00+00:00\",\"author\":{\"@id\":\"https:\/\/www.gereso.com\/actualites\/#\/schema\/person\/197d8aef40cb4ae3f6a0aa9e1d3df2a6\"},\"breadcrumb\":{\"@id\":\"https:\/\/www.gereso.com\/actualites\/2010\/04\/12\/cumul-emploi-retraite-du-nouveau-pour-les-independants\/#breadcrumb\"},\"inLanguage\":\"fr-FR\",\"potentialAction\":[{\"@type\":\"ReadAction\",\"target\":[\"https:\/\/www.gereso.com\/actualites\/2010\/04\/12\/cumul-emploi-retraite-du-nouveau-pour-les-independants\/\"]}]},{\"@type\":\"BreadcrumbList\",\"@id\":\"https:\/\/www.gereso.com\/actualites\/2010\/04\/12\/cumul-emploi-retraite-du-nouveau-pour-les-independants\/#breadcrumb\",\"itemListElement\":[{\"@type\":\"ListItem\",\"position\":1,\"name\":\"Home\",\"item\":\"https:\/\/www.gereso.com\/actualites\/\"},{\"@type\":\"ListItem\",\"position\":2,\"name\":\"Cumul emploi-retraite : du nouveau pour les ind\u00e9pendants\"}]},{\"@type\":\"WebSite\",\"@id\":\"https:\/\/www.gereso.com\/actualites\/#website\",\"url\":\"https:\/\/www.gereso.com\/actualites\/\",\"name\":\"Le Blog GERESO\",\"description\":\"Toute l&#039;actu RH, Finance, Fonction Publique, Management...\",\"potentialAction\":[{\"@type\":\"SearchAction\",\"target\":{\"@type\":\"EntryPoint\",\"urlTemplate\":\"https:\/\/www.gereso.com\/actualites\/?s={search_term_string}\"},\"query-input\":{\"@type\":\"PropertyValueSpecification\",\"valueRequired\":true,\"valueName\":\"search_term_string\"}}],\"inLanguage\":\"fr-FR\"},{\"@type\":\"Person\",\"@id\":\"https:\/\/www.gereso.com\/actualites\/#\/schema\/person\/197d8aef40cb4ae3f6a0aa9e1d3df2a6\",\"name\":\"\u00c9quipe GERESO\",\"image\":{\"@type\":\"ImageObject\",\"inLanguage\":\"fr-FR\",\"@id\":\"https:\/\/www.gereso.com\/actualites\/#\/schema\/person\/image\/\",\"url\":\"https:\/\/www.gereso.com\/actualites\/wp-content\/uploads\/2013\/12\/avatar-gereso-1.png\",\"contentUrl\":\"https:\/\/www.gereso.com\/actualites\/wp-content\/uploads\/2013\/12\/avatar-gereso-1.png\",\"caption\":\"\u00c9quipe GERESO\"},\"url\":\"https:\/\/www.gereso.com\/actualites\/author\/gereso\/\"}]}<\/script>\n<!-- \/ Yoast SEO plugin. -->","yoast_head_json":{"title":"Cumul emploi-retraite : du nouveau pour les ind\u00e9pendants - Le Blog GERESO","robots":{"index":"index","follow":"follow","max-snippet":"max-snippet:-1","max-image-preview":"max-image-preview:large","max-video-preview":"max-video-preview:-1"},"canonical":"https:\/\/www.gereso.com\/actualites\/2010\/04\/12\/cumul-emploi-retraite-du-nouveau-pour-les-independants\/","og_locale":"fr_FR","og_type":"article","og_title":"Cumul emploi-retraite : du nouveau pour les ind\u00e9pendants - Le Blog GERESO","og_description":"Une circulaire du 8 mars 2010 apporte des pr\u00e9cisions Pour percevoir sa retraite, un assur\u00e9 doit rompre tout lienavec son employeur. Il peut ensuite reprendre une activit\u00e9 salari\u00e9e et rien nes&rsquo;oppose \u00e0 ce que ce soit chez son ancien employeur. Ce dispositif, permettantle cumul de la retraite et des revenus tir\u00e9s de cet emploi, c&rsquo;est [&hellip;]","og_url":"https:\/\/www.gereso.com\/actualites\/2010\/04\/12\/cumul-emploi-retraite-du-nouveau-pour-les-independants\/","og_site_name":"Le Blog GERESO","article_published_time":"2010-04-11T22:00:00+00:00","author":"\u00c9quipe GERESO","twitter_card":"summary_large_image","schema":{"@context":"https:\/\/schema.org","@graph":[{"@type":"WebPage","@id":"https:\/\/www.gereso.com\/actualites\/2010\/04\/12\/cumul-emploi-retraite-du-nouveau-pour-les-independants\/","url":"https:\/\/www.gereso.com\/actualites\/2010\/04\/12\/cumul-emploi-retraite-du-nouveau-pour-les-independants\/","name":"Cumul emploi-retraite : du nouveau pour les ind\u00e9pendants - Le Blog GERESO","isPartOf":{"@id":"https:\/\/www.gereso.com\/actualites\/#website"},"datePublished":"2010-04-11T22:00:00+00:00","dateModified":"2010-04-11T22:00:00+00:00","author":{"@id":"https:\/\/www.gereso.com\/actualites\/#\/schema\/person\/197d8aef40cb4ae3f6a0aa9e1d3df2a6"},"breadcrumb":{"@id":"https:\/\/www.gereso.com\/actualites\/2010\/04\/12\/cumul-emploi-retraite-du-nouveau-pour-les-independants\/#breadcrumb"},"inLanguage":"fr-FR","potentialAction":[{"@type":"ReadAction","target":["https:\/\/www.gereso.com\/actualites\/2010\/04\/12\/cumul-emploi-retraite-du-nouveau-pour-les-independants\/"]}]},{"@type":"BreadcrumbList","@id":"https:\/\/www.gereso.com\/actualites\/2010\/04\/12\/cumul-emploi-retraite-du-nouveau-pour-les-independants\/#breadcrumb","itemListElement":[{"@type":"ListItem","position":1,"name":"Home","item":"https:\/\/www.gereso.com\/actualites\/"},{"@type":"ListItem","position":2,"name":"Cumul emploi-retraite : du nouveau pour les ind\u00e9pendants"}]},{"@type":"WebSite","@id":"https:\/\/www.gereso.com\/actualites\/#website","url":"https:\/\/www.gereso.com\/actualites\/","name":"Le Blog GERESO","description":"Toute l&#039;actu RH, Finance, Fonction Publique, Management...","potentialAction":[{"@type":"SearchAction","target":{"@type":"EntryPoint","urlTemplate":"https:\/\/www.gereso.com\/actualites\/?s={search_term_string}"},"query-input":{"@type":"PropertyValueSpecification","valueRequired":true,"valueName":"search_term_string"}}],"inLanguage":"fr-FR"},{"@type":"Person","@id":"https:\/\/www.gereso.com\/actualites\/#\/schema\/person\/197d8aef40cb4ae3f6a0aa9e1d3df2a6","name":"\u00c9quipe GERESO","image":{"@type":"ImageObject","inLanguage":"fr-FR","@id":"https:\/\/www.gereso.com\/actualites\/#\/schema\/person\/image\/","url":"https:\/\/www.gereso.com\/actualites\/wp-content\/uploads\/2013\/12\/avatar-gereso-1.png","contentUrl":"https:\/\/www.gereso.com\/actualites\/wp-content\/uploads\/2013\/12\/avatar-gereso-1.png","caption":"\u00c9quipe GERESO"},"url":"https:\/\/www.gereso.com\/actualites\/author\/gereso\/"}]}},"_links":{"self":[{"href":"https:\/\/www.gereso.com\/actualites\/wp-json\/wp\/v2\/posts\/1594","targetHints":{"allow":["GET"]}}],"collection":[{"href":"https:\/\/www.gereso.com\/actualites\/wp-json\/wp\/v2\/posts"}],"about":[{"href":"https:\/\/www.gereso.com\/actualites\/wp-json\/wp\/v2\/types\/post"}],"author":[{"embeddable":true,"href":"https:\/\/www.gereso.com\/actualites\/wp-json\/wp\/v2\/users\/32"}],"replies":[{"embeddable":true,"href":"https:\/\/www.gereso.com\/actualites\/wp-json\/wp\/v2\/comments?post=1594"}],"version-history":[{"count":0,"href":"https:\/\/www.gereso.com\/actualites\/wp-json\/wp\/v2\/posts\/1594\/revisions"}],"wp:attachment":[{"href":"https:\/\/www.gereso.com\/actualites\/wp-json\/wp\/v2\/media?parent=1594"}],"wp:term":[{"taxonomy":"category","embeddable":true,"href":"https:\/\/www.gereso.com\/actualites\/wp-json\/wp\/v2\/categories?post=1594"},{"taxonomy":"post_tag","embeddable":true,"href":"https:\/\/www.gereso.com\/actualites\/wp-json\/wp\/v2\/tags?post=1594"}],"curies":[{"name":"wp","href":"https:\/\/api.w.org\/{rel}","templated":true}]}}