{"id":1601,"date":"2010-06-03T00:00:00","date_gmt":"2010-06-02T22:00:00","guid":{"rendered":"https:\/\/www.gereso.com\/actualites\/2010\/06\/reforme-des-retraites-14-engagements-a-tenir\/"},"modified":"2010-06-03T00:00:00","modified_gmt":"2010-06-02T22:00:00","slug":"reforme-des-retraites-14-engagements-a-tenir","status":"publish","type":"post","link":"https:\/\/www.gereso.com\/actualites\/2010\/06\/03\/reforme-des-retraites-14-engagements-a-tenir\/","title":{"rendered":"R\u00e9forme des retraites : 14 engagements&#8230; \u00e0 tenir !"},"content":{"rendered":"<p>Voici les 14 engagements du gouvernement \u00e9dict\u00e9s le 16 mai2010. Ils visent \u00e0 apporter une r\u00e9ponse p\u00e9renne aux difficult\u00e9s financi\u00e8res denos r\u00e9gimes retraites et conforter le syst\u00e8me de la r\u00e9partition\u00a0: <\/p>\n<p style=\"font-weight: bold;\">Restaurer la confiance dans le syst\u00e8me fran\u00e7ais deretraite<\/p>\n<p>1- Sauvegarder le syst\u00e8me de retraite par r\u00e9partition.<\/p>\n<p>2- Assurer le retour \u00e0 l&rsquo;\u00e9quilibre de nos r\u00e9gimes deretraite \u00e0 moyen terme.<\/p>\n<p>3- Ne pas r\u00e9duire les d\u00e9ficits en baissant les pensionsdes retrait\u00e9s d&rsquo;aujourd&rsquo;hui, dont le pouvoir d&rsquo;achat restera garanti parl&rsquo;indexation de leurs pensions sur les prix.<\/p>\n<p>4- Ne pas r\u00e9duire les d\u00e9ficits en baissant les pensionsdes retrait\u00e9s de demain.<\/p>\n<p>5- Am\u00e9liorer la compr\u00e9hension et l&rsquo;information desFran\u00e7ais sur leurs futures retraites.<\/p>\n<p style=\"font-weight: bold;\">R\u00e9pondre \u00e0 la v\u00e9ritable cause du d\u00e9s\u00e9quilibre de nosr\u00e9gimes de retraite : La d\u00e9mographie<\/p>\n<p>6- Ecarter toute solution qui baisserait le niveau de viedes Fran\u00e7ais ou augmenterait le ch\u00f4mage.<\/p>\n<p>7- R\u00e9pondre \u00e0 un d\u00e9s\u00e9quilibre d\u00e9mographique par dessolutions d\u00e9mographiques.<\/p>\n<p>8- Changer les r\u00e8gles de mani\u00e8re tr\u00e8s progressive.<\/p>\n<p>9- Tenir compte de ceux qui ont eu une vieprofessionnelle plus difficile.<\/p>\n<p>10- Mettre fin \u00e0 la sp\u00e9cificit\u00e9 fran\u00e7aise en mati\u00e8red&#8217;emploi des seniors.<\/p>\n<p style=\"font-weight: bold;\">Renforcer l&rsquo;\u00e9quit\u00e9 et la solidarit\u00e9 de nos r\u00e9gimes deretraite<\/p>\n<p>11- Adapter les m\u00e9canismes de solidarit\u00e9 des r\u00e9gimes deretraite \u00e0 la r\u00e9alit\u00e9 des besoins sociaux.<\/p>\n<p>12- Augmenter les ressources par un effort financiersuppl\u00e9mentaire de certains revenus.<\/p>\n<p>13- Poursuivre la convergence entre les r\u00e9gimes deretraite du public et du priv\u00e9.<\/p>\n<p style=\"font-weight: bold;\">Assurer le succ\u00e8s de la r\u00e9forme dans la dur\u00e9e<\/p>\n<p>14- Organiser des rencontres p\u00e9riodiques avec lespartenaires sociaux, pour s&rsquo;assurer dans la dur\u00e9e que les conditions de succ\u00e8sde la r\u00e9forme sont respect\u00e9es.<\/p>\n","protected":false},"excerpt":{"rendered":"<p>Voici les 14 engagements du gouvernement \u00e9dict\u00e9s le 16 mai2010. Ils visent \u00e0 apporter une r\u00e9ponse p\u00e9renne aux difficult\u00e9s financi\u00e8res denos r\u00e9gimes retraites et conforter le syst\u00e8me de la r\u00e9partition\u00a0: Restaurer la confiance dans le syst\u00e8me fran\u00e7ais deretraite 1- Sauvegarder le syst\u00e8me de retraite par r\u00e9partition. 2- Assurer le retour \u00e0 l&rsquo;\u00e9quilibre de nos r\u00e9gimes [&hellip;]<\/p>\n","protected":false},"author":32,"featured_media":0,"comment_status":"open","ping_status":"open","sticky":false,"template":"","format":"standard","meta":{"_acf_changed":false,"_mi_skip_tracking":false,"footnotes":""},"categories":[4],"tags":[],"class_list":["post-1601","post","type-post","status-publish","format-standard","hentry","category-retraite-et-protection-sociale"],"acf":[],"yoast_head":"<!-- This site is optimized with the Yoast SEO plugin v23.4 - https:\/\/yoast.com\/wordpress\/plugins\/seo\/ -->\n<title>R\u00e9forme des retraites : 14 engagements... \u00e0 tenir ! - Le Blog GERESO<\/title>\n<meta name=\"robots\" content=\"index, follow, max-snippet:-1, max-image-preview:large, max-video-preview:-1\" \/>\n<link rel=\"canonical\" href=\"https:\/\/www.gereso.com\/actualites\/2010\/06\/03\/reforme-des-retraites-14-engagements-a-tenir\/\" \/>\n<meta property=\"og:locale\" content=\"fr_FR\" \/>\n<meta property=\"og:type\" content=\"article\" \/>\n<meta property=\"og:title\" content=\"R\u00e9forme des retraites : 14 engagements... \u00e0 tenir ! - Le Blog GERESO\" \/>\n<meta property=\"og:description\" content=\"Voici les 14 engagements du gouvernement \u00e9dict\u00e9s le 16 mai2010. Ils visent \u00e0 apporter une r\u00e9ponse p\u00e9renne aux difficult\u00e9s financi\u00e8res denos r\u00e9gimes retraites et conforter le syst\u00e8me de la r\u00e9partition\u00a0: Restaurer la confiance dans le syst\u00e8me fran\u00e7ais deretraite 1- Sauvegarder le syst\u00e8me de retraite par r\u00e9partition. 2- Assurer le retour \u00e0 l&rsquo;\u00e9quilibre de nos r\u00e9gimes [&hellip;]\" \/>\n<meta property=\"og:url\" content=\"https:\/\/www.gereso.com\/actualites\/2010\/06\/03\/reforme-des-retraites-14-engagements-a-tenir\/\" \/>\n<meta property=\"og:site_name\" content=\"Le Blog GERESO\" \/>\n<meta property=\"article:published_time\" content=\"2010-06-02T22:00:00+00:00\" \/>\n<meta name=\"author\" content=\"\u00c9quipe GERESO\" \/>\n<meta name=\"twitter:card\" content=\"summary_large_image\" \/>\n<script type=\"application\/ld+json\" class=\"yoast-schema-graph\">{\"@context\":\"https:\/\/schema.org\",\"@graph\":[{\"@type\":\"WebPage\",\"@id\":\"https:\/\/www.gereso.com\/actualites\/2010\/06\/03\/reforme-des-retraites-14-engagements-a-tenir\/\",\"url\":\"https:\/\/www.gereso.com\/actualites\/2010\/06\/03\/reforme-des-retraites-14-engagements-a-tenir\/\",\"name\":\"R\u00e9forme des retraites : 14 engagements... \u00e0 tenir ! - Le Blog GERESO\",\"isPartOf\":{\"@id\":\"https:\/\/www.gereso.com\/actualites\/#website\"},\"datePublished\":\"2010-06-02T22:00:00+00:00\",\"dateModified\":\"2010-06-02T22:00:00+00:00\",\"author\":{\"@id\":\"https:\/\/www.gereso.com\/actualites\/#\/schema\/person\/197d8aef40cb4ae3f6a0aa9e1d3df2a6\"},\"breadcrumb\":{\"@id\":\"https:\/\/www.gereso.com\/actualites\/2010\/06\/03\/reforme-des-retraites-14-engagements-a-tenir\/#breadcrumb\"},\"inLanguage\":\"fr-FR\",\"potentialAction\":[{\"@type\":\"ReadAction\",\"target\":[\"https:\/\/www.gereso.com\/actualites\/2010\/06\/03\/reforme-des-retraites-14-engagements-a-tenir\/\"]}]},{\"@type\":\"BreadcrumbList\",\"@id\":\"https:\/\/www.gereso.com\/actualites\/2010\/06\/03\/reforme-des-retraites-14-engagements-a-tenir\/#breadcrumb\",\"itemListElement\":[{\"@type\":\"ListItem\",\"position\":1,\"name\":\"Home\",\"item\":\"https:\/\/www.gereso.com\/actualites\/\"},{\"@type\":\"ListItem\",\"position\":2,\"name\":\"R\u00e9forme des retraites : 14 engagements&#8230; \u00e0 tenir !\"}]},{\"@type\":\"WebSite\",\"@id\":\"https:\/\/www.gereso.com\/actualites\/#website\",\"url\":\"https:\/\/www.gereso.com\/actualites\/\",\"name\":\"Le Blog GERESO\",\"description\":\"Toute l&#039;actu RH, Finance, Fonction Publique, Management...\",\"potentialAction\":[{\"@type\":\"SearchAction\",\"target\":{\"@type\":\"EntryPoint\",\"urlTemplate\":\"https:\/\/www.gereso.com\/actualites\/?s={search_term_string}\"},\"query-input\":{\"@type\":\"PropertyValueSpecification\",\"valueRequired\":true,\"valueName\":\"search_term_string\"}}],\"inLanguage\":\"fr-FR\"},{\"@type\":\"Person\",\"@id\":\"https:\/\/www.gereso.com\/actualites\/#\/schema\/person\/197d8aef40cb4ae3f6a0aa9e1d3df2a6\",\"name\":\"\u00c9quipe GERESO\",\"image\":{\"@type\":\"ImageObject\",\"inLanguage\":\"fr-FR\",\"@id\":\"https:\/\/www.gereso.com\/actualites\/#\/schema\/person\/image\/\",\"url\":\"https:\/\/www.gereso.com\/actualites\/wp-content\/uploads\/2013\/12\/avatar-gereso-1.png\",\"contentUrl\":\"https:\/\/www.gereso.com\/actualites\/wp-content\/uploads\/2013\/12\/avatar-gereso-1.png\",\"caption\":\"\u00c9quipe GERESO\"},\"url\":\"https:\/\/www.gereso.com\/actualites\/author\/gereso\/\"}]}<\/script>\n<!-- \/ Yoast SEO plugin. -->","yoast_head_json":{"title":"R\u00e9forme des retraites : 14 engagements... \u00e0 tenir ! - Le Blog GERESO","robots":{"index":"index","follow":"follow","max-snippet":"max-snippet:-1","max-image-preview":"max-image-preview:large","max-video-preview":"max-video-preview:-1"},"canonical":"https:\/\/www.gereso.com\/actualites\/2010\/06\/03\/reforme-des-retraites-14-engagements-a-tenir\/","og_locale":"fr_FR","og_type":"article","og_title":"R\u00e9forme des retraites : 14 engagements... \u00e0 tenir ! - Le Blog GERESO","og_description":"Voici les 14 engagements du gouvernement \u00e9dict\u00e9s le 16 mai2010. Ils visent \u00e0 apporter une r\u00e9ponse p\u00e9renne aux difficult\u00e9s financi\u00e8res denos r\u00e9gimes retraites et conforter le syst\u00e8me de la r\u00e9partition\u00a0: Restaurer la confiance dans le syst\u00e8me fran\u00e7ais deretraite 1- Sauvegarder le syst\u00e8me de retraite par r\u00e9partition. 2- Assurer le retour \u00e0 l&rsquo;\u00e9quilibre de nos r\u00e9gimes [&hellip;]","og_url":"https:\/\/www.gereso.com\/actualites\/2010\/06\/03\/reforme-des-retraites-14-engagements-a-tenir\/","og_site_name":"Le Blog GERESO","article_published_time":"2010-06-02T22:00:00+00:00","author":"\u00c9quipe GERESO","twitter_card":"summary_large_image","schema":{"@context":"https:\/\/schema.org","@graph":[{"@type":"WebPage","@id":"https:\/\/www.gereso.com\/actualites\/2010\/06\/03\/reforme-des-retraites-14-engagements-a-tenir\/","url":"https:\/\/www.gereso.com\/actualites\/2010\/06\/03\/reforme-des-retraites-14-engagements-a-tenir\/","name":"R\u00e9forme des retraites : 14 engagements... \u00e0 tenir ! - Le Blog GERESO","isPartOf":{"@id":"https:\/\/www.gereso.com\/actualites\/#website"},"datePublished":"2010-06-02T22:00:00+00:00","dateModified":"2010-06-02T22:00:00+00:00","author":{"@id":"https:\/\/www.gereso.com\/actualites\/#\/schema\/person\/197d8aef40cb4ae3f6a0aa9e1d3df2a6"},"breadcrumb":{"@id":"https:\/\/www.gereso.com\/actualites\/2010\/06\/03\/reforme-des-retraites-14-engagements-a-tenir\/#breadcrumb"},"inLanguage":"fr-FR","potentialAction":[{"@type":"ReadAction","target":["https:\/\/www.gereso.com\/actualites\/2010\/06\/03\/reforme-des-retraites-14-engagements-a-tenir\/"]}]},{"@type":"BreadcrumbList","@id":"https:\/\/www.gereso.com\/actualites\/2010\/06\/03\/reforme-des-retraites-14-engagements-a-tenir\/#breadcrumb","itemListElement":[{"@type":"ListItem","position":1,"name":"Home","item":"https:\/\/www.gereso.com\/actualites\/"},{"@type":"ListItem","position":2,"name":"R\u00e9forme des retraites : 14 engagements&#8230; \u00e0 tenir !"}]},{"@type":"WebSite","@id":"https:\/\/www.gereso.com\/actualites\/#website","url":"https:\/\/www.gereso.com\/actualites\/","name":"Le Blog GERESO","description":"Toute l&#039;actu RH, Finance, Fonction Publique, Management...","potentialAction":[{"@type":"SearchAction","target":{"@type":"EntryPoint","urlTemplate":"https:\/\/www.gereso.com\/actualites\/?s={search_term_string}"},"query-input":{"@type":"PropertyValueSpecification","valueRequired":true,"valueName":"search_term_string"}}],"inLanguage":"fr-FR"},{"@type":"Person","@id":"https:\/\/www.gereso.com\/actualites\/#\/schema\/person\/197d8aef40cb4ae3f6a0aa9e1d3df2a6","name":"\u00c9quipe GERESO","image":{"@type":"ImageObject","inLanguage":"fr-FR","@id":"https:\/\/www.gereso.com\/actualites\/#\/schema\/person\/image\/","url":"https:\/\/www.gereso.com\/actualites\/wp-content\/uploads\/2013\/12\/avatar-gereso-1.png","contentUrl":"https:\/\/www.gereso.com\/actualites\/wp-content\/uploads\/2013\/12\/avatar-gereso-1.png","caption":"\u00c9quipe GERESO"},"url":"https:\/\/www.gereso.com\/actualites\/author\/gereso\/"}]}},"_links":{"self":[{"href":"https:\/\/www.gereso.com\/actualites\/wp-json\/wp\/v2\/posts\/1601","targetHints":{"allow":["GET"]}}],"collection":[{"href":"https:\/\/www.gereso.com\/actualites\/wp-json\/wp\/v2\/posts"}],"about":[{"href":"https:\/\/www.gereso.com\/actualites\/wp-json\/wp\/v2\/types\/post"}],"author":[{"embeddable":true,"href":"https:\/\/www.gereso.com\/actualites\/wp-json\/wp\/v2\/users\/32"}],"replies":[{"embeddable":true,"href":"https:\/\/www.gereso.com\/actualites\/wp-json\/wp\/v2\/comments?post=1601"}],"version-history":[{"count":0,"href":"https:\/\/www.gereso.com\/actualites\/wp-json\/wp\/v2\/posts\/1601\/revisions"}],"wp:attachment":[{"href":"https:\/\/www.gereso.com\/actualites\/wp-json\/wp\/v2\/media?parent=1601"}],"wp:term":[{"taxonomy":"category","embeddable":true,"href":"https:\/\/www.gereso.com\/actualites\/wp-json\/wp\/v2\/categories?post=1601"},{"taxonomy":"post_tag","embeddable":true,"href":"https:\/\/www.gereso.com\/actualites\/wp-json\/wp\/v2\/tags?post=1601"}],"curies":[{"name":"wp","href":"https:\/\/api.w.org\/{rel}","templated":true}]}}