{"id":16084,"date":"2020-06-25T11:45:59","date_gmt":"2020-06-25T09:45:59","guid":{"rendered":"https:\/\/www.gereso.com\/actualites\/?p=16084"},"modified":"2020-06-25T11:46:01","modified_gmt":"2020-06-25T09:46:01","slug":"prime-covid-etablissements-sante-decret-du-14-mai-precise","status":"publish","type":"post","link":"https:\/\/www.gereso.com\/actualites\/2020\/06\/25\/prime-covid-etablissements-sante-decret-du-14-mai-precise\/","title":{"rendered":"Prime COVID dans les \u00e9tablissements de sant\u00e9 : le d\u00e9cret du 14 mai pr\u00e9cis\u00e9"},"content":{"rendered":"\n<h2 style=\"color:#d10016;\"><strong>B\u00e9n\u00e9ficiaires<\/strong><\/h2>\n\n\n\n<p>La liste des b\u00e9n\u00e9ficiaires de cette prime est ainsi\ncompl\u00e9t\u00e9e par&nbsp;:<\/p>\n\n\n\n<ul class=\"wp-block-list\"><li>Les agents publics exer\u00e7ant dans les comit\u00e9s de protection des personnes, les groupements de coop\u00e9ration sanitaire, les groupements d\u2019int\u00e9r\u00eat public, ainsi que ceux qui ont particip\u00e9 aux \u00e9vacuations sanitaires. <\/li><li>Les \u00e9tudiants en 2e cycle de pharmacie, odontologie et ma\u00efeutique et les \u00e9tudiants en 3e cycle des \u00e9tudes de pharmacie et d\u2019odontologie ayant accompli un stage hors \u00e9tablissement public de sant\u00e9. <\/li><li>En revanche, le texte indique les agents exer\u00e7ant dans les unit\u00e9s de soins de longue dur\u00e9e et les \u00e9tablissements d\u2019h\u00e9bergement pour personnes \u00e2g\u00e9es d\u00e9pendantes ne rel\u00e8vent plus des dispositions du d\u00e9cret du 14 mai 2020. En effet, elles rel\u00e8vent d\u00e9sormais du d\u00e9cret du 12 juin. <\/li><\/ul>\n\n\n\n<h2 style=\"color:#d10016;\"><strong>Montant<\/strong><\/h2>\n\n\n\n<p>Le texte initial pr\u00e9voyait que les chefs d\u2019\u00e9tablissement peuvent augmenter la prime de 500\u20ac pr\u00e9vues pour certains personnels de certains d\u00e9partements, et ce jusqu\u2019\u00e0 1500\u20ac. Le d\u00e9cret du 8 juin pr\u00e9voit que cette la facult\u00e9 de relever le montant de la prime exceptionnelle s\u2019exerce dans la limite du plafond de 40 % des effectifs de l\u2019\u00e9tablissement. <\/p>\n\n\n\n<p>Par ailleurs, la liste des \u00e9tablissements concern\u00e9s par cette mesure a \u00e9t\u00e9 modifi\u00e9e \u00e9largie ainsi\u00a0:<\/p>\n\n\n\n<ul>\n<li>CH AIGLE<\/li>\n<li>CH AGEN-NERAC<\/li>\n<li>CH AGGLOMERATION MONTARGOISE<\/li>\n<li>CH ALBERTVILLE MOUTIERS<\/li>\n<li>CH ALBI<\/li>\n<li>CH ALES CEVENNES<\/li>\n<li>CH ANGOULEME<\/li>\n<li>CH ANTIBES JUAN LES PINS<\/li>\n<li>CH ARDECHE MERIDIONALE<\/li>\n<li>CH ARDECHE NORD<\/li>\n<li>CH AUCH<\/li>\n<li>CH AUNAY-BAYEUX<\/li>\n<li>CH AURILLAC<\/li>\n<li>CH AVIGNON HENRI DUFFAUT<\/li>\n<li>CH AVRANCHES-GRANVILLE<\/li>\n<li>CH BAGNERES DE BIGORRE<\/li>\n<li>CH BEZIERS<\/li>\n<li>CH BIGORRE<\/li>\n<li>CH BLOIS SIMONE VEIL<\/li>\n<li>CH BRETAGNE ATLANTIQUE<\/li>\n<li>CH CANNES SIMONE VEIL<\/li>\n<li>CH CARCASSONNE<\/li>\n<li>CH CASTELNAUDARY<\/li>\n<li>CH CAYENNE<\/li>\n<li>CH CENTRE BRETAGNE<\/li>\n<li>CH CHATEAUBRIANT NOZAY POUANCE<\/li>\n<li>CH CHATEAUROUX LE BLANC<\/li>\n<li>CH CHOLET<\/li>\n<li>CH COEUR DE CORREZE<\/li>\n<li>CH COTE BASQUE <\/li>\n<li>CH DIEPPE<\/li>\n<li>CH DUBOIS BRIVE <\/li>\n<li>CH EURE-SEINE<\/li>\n<li>CH FLEYRIAT<\/li>\n<li>CH FOUGERES<\/li>\n<li>CH GRPE HOSP. DE LA ROCHELLE-RE-AUNIS <\/li>\n<li>CH GRASSE<\/li>\n<li>CH GUERET<\/li>\n<li>CH HAUT BUGEY<\/li>\n<li>CH JACQUES COEUR DE BOURGES<\/li>\n<li>CH JEAN MARCEL DE BRIGNOLES<\/li>\n<li>CH LA CHATRE<\/li>\n<li>CH LA RISLE PONT-AUDEMER<\/li>\n<li>CH LA TOUR BLANCHE ISSOUDUN<\/li>\n<li>CH LAVAL<\/li>\n<li>CH LE MANS<\/li>\n<li>CH LES ESCARTONS A BRIANCON<\/li>\n<li>CH LEZIGNAN<\/li>\n<li>CH LIBOURNE<\/li>\n<li>CH LIMOUX<\/li>\n<li>CH LISIEUX<\/li>\n<li>CH LUCIEN HUSSEL DE VIENNE<\/li>\n<li>CH MANOSQUE<\/li>\n<li>CH MARGUERITE DE LORRAINE-MORTAGNE <\/li>\n<li>CH MEMORIAL FRANCE-ETATS-UNIS SAINT-LO <\/li>\n<li>CH METROPOLE SAVOIE<\/li>\n<li>CH MONT DE MARSAN<\/li>\n<li>CH MONTAUBAN<\/li>\n<li>CH MONTLUCON<\/li>\n<li>CH MOULINS YZEURE<\/li>\n<li>CH NARBONNE<\/li>\n<li>CH NEUFCHATEL EN BRAY<\/li>\n<li>CH NIORT<\/li>\n<li>CH NORD MAYENNE<\/li>\n<li>CH PAU<\/li>\n<li>CH PAYS D&rsquo;APT<\/li>\n<li>CH PERIGUEUX<\/li>\n<li>CH PERPIGNAN<\/li>\n<li>CH PIERRE OUDOT BOURGOIN-JALLIEU<\/li>\n<li>CH PUY<\/li>\n<li>CH RODEZ HOPITAL JACQUES PUEL<\/li>\n<li>CH ROYAN<\/li>\n<li>CH SEES<\/li>\n<li>CH ROMORANTIN LANTHENAY<\/li>\n<li>CH SAINT BRIEUC<\/li>\n<li>CH SAINT MALO<\/li>\n<li>CH SAINT- NAZAIRE<\/li>\n<li>CH SAINTONGE \u2013 SAINTES<\/li>\n<li>CH SAUMUR<\/li>\n<li>CH VAISON LA ROMAINE<\/li>\n<li>CH VALS D&rsquo;ARDECHE<\/li>\n<li>CH VENDOME MONTOIRE<\/li>\n<li>CH VICHY<\/li>\n<li>CH VOIRON<\/li>\n<li>CHD LA ROCHE SUR YON LUCON MONTAIGU<\/li>\n<li>CHI ALPES DU SUD<\/li>\n<li>CHI CAVAILLON LAURIS<\/li>\n<li>CHI CORNOUAILLE QUIMPER<\/li>\n<li>CHI DES ANDAINES<\/li>\n<li>CHI ELBEUF-LOUVIERS VAL DE REUIL<\/li>\n<li>CHI FREJUS SAINT RAPHAEL<\/li>\n<li>CHI TOULON LA SEYNE SUR MER<\/li>\n<li>CHIC ALENCON-MAMERS<\/li>\n<li>CHR ORLEANS<\/li>\n<li>CHRU BREST<\/li>\n<li>CHRU RENNES<\/li>\n<li>CHU ANGERS<\/li>\n<li>CHU BORDEAUX<\/li>\n<li>CHU CAEN NORMANDIE<\/li>\n<li>CHU CLERMONT-FERRAND \u00ab CHU GRENOBLE ALPES<\/li>\n<li>CHU GUADELOUPE<\/li>\n<li>CHU LA REUNION<\/li>\n<li>CHU LIMOGES<\/li>\n<li>CHU MARTINIQUE<\/li>\n<li>CHU MONTPELLIER<\/li>\n<li>CHU NANTES<\/li>\n<li>CHU NICE<\/li>\n<li>CHU NIMES<\/li>\n<li>CHU POITIERS<\/li>\n<li>CHU ROUEN<\/li>\n<li>CHU TOULOUSE<\/li>\n<li>CHU TOURS<\/li>\n<li>GH BRETAGNE SUD<\/li>\n<li>GH LE HAVRE<\/li>\n<li>LES HOPITAUX DU BASSIN DE THAU<\/li>\n<li>POLE SANITAIRE DU VEXIN CH GISORS.<\/li>\n<\/ul>\n\n\n\n<p><em><a href=\"https:\/\/www.legifrance.gouv.fr\/affichTexte.do?cidTexte=JORFTEXT000041980117&amp;categorieLien=id\">D\u00e9cret n\u00b0 2020-698 du 8 juin 2020<\/a> modifiant le d\u00e9cret n\u00b0 2020-568 du 14 mai 2020 relatif au versement d&rsquo;une prime exceptionnelle aux agents des \u00e9tablissements publics de sant\u00e9 et \u00e0 certains agents civils et militaires du minist\u00e8re des arm\u00e9es et de l&rsquo;Institution nationale des invalides dans le cadre de l&rsquo;\u00e9pid\u00e9mie de Covid-19 <\/em><\/p>\n","protected":false},"excerpt":{"rendered":"<p>B\u00e9n\u00e9ficiaires La liste des b\u00e9n\u00e9ficiaires de cette prime est ainsi compl\u00e9t\u00e9e par&nbsp;: Les agents publics exer\u00e7ant dans les comit\u00e9s de protection des personnes, les groupements de coop\u00e9ration sanitaire, les groupements d\u2019int\u00e9r\u00eat public, ainsi que ceux qui ont particip\u00e9 aux \u00e9vacuations sanitaires. Les \u00e9tudiants en 2e cycle de pharmacie, odontologie et ma\u00efeutique et les \u00e9tudiants en [&hellip;]<\/p>\n","protected":false},"author":32,"featured_media":16111,"comment_status":"open","ping_status":"open","sticky":false,"template":"","format":"standard","meta":{"_acf_changed":false,"_mi_skip_tracking":false,"footnotes":""},"categories":[6],"tags":[117,1902],"class_list":["post-16084","post","type-post","status-publish","format-standard","has-post-thumbnail","hentry","category-fonction-publique","tag-fonction-publique-2","tag-prime-covid19"],"acf":[],"yoast_head":"<!-- This site is optimized with the Yoast SEO plugin v23.4 - https:\/\/yoast.com\/wordpress\/plugins\/seo\/ -->\n<title>Prime COVID dans les \u00e9tablissements de sant\u00e9 : le d\u00e9cret du 14 mai pr\u00e9cis\u00e9 - Le Blog GERESO<\/title>\n<meta name=\"robots\" content=\"index, follow, max-snippet:-1, max-image-preview:large, max-video-preview:-1\" \/>\n<link rel=\"canonical\" href=\"https:\/\/www.gereso.com\/actualites\/2020\/06\/25\/prime-covid-etablissements-sante-decret-du-14-mai-precise\/\" \/>\n<meta property=\"og:locale\" content=\"fr_FR\" \/>\n<meta property=\"og:type\" content=\"article\" \/>\n<meta property=\"og:title\" content=\"Prime COVID dans les \u00e9tablissements de sant\u00e9 : le d\u00e9cret du 14 mai pr\u00e9cis\u00e9 - Le Blog GERESO\" \/>\n<meta property=\"og:description\" content=\"B\u00e9n\u00e9ficiaires La liste des b\u00e9n\u00e9ficiaires de cette prime est ainsi compl\u00e9t\u00e9e par&nbsp;: Les agents publics exer\u00e7ant dans les comit\u00e9s de protection des personnes, les groupements de coop\u00e9ration sanitaire, les groupements d\u2019int\u00e9r\u00eat public, ainsi que ceux qui ont particip\u00e9 aux \u00e9vacuations sanitaires. Les \u00e9tudiants en 2e cycle de pharmacie, odontologie et ma\u00efeutique et les \u00e9tudiants en [&hellip;]\" \/>\n<meta property=\"og:url\" content=\"https:\/\/www.gereso.com\/actualites\/2020\/06\/25\/prime-covid-etablissements-sante-decret-du-14-mai-precise\/\" \/>\n<meta property=\"og:site_name\" content=\"Le Blog GERESO\" \/>\n<meta property=\"article:published_time\" content=\"2020-06-25T09:45:59+00:00\" \/>\n<meta property=\"article:modified_time\" content=\"2020-06-25T09:46:01+00:00\" \/>\n<meta property=\"og:image\" content=\"https:\/\/www.gereso.com\/actualites\/wp-content\/uploads\/2020\/06\/PrimeCovid19.jpg\" \/>\n\t<meta property=\"og:image:width\" content=\"600\" \/>\n\t<meta property=\"og:image:height\" content=\"400\" \/>\n\t<meta property=\"og:image:type\" content=\"image\/jpeg\" \/>\n<meta name=\"author\" content=\"\u00c9quipe GERESO\" \/>\n<meta name=\"twitter:card\" content=\"summary_large_image\" \/>\n<script type=\"application\/ld+json\" class=\"yoast-schema-graph\">{\"@context\":\"https:\/\/schema.org\",\"@graph\":[{\"@type\":\"WebPage\",\"@id\":\"https:\/\/www.gereso.com\/actualites\/2020\/06\/25\/prime-covid-etablissements-sante-decret-du-14-mai-precise\/\",\"url\":\"https:\/\/www.gereso.com\/actualites\/2020\/06\/25\/prime-covid-etablissements-sante-decret-du-14-mai-precise\/\",\"name\":\"Prime COVID dans les \u00e9tablissements de sant\u00e9 : le d\u00e9cret du 14 mai pr\u00e9cis\u00e9 - Le Blog GERESO\",\"isPartOf\":{\"@id\":\"https:\/\/www.gereso.com\/actualites\/#website\"},\"primaryImageOfPage\":{\"@id\":\"https:\/\/www.gereso.com\/actualites\/2020\/06\/25\/prime-covid-etablissements-sante-decret-du-14-mai-precise\/#primaryimage\"},\"image\":{\"@id\":\"https:\/\/www.gereso.com\/actualites\/2020\/06\/25\/prime-covid-etablissements-sante-decret-du-14-mai-precise\/#primaryimage\"},\"thumbnailUrl\":\"https:\/\/www.gereso.com\/actualites\/wp-content\/uploads\/2020\/06\/PrimeCovid19.jpg\",\"datePublished\":\"2020-06-25T09:45:59+00:00\",\"dateModified\":\"2020-06-25T09:46:01+00:00\",\"author\":{\"@id\":\"https:\/\/www.gereso.com\/actualites\/#\/schema\/person\/197d8aef40cb4ae3f6a0aa9e1d3df2a6\"},\"breadcrumb\":{\"@id\":\"https:\/\/www.gereso.com\/actualites\/2020\/06\/25\/prime-covid-etablissements-sante-decret-du-14-mai-precise\/#breadcrumb\"},\"inLanguage\":\"fr-FR\",\"potentialAction\":[{\"@type\":\"ReadAction\",\"target\":[\"https:\/\/www.gereso.com\/actualites\/2020\/06\/25\/prime-covid-etablissements-sante-decret-du-14-mai-precise\/\"]}]},{\"@type\":\"ImageObject\",\"inLanguage\":\"fr-FR\",\"@id\":\"https:\/\/www.gereso.com\/actualites\/2020\/06\/25\/prime-covid-etablissements-sante-decret-du-14-mai-precise\/#primaryimage\",\"url\":\"https:\/\/www.gereso.com\/actualites\/wp-content\/uploads\/2020\/06\/PrimeCovid19.jpg\",\"contentUrl\":\"https:\/\/www.gereso.com\/actualites\/wp-content\/uploads\/2020\/06\/PrimeCovid19.jpg\",\"width\":600,\"height\":400,\"caption\":\"Prime COVID dans les \u00e9tablissements de sant\u00e9 : le d\u00e9cret du 14 mai pr\u00e9cis\u00e9\"},{\"@type\":\"BreadcrumbList\",\"@id\":\"https:\/\/www.gereso.com\/actualites\/2020\/06\/25\/prime-covid-etablissements-sante-decret-du-14-mai-precise\/#breadcrumb\",\"itemListElement\":[{\"@type\":\"ListItem\",\"position\":1,\"name\":\"Home\",\"item\":\"https:\/\/www.gereso.com\/actualites\/\"},{\"@type\":\"ListItem\",\"position\":2,\"name\":\"Prime COVID dans les \u00e9tablissements de sant\u00e9 : le d\u00e9cret du 14 mai pr\u00e9cis\u00e9\"}]},{\"@type\":\"WebSite\",\"@id\":\"https:\/\/www.gereso.com\/actualites\/#website\",\"url\":\"https:\/\/www.gereso.com\/actualites\/\",\"name\":\"Le Blog GERESO\",\"description\":\"Toute l&#039;actu RH, Finance, Fonction Publique, Management...\",\"potentialAction\":[{\"@type\":\"SearchAction\",\"target\":{\"@type\":\"EntryPoint\",\"urlTemplate\":\"https:\/\/www.gereso.com\/actualites\/?s={search_term_string}\"},\"query-input\":{\"@type\":\"PropertyValueSpecification\",\"valueRequired\":true,\"valueName\":\"search_term_string\"}}],\"inLanguage\":\"fr-FR\"},{\"@type\":\"Person\",\"@id\":\"https:\/\/www.gereso.com\/actualites\/#\/schema\/person\/197d8aef40cb4ae3f6a0aa9e1d3df2a6\",\"name\":\"\u00c9quipe GERESO\",\"image\":{\"@type\":\"ImageObject\",\"inLanguage\":\"fr-FR\",\"@id\":\"https:\/\/www.gereso.com\/actualites\/#\/schema\/person\/image\/\",\"url\":\"https:\/\/www.gereso.com\/actualites\/wp-content\/uploads\/2013\/12\/avatar-gereso-1.png\",\"contentUrl\":\"https:\/\/www.gereso.com\/actualites\/wp-content\/uploads\/2013\/12\/avatar-gereso-1.png\",\"caption\":\"\u00c9quipe GERESO\"},\"url\":\"https:\/\/www.gereso.com\/actualites\/author\/gereso\/\"}]}<\/script>\n<!-- \/ Yoast SEO plugin. -->","yoast_head_json":{"title":"Prime COVID dans les \u00e9tablissements de sant\u00e9 : le d\u00e9cret du 14 mai pr\u00e9cis\u00e9 - Le Blog GERESO","robots":{"index":"index","follow":"follow","max-snippet":"max-snippet:-1","max-image-preview":"max-image-preview:large","max-video-preview":"max-video-preview:-1"},"canonical":"https:\/\/www.gereso.com\/actualites\/2020\/06\/25\/prime-covid-etablissements-sante-decret-du-14-mai-precise\/","og_locale":"fr_FR","og_type":"article","og_title":"Prime COVID dans les \u00e9tablissements de sant\u00e9 : le d\u00e9cret du 14 mai pr\u00e9cis\u00e9 - Le Blog GERESO","og_description":"B\u00e9n\u00e9ficiaires La liste des b\u00e9n\u00e9ficiaires de cette prime est ainsi compl\u00e9t\u00e9e par&nbsp;: Les agents publics exer\u00e7ant dans les comit\u00e9s de protection des personnes, les groupements de coop\u00e9ration sanitaire, les groupements d\u2019int\u00e9r\u00eat public, ainsi que ceux qui ont particip\u00e9 aux \u00e9vacuations sanitaires. Les \u00e9tudiants en 2e cycle de pharmacie, odontologie et ma\u00efeutique et les \u00e9tudiants en [&hellip;]","og_url":"https:\/\/www.gereso.com\/actualites\/2020\/06\/25\/prime-covid-etablissements-sante-decret-du-14-mai-precise\/","og_site_name":"Le Blog GERESO","article_published_time":"2020-06-25T09:45:59+00:00","article_modified_time":"2020-06-25T09:46:01+00:00","og_image":[{"width":600,"height":400,"url":"https:\/\/www.gereso.com\/actualites\/wp-content\/uploads\/2020\/06\/PrimeCovid19.jpg","type":"image\/jpeg"}],"author":"\u00c9quipe GERESO","twitter_card":"summary_large_image","schema":{"@context":"https:\/\/schema.org","@graph":[{"@type":"WebPage","@id":"https:\/\/www.gereso.com\/actualites\/2020\/06\/25\/prime-covid-etablissements-sante-decret-du-14-mai-precise\/","url":"https:\/\/www.gereso.com\/actualites\/2020\/06\/25\/prime-covid-etablissements-sante-decret-du-14-mai-precise\/","name":"Prime COVID dans les \u00e9tablissements de sant\u00e9 : le d\u00e9cret du 14 mai pr\u00e9cis\u00e9 - Le Blog GERESO","isPartOf":{"@id":"https:\/\/www.gereso.com\/actualites\/#website"},"primaryImageOfPage":{"@id":"https:\/\/www.gereso.com\/actualites\/2020\/06\/25\/prime-covid-etablissements-sante-decret-du-14-mai-precise\/#primaryimage"},"image":{"@id":"https:\/\/www.gereso.com\/actualites\/2020\/06\/25\/prime-covid-etablissements-sante-decret-du-14-mai-precise\/#primaryimage"},"thumbnailUrl":"https:\/\/www.gereso.com\/actualites\/wp-content\/uploads\/2020\/06\/PrimeCovid19.jpg","datePublished":"2020-06-25T09:45:59+00:00","dateModified":"2020-06-25T09:46:01+00:00","author":{"@id":"https:\/\/www.gereso.com\/actualites\/#\/schema\/person\/197d8aef40cb4ae3f6a0aa9e1d3df2a6"},"breadcrumb":{"@id":"https:\/\/www.gereso.com\/actualites\/2020\/06\/25\/prime-covid-etablissements-sante-decret-du-14-mai-precise\/#breadcrumb"},"inLanguage":"fr-FR","potentialAction":[{"@type":"ReadAction","target":["https:\/\/www.gereso.com\/actualites\/2020\/06\/25\/prime-covid-etablissements-sante-decret-du-14-mai-precise\/"]}]},{"@type":"ImageObject","inLanguage":"fr-FR","@id":"https:\/\/www.gereso.com\/actualites\/2020\/06\/25\/prime-covid-etablissements-sante-decret-du-14-mai-precise\/#primaryimage","url":"https:\/\/www.gereso.com\/actualites\/wp-content\/uploads\/2020\/06\/PrimeCovid19.jpg","contentUrl":"https:\/\/www.gereso.com\/actualites\/wp-content\/uploads\/2020\/06\/PrimeCovid19.jpg","width":600,"height":400,"caption":"Prime COVID dans les \u00e9tablissements de sant\u00e9 : le d\u00e9cret du 14 mai pr\u00e9cis\u00e9"},{"@type":"BreadcrumbList","@id":"https:\/\/www.gereso.com\/actualites\/2020\/06\/25\/prime-covid-etablissements-sante-decret-du-14-mai-precise\/#breadcrumb","itemListElement":[{"@type":"ListItem","position":1,"name":"Home","item":"https:\/\/www.gereso.com\/actualites\/"},{"@type":"ListItem","position":2,"name":"Prime COVID dans les \u00e9tablissements de sant\u00e9 : le d\u00e9cret du 14 mai pr\u00e9cis\u00e9"}]},{"@type":"WebSite","@id":"https:\/\/www.gereso.com\/actualites\/#website","url":"https:\/\/www.gereso.com\/actualites\/","name":"Le Blog GERESO","description":"Toute l&#039;actu RH, Finance, Fonction Publique, Management...","potentialAction":[{"@type":"SearchAction","target":{"@type":"EntryPoint","urlTemplate":"https:\/\/www.gereso.com\/actualites\/?s={search_term_string}"},"query-input":{"@type":"PropertyValueSpecification","valueRequired":true,"valueName":"search_term_string"}}],"inLanguage":"fr-FR"},{"@type":"Person","@id":"https:\/\/www.gereso.com\/actualites\/#\/schema\/person\/197d8aef40cb4ae3f6a0aa9e1d3df2a6","name":"\u00c9quipe GERESO","image":{"@type":"ImageObject","inLanguage":"fr-FR","@id":"https:\/\/www.gereso.com\/actualites\/#\/schema\/person\/image\/","url":"https:\/\/www.gereso.com\/actualites\/wp-content\/uploads\/2013\/12\/avatar-gereso-1.png","contentUrl":"https:\/\/www.gereso.com\/actualites\/wp-content\/uploads\/2013\/12\/avatar-gereso-1.png","caption":"\u00c9quipe GERESO"},"url":"https:\/\/www.gereso.com\/actualites\/author\/gereso\/"}]}},"_links":{"self":[{"href":"https:\/\/www.gereso.com\/actualites\/wp-json\/wp\/v2\/posts\/16084","targetHints":{"allow":["GET"]}}],"collection":[{"href":"https:\/\/www.gereso.com\/actualites\/wp-json\/wp\/v2\/posts"}],"about":[{"href":"https:\/\/www.gereso.com\/actualites\/wp-json\/wp\/v2\/types\/post"}],"author":[{"embeddable":true,"href":"https:\/\/www.gereso.com\/actualites\/wp-json\/wp\/v2\/users\/32"}],"replies":[{"embeddable":true,"href":"https:\/\/www.gereso.com\/actualites\/wp-json\/wp\/v2\/comments?post=16084"}],"version-history":[{"count":29,"href":"https:\/\/www.gereso.com\/actualites\/wp-json\/wp\/v2\/posts\/16084\/revisions"}],"predecessor-version":[{"id":16114,"href":"https:\/\/www.gereso.com\/actualites\/wp-json\/wp\/v2\/posts\/16084\/revisions\/16114"}],"wp:featuredmedia":[{"embeddable":true,"href":"https:\/\/www.gereso.com\/actualites\/wp-json\/wp\/v2\/media\/16111"}],"wp:attachment":[{"href":"https:\/\/www.gereso.com\/actualites\/wp-json\/wp\/v2\/media?parent=16084"}],"wp:term":[{"taxonomy":"category","embeddable":true,"href":"https:\/\/www.gereso.com\/actualites\/wp-json\/wp\/v2\/categories?post=16084"},{"taxonomy":"post_tag","embeddable":true,"href":"https:\/\/www.gereso.com\/actualites\/wp-json\/wp\/v2\/tags?post=16084"}],"curies":[{"name":"wp","href":"https:\/\/api.w.org\/{rel}","templated":true}]}}