{"id":16130,"date":"2020-07-02T10:33:24","date_gmt":"2020-07-02T08:33:24","guid":{"rendered":"https:\/\/www.gereso.com\/actualites\/?p=16130"},"modified":"2020-07-07T11:01:56","modified_gmt":"2020-07-07T09:01:56","slug":"paie-projet-loi-finances-rectificative","status":"publish","type":"post","link":"https:\/\/www.gereso.com\/actualites\/2020\/07\/02\/paie-projet-loi-finances-rectificative\/","title":{"rendered":"Gestion de la paie : 2 mesures issues du projet de loi de finances rectificative"},"content":{"rendered":"\n<h3 style=\"color:#d10016;\"><strong>Une exon\u00e9ration d\u2019une partie des cotisations patronales<\/strong><\/h3>\n\n\n\n<p>Pour les entreprises de moins de 250 salari\u00e9s relevant des secteurs&nbsp;:<\/p>\n\n\n\n<ul class=\"wp-block-list\"><li>  Des h\u00f4tels, caf\u00e9s, restaurants, du tourisme, de l\u2019\u00e9v\u00e9nementiel, du sport, de la culture, du transport a\u00e9rien. <\/li><li>Ou dont l\u2019activit\u00e9 est \u00e9troitement li\u00e9e \u00e0 celle des secteurs pr\u00e9cit\u00e9s (transport de voyageurs, viticulture, p\u00eache, blanchisserie&#8230;). <\/li><\/ul>\n\n\n\n<p>Elle serait applicable sur la p\u00e9riode du 1er f\u00e9vrier au\n31 mai.\n<\/p>\n\n\n\n<p>Pour les entreprises de moins de 10 salari\u00e9s ne relevant pas des secteurs pr\u00e9cit\u00e9s, qui ont fait l\u2019objet d\u2019une d\u00e9cision de fermeture administrative (en particulier dans le secteur du commerce de d\u00e9tail non alimentaire). <\/p>\n\n\n\n<p> Elle serait applicable sur la p\u00e9riode du 1er f\u00e9vrier au\n30 avril.\n<\/p>\n\n\n\n<p>L\u2019exon\u00e9ration porterait sur les cotisations de S\u00e9curit\u00e9 sociale, cotisations d\u2019assurance-ch\u00f4mage, contribution solidarit\u00e9 autonomie, contribution fonds national d\u2019aide au logement, dues sur les r\u00e9mun\u00e9rations vers\u00e9es aux salari\u00e9s entrant dans le champ d\u2019application de la r\u00e9duction g\u00e9n\u00e9rale. <\/p>\n\n\n\n<h3 style=\"color:#d10016;\"><strong>Une aide au paiement des cotisations sociales<\/strong><\/h3>\n\n\n\n<p>Les entreprises pr\u00e9cit\u00e9es pourraient b\u00e9n\u00e9ficier d\u2019une aide au paiement des cotisations sociales, correspondant \u00e0 20 % des revenus d\u2019activit\u00e9 pris en compte pour le calcul des cotisations et d\u00e9clar\u00e9s par l\u2019employeur entre le 1er f\u00e9vrier et le 30 avril 2020 (entreprises de moins de 10 salari\u00e9s) et entre le 1er f\u00e9vrier et le 31 mai 2020 (pour les entreprises de moins de 250 salari\u00e9s dans les secteurs pr\u00e9cit\u00e9s).   <\/p>\n\n\n\n<p>Cette aide au paiement sera imputable en 2020 sur\nles cotisations restant dues aupr\u00e8s de l\u2019Urssaf.\n<\/p>\n\n\n\n<p>Par ailleurs, des remises de cotisations patronales sur demande pour les petites entreprises qui auront subi une perte d&rsquo;activit\u00e9 sup\u00e9rieure \u00e0 50 % pourront \u00e9galement \u00eatre accord\u00e9es. Toutes les entreprises pourront par ailleurs b\u00e9n\u00e9ficier d\u2019\u00e9talement exceptionnellement long, jusqu\u2019\u00e0 36 mois, pour payer les cotisations report\u00e9es. <\/p>\n\n\n\n<p>Ces mesures feront l\u2019objet d\u2019un d\u00e9bat au parlement\net seront pr\u00e9cis\u00e9es par la loi de finances rectificative\nn\u00b0 3 et par d\u00e9crets.\n<\/p>\n\n\n\n<p><em><a href=\"http:\/\/www.assemblee-nationale.fr\/dyn\/15\/textes\/l15b3074_projet-loi#\">Projet de loi de finances rectificative no 3074 pour 2020 <\/a><\/em><\/p>\n","protected":false},"excerpt":{"rendered":"<p>Une exon\u00e9ration d\u2019une partie des cotisations patronales Pour les entreprises de moins de 250 salari\u00e9s relevant des secteurs&nbsp;: Des h\u00f4tels, caf\u00e9s, restaurants, du tourisme, de l\u2019\u00e9v\u00e9nementiel, du sport, de la culture, du transport a\u00e9rien. Ou dont l\u2019activit\u00e9 est \u00e9troitement li\u00e9e \u00e0 celle des secteurs pr\u00e9cit\u00e9s (transport de voyageurs, viticulture, p\u00eache, blanchisserie&#8230;). Elle serait applicable sur [&hellip;]<\/p>\n","protected":false},"author":32,"featured_media":16140,"comment_status":"open","ping_status":"open","sticky":false,"template":"","format":"standard","meta":{"_acf_changed":false,"_mi_skip_tracking":false,"footnotes":""},"categories":[8],"tags":[1777,426,1903],"class_list":["post-16130","post","type-post","status-publish","format-standard","has-post-thumbnail","hentry","category-paie-et-administration-du-personnel","tag-cotisations-patronales","tag-cotisations-sociales","tag-projet-de-loi-finances"],"acf":[],"yoast_head":"<!-- This site is optimized with the Yoast SEO plugin v23.4 - https:\/\/yoast.com\/wordpress\/plugins\/seo\/ -->\n<title>Gestion de la paie : 2 mesures issues du projet de loi de finances rectificative - Le Blog GERESO<\/title>\n<meta name=\"robots\" content=\"index, follow, max-snippet:-1, max-image-preview:large, max-video-preview:-1\" \/>\n<link rel=\"canonical\" href=\"https:\/\/www.gereso.com\/actualites\/2020\/07\/02\/paie-projet-loi-finances-rectificative\/\" \/>\n<meta property=\"og:locale\" content=\"fr_FR\" \/>\n<meta property=\"og:type\" content=\"article\" \/>\n<meta property=\"og:title\" content=\"Gestion de la paie : 2 mesures issues du projet de loi de finances rectificative - Le Blog GERESO\" \/>\n<meta property=\"og:description\" content=\"Une exon\u00e9ration d\u2019une partie des cotisations patronales Pour les entreprises de moins de 250 salari\u00e9s relevant des secteurs&nbsp;: Des h\u00f4tels, caf\u00e9s, restaurants, du tourisme, de l\u2019\u00e9v\u00e9nementiel, du sport, de la culture, du transport a\u00e9rien. Ou dont l\u2019activit\u00e9 est \u00e9troitement li\u00e9e \u00e0 celle des secteurs pr\u00e9cit\u00e9s (transport de voyageurs, viticulture, p\u00eache, blanchisserie&#8230;). Elle serait applicable sur [&hellip;]\" \/>\n<meta property=\"og:url\" content=\"https:\/\/www.gereso.com\/actualites\/2020\/07\/02\/paie-projet-loi-finances-rectificative\/\" \/>\n<meta property=\"og:site_name\" content=\"Le Blog GERESO\" \/>\n<meta property=\"article:published_time\" content=\"2020-07-02T08:33:24+00:00\" \/>\n<meta property=\"article:modified_time\" content=\"2020-07-07T09:01:56+00:00\" \/>\n<meta property=\"og:image\" content=\"https:\/\/www.gereso.com\/actualites\/wp-content\/uploads\/2020\/07\/LoiFinancesRectificative.jpg\" \/>\n\t<meta property=\"og:image:width\" content=\"600\" \/>\n\t<meta property=\"og:image:height\" content=\"400\" \/>\n\t<meta property=\"og:image:type\" content=\"image\/jpeg\" \/>\n<meta name=\"author\" content=\"\u00c9quipe GERESO\" \/>\n<meta name=\"twitter:card\" content=\"summary_large_image\" \/>\n<script type=\"application\/ld+json\" class=\"yoast-schema-graph\">{\"@context\":\"https:\/\/schema.org\",\"@graph\":[{\"@type\":\"WebPage\",\"@id\":\"https:\/\/www.gereso.com\/actualites\/2020\/07\/02\/paie-projet-loi-finances-rectificative\/\",\"url\":\"https:\/\/www.gereso.com\/actualites\/2020\/07\/02\/paie-projet-loi-finances-rectificative\/\",\"name\":\"Gestion de la paie : 2 mesures issues du projet de loi de finances rectificative - Le Blog GERESO\",\"isPartOf\":{\"@id\":\"https:\/\/www.gereso.com\/actualites\/#website\"},\"primaryImageOfPage\":{\"@id\":\"https:\/\/www.gereso.com\/actualites\/2020\/07\/02\/paie-projet-loi-finances-rectificative\/#primaryimage\"},\"image\":{\"@id\":\"https:\/\/www.gereso.com\/actualites\/2020\/07\/02\/paie-projet-loi-finances-rectificative\/#primaryimage\"},\"thumbnailUrl\":\"https:\/\/www.gereso.com\/actualites\/wp-content\/uploads\/2020\/07\/LoiFinancesRectificative.jpg\",\"datePublished\":\"2020-07-02T08:33:24+00:00\",\"dateModified\":\"2020-07-07T09:01:56+00:00\",\"author\":{\"@id\":\"https:\/\/www.gereso.com\/actualites\/#\/schema\/person\/197d8aef40cb4ae3f6a0aa9e1d3df2a6\"},\"breadcrumb\":{\"@id\":\"https:\/\/www.gereso.com\/actualites\/2020\/07\/02\/paie-projet-loi-finances-rectificative\/#breadcrumb\"},\"inLanguage\":\"fr-FR\",\"potentialAction\":[{\"@type\":\"ReadAction\",\"target\":[\"https:\/\/www.gereso.com\/actualites\/2020\/07\/02\/paie-projet-loi-finances-rectificative\/\"]}]},{\"@type\":\"ImageObject\",\"inLanguage\":\"fr-FR\",\"@id\":\"https:\/\/www.gereso.com\/actualites\/2020\/07\/02\/paie-projet-loi-finances-rectificative\/#primaryimage\",\"url\":\"https:\/\/www.gereso.com\/actualites\/wp-content\/uploads\/2020\/07\/LoiFinancesRectificative.jpg\",\"contentUrl\":\"https:\/\/www.gereso.com\/actualites\/wp-content\/uploads\/2020\/07\/LoiFinancesRectificative.jpg\",\"width\":600,\"height\":400,\"caption\":\"Loi de finances rectificative\"},{\"@type\":\"BreadcrumbList\",\"@id\":\"https:\/\/www.gereso.com\/actualites\/2020\/07\/02\/paie-projet-loi-finances-rectificative\/#breadcrumb\",\"itemListElement\":[{\"@type\":\"ListItem\",\"position\":1,\"name\":\"Home\",\"item\":\"https:\/\/www.gereso.com\/actualites\/\"},{\"@type\":\"ListItem\",\"position\":2,\"name\":\"Gestion de la paie : 2 mesures issues du projet de loi de finances rectificative\"}]},{\"@type\":\"WebSite\",\"@id\":\"https:\/\/www.gereso.com\/actualites\/#website\",\"url\":\"https:\/\/www.gereso.com\/actualites\/\",\"name\":\"Le Blog GERESO\",\"description\":\"Toute l&#039;actu RH, Finance, Fonction Publique, Management...\",\"potentialAction\":[{\"@type\":\"SearchAction\",\"target\":{\"@type\":\"EntryPoint\",\"urlTemplate\":\"https:\/\/www.gereso.com\/actualites\/?s={search_term_string}\"},\"query-input\":{\"@type\":\"PropertyValueSpecification\",\"valueRequired\":true,\"valueName\":\"search_term_string\"}}],\"inLanguage\":\"fr-FR\"},{\"@type\":\"Person\",\"@id\":\"https:\/\/www.gereso.com\/actualites\/#\/schema\/person\/197d8aef40cb4ae3f6a0aa9e1d3df2a6\",\"name\":\"\u00c9quipe GERESO\",\"image\":{\"@type\":\"ImageObject\",\"inLanguage\":\"fr-FR\",\"@id\":\"https:\/\/www.gereso.com\/actualites\/#\/schema\/person\/image\/\",\"url\":\"https:\/\/www.gereso.com\/actualites\/wp-content\/uploads\/2013\/12\/avatar-gereso-1.png\",\"contentUrl\":\"https:\/\/www.gereso.com\/actualites\/wp-content\/uploads\/2013\/12\/avatar-gereso-1.png\",\"caption\":\"\u00c9quipe GERESO\"},\"url\":\"https:\/\/www.gereso.com\/actualites\/author\/gereso\/\"}]}<\/script>\n<!-- \/ Yoast SEO plugin. -->","yoast_head_json":{"title":"Gestion de la paie : 2 mesures issues du projet de loi de finances rectificative - Le Blog GERESO","robots":{"index":"index","follow":"follow","max-snippet":"max-snippet:-1","max-image-preview":"max-image-preview:large","max-video-preview":"max-video-preview:-1"},"canonical":"https:\/\/www.gereso.com\/actualites\/2020\/07\/02\/paie-projet-loi-finances-rectificative\/","og_locale":"fr_FR","og_type":"article","og_title":"Gestion de la paie : 2 mesures issues du projet de loi de finances rectificative - Le Blog GERESO","og_description":"Une exon\u00e9ration d\u2019une partie des cotisations patronales Pour les entreprises de moins de 250 salari\u00e9s relevant des secteurs&nbsp;: Des h\u00f4tels, caf\u00e9s, restaurants, du tourisme, de l\u2019\u00e9v\u00e9nementiel, du sport, de la culture, du transport a\u00e9rien. Ou dont l\u2019activit\u00e9 est \u00e9troitement li\u00e9e \u00e0 celle des secteurs pr\u00e9cit\u00e9s (transport de voyageurs, viticulture, p\u00eache, blanchisserie&#8230;). Elle serait applicable sur [&hellip;]","og_url":"https:\/\/www.gereso.com\/actualites\/2020\/07\/02\/paie-projet-loi-finances-rectificative\/","og_site_name":"Le Blog GERESO","article_published_time":"2020-07-02T08:33:24+00:00","article_modified_time":"2020-07-07T09:01:56+00:00","og_image":[{"width":600,"height":400,"url":"https:\/\/www.gereso.com\/actualites\/wp-content\/uploads\/2020\/07\/LoiFinancesRectificative.jpg","type":"image\/jpeg"}],"author":"\u00c9quipe GERESO","twitter_card":"summary_large_image","schema":{"@context":"https:\/\/schema.org","@graph":[{"@type":"WebPage","@id":"https:\/\/www.gereso.com\/actualites\/2020\/07\/02\/paie-projet-loi-finances-rectificative\/","url":"https:\/\/www.gereso.com\/actualites\/2020\/07\/02\/paie-projet-loi-finances-rectificative\/","name":"Gestion de la paie : 2 mesures issues du projet de loi de finances rectificative - Le Blog GERESO","isPartOf":{"@id":"https:\/\/www.gereso.com\/actualites\/#website"},"primaryImageOfPage":{"@id":"https:\/\/www.gereso.com\/actualites\/2020\/07\/02\/paie-projet-loi-finances-rectificative\/#primaryimage"},"image":{"@id":"https:\/\/www.gereso.com\/actualites\/2020\/07\/02\/paie-projet-loi-finances-rectificative\/#primaryimage"},"thumbnailUrl":"https:\/\/www.gereso.com\/actualites\/wp-content\/uploads\/2020\/07\/LoiFinancesRectificative.jpg","datePublished":"2020-07-02T08:33:24+00:00","dateModified":"2020-07-07T09:01:56+00:00","author":{"@id":"https:\/\/www.gereso.com\/actualites\/#\/schema\/person\/197d8aef40cb4ae3f6a0aa9e1d3df2a6"},"breadcrumb":{"@id":"https:\/\/www.gereso.com\/actualites\/2020\/07\/02\/paie-projet-loi-finances-rectificative\/#breadcrumb"},"inLanguage":"fr-FR","potentialAction":[{"@type":"ReadAction","target":["https:\/\/www.gereso.com\/actualites\/2020\/07\/02\/paie-projet-loi-finances-rectificative\/"]}]},{"@type":"ImageObject","inLanguage":"fr-FR","@id":"https:\/\/www.gereso.com\/actualites\/2020\/07\/02\/paie-projet-loi-finances-rectificative\/#primaryimage","url":"https:\/\/www.gereso.com\/actualites\/wp-content\/uploads\/2020\/07\/LoiFinancesRectificative.jpg","contentUrl":"https:\/\/www.gereso.com\/actualites\/wp-content\/uploads\/2020\/07\/LoiFinancesRectificative.jpg","width":600,"height":400,"caption":"Loi de finances rectificative"},{"@type":"BreadcrumbList","@id":"https:\/\/www.gereso.com\/actualites\/2020\/07\/02\/paie-projet-loi-finances-rectificative\/#breadcrumb","itemListElement":[{"@type":"ListItem","position":1,"name":"Home","item":"https:\/\/www.gereso.com\/actualites\/"},{"@type":"ListItem","position":2,"name":"Gestion de la paie : 2 mesures issues du projet de loi de finances rectificative"}]},{"@type":"WebSite","@id":"https:\/\/www.gereso.com\/actualites\/#website","url":"https:\/\/www.gereso.com\/actualites\/","name":"Le Blog GERESO","description":"Toute l&#039;actu RH, Finance, Fonction Publique, Management...","potentialAction":[{"@type":"SearchAction","target":{"@type":"EntryPoint","urlTemplate":"https:\/\/www.gereso.com\/actualites\/?s={search_term_string}"},"query-input":{"@type":"PropertyValueSpecification","valueRequired":true,"valueName":"search_term_string"}}],"inLanguage":"fr-FR"},{"@type":"Person","@id":"https:\/\/www.gereso.com\/actualites\/#\/schema\/person\/197d8aef40cb4ae3f6a0aa9e1d3df2a6","name":"\u00c9quipe GERESO","image":{"@type":"ImageObject","inLanguage":"fr-FR","@id":"https:\/\/www.gereso.com\/actualites\/#\/schema\/person\/image\/","url":"https:\/\/www.gereso.com\/actualites\/wp-content\/uploads\/2013\/12\/avatar-gereso-1.png","contentUrl":"https:\/\/www.gereso.com\/actualites\/wp-content\/uploads\/2013\/12\/avatar-gereso-1.png","caption":"\u00c9quipe GERESO"},"url":"https:\/\/www.gereso.com\/actualites\/author\/gereso\/"}]}},"_links":{"self":[{"href":"https:\/\/www.gereso.com\/actualites\/wp-json\/wp\/v2\/posts\/16130","targetHints":{"allow":["GET"]}}],"collection":[{"href":"https:\/\/www.gereso.com\/actualites\/wp-json\/wp\/v2\/posts"}],"about":[{"href":"https:\/\/www.gereso.com\/actualites\/wp-json\/wp\/v2\/types\/post"}],"author":[{"embeddable":true,"href":"https:\/\/www.gereso.com\/actualites\/wp-json\/wp\/v2\/users\/32"}],"replies":[{"embeddable":true,"href":"https:\/\/www.gereso.com\/actualites\/wp-json\/wp\/v2\/comments?post=16130"}],"version-history":[{"count":18,"href":"https:\/\/www.gereso.com\/actualites\/wp-json\/wp\/v2\/posts\/16130\/revisions"}],"predecessor-version":[{"id":16200,"href":"https:\/\/www.gereso.com\/actualites\/wp-json\/wp\/v2\/posts\/16130\/revisions\/16200"}],"wp:featuredmedia":[{"embeddable":true,"href":"https:\/\/www.gereso.com\/actualites\/wp-json\/wp\/v2\/media\/16140"}],"wp:attachment":[{"href":"https:\/\/www.gereso.com\/actualites\/wp-json\/wp\/v2\/media?parent=16130"}],"wp:term":[{"taxonomy":"category","embeddable":true,"href":"https:\/\/www.gereso.com\/actualites\/wp-json\/wp\/v2\/categories?post=16130"},{"taxonomy":"post_tag","embeddable":true,"href":"https:\/\/www.gereso.com\/actualites\/wp-json\/wp\/v2\/tags?post=16130"}],"curies":[{"name":"wp","href":"https:\/\/api.w.org\/{rel}","templated":true}]}}