{"id":16252,"date":"2020-07-13T17:22:13","date_gmt":"2020-07-13T15:22:13","guid":{"rendered":"https:\/\/www.gereso.com\/actualites\/?p=16252"},"modified":"2020-07-13T17:22:15","modified_gmt":"2020-07-13T15:22:15","slug":"nouveau-dispositif-de-financement-par-affacturage","status":"publish","type":"post","link":"https:\/\/www.gereso.com\/actualites\/2020\/07\/13\/nouveau-dispositif-de-financement-par-affacturage\/","title":{"rendered":"Nouveau dispositif de financement par affacturage"},"content":{"rendered":"\n<p>En compl\u00e9ment du pr\u00eat garanti par l\u2019\u00c9tat (PGE), Bruno Le\nMaire a annonc\u00e9 la mise en place d\u2019un dispositif de renforcement du financement\npar affacturage.<\/p>\n\n\n\n<h2 class=\"wp-block-heading\"><strong>Un financement par affacturage garanti d\u00e8s le bon de\ncommande<\/strong><\/h2>\n\n\n\n<p>L\u2019affacturage ou factoring est un instrument de financement \u00e0\ncourt terme du cycle d\u2019exploitation des entreprises. Ce dispositif leur permet\nde \u00ab&nbsp;vendre&nbsp;\u00bb leurs cr\u00e9ances \u00e0 des soci\u00e9t\u00e9s d\u2019affacturage. Sur la\nbase des factures transmises, ces soci\u00e9t\u00e9s avancent les fonds correspondants\nsans attendre l\u2019\u00e9ch\u00e9ance. <\/p>\n\n\n\n<p>Pour accompagner les entreprises lors de la phase de relance\nactuelle de l\u2019activit\u00e9, le ministre de l\u2019\u00c9conomie, des Finances et de la\nRelance propose d\u2019aller plus loin. Dans le dispositif qu\u2019il propose, les fonds\nseraient vers\u00e9s par les soci\u00e9t\u00e9s d\u2019affacturage d\u00e8s le bon de commande sans\nattendre la livraison ou l\u2019\u00e9mission de la facture. En contrepartie, ces\nfinancements b\u00e9n\u00e9ficieront de la garantie de l\u2019\u00c9tat (communiqu\u00e9 de presse \u2013 10 juillet\n2020).<\/p>\n\n\n\n<h2 class=\"wp-block-heading\"><strong>Une mesure de relance de l\u2019activit\u00e9<\/strong><\/h2>\n\n\n\n<p>Ce nouveau dispositif, int\u00e9gr\u00e9 par amendement gouvernemental\nau 3<sup>\u00e8me<\/sup> projet de loi de finances rectificative pour 2020 permet de\nnombreux avantages. Il permet de d\u00e9tendre les d\u00e9lais de paiement dans certains\nsecteurs et particuli\u00e8rement dans l\u2019industrie, le b\u00e2timent et la construction.\nD\u2019apr\u00e8s Bruno Le Maire, ce pr\u00e9financement d\u00e8s le bon de commande permettra aux\nentreprises de gagner en moyenne 45 jours de tr\u00e9sorerie par rapport au syst\u00e8me\nde l\u2019affacturage classique.<\/p>\n\n\n\n<p>En outre, ce dispositif, in\u00e9dit en France et \u00e0 l\u2019\u00e9tranger, permet\nde soutenir la reprise de l\u2019activit\u00e9 en finan\u00e7ant le BFR (besoin en fonds de\nroulement) d\u00e8s l\u2019origine de la commande. Avec cette mesure, les entreprises\npourront honorer un plus grand nombre de commandes nouvelles.<\/p>\n\n\n\n<h2 class=\"wp-block-heading\"><strong>Dispositif ouvert jusqu\u2019au 31 d\u00e9cembre 2020<\/strong><\/h2>\n\n\n\n<p>Le texte, adopt\u00e9 en premi\u00e8re lecture par les d\u00e9put\u00e9s va\nprochainement \u00eatre discut\u00e9 au S\u00e9nat (\u00e0 partir du 16 juillet). La mesure devra\nensuite \u00eatre approuv\u00e9e par la Commission europ\u00e9enne. Elle s\u2019appliquera aux\nfinancements des commandes prises jusqu\u2019au 31 d\u00e9cembre 2020.<\/p>\n","protected":false},"excerpt":{"rendered":"<p>En compl\u00e9ment du pr\u00eat garanti par l\u2019\u00c9tat (PGE), Bruno Le Maire a annonc\u00e9 la mise en place d\u2019un dispositif de renforcement du financement par affacturage. Un financement par affacturage garanti d\u00e8s le bon de commande L\u2019affacturage ou factoring est un instrument de financement \u00e0 court terme du cycle d\u2019exploitation des entreprises. Ce dispositif leur permet [&hellip;]<\/p>\n","protected":false},"author":45,"featured_media":0,"comment_status":"open","ping_status":"open","sticky":false,"template":"","format":"quote","meta":{"_acf_changed":false,"_mi_skip_tracking":false,"footnotes":""},"categories":[3,776],"tags":[1906,1857,1907],"class_list":["post-16252","post","type-post","status-publish","format-quote","hentry","category-comptabilite-fiscalite-et-gestion-financiere","category-droit-des-affaires","tag-affacturage","tag-coronavirus","tag-pge","post_format-post-format-quote"],"acf":[],"yoast_head":"<!-- This site is optimized with the Yoast SEO plugin v23.4 - https:\/\/yoast.com\/wordpress\/plugins\/seo\/ -->\n<title>Nouveau dispositif de financement par affacturage - Le Blog GERESO<\/title>\n<meta name=\"robots\" content=\"index, follow, max-snippet:-1, max-image-preview:large, max-video-preview:-1\" \/>\n<link rel=\"canonical\" href=\"https:\/\/www.gereso.com\/actualites\/2020\/07\/13\/nouveau-dispositif-de-financement-par-affacturage\/\" \/>\n<meta property=\"og:locale\" content=\"fr_FR\" \/>\n<meta property=\"og:type\" content=\"article\" \/>\n<meta property=\"og:title\" content=\"Nouveau dispositif de financement par affacturage - Le Blog GERESO\" \/>\n<meta property=\"og:description\" content=\"En compl\u00e9ment du pr\u00eat garanti par l\u2019\u00c9tat (PGE), Bruno Le Maire a annonc\u00e9 la mise en place d\u2019un dispositif de renforcement du financement par affacturage. Un financement par affacturage garanti d\u00e8s le bon de commande L\u2019affacturage ou factoring est un instrument de financement \u00e0 court terme du cycle d\u2019exploitation des entreprises. Ce dispositif leur permet [&hellip;]\" \/>\n<meta property=\"og:url\" content=\"https:\/\/www.gereso.com\/actualites\/2020\/07\/13\/nouveau-dispositif-de-financement-par-affacturage\/\" \/>\n<meta property=\"og:site_name\" content=\"Le Blog GERESO\" \/>\n<meta property=\"article:published_time\" content=\"2020-07-13T15:22:13+00:00\" \/>\n<meta property=\"article:modified_time\" content=\"2020-07-13T15:22:15+00:00\" \/>\n<meta name=\"author\" content=\"Damien P\u00e9an\" \/>\n<meta name=\"twitter:card\" content=\"summary_large_image\" \/>\n<script type=\"application\/ld+json\" class=\"yoast-schema-graph\">{\"@context\":\"https:\/\/schema.org\",\"@graph\":[{\"@type\":\"WebPage\",\"@id\":\"https:\/\/www.gereso.com\/actualites\/2020\/07\/13\/nouveau-dispositif-de-financement-par-affacturage\/\",\"url\":\"https:\/\/www.gereso.com\/actualites\/2020\/07\/13\/nouveau-dispositif-de-financement-par-affacturage\/\",\"name\":\"Nouveau dispositif de financement par affacturage - Le Blog GERESO\",\"isPartOf\":{\"@id\":\"https:\/\/www.gereso.com\/actualites\/#website\"},\"datePublished\":\"2020-07-13T15:22:13+00:00\",\"dateModified\":\"2020-07-13T15:22:15+00:00\",\"author\":{\"@id\":\"https:\/\/www.gereso.com\/actualites\/#\/schema\/person\/c91814f92d627ed4715993fbbf7c7e8d\"},\"breadcrumb\":{\"@id\":\"https:\/\/www.gereso.com\/actualites\/2020\/07\/13\/nouveau-dispositif-de-financement-par-affacturage\/#breadcrumb\"},\"inLanguage\":\"fr-FR\",\"potentialAction\":[{\"@type\":\"ReadAction\",\"target\":[\"https:\/\/www.gereso.com\/actualites\/2020\/07\/13\/nouveau-dispositif-de-financement-par-affacturage\/\"]}]},{\"@type\":\"BreadcrumbList\",\"@id\":\"https:\/\/www.gereso.com\/actualites\/2020\/07\/13\/nouveau-dispositif-de-financement-par-affacturage\/#breadcrumb\",\"itemListElement\":[{\"@type\":\"ListItem\",\"position\":1,\"name\":\"Home\",\"item\":\"https:\/\/www.gereso.com\/actualites\/\"},{\"@type\":\"ListItem\",\"position\":2,\"name\":\"Nouveau dispositif de financement par affacturage\"}]},{\"@type\":\"WebSite\",\"@id\":\"https:\/\/www.gereso.com\/actualites\/#website\",\"url\":\"https:\/\/www.gereso.com\/actualites\/\",\"name\":\"Le Blog GERESO\",\"description\":\"Toute l&#039;actu RH, Finance, Fonction Publique, Management...\",\"potentialAction\":[{\"@type\":\"SearchAction\",\"target\":{\"@type\":\"EntryPoint\",\"urlTemplate\":\"https:\/\/www.gereso.com\/actualites\/?s={search_term_string}\"},\"query-input\":{\"@type\":\"PropertyValueSpecification\",\"valueRequired\":true,\"valueName\":\"search_term_string\"}}],\"inLanguage\":\"fr-FR\"},{\"@type\":\"Person\",\"@id\":\"https:\/\/www.gereso.com\/actualites\/#\/schema\/person\/c91814f92d627ed4715993fbbf7c7e8d\",\"name\":\"Damien P\u00e9an\",\"image\":{\"@type\":\"ImageObject\",\"inLanguage\":\"fr-FR\",\"@id\":\"https:\/\/www.gereso.com\/actualites\/#\/schema\/person\/image\/\",\"url\":\"https:\/\/www.gereso.com\/actualites\/wp-content\/uploads\/2016\/03\/damien-pean.jpg\",\"contentUrl\":\"https:\/\/www.gereso.com\/actualites\/wp-content\/uploads\/2016\/03\/damien-pean.jpg\",\"caption\":\"Damien P\u00e9an\"},\"description\":\"Damien P\u00c9AN est titulaire du Dipl\u00f4me d'\u00e9tudes sup\u00e9rieures comptables et financi\u00e8res (DESCF). Il intervient depuis plusieurs ann\u00e9es aupr\u00e8s d'\u00e9tudiants en licence de comptabilit\u00e9 et de gestion, \u00e0 qui il enseigne le contr\u00f4le de gestion, la comptabilit\u00e9 approfondie, le management, la fiscalit\u00e9, le droit des soci\u00e9t\u00e9s et le droit du travail. Il intervient \u00e9galement en formation continue pour le compte de divers organismes de formation sur des th\u00e9matiques techniques en comptabilit\u00e9 et fiscalit\u00e9. Il forme aussi un public de non-initi\u00e9s aux fondamentaux de la finance.\",\"url\":\"https:\/\/www.gereso.com\/actualites\/author\/d-pean\/\"}]}<\/script>\n<!-- \/ Yoast SEO plugin. -->","yoast_head_json":{"title":"Nouveau dispositif de financement par affacturage - Le Blog GERESO","robots":{"index":"index","follow":"follow","max-snippet":"max-snippet:-1","max-image-preview":"max-image-preview:large","max-video-preview":"max-video-preview:-1"},"canonical":"https:\/\/www.gereso.com\/actualites\/2020\/07\/13\/nouveau-dispositif-de-financement-par-affacturage\/","og_locale":"fr_FR","og_type":"article","og_title":"Nouveau dispositif de financement par affacturage - Le Blog GERESO","og_description":"En compl\u00e9ment du pr\u00eat garanti par l\u2019\u00c9tat (PGE), Bruno Le Maire a annonc\u00e9 la mise en place d\u2019un dispositif de renforcement du financement par affacturage. Un financement par affacturage garanti d\u00e8s le bon de commande L\u2019affacturage ou factoring est un instrument de financement \u00e0 court terme du cycle d\u2019exploitation des entreprises. Ce dispositif leur permet [&hellip;]","og_url":"https:\/\/www.gereso.com\/actualites\/2020\/07\/13\/nouveau-dispositif-de-financement-par-affacturage\/","og_site_name":"Le Blog GERESO","article_published_time":"2020-07-13T15:22:13+00:00","article_modified_time":"2020-07-13T15:22:15+00:00","author":"Damien P\u00e9an","twitter_card":"summary_large_image","schema":{"@context":"https:\/\/schema.org","@graph":[{"@type":"WebPage","@id":"https:\/\/www.gereso.com\/actualites\/2020\/07\/13\/nouveau-dispositif-de-financement-par-affacturage\/","url":"https:\/\/www.gereso.com\/actualites\/2020\/07\/13\/nouveau-dispositif-de-financement-par-affacturage\/","name":"Nouveau dispositif de financement par affacturage - Le Blog GERESO","isPartOf":{"@id":"https:\/\/www.gereso.com\/actualites\/#website"},"datePublished":"2020-07-13T15:22:13+00:00","dateModified":"2020-07-13T15:22:15+00:00","author":{"@id":"https:\/\/www.gereso.com\/actualites\/#\/schema\/person\/c91814f92d627ed4715993fbbf7c7e8d"},"breadcrumb":{"@id":"https:\/\/www.gereso.com\/actualites\/2020\/07\/13\/nouveau-dispositif-de-financement-par-affacturage\/#breadcrumb"},"inLanguage":"fr-FR","potentialAction":[{"@type":"ReadAction","target":["https:\/\/www.gereso.com\/actualites\/2020\/07\/13\/nouveau-dispositif-de-financement-par-affacturage\/"]}]},{"@type":"BreadcrumbList","@id":"https:\/\/www.gereso.com\/actualites\/2020\/07\/13\/nouveau-dispositif-de-financement-par-affacturage\/#breadcrumb","itemListElement":[{"@type":"ListItem","position":1,"name":"Home","item":"https:\/\/www.gereso.com\/actualites\/"},{"@type":"ListItem","position":2,"name":"Nouveau dispositif de financement par affacturage"}]},{"@type":"WebSite","@id":"https:\/\/www.gereso.com\/actualites\/#website","url":"https:\/\/www.gereso.com\/actualites\/","name":"Le Blog GERESO","description":"Toute l&#039;actu RH, Finance, Fonction Publique, Management...","potentialAction":[{"@type":"SearchAction","target":{"@type":"EntryPoint","urlTemplate":"https:\/\/www.gereso.com\/actualites\/?s={search_term_string}"},"query-input":{"@type":"PropertyValueSpecification","valueRequired":true,"valueName":"search_term_string"}}],"inLanguage":"fr-FR"},{"@type":"Person","@id":"https:\/\/www.gereso.com\/actualites\/#\/schema\/person\/c91814f92d627ed4715993fbbf7c7e8d","name":"Damien P\u00e9an","image":{"@type":"ImageObject","inLanguage":"fr-FR","@id":"https:\/\/www.gereso.com\/actualites\/#\/schema\/person\/image\/","url":"https:\/\/www.gereso.com\/actualites\/wp-content\/uploads\/2016\/03\/damien-pean.jpg","contentUrl":"https:\/\/www.gereso.com\/actualites\/wp-content\/uploads\/2016\/03\/damien-pean.jpg","caption":"Damien P\u00e9an"},"description":"Damien P\u00c9AN est titulaire du Dipl\u00f4me d'\u00e9tudes sup\u00e9rieures comptables et financi\u00e8res (DESCF). Il intervient depuis plusieurs ann\u00e9es aupr\u00e8s d'\u00e9tudiants en licence de comptabilit\u00e9 et de gestion, \u00e0 qui il enseigne le contr\u00f4le de gestion, la comptabilit\u00e9 approfondie, le management, la fiscalit\u00e9, le droit des soci\u00e9t\u00e9s et le droit du travail. Il intervient \u00e9galement en formation continue pour le compte de divers organismes de formation sur des th\u00e9matiques techniques en comptabilit\u00e9 et fiscalit\u00e9. Il forme aussi un public de non-initi\u00e9s aux fondamentaux de la finance.","url":"https:\/\/www.gereso.com\/actualites\/author\/d-pean\/"}]}},"_links":{"self":[{"href":"https:\/\/www.gereso.com\/actualites\/wp-json\/wp\/v2\/posts\/16252","targetHints":{"allow":["GET"]}}],"collection":[{"href":"https:\/\/www.gereso.com\/actualites\/wp-json\/wp\/v2\/posts"}],"about":[{"href":"https:\/\/www.gereso.com\/actualites\/wp-json\/wp\/v2\/types\/post"}],"author":[{"embeddable":true,"href":"https:\/\/www.gereso.com\/actualites\/wp-json\/wp\/v2\/users\/45"}],"replies":[{"embeddable":true,"href":"https:\/\/www.gereso.com\/actualites\/wp-json\/wp\/v2\/comments?post=16252"}],"version-history":[{"count":1,"href":"https:\/\/www.gereso.com\/actualites\/wp-json\/wp\/v2\/posts\/16252\/revisions"}],"predecessor-version":[{"id":16253,"href":"https:\/\/www.gereso.com\/actualites\/wp-json\/wp\/v2\/posts\/16252\/revisions\/16253"}],"wp:attachment":[{"href":"https:\/\/www.gereso.com\/actualites\/wp-json\/wp\/v2\/media?parent=16252"}],"wp:term":[{"taxonomy":"category","embeddable":true,"href":"https:\/\/www.gereso.com\/actualites\/wp-json\/wp\/v2\/categories?post=16252"},{"taxonomy":"post_tag","embeddable":true,"href":"https:\/\/www.gereso.com\/actualites\/wp-json\/wp\/v2\/tags?post=16252"}],"curies":[{"name":"wp","href":"https:\/\/api.w.org\/{rel}","templated":true}]}}