{"id":1637,"date":"2011-06-09T00:00:00","date_gmt":"2011-06-08T22:00:00","guid":{"rendered":"https:\/\/www.gereso.com\/actualites\/2011\/06\/precisions-sur-lassiette-de-calcul-de-la-reserve-speciale-de-participation\/"},"modified":"2011-06-09T00:00:00","modified_gmt":"2011-06-08T22:00:00","slug":"precisions-sur-lassiette-de-calcul-de-la-reserve-speciale-de-participation","status":"publish","type":"post","link":"https:\/\/www.gereso.com\/actualites\/2011\/06\/09\/precisions-sur-lassiette-de-calcul-de-la-reserve-speciale-de-participation\/","title":{"rendered":"Pr\u00e9cisions sur l&#039;assiette de calcul de la R\u00e9serve Sp\u00e9ciale de Participation"},"content":{"rendered":"<p class=\"texte\">Les juges viennent pr\u00e9ciser les \u00e9l\u00e9ments \u00e0 int\u00e9grer ou non \u00e0 l&rsquo;assiette de calcul de la r\u00e9serve sp\u00e9ciale de participation. Cette assiette correspond aux r\u00e9mun\u00e9rations \u00e0 int\u00e9grer \u00e0 l&rsquo;assiette des cotisations de s\u00e9curit\u00e9 sociale (c. trav. art. D. 3324-1, renvoyant \u00e0 c. s\u00e9c. soc. art. L. 242-1).<\/p>\n<p>En cons\u00e9quence, un employeur ne peut pas contester l&rsquo;int\u00e9gration dans l&rsquo;assiette de calcul de la r\u00e9serve sp\u00e9ciale de participation des sommes d\u00e9clar\u00e9es \u00e0 l&rsquo;administration ayant \u00e9t\u00e9 vers\u00e9es \u00e0 titre de salaires. Tel est le cas, par exemple, des r\u00e9mun\u00e9rations vers\u00e9es \u00e0 des pigistes.<\/p>\n<p> Logiquement, les frais professionnels doivent \u00eatre d\u00e9duits des r\u00e9mun\u00e9rations int\u00e9gr\u00e9es \u00e0 l&rsquo;assiette de calcul de l&rsquo;assiette de la r\u00e9serve sp\u00e9ciale de participation dans les conditions et limites fix\u00e9es applicables en la mati\u00e8re. Ainsi, la r\u00e9mun\u00e9ration des pigistes doit bien \u00eatre int\u00e9gr\u00e9e \u00e0 cette assiette mais apr\u00e8s d\u00e9duction de l&rsquo;abattement de 30 % pr\u00e9vu par la r\u00e9glementation lorsque cet abattement a \u00e9t\u00e9 pratiqu\u00e9 pour le calcul des cotisations de s\u00e9curit\u00e9 sociale.<\/p>\n<p>Source : cass. soc. 17 mai 2011, n\u00b0 10-10957 FSPB<\/p>\n","protected":false},"excerpt":{"rendered":"<p>Les juges viennent pr\u00e9ciser les \u00e9l\u00e9ments \u00e0 int\u00e9grer ou non \u00e0 l&rsquo;assiette de calcul de la r\u00e9serve sp\u00e9ciale de participation. Cette assiette correspond aux r\u00e9mun\u00e9rations \u00e0 int\u00e9grer \u00e0 l&rsquo;assiette des cotisations de s\u00e9curit\u00e9 sociale (c. trav. art. D. 3324-1, renvoyant \u00e0 c. s\u00e9c. soc. art. L. 242-1). En cons\u00e9quence, un employeur ne peut pas contester [&hellip;]<\/p>\n","protected":false},"author":32,"featured_media":0,"comment_status":"open","ping_status":"open","sticky":false,"template":"","format":"standard","meta":{"_acf_changed":false,"_mi_skip_tracking":false,"footnotes":""},"categories":[4],"tags":[],"class_list":["post-1637","post","type-post","status-publish","format-standard","hentry","category-retraite-et-protection-sociale"],"acf":[],"yoast_head":"<!-- This site is optimized with the Yoast SEO plugin v23.4 - https:\/\/yoast.com\/wordpress\/plugins\/seo\/ -->\n<title>Pr\u00e9cisions sur l&#039;assiette de calcul de la R\u00e9serve Sp\u00e9ciale de Participation - Le Blog GERESO<\/title>\n<meta name=\"robots\" content=\"index, follow, max-snippet:-1, max-image-preview:large, max-video-preview:-1\" \/>\n<link rel=\"canonical\" href=\"https:\/\/www.gereso.com\/actualites\/2011\/06\/09\/precisions-sur-lassiette-de-calcul-de-la-reserve-speciale-de-participation\/\" \/>\n<meta property=\"og:locale\" content=\"fr_FR\" \/>\n<meta property=\"og:type\" content=\"article\" \/>\n<meta property=\"og:title\" content=\"Pr\u00e9cisions sur l&#039;assiette de calcul de la R\u00e9serve Sp\u00e9ciale de Participation - Le Blog GERESO\" \/>\n<meta property=\"og:description\" content=\"Les juges viennent pr\u00e9ciser les \u00e9l\u00e9ments \u00e0 int\u00e9grer ou non \u00e0 l&rsquo;assiette de calcul de la r\u00e9serve sp\u00e9ciale de participation. Cette assiette correspond aux r\u00e9mun\u00e9rations \u00e0 int\u00e9grer \u00e0 l&rsquo;assiette des cotisations de s\u00e9curit\u00e9 sociale (c. trav. art. D. 3324-1, renvoyant \u00e0 c. s\u00e9c. soc. art. L. 242-1). En cons\u00e9quence, un employeur ne peut pas contester [&hellip;]\" \/>\n<meta property=\"og:url\" content=\"https:\/\/www.gereso.com\/actualites\/2011\/06\/09\/precisions-sur-lassiette-de-calcul-de-la-reserve-speciale-de-participation\/\" \/>\n<meta property=\"og:site_name\" content=\"Le Blog GERESO\" \/>\n<meta property=\"article:published_time\" content=\"2011-06-08T22:00:00+00:00\" \/>\n<meta name=\"author\" content=\"\u00c9quipe GERESO\" \/>\n<meta name=\"twitter:card\" content=\"summary_large_image\" \/>\n<script type=\"application\/ld+json\" class=\"yoast-schema-graph\">{\"@context\":\"https:\/\/schema.org\",\"@graph\":[{\"@type\":\"WebPage\",\"@id\":\"https:\/\/www.gereso.com\/actualites\/2011\/06\/09\/precisions-sur-lassiette-de-calcul-de-la-reserve-speciale-de-participation\/\",\"url\":\"https:\/\/www.gereso.com\/actualites\/2011\/06\/09\/precisions-sur-lassiette-de-calcul-de-la-reserve-speciale-de-participation\/\",\"name\":\"Pr\u00e9cisions sur l&#039;assiette de calcul de la R\u00e9serve Sp\u00e9ciale de Participation - Le Blog GERESO\",\"isPartOf\":{\"@id\":\"https:\/\/www.gereso.com\/actualites\/#website\"},\"datePublished\":\"2011-06-08T22:00:00+00:00\",\"dateModified\":\"2011-06-08T22:00:00+00:00\",\"author\":{\"@id\":\"https:\/\/www.gereso.com\/actualites\/#\/schema\/person\/197d8aef40cb4ae3f6a0aa9e1d3df2a6\"},\"breadcrumb\":{\"@id\":\"https:\/\/www.gereso.com\/actualites\/2011\/06\/09\/precisions-sur-lassiette-de-calcul-de-la-reserve-speciale-de-participation\/#breadcrumb\"},\"inLanguage\":\"fr-FR\",\"potentialAction\":[{\"@type\":\"ReadAction\",\"target\":[\"https:\/\/www.gereso.com\/actualites\/2011\/06\/09\/precisions-sur-lassiette-de-calcul-de-la-reserve-speciale-de-participation\/\"]}]},{\"@type\":\"BreadcrumbList\",\"@id\":\"https:\/\/www.gereso.com\/actualites\/2011\/06\/09\/precisions-sur-lassiette-de-calcul-de-la-reserve-speciale-de-participation\/#breadcrumb\",\"itemListElement\":[{\"@type\":\"ListItem\",\"position\":1,\"name\":\"Home\",\"item\":\"https:\/\/www.gereso.com\/actualites\/\"},{\"@type\":\"ListItem\",\"position\":2,\"name\":\"Pr\u00e9cisions sur l&#039;assiette de calcul de la R\u00e9serve Sp\u00e9ciale de Participation\"}]},{\"@type\":\"WebSite\",\"@id\":\"https:\/\/www.gereso.com\/actualites\/#website\",\"url\":\"https:\/\/www.gereso.com\/actualites\/\",\"name\":\"Le Blog GERESO\",\"description\":\"Toute l&#039;actu RH, Finance, Fonction Publique, Management...\",\"potentialAction\":[{\"@type\":\"SearchAction\",\"target\":{\"@type\":\"EntryPoint\",\"urlTemplate\":\"https:\/\/www.gereso.com\/actualites\/?s={search_term_string}\"},\"query-input\":{\"@type\":\"PropertyValueSpecification\",\"valueRequired\":true,\"valueName\":\"search_term_string\"}}],\"inLanguage\":\"fr-FR\"},{\"@type\":\"Person\",\"@id\":\"https:\/\/www.gereso.com\/actualites\/#\/schema\/person\/197d8aef40cb4ae3f6a0aa9e1d3df2a6\",\"name\":\"\u00c9quipe GERESO\",\"image\":{\"@type\":\"ImageObject\",\"inLanguage\":\"fr-FR\",\"@id\":\"https:\/\/www.gereso.com\/actualites\/#\/schema\/person\/image\/\",\"url\":\"https:\/\/www.gereso.com\/actualites\/wp-content\/uploads\/2013\/12\/avatar-gereso-1.png\",\"contentUrl\":\"https:\/\/www.gereso.com\/actualites\/wp-content\/uploads\/2013\/12\/avatar-gereso-1.png\",\"caption\":\"\u00c9quipe GERESO\"},\"url\":\"https:\/\/www.gereso.com\/actualites\/author\/gereso\/\"}]}<\/script>\n<!-- \/ Yoast SEO plugin. -->","yoast_head_json":{"title":"Pr\u00e9cisions sur l&#039;assiette de calcul de la R\u00e9serve Sp\u00e9ciale de Participation - Le Blog GERESO","robots":{"index":"index","follow":"follow","max-snippet":"max-snippet:-1","max-image-preview":"max-image-preview:large","max-video-preview":"max-video-preview:-1"},"canonical":"https:\/\/www.gereso.com\/actualites\/2011\/06\/09\/precisions-sur-lassiette-de-calcul-de-la-reserve-speciale-de-participation\/","og_locale":"fr_FR","og_type":"article","og_title":"Pr\u00e9cisions sur l&#039;assiette de calcul de la R\u00e9serve Sp\u00e9ciale de Participation - Le Blog GERESO","og_description":"Les juges viennent pr\u00e9ciser les \u00e9l\u00e9ments \u00e0 int\u00e9grer ou non \u00e0 l&rsquo;assiette de calcul de la r\u00e9serve sp\u00e9ciale de participation. Cette assiette correspond aux r\u00e9mun\u00e9rations \u00e0 int\u00e9grer \u00e0 l&rsquo;assiette des cotisations de s\u00e9curit\u00e9 sociale (c. trav. art. D. 3324-1, renvoyant \u00e0 c. s\u00e9c. soc. art. L. 242-1). En cons\u00e9quence, un employeur ne peut pas contester [&hellip;]","og_url":"https:\/\/www.gereso.com\/actualites\/2011\/06\/09\/precisions-sur-lassiette-de-calcul-de-la-reserve-speciale-de-participation\/","og_site_name":"Le Blog GERESO","article_published_time":"2011-06-08T22:00:00+00:00","author":"\u00c9quipe GERESO","twitter_card":"summary_large_image","schema":{"@context":"https:\/\/schema.org","@graph":[{"@type":"WebPage","@id":"https:\/\/www.gereso.com\/actualites\/2011\/06\/09\/precisions-sur-lassiette-de-calcul-de-la-reserve-speciale-de-participation\/","url":"https:\/\/www.gereso.com\/actualites\/2011\/06\/09\/precisions-sur-lassiette-de-calcul-de-la-reserve-speciale-de-participation\/","name":"Pr\u00e9cisions sur l&#039;assiette de calcul de la R\u00e9serve Sp\u00e9ciale de Participation - Le Blog GERESO","isPartOf":{"@id":"https:\/\/www.gereso.com\/actualites\/#website"},"datePublished":"2011-06-08T22:00:00+00:00","dateModified":"2011-06-08T22:00:00+00:00","author":{"@id":"https:\/\/www.gereso.com\/actualites\/#\/schema\/person\/197d8aef40cb4ae3f6a0aa9e1d3df2a6"},"breadcrumb":{"@id":"https:\/\/www.gereso.com\/actualites\/2011\/06\/09\/precisions-sur-lassiette-de-calcul-de-la-reserve-speciale-de-participation\/#breadcrumb"},"inLanguage":"fr-FR","potentialAction":[{"@type":"ReadAction","target":["https:\/\/www.gereso.com\/actualites\/2011\/06\/09\/precisions-sur-lassiette-de-calcul-de-la-reserve-speciale-de-participation\/"]}]},{"@type":"BreadcrumbList","@id":"https:\/\/www.gereso.com\/actualites\/2011\/06\/09\/precisions-sur-lassiette-de-calcul-de-la-reserve-speciale-de-participation\/#breadcrumb","itemListElement":[{"@type":"ListItem","position":1,"name":"Home","item":"https:\/\/www.gereso.com\/actualites\/"},{"@type":"ListItem","position":2,"name":"Pr\u00e9cisions sur l&#039;assiette de calcul de la R\u00e9serve Sp\u00e9ciale de Participation"}]},{"@type":"WebSite","@id":"https:\/\/www.gereso.com\/actualites\/#website","url":"https:\/\/www.gereso.com\/actualites\/","name":"Le Blog GERESO","description":"Toute l&#039;actu RH, Finance, Fonction Publique, Management...","potentialAction":[{"@type":"SearchAction","target":{"@type":"EntryPoint","urlTemplate":"https:\/\/www.gereso.com\/actualites\/?s={search_term_string}"},"query-input":{"@type":"PropertyValueSpecification","valueRequired":true,"valueName":"search_term_string"}}],"inLanguage":"fr-FR"},{"@type":"Person","@id":"https:\/\/www.gereso.com\/actualites\/#\/schema\/person\/197d8aef40cb4ae3f6a0aa9e1d3df2a6","name":"\u00c9quipe GERESO","image":{"@type":"ImageObject","inLanguage":"fr-FR","@id":"https:\/\/www.gereso.com\/actualites\/#\/schema\/person\/image\/","url":"https:\/\/www.gereso.com\/actualites\/wp-content\/uploads\/2013\/12\/avatar-gereso-1.png","contentUrl":"https:\/\/www.gereso.com\/actualites\/wp-content\/uploads\/2013\/12\/avatar-gereso-1.png","caption":"\u00c9quipe GERESO"},"url":"https:\/\/www.gereso.com\/actualites\/author\/gereso\/"}]}},"_links":{"self":[{"href":"https:\/\/www.gereso.com\/actualites\/wp-json\/wp\/v2\/posts\/1637","targetHints":{"allow":["GET"]}}],"collection":[{"href":"https:\/\/www.gereso.com\/actualites\/wp-json\/wp\/v2\/posts"}],"about":[{"href":"https:\/\/www.gereso.com\/actualites\/wp-json\/wp\/v2\/types\/post"}],"author":[{"embeddable":true,"href":"https:\/\/www.gereso.com\/actualites\/wp-json\/wp\/v2\/users\/32"}],"replies":[{"embeddable":true,"href":"https:\/\/www.gereso.com\/actualites\/wp-json\/wp\/v2\/comments?post=1637"}],"version-history":[{"count":0,"href":"https:\/\/www.gereso.com\/actualites\/wp-json\/wp\/v2\/posts\/1637\/revisions"}],"wp:attachment":[{"href":"https:\/\/www.gereso.com\/actualites\/wp-json\/wp\/v2\/media?parent=1637"}],"wp:term":[{"taxonomy":"category","embeddable":true,"href":"https:\/\/www.gereso.com\/actualites\/wp-json\/wp\/v2\/categories?post=1637"},{"taxonomy":"post_tag","embeddable":true,"href":"https:\/\/www.gereso.com\/actualites\/wp-json\/wp\/v2\/tags?post=1637"}],"curies":[{"name":"wp","href":"https:\/\/api.w.org\/{rel}","templated":true}]}}