{"id":1638,"date":"2011-08-30T00:00:00","date_gmt":"2011-08-29T22:00:00","guid":{"rendered":"https:\/\/www.gereso.com\/actualites\/2011\/08\/portabilite-de-la-prevoyance-complementaire-changement-de-ladministration-fiscale\/"},"modified":"2011-08-30T00:00:00","modified_gmt":"2011-08-29T22:00:00","slug":"portabilite-de-la-prevoyance-complementaire-changement-de-ladministration-fiscale","status":"publish","type":"post","link":"https:\/\/www.gereso.com\/actualites\/2011\/08\/30\/portabilite-de-la-prevoyance-complementaire-changement-de-ladministration-fiscale\/","title":{"rendered":"Portabilit\u00e9 de la pr\u00e9voyance compl\u00e9mentaire : changement de l&#039;administration fiscale"},"content":{"rendered":"<p>L&rsquo;administration a publi\u00e9 le 2 ao\u00fbt 2011 un rescrit revenant sur une position qu&rsquo;elle avait prise en octobre 2009.<\/p>\n<p>Elle consid\u00e8re d\u00e9sormais que le maintien de la couverture compl\u00e9mentaire correspond \u00e0 la poursuite d&rsquo;un contrat qui \u00e0 l&rsquo;origine est collectif et obligatoire.<\/p>\n<p>Les cotisations vers\u00e9es par les salari\u00e9s sont donc d\u00e9ductibles du revenu taxable dans les limites institu\u00e9es par l&rsquo;article 83 1\u00b0 quater du CGI. Cette position est applicable r\u00e9troactivement d\u00e8s les revenus de 2009.?<\/p>\n","protected":false},"excerpt":{"rendered":"<p>L&rsquo;administration a publi\u00e9 le 2 ao\u00fbt 2011 un rescrit revenant sur une position qu&rsquo;elle avait prise en octobre 2009. Elle consid\u00e8re d\u00e9sormais que le maintien de la couverture compl\u00e9mentaire correspond \u00e0 la poursuite d&rsquo;un contrat qui \u00e0 l&rsquo;origine est collectif et obligatoire. Les cotisations vers\u00e9es par les salari\u00e9s sont donc d\u00e9ductibles du revenu taxable dans [&hellip;]<\/p>\n","protected":false},"author":32,"featured_media":0,"comment_status":"open","ping_status":"open","sticky":false,"template":"","format":"standard","meta":{"_acf_changed":false,"_mi_skip_tracking":false,"footnotes":""},"categories":[4],"tags":[],"class_list":["post-1638","post","type-post","status-publish","format-standard","hentry","category-retraite-et-protection-sociale"],"acf":[],"yoast_head":"<!-- This site is optimized with the Yoast SEO plugin v23.4 - https:\/\/yoast.com\/wordpress\/plugins\/seo\/ -->\n<title>Portabilit\u00e9 de la pr\u00e9voyance compl\u00e9mentaire : changement de l&#039;administration fiscale - Le Blog GERESO<\/title>\n<meta name=\"robots\" content=\"index, follow, max-snippet:-1, max-image-preview:large, max-video-preview:-1\" \/>\n<link rel=\"canonical\" href=\"https:\/\/www.gereso.com\/actualites\/2011\/08\/30\/portabilite-de-la-prevoyance-complementaire-changement-de-ladministration-fiscale\/\" \/>\n<meta property=\"og:locale\" content=\"fr_FR\" \/>\n<meta property=\"og:type\" content=\"article\" \/>\n<meta property=\"og:title\" content=\"Portabilit\u00e9 de la pr\u00e9voyance compl\u00e9mentaire : changement de l&#039;administration fiscale - Le Blog GERESO\" \/>\n<meta property=\"og:description\" content=\"L&rsquo;administration a publi\u00e9 le 2 ao\u00fbt 2011 un rescrit revenant sur une position qu&rsquo;elle avait prise en octobre 2009. Elle consid\u00e8re d\u00e9sormais que le maintien de la couverture compl\u00e9mentaire correspond \u00e0 la poursuite d&rsquo;un contrat qui \u00e0 l&rsquo;origine est collectif et obligatoire. Les cotisations vers\u00e9es par les salari\u00e9s sont donc d\u00e9ductibles du revenu taxable dans [&hellip;]\" \/>\n<meta property=\"og:url\" content=\"https:\/\/www.gereso.com\/actualites\/2011\/08\/30\/portabilite-de-la-prevoyance-complementaire-changement-de-ladministration-fiscale\/\" \/>\n<meta property=\"og:site_name\" content=\"Le Blog GERESO\" \/>\n<meta property=\"article:published_time\" content=\"2011-08-29T22:00:00+00:00\" \/>\n<meta name=\"author\" content=\"\u00c9quipe GERESO\" \/>\n<meta name=\"twitter:card\" content=\"summary_large_image\" \/>\n<script type=\"application\/ld+json\" class=\"yoast-schema-graph\">{\"@context\":\"https:\/\/schema.org\",\"@graph\":[{\"@type\":\"WebPage\",\"@id\":\"https:\/\/www.gereso.com\/actualites\/2011\/08\/30\/portabilite-de-la-prevoyance-complementaire-changement-de-ladministration-fiscale\/\",\"url\":\"https:\/\/www.gereso.com\/actualites\/2011\/08\/30\/portabilite-de-la-prevoyance-complementaire-changement-de-ladministration-fiscale\/\",\"name\":\"Portabilit\u00e9 de la pr\u00e9voyance compl\u00e9mentaire : changement de l&#039;administration fiscale - Le Blog GERESO\",\"isPartOf\":{\"@id\":\"https:\/\/www.gereso.com\/actualites\/#website\"},\"datePublished\":\"2011-08-29T22:00:00+00:00\",\"dateModified\":\"2011-08-29T22:00:00+00:00\",\"author\":{\"@id\":\"https:\/\/www.gereso.com\/actualites\/#\/schema\/person\/197d8aef40cb4ae3f6a0aa9e1d3df2a6\"},\"breadcrumb\":{\"@id\":\"https:\/\/www.gereso.com\/actualites\/2011\/08\/30\/portabilite-de-la-prevoyance-complementaire-changement-de-ladministration-fiscale\/#breadcrumb\"},\"inLanguage\":\"fr-FR\",\"potentialAction\":[{\"@type\":\"ReadAction\",\"target\":[\"https:\/\/www.gereso.com\/actualites\/2011\/08\/30\/portabilite-de-la-prevoyance-complementaire-changement-de-ladministration-fiscale\/\"]}]},{\"@type\":\"BreadcrumbList\",\"@id\":\"https:\/\/www.gereso.com\/actualites\/2011\/08\/30\/portabilite-de-la-prevoyance-complementaire-changement-de-ladministration-fiscale\/#breadcrumb\",\"itemListElement\":[{\"@type\":\"ListItem\",\"position\":1,\"name\":\"Home\",\"item\":\"https:\/\/www.gereso.com\/actualites\/\"},{\"@type\":\"ListItem\",\"position\":2,\"name\":\"Portabilit\u00e9 de la pr\u00e9voyance compl\u00e9mentaire : changement de l&#039;administration fiscale\"}]},{\"@type\":\"WebSite\",\"@id\":\"https:\/\/www.gereso.com\/actualites\/#website\",\"url\":\"https:\/\/www.gereso.com\/actualites\/\",\"name\":\"Le Blog GERESO\",\"description\":\"Toute l&#039;actu RH, Finance, Fonction Publique, Management...\",\"potentialAction\":[{\"@type\":\"SearchAction\",\"target\":{\"@type\":\"EntryPoint\",\"urlTemplate\":\"https:\/\/www.gereso.com\/actualites\/?s={search_term_string}\"},\"query-input\":{\"@type\":\"PropertyValueSpecification\",\"valueRequired\":true,\"valueName\":\"search_term_string\"}}],\"inLanguage\":\"fr-FR\"},{\"@type\":\"Person\",\"@id\":\"https:\/\/www.gereso.com\/actualites\/#\/schema\/person\/197d8aef40cb4ae3f6a0aa9e1d3df2a6\",\"name\":\"\u00c9quipe GERESO\",\"image\":{\"@type\":\"ImageObject\",\"inLanguage\":\"fr-FR\",\"@id\":\"https:\/\/www.gereso.com\/actualites\/#\/schema\/person\/image\/\",\"url\":\"https:\/\/www.gereso.com\/actualites\/wp-content\/uploads\/2013\/12\/avatar-gereso-1.png\",\"contentUrl\":\"https:\/\/www.gereso.com\/actualites\/wp-content\/uploads\/2013\/12\/avatar-gereso-1.png\",\"caption\":\"\u00c9quipe GERESO\"},\"url\":\"https:\/\/www.gereso.com\/actualites\/author\/gereso\/\"}]}<\/script>\n<!-- \/ Yoast SEO plugin. -->","yoast_head_json":{"title":"Portabilit\u00e9 de la pr\u00e9voyance compl\u00e9mentaire : changement de l&#039;administration fiscale - Le Blog GERESO","robots":{"index":"index","follow":"follow","max-snippet":"max-snippet:-1","max-image-preview":"max-image-preview:large","max-video-preview":"max-video-preview:-1"},"canonical":"https:\/\/www.gereso.com\/actualites\/2011\/08\/30\/portabilite-de-la-prevoyance-complementaire-changement-de-ladministration-fiscale\/","og_locale":"fr_FR","og_type":"article","og_title":"Portabilit\u00e9 de la pr\u00e9voyance compl\u00e9mentaire : changement de l&#039;administration fiscale - Le Blog GERESO","og_description":"L&rsquo;administration a publi\u00e9 le 2 ao\u00fbt 2011 un rescrit revenant sur une position qu&rsquo;elle avait prise en octobre 2009. Elle consid\u00e8re d\u00e9sormais que le maintien de la couverture compl\u00e9mentaire correspond \u00e0 la poursuite d&rsquo;un contrat qui \u00e0 l&rsquo;origine est collectif et obligatoire. Les cotisations vers\u00e9es par les salari\u00e9s sont donc d\u00e9ductibles du revenu taxable dans [&hellip;]","og_url":"https:\/\/www.gereso.com\/actualites\/2011\/08\/30\/portabilite-de-la-prevoyance-complementaire-changement-de-ladministration-fiscale\/","og_site_name":"Le Blog GERESO","article_published_time":"2011-08-29T22:00:00+00:00","author":"\u00c9quipe GERESO","twitter_card":"summary_large_image","schema":{"@context":"https:\/\/schema.org","@graph":[{"@type":"WebPage","@id":"https:\/\/www.gereso.com\/actualites\/2011\/08\/30\/portabilite-de-la-prevoyance-complementaire-changement-de-ladministration-fiscale\/","url":"https:\/\/www.gereso.com\/actualites\/2011\/08\/30\/portabilite-de-la-prevoyance-complementaire-changement-de-ladministration-fiscale\/","name":"Portabilit\u00e9 de la pr\u00e9voyance compl\u00e9mentaire : changement de l&#039;administration fiscale - Le Blog GERESO","isPartOf":{"@id":"https:\/\/www.gereso.com\/actualites\/#website"},"datePublished":"2011-08-29T22:00:00+00:00","dateModified":"2011-08-29T22:00:00+00:00","author":{"@id":"https:\/\/www.gereso.com\/actualites\/#\/schema\/person\/197d8aef40cb4ae3f6a0aa9e1d3df2a6"},"breadcrumb":{"@id":"https:\/\/www.gereso.com\/actualites\/2011\/08\/30\/portabilite-de-la-prevoyance-complementaire-changement-de-ladministration-fiscale\/#breadcrumb"},"inLanguage":"fr-FR","potentialAction":[{"@type":"ReadAction","target":["https:\/\/www.gereso.com\/actualites\/2011\/08\/30\/portabilite-de-la-prevoyance-complementaire-changement-de-ladministration-fiscale\/"]}]},{"@type":"BreadcrumbList","@id":"https:\/\/www.gereso.com\/actualites\/2011\/08\/30\/portabilite-de-la-prevoyance-complementaire-changement-de-ladministration-fiscale\/#breadcrumb","itemListElement":[{"@type":"ListItem","position":1,"name":"Home","item":"https:\/\/www.gereso.com\/actualites\/"},{"@type":"ListItem","position":2,"name":"Portabilit\u00e9 de la pr\u00e9voyance compl\u00e9mentaire : changement de l&#039;administration fiscale"}]},{"@type":"WebSite","@id":"https:\/\/www.gereso.com\/actualites\/#website","url":"https:\/\/www.gereso.com\/actualites\/","name":"Le Blog GERESO","description":"Toute l&#039;actu RH, Finance, Fonction Publique, Management...","potentialAction":[{"@type":"SearchAction","target":{"@type":"EntryPoint","urlTemplate":"https:\/\/www.gereso.com\/actualites\/?s={search_term_string}"},"query-input":{"@type":"PropertyValueSpecification","valueRequired":true,"valueName":"search_term_string"}}],"inLanguage":"fr-FR"},{"@type":"Person","@id":"https:\/\/www.gereso.com\/actualites\/#\/schema\/person\/197d8aef40cb4ae3f6a0aa9e1d3df2a6","name":"\u00c9quipe GERESO","image":{"@type":"ImageObject","inLanguage":"fr-FR","@id":"https:\/\/www.gereso.com\/actualites\/#\/schema\/person\/image\/","url":"https:\/\/www.gereso.com\/actualites\/wp-content\/uploads\/2013\/12\/avatar-gereso-1.png","contentUrl":"https:\/\/www.gereso.com\/actualites\/wp-content\/uploads\/2013\/12\/avatar-gereso-1.png","caption":"\u00c9quipe GERESO"},"url":"https:\/\/www.gereso.com\/actualites\/author\/gereso\/"}]}},"_links":{"self":[{"href":"https:\/\/www.gereso.com\/actualites\/wp-json\/wp\/v2\/posts\/1638","targetHints":{"allow":["GET"]}}],"collection":[{"href":"https:\/\/www.gereso.com\/actualites\/wp-json\/wp\/v2\/posts"}],"about":[{"href":"https:\/\/www.gereso.com\/actualites\/wp-json\/wp\/v2\/types\/post"}],"author":[{"embeddable":true,"href":"https:\/\/www.gereso.com\/actualites\/wp-json\/wp\/v2\/users\/32"}],"replies":[{"embeddable":true,"href":"https:\/\/www.gereso.com\/actualites\/wp-json\/wp\/v2\/comments?post=1638"}],"version-history":[{"count":0,"href":"https:\/\/www.gereso.com\/actualites\/wp-json\/wp\/v2\/posts\/1638\/revisions"}],"wp:attachment":[{"href":"https:\/\/www.gereso.com\/actualites\/wp-json\/wp\/v2\/media?parent=1638"}],"wp:term":[{"taxonomy":"category","embeddable":true,"href":"https:\/\/www.gereso.com\/actualites\/wp-json\/wp\/v2\/categories?post=1638"},{"taxonomy":"post_tag","embeddable":true,"href":"https:\/\/www.gereso.com\/actualites\/wp-json\/wp\/v2\/tags?post=1638"}],"curies":[{"name":"wp","href":"https:\/\/api.w.org\/{rel}","templated":true}]}}