{"id":1658,"date":"2007-06-01T00:00:00","date_gmt":"2007-05-31T22:00:00","guid":{"rendered":"https:\/\/www.gereso.com\/actualites\/2007\/06\/contrat-de-travail-a-temps-partiel-un-oubli-lors-de-sa-redaction-peut-le-transformer-en-cdi-a-temps-complet\/"},"modified":"2007-06-01T00:00:00","modified_gmt":"2007-05-31T22:00:00","slug":"contrat-de-travail-a-temps-partiel-un-oubli-lors-de-sa-redaction-peut-le-transformer-en-cdi-a-temps-complet","status":"publish","type":"post","link":"https:\/\/www.gereso.com\/actualites\/2007\/06\/01\/contrat-de-travail-a-temps-partiel-un-oubli-lors-de-sa-redaction-peut-le-transformer-en-cdi-a-temps-complet\/","title":{"rendered":"Contrat de travail \u00e0 temps partiel : un oubli lors de sa r\u00e9daction peut le transformer en CDI \u00e0 temps complet"},"content":{"rendered":"<h3>L&rsquo;histoire<br \/><\/h3>\n<p>M. X. avait sign\u00e9 un <b>CDI \u00e0 temps partiel.<\/b><\/p>\n<p>Il s&rsquo;\u00e9tait aper\u00f4u que <b>sa r\u00e9mun\u00e9ration n&rsquo;\u00e9tait pas conforme \u00e0 son temps de travail.<\/b>En effet, il estimait que la r\u00e9mun\u00e9ration per\u00f4ue correspondait \u00e0 untemps de travail inf\u00e9rieur \u00e0 celui qu&rsquo;il effectuait r\u00e9ellement.<\/p>\n<p>Il avait donc pris acte de la rupture du contrat au tort de l&#8217;employeur et saisit le Conseil de prud&rsquo;hommes.<\/p>\n<h3>Ce qu&rsquo;en disent les juges<b><br \/><\/b><\/h3>\n<p>Les juges ont examin\u00e9 le contrat de travail du salari\u00e9. Ils ont constat\u00e9 que <b>celui-ci ne mentionnait pas la dur\u00e9e du travail.<\/b><\/p>\n<p>Par ailleurs, <b>l&#8217;employeur n&rsquo;a pas pu prouver aux juges que le contrat du salari\u00e9 \u00e9tait bien un contrat \u00e0 temps partiel.<\/b><\/p>\n<p> Par cons\u00e9quent,<b> les juges ont estim\u00e9 que le salari\u00e9 \u00e9tait \u00e0 temps plein<\/b> et ils ont condamn\u00e9 l&#8217;employeur \u00e0 verser au salari\u00e9 un rappel de salaire.<\/p>\n<h3><b>Ce qu&rsquo;il faut retenir<\/b><br \/><\/h3>\n<p>Le contrat \u00e0 temps partiel est un <b>contrat \u00e9crit.<\/b><\/p>\n<p>Il doit mentionner (liste non exhaustive) :<\/p>\n<li><b> La qualification du salari\u00e9<\/b><\/li>\n<li><b> Les \u00e9l\u00e9ments de r\u00e9mun\u00e9ration<\/b><\/li>\n<li><b> La dur\u00e9e de travail<\/b><\/li>\n<li><b> La r\u00e9partition de la dur\u00e9e de travail et les modalit\u00e9s de sa modification<\/b><\/li>\n<li><b> Les limites dans lesquelles peuvent \u00eatre effectu\u00e9es les heures compl\u00e9mentaires<\/b><\/li>\n<p> En l&rsquo;absence de contrat, ou si une des mentions essentielles manque,<b> le salari\u00e9 est pr\u00e9sum\u00e9 avoir conclu un contrat \u00e0 temps complet.<\/b><\/p>\n<p> Toutefois, l&#8217;employeur peut contrer cette pr\u00e9somption en <b>apportant la preuve que le contrat du salari\u00e9 est bien un contrat \u00e0 temps partiel.<\/b><\/p>\n<p>Sources : arr\u00eat de la chambre sociale de la cour de cassation du 13 juin 2007 (n\u00b0 05-43013), juritravail.com<\/p>\n","protected":false},"excerpt":{"rendered":"<p>L&rsquo;histoire M. X. avait sign\u00e9 un CDI \u00e0 temps partiel. Il s&rsquo;\u00e9tait aper\u00f4u que sa r\u00e9mun\u00e9ration n&rsquo;\u00e9tait pas conforme \u00e0 son temps de travail.En effet, il estimait que la r\u00e9mun\u00e9ration per\u00f4ue correspondait \u00e0 untemps de travail inf\u00e9rieur \u00e0 celui qu&rsquo;il effectuait r\u00e9ellement. Il avait donc pris acte de la rupture du contrat au tort de [&hellip;]<\/p>\n","protected":false},"author":32,"featured_media":0,"comment_status":"open","ping_status":"open","sticky":false,"template":"","format":"standard","meta":{"_acf_changed":false,"_mi_skip_tracking":false,"footnotes":""},"categories":[5],"tags":[],"class_list":["post-1658","post","type-post","status-publish","format-standard","hentry","category-droit-du-travail"],"acf":[],"yoast_head":"<!-- This site is optimized with the Yoast SEO plugin v23.4 - https:\/\/yoast.com\/wordpress\/plugins\/seo\/ -->\n<title>Contrat de travail \u00e0 temps partiel : un oubli lors de sa r\u00e9daction peut le transformer en CDI \u00e0 temps complet - Le Blog GERESO<\/title>\n<meta name=\"robots\" content=\"index, follow, max-snippet:-1, max-image-preview:large, max-video-preview:-1\" \/>\n<link rel=\"canonical\" href=\"https:\/\/www.gereso.com\/actualites\/2007\/06\/01\/contrat-de-travail-a-temps-partiel-un-oubli-lors-de-sa-redaction-peut-le-transformer-en-cdi-a-temps-complet\/\" \/>\n<meta property=\"og:locale\" content=\"fr_FR\" \/>\n<meta property=\"og:type\" content=\"article\" \/>\n<meta property=\"og:title\" content=\"Contrat de travail \u00e0 temps partiel : un oubli lors de sa r\u00e9daction peut le transformer en CDI \u00e0 temps complet - Le Blog GERESO\" \/>\n<meta property=\"og:description\" content=\"L&rsquo;histoire M. X. avait sign\u00e9 un CDI \u00e0 temps partiel. Il s&rsquo;\u00e9tait aper\u00f4u que sa r\u00e9mun\u00e9ration n&rsquo;\u00e9tait pas conforme \u00e0 son temps de travail.En effet, il estimait que la r\u00e9mun\u00e9ration per\u00f4ue correspondait \u00e0 untemps de travail inf\u00e9rieur \u00e0 celui qu&rsquo;il effectuait r\u00e9ellement. Il avait donc pris acte de la rupture du contrat au tort de [&hellip;]\" \/>\n<meta property=\"og:url\" content=\"https:\/\/www.gereso.com\/actualites\/2007\/06\/01\/contrat-de-travail-a-temps-partiel-un-oubli-lors-de-sa-redaction-peut-le-transformer-en-cdi-a-temps-complet\/\" \/>\n<meta property=\"og:site_name\" content=\"Le Blog GERESO\" \/>\n<meta property=\"article:published_time\" content=\"2007-05-31T22:00:00+00:00\" \/>\n<meta name=\"author\" content=\"\u00c9quipe GERESO\" \/>\n<meta name=\"twitter:card\" content=\"summary_large_image\" \/>\n<script type=\"application\/ld+json\" class=\"yoast-schema-graph\">{\"@context\":\"https:\/\/schema.org\",\"@graph\":[{\"@type\":\"WebPage\",\"@id\":\"https:\/\/www.gereso.com\/actualites\/2007\/06\/01\/contrat-de-travail-a-temps-partiel-un-oubli-lors-de-sa-redaction-peut-le-transformer-en-cdi-a-temps-complet\/\",\"url\":\"https:\/\/www.gereso.com\/actualites\/2007\/06\/01\/contrat-de-travail-a-temps-partiel-un-oubli-lors-de-sa-redaction-peut-le-transformer-en-cdi-a-temps-complet\/\",\"name\":\"Contrat de travail \u00e0 temps partiel : un oubli lors de sa r\u00e9daction peut le transformer en CDI \u00e0 temps complet - Le Blog GERESO\",\"isPartOf\":{\"@id\":\"https:\/\/www.gereso.com\/actualites\/#website\"},\"datePublished\":\"2007-05-31T22:00:00+00:00\",\"dateModified\":\"2007-05-31T22:00:00+00:00\",\"author\":{\"@id\":\"https:\/\/www.gereso.com\/actualites\/#\/schema\/person\/197d8aef40cb4ae3f6a0aa9e1d3df2a6\"},\"breadcrumb\":{\"@id\":\"https:\/\/www.gereso.com\/actualites\/2007\/06\/01\/contrat-de-travail-a-temps-partiel-un-oubli-lors-de-sa-redaction-peut-le-transformer-en-cdi-a-temps-complet\/#breadcrumb\"},\"inLanguage\":\"fr-FR\",\"potentialAction\":[{\"@type\":\"ReadAction\",\"target\":[\"https:\/\/www.gereso.com\/actualites\/2007\/06\/01\/contrat-de-travail-a-temps-partiel-un-oubli-lors-de-sa-redaction-peut-le-transformer-en-cdi-a-temps-complet\/\"]}]},{\"@type\":\"BreadcrumbList\",\"@id\":\"https:\/\/www.gereso.com\/actualites\/2007\/06\/01\/contrat-de-travail-a-temps-partiel-un-oubli-lors-de-sa-redaction-peut-le-transformer-en-cdi-a-temps-complet\/#breadcrumb\",\"itemListElement\":[{\"@type\":\"ListItem\",\"position\":1,\"name\":\"Home\",\"item\":\"https:\/\/www.gereso.com\/actualites\/\"},{\"@type\":\"ListItem\",\"position\":2,\"name\":\"Contrat de travail \u00e0 temps partiel : un oubli lors de sa r\u00e9daction peut le transformer en CDI \u00e0 temps complet\"}]},{\"@type\":\"WebSite\",\"@id\":\"https:\/\/www.gereso.com\/actualites\/#website\",\"url\":\"https:\/\/www.gereso.com\/actualites\/\",\"name\":\"Le Blog GERESO\",\"description\":\"Toute l&#039;actu RH, Finance, Fonction Publique, Management...\",\"potentialAction\":[{\"@type\":\"SearchAction\",\"target\":{\"@type\":\"EntryPoint\",\"urlTemplate\":\"https:\/\/www.gereso.com\/actualites\/?s={search_term_string}\"},\"query-input\":{\"@type\":\"PropertyValueSpecification\",\"valueRequired\":true,\"valueName\":\"search_term_string\"}}],\"inLanguage\":\"fr-FR\"},{\"@type\":\"Person\",\"@id\":\"https:\/\/www.gereso.com\/actualites\/#\/schema\/person\/197d8aef40cb4ae3f6a0aa9e1d3df2a6\",\"name\":\"\u00c9quipe GERESO\",\"image\":{\"@type\":\"ImageObject\",\"inLanguage\":\"fr-FR\",\"@id\":\"https:\/\/www.gereso.com\/actualites\/#\/schema\/person\/image\/\",\"url\":\"https:\/\/www.gereso.com\/actualites\/wp-content\/uploads\/2013\/12\/avatar-gereso-1.png\",\"contentUrl\":\"https:\/\/www.gereso.com\/actualites\/wp-content\/uploads\/2013\/12\/avatar-gereso-1.png\",\"caption\":\"\u00c9quipe GERESO\"},\"url\":\"https:\/\/www.gereso.com\/actualites\/author\/gereso\/\"}]}<\/script>\n<!-- \/ Yoast SEO plugin. -->","yoast_head_json":{"title":"Contrat de travail \u00e0 temps partiel : un oubli lors de sa r\u00e9daction peut le transformer en CDI \u00e0 temps complet - Le Blog GERESO","robots":{"index":"index","follow":"follow","max-snippet":"max-snippet:-1","max-image-preview":"max-image-preview:large","max-video-preview":"max-video-preview:-1"},"canonical":"https:\/\/www.gereso.com\/actualites\/2007\/06\/01\/contrat-de-travail-a-temps-partiel-un-oubli-lors-de-sa-redaction-peut-le-transformer-en-cdi-a-temps-complet\/","og_locale":"fr_FR","og_type":"article","og_title":"Contrat de travail \u00e0 temps partiel : un oubli lors de sa r\u00e9daction peut le transformer en CDI \u00e0 temps complet - Le Blog GERESO","og_description":"L&rsquo;histoire M. X. avait sign\u00e9 un CDI \u00e0 temps partiel. Il s&rsquo;\u00e9tait aper\u00f4u que sa r\u00e9mun\u00e9ration n&rsquo;\u00e9tait pas conforme \u00e0 son temps de travail.En effet, il estimait que la r\u00e9mun\u00e9ration per\u00f4ue correspondait \u00e0 untemps de travail inf\u00e9rieur \u00e0 celui qu&rsquo;il effectuait r\u00e9ellement. Il avait donc pris acte de la rupture du contrat au tort de [&hellip;]","og_url":"https:\/\/www.gereso.com\/actualites\/2007\/06\/01\/contrat-de-travail-a-temps-partiel-un-oubli-lors-de-sa-redaction-peut-le-transformer-en-cdi-a-temps-complet\/","og_site_name":"Le Blog GERESO","article_published_time":"2007-05-31T22:00:00+00:00","author":"\u00c9quipe GERESO","twitter_card":"summary_large_image","schema":{"@context":"https:\/\/schema.org","@graph":[{"@type":"WebPage","@id":"https:\/\/www.gereso.com\/actualites\/2007\/06\/01\/contrat-de-travail-a-temps-partiel-un-oubli-lors-de-sa-redaction-peut-le-transformer-en-cdi-a-temps-complet\/","url":"https:\/\/www.gereso.com\/actualites\/2007\/06\/01\/contrat-de-travail-a-temps-partiel-un-oubli-lors-de-sa-redaction-peut-le-transformer-en-cdi-a-temps-complet\/","name":"Contrat de travail \u00e0 temps partiel : un oubli lors de sa r\u00e9daction peut le transformer en CDI \u00e0 temps complet - Le Blog GERESO","isPartOf":{"@id":"https:\/\/www.gereso.com\/actualites\/#website"},"datePublished":"2007-05-31T22:00:00+00:00","dateModified":"2007-05-31T22:00:00+00:00","author":{"@id":"https:\/\/www.gereso.com\/actualites\/#\/schema\/person\/197d8aef40cb4ae3f6a0aa9e1d3df2a6"},"breadcrumb":{"@id":"https:\/\/www.gereso.com\/actualites\/2007\/06\/01\/contrat-de-travail-a-temps-partiel-un-oubli-lors-de-sa-redaction-peut-le-transformer-en-cdi-a-temps-complet\/#breadcrumb"},"inLanguage":"fr-FR","potentialAction":[{"@type":"ReadAction","target":["https:\/\/www.gereso.com\/actualites\/2007\/06\/01\/contrat-de-travail-a-temps-partiel-un-oubli-lors-de-sa-redaction-peut-le-transformer-en-cdi-a-temps-complet\/"]}]},{"@type":"BreadcrumbList","@id":"https:\/\/www.gereso.com\/actualites\/2007\/06\/01\/contrat-de-travail-a-temps-partiel-un-oubli-lors-de-sa-redaction-peut-le-transformer-en-cdi-a-temps-complet\/#breadcrumb","itemListElement":[{"@type":"ListItem","position":1,"name":"Home","item":"https:\/\/www.gereso.com\/actualites\/"},{"@type":"ListItem","position":2,"name":"Contrat de travail \u00e0 temps partiel : un oubli lors de sa r\u00e9daction peut le transformer en CDI \u00e0 temps complet"}]},{"@type":"WebSite","@id":"https:\/\/www.gereso.com\/actualites\/#website","url":"https:\/\/www.gereso.com\/actualites\/","name":"Le Blog GERESO","description":"Toute l&#039;actu RH, Finance, Fonction Publique, Management...","potentialAction":[{"@type":"SearchAction","target":{"@type":"EntryPoint","urlTemplate":"https:\/\/www.gereso.com\/actualites\/?s={search_term_string}"},"query-input":{"@type":"PropertyValueSpecification","valueRequired":true,"valueName":"search_term_string"}}],"inLanguage":"fr-FR"},{"@type":"Person","@id":"https:\/\/www.gereso.com\/actualites\/#\/schema\/person\/197d8aef40cb4ae3f6a0aa9e1d3df2a6","name":"\u00c9quipe GERESO","image":{"@type":"ImageObject","inLanguage":"fr-FR","@id":"https:\/\/www.gereso.com\/actualites\/#\/schema\/person\/image\/","url":"https:\/\/www.gereso.com\/actualites\/wp-content\/uploads\/2013\/12\/avatar-gereso-1.png","contentUrl":"https:\/\/www.gereso.com\/actualites\/wp-content\/uploads\/2013\/12\/avatar-gereso-1.png","caption":"\u00c9quipe GERESO"},"url":"https:\/\/www.gereso.com\/actualites\/author\/gereso\/"}]}},"_links":{"self":[{"href":"https:\/\/www.gereso.com\/actualites\/wp-json\/wp\/v2\/posts\/1658","targetHints":{"allow":["GET"]}}],"collection":[{"href":"https:\/\/www.gereso.com\/actualites\/wp-json\/wp\/v2\/posts"}],"about":[{"href":"https:\/\/www.gereso.com\/actualites\/wp-json\/wp\/v2\/types\/post"}],"author":[{"embeddable":true,"href":"https:\/\/www.gereso.com\/actualites\/wp-json\/wp\/v2\/users\/32"}],"replies":[{"embeddable":true,"href":"https:\/\/www.gereso.com\/actualites\/wp-json\/wp\/v2\/comments?post=1658"}],"version-history":[{"count":0,"href":"https:\/\/www.gereso.com\/actualites\/wp-json\/wp\/v2\/posts\/1658\/revisions"}],"wp:attachment":[{"href":"https:\/\/www.gereso.com\/actualites\/wp-json\/wp\/v2\/media?parent=1658"}],"wp:term":[{"taxonomy":"category","embeddable":true,"href":"https:\/\/www.gereso.com\/actualites\/wp-json\/wp\/v2\/categories?post=1658"},{"taxonomy":"post_tag","embeddable":true,"href":"https:\/\/www.gereso.com\/actualites\/wp-json\/wp\/v2\/tags?post=1658"}],"curies":[{"name":"wp","href":"https:\/\/api.w.org\/{rel}","templated":true}]}}