{"id":16639,"date":"2020-08-19T14:43:42","date_gmt":"2020-08-19T12:43:42","guid":{"rendered":"https:\/\/www.gereso.com\/actualites\/?p=16639"},"modified":"2020-08-27T09:54:07","modified_gmt":"2020-08-27T07:54:07","slug":"base-donnees-economiques-sociale-bdes-bligatoire-optionnelle","status":"publish","type":"post","link":"https:\/\/www.gereso.com\/actualites\/2020\/08\/19\/base-donnees-economiques-sociale-bdes-bligatoire-optionnelle\/","title":{"rendered":"La Base de donn\u00e9es \u00e9conomiques et sociales (BDES) : obligatoire ou optionnelle ?"},"content":{"rendered":"\n<h2 style=\"color:#d10016;\"><strong>Que signifie information\/consultation&nbsp;?<\/strong><\/h2>\n\n\n\n<p>L\u2019employeur doit fournir au comit\u00e9 social et \u00e9conomique (CSE) <strong>des informations sur certaines donn\u00e9es de l\u2019entreprise.<\/strong> Il s\u2019agit par exemple, suite \u00e0 l\u2019\u00e9lection, de fournir des informations sur les <strong>perspectives \u00e9conomiques <\/strong>de l\u2019entreprise. <\/p>\n\n\n\n<p>Petites particularit\u00e9s pour les entreprises de plus de 50 salari\u00e9s\u00a0: certains \u00e9l\u00e9ments doivent, quant \u00e0 eux, faire l\u2019objet <strong>d\u2019une information<\/strong>, c\u2019est-\u00e0-dire la remise de documentation mais aussi <strong>d\u2019une consultation<\/strong>, soit obtenir l\u2019avis du CSE. Ces informations\/consultations peuvent \u00eatre r\u00e9currentes et elles concernent trois domaines : <strong>la politique sociale, la situation \u00e9conomique et financi\u00e8re et la strat\u00e9gie<\/strong> de l\u2019entit\u00e9 (<a href=\"https:\/\/www.legifrance.gouv.fr\/affichCodeArticle.do?idArticle=LEGIARTI000035650754&amp;cidTexte=LEGITEXT000006072050&amp;dateTexte=20180101\">article L.2312-2 du code du travail<\/a>). <\/p>\n\n\n\n<p>A ceci, s\u2019ajoutent les <strong>informations\/consultations ponctuelles, <\/strong>qui portent sur les d\u00e9cisions d\u2019une certaine importance qui impactent le volume d\u2019emploi ou les conditions de travail. Certains projets ont, en effet, des enjeux sur l\u2019emploi ou les conditions de travail dans l\u2019entreprise, tel qu\u2019un d\u00e9m\u00e9nagement&#8230; <\/p>\n\n\n\n<p>Pour remplir ses obligations, l\u2019employeur doit donc fournir <strong>un certain nombre de documents <\/strong>et il devra parfois demander l\u2019avis aux \u00e9lus du CSE.<\/p>\n\n\n\n<h2 style=\"color:#d10016;\"><strong>Quelles sont les obligations\nde l\u2019employeur en mati\u00e8re d\u2019informations&nbsp;?<\/strong><\/h2>\n\n\n\n<p>L\u2019information transmise par l\u2019employeur doit \u00eatre <strong>suffisamment compl\u00e8te<\/strong> pour permettre aux \u00e9lus de rendre un avis \u00e9clair\u00e9. Les informations doivent donc \u00eatre <strong>relativement d\u00e9taill\u00e9es<\/strong> pour que les \u00e9lus aient la possibilit\u00e9 de rendre un avis. <\/p>\n\n\n\n<p>En outre, cette information doit \u00eatre <strong>\u00e9crite et pr\u00e9cise<\/strong> ou bien mise \u00e0 disposition par l\u2019employeur, dans la BDES par exemple, et comprendre aussi les <strong>r\u00e9ponses motiv\u00e9es de l\u2019employeur<\/strong> suite aux observations et questions des \u00e9lus. <\/p>\n\n\n\n<p>Les informations transmises par l\u2019employeur sont <strong>assez vari\u00e9es <\/strong>puisque le CSE, dans les entreprises de plus de 50 salari\u00e9s, a plusieurs missions\u00a0: <strong>pr\u00e9senter des r\u00e9clamations, rendre des avis sur des domaines divers, comme la politique sociale, la situation \u00e9conomique ou encore la strat\u00e9gie mais aussi la sant\u00e9 et la s\u00e9curit\u00e9.<\/strong> En mati\u00e8re de sant\u00e9 et s\u00e9curit\u00e9, l\u2019employeur doit fournir certaines informations sp\u00e9cifiques, comme le document d\u2019\u00e9valuation des risques professionnels (DUER) mais aussi le programme annuel de pr\u00e9vention des risques et d\u2019am\u00e9lioration des conditions de travail (PAPRIPACT), les modifications du r\u00e8glement int\u00e9rieur\u2026<\/p>\n\n\n\n<p>La BDES devient donc un <strong>outil strat\u00e9gique d\u2019information<\/strong> pour l\u2019employeur. Il peut y d\u00e9poser des ratios en lien avec les informations\/consultations et limiter les documents annexes. Cette base de donn\u00e9es intervient donc dans un <strong>contexte de simplification,<\/strong> afin d\u2019\u00e9viter la d\u00e9multiplication des documents \u00e0 destination des \u00e9lus. Pour calculer le <strong>point de d\u00e9part du d\u00e9lai d\u2019analyse laiss\u00e9 aux \u00e9lus<\/strong>, cette base est un indicateur. En ce sens, la Cour de cassation a consid\u00e9r\u00e9 que l\u2019absence de BDES au sein d\u2019une entreprise ne permettait pas de faire courir les d\u00e9lais d\u2019analyse (<a href=\"https:\/\/www.google.com\/search?rlz=1C1CHBF_frFR832FR832&amp;sxsrf=ALeKk00XImKBmZxePd_OtA1yJMheJpyo0w:1585030208735&amp;q=cass+soc+28+mars+2018+n%C2%B017.13-081&amp;sa=X&amp;ved=2ahUKEwiQ1LLUubLoAhVD8OAKHe1OD2sQ7xYoAHoECAcQKg\">Cass. soc 28 mars 2018 n\u00b017.13-081<\/a>).<\/p>\n\n\n\n<h2 style=\"color:#d10016;\"><strong>Quelles entreprises sont\nconcern\u00e9es par la base de donn\u00e9es \u00e9conomiques et sociales&nbsp;?<\/strong><\/h2>\n\n\n\n<p>Seules les <strong>entreprises de plus de 50 salari\u00e9s <\/strong>ont l\u2019obligation de mettre en place une BDES pour les repr\u00e9sentants de salari\u00e9s. <\/p>\n\n\n\n<p>Au niveau des <strong>\u00e9tablissements de plus de 50 salari\u00e9s<\/strong>, la mise en place d\u2019une BDES est optionnelle. Il est donc possible d\u2019appartenir \u00e0 un \u00e9tablissement de plus de 50 salari\u00e9s et pour autant ne pas disposer d\u2019une BDES locale. La BDES est alors r\u00e9alis\u00e9e au niveau de l\u2019entreprise. <\/p>\n\n\n\n<p>La mise en place d\u2019une BDES au\nniveau d\u2019un \u00e9tablissement peut toutefois \u00eatre organis\u00e9e par accord collectif.\nCet accord pr\u00e9voit alors l\u2019ensemble des r\u00e8gles qui r\u00e9gissent la BDES de\nl\u2019\u00e9tablissement. <\/p>\n\n\n\n<p>En outre, le <strong>passage de l\u2019effectif au-del\u00e0 de 50 salari\u00e9s <\/strong>n\u00e9cessite l\u2019instauration d\u2019une base de donn\u00e9es \u00e9conomiques. En effet, la cr\u00e9ation d\u2019une BDES est simultan\u00e9e \u00e0 l\u2019extension des missions du CSE. Si on reprend les d\u00e9lais de mise en place d\u2019un CSE plus de 50 salari\u00e9s, le seuil est atteint quand l\u2019entreprise a d\u00e9pass\u00e9 les cinquante salari\u00e9s pendant 12 mois. Une franchise de 12 mois s\u2019applique alors et le CSE peut profiter de ses nouvelles missions et de la BDES.<\/p>\n\n\n\n<h2 style=\"color:#d10016;\"><strong>Quelles sont les \u00e9lus\nconcern\u00e9s par la BDES&nbsp;?<\/strong><\/h2>\n\n\n\n<p><em>\u00c0 noter&nbsp;: L\u2019<a href=\"https:\/\/www.legifrance.gouv.fr\/affichCodeArticle.do?idArticle=LEGIARTI000037385879&amp;cidTexte=LEGITEXT000006072050&amp;dateTexte=20190101\">article L.2312-36 du Code du travail<\/a> pr\u00e9cise les personnes autoris\u00e9es \u00e0 consulter la BDES. Il s\u2019agit des membres de la d\u00e9l\u00e9gation du personnel du comit\u00e9 social et \u00e9conomique, du comit\u00e9 social et \u00e9conomique central d&rsquo;entreprise et les d\u00e9l\u00e9gu\u00e9s syndicaux.<\/em><\/p>\n\n\n\n<p>La base de donn\u00e9es \u00e9conomiques et sociales est <strong>accessible aux repr\u00e9sentants <\/strong>mais <strong>elle n\u2019a pas vocation \u00e0 \u00eatre accessible aux salari\u00e9s de l\u2019entreprise. <\/strong>En effet, elle comporte des <strong>donn\u00e9es confidentielles <\/strong>que l\u2019employeur ne souhaite peut-\u00eatre pas partager avec l\u2019ensemble des salari\u00e9s de l\u2019entreprise. <\/p>\n\n\n\n<p>Cette base de donn\u00e9es est donc <strong>accessible \u00e0 de nombreux repr\u00e9sentants de salari\u00e9s<\/strong>. Les \u00e9lus du CSE y ont \u00e9videmment acc\u00e8s. La loi ne vise pas sp\u00e9cifiquement les titulaires. <strong>Les suppl\u00e9ants<\/strong> ne participent plus aux r\u00e9unions organis\u00e9es \u00e0 l\u2019initiative de l\u2019employeur, aussi ils n\u2019ont pas, en principe, acc\u00e8s aux informations de la BDES. Toutefois, ils peuvent \u00eatre amen\u00e9s \u00e0 remplacer un titulaire et dans ce cas, il est important qu\u2019ils aient connaissance des donn\u00e9es de l\u2019entreprise pour rendre un avis \u00e9clair\u00e9. En ce sens, il est recommand\u00e9 de leur laisser un acc\u00e8s afin d\u2019\u00e9viter tout contentieux en cas de remplacement. <\/p>\n\n\n\n<p>En outre, les <strong>membres des commissions<\/strong> n\u2019ont, en principe, pas acc\u00e8s \u00e0 la BDES. Ainsi, <strong>les membres de la commission formation<\/strong> n\u2019y ont pas acc\u00e8s selon le code du travail mais est possible de pr\u00e9voir le contraire dans un accord collectif. <\/p>\n\n\n\n<p>Concernant les <strong>repr\u00e9sentants de proximit\u00e9,<\/strong> il est n\u2019est pas pr\u00e9vu de droit qu\u2019ils aient acc\u00e8s \u00e0 la BDES. Toutefois, il peut aussi \u00eatre envisag\u00e9 conventionnellement le contraire. <\/p>\n\n\n\n<h2 style=\"color:#d10016;\"><strong>Que comporte la base de\ndonn\u00e9es \u00e9conomiques et sociales&nbsp;?<\/strong><\/h2>\n\n\n\n<p><em>Les r\u00e8gles relatives \u00e0 l&rsquo;organisation, l&rsquo;architecture, le contenu et les modalit\u00e9s de fonctionnement&nbsp;de la BDES sont suppl\u00e9tives. Les r\u00e8gles du Code du travail sur le contenu de la BDES (<a href=\"https:\/\/www.legifrance.gouv.fr\/affichCodeArticle.do?idArticle=LEGIARTI000038620214&amp;cidTexte=LEGITEXT000006072050&amp;dateTexte=20200101\">article R.2312-8<\/a> et <a href=\"https:\/\/www.legifrance.gouv.fr\/affichCodeArticle.do?idArticle=LEGIARTI000038620204&amp;cidTexte=LEGITEXT000006072050&amp;dateTexte=20200101\">R.2312-9 du Code du travail<\/a>) ne trouvent donc \u00e0 s\u2019appliquer qu\u2019\u00e0 la condition qu\u2019aucun accord collectif n\u2019ait \u00e9t\u00e9 sign\u00e9 sur le sujet (<a href=\"https:\/\/www.legifrance.gouv.fr\/affichCodeArticle.do;jsessionid=2596925161765383E3C3ACA41BEE19C8.tplgfr24s_3?idArticle=LEGIARTI000035609890&amp;cidTexte=LEGITEXT000006072050&amp;categorieLien=id&amp;dateTexte=\">article L2312-21 du Code du travail<\/a>). <\/em><\/p>\n\n\n\n<p>La BDES contient l\u2019ensemble des informations n\u00e9cessaires aux repr\u00e9sentants pour <strong>formuler des avis \u00e9clair\u00e9s<\/strong> sur des consultations de l\u2019employeur et notamment les <strong>blocs de consultations r\u00e9currents<\/strong> (politique sociale, strat\u00e9gie de l\u2019entreprise et enfin la situation \u00e9conomique et financi\u00e8re \u2013 <a href=\"https:\/\/www.legifrance.gouv.fr\/affichCodeArticle.do?cidTexte=LEGITEXT000006072050&amp;idArticle=LEGIARTI000035609786&amp;dateTexte=\">article L2312-17 du Code du travail<\/a>). <\/p>\n\n\n\n<p>Attention, pour que l\u2019information soit compl\u00e8te, <strong>chaque indicateur doit \u00eatre renseign\u00e9 pour l\u2019ann\u00e9e en cours mais aussi pour les deux ann\u00e9es pr\u00e9c\u00e9dentes et les trois ann\u00e9es \u00e0 venir<\/strong> (<a href=\"https:\/\/www.legifrance.gouv.fr\/affichCodeArticle.do?idArticle=LEGIARTI000036411580&amp;cidTexte=LEGITEXT000006072050&amp;dateTexte=20180101\">article R2312-10 du Code du travail<\/a>). Les donn\u00e9es pass\u00e9es sont plus faciles \u00e0 collecter que les donn\u00e9es \u00e0 venir. En effet, ces donn\u00e9es varient en fonction de la strat\u00e9gie d\u00e9ploy\u00e9e dans l\u2019entreprise. Pour ces derni\u00e8res, il est donc possible de fournir des grandes tendances. Dans ce cas, l\u2019employeur doit clairement expliquer l\u2019absence de chiffres. <\/p>\n\n\n\n<p>Les th\u00e8mes de la BDES sont pr\u00e9vus par le l\u00e9gislateur. Mais attention, il y a des diff\u00e9rences en fonction du nombre de salari\u00e9s dans l\u2019entreprise. En effet, dans les <strong>entreprises de moins de 300 salari\u00e9s, <\/strong>les obligations sont moindres. <\/p>\n\n\n\n<p>Voici les indicateurs de la BDES\ndans les entreprises de moins de 300 salari\u00e9s (<a href=\"https:\/\/www.legifrance.gouv.fr\/affichCodeArticle.do;jsessionid=D9DFB5CDDA134CDB470773AEFA357F4D.tplgfr41s_3?idArticle=LEGIARTI000035650722&#038;cidTexte=LEGITEXT000006072050&#038;dateTexte=20180201\">article R.2312-8 du Code du travail<\/a>)&nbsp;:<\/p>\n\n\n\n<ul class=\"wp-block-list\"><li><strong>Les investissements<\/strong> (comprenant une sous rubrique      relative \u00e0 l\u2019investissement social et une autre relative \u00e0 l\u2019investissement mat\u00e9riel et immat\u00e9riel)\u00a0;<\/li><li><strong>L\u2019\u00e9galit\u00e9 professionnelle entre les femmes et les hommes<\/strong> dans l\u2019entreprise (comprenant une sous rubrique relative aux      donn\u00e9es chiffr\u00e9es et une autre relative \u00e0 la strat\u00e9gie d\u2019action)\u00a0;<\/li><li><strong>Les fonds propres, endettement et imp\u00f4ts<\/strong>\u00a0;<\/li><li><strong>L\u2019ensemble des \u00e9l\u00e9ments de la r\u00e9mun\u00e9ration des salari\u00e9s et dirigeants <\/strong>(comprenant une sous rubrique relative \u00e0 l\u2019\u00e9volution des r\u00e9mun\u00e9rations salariales)\u00a0;<\/li><li><strong>Les activit\u00e9s sociales et culturelles<\/strong>, pr\u00e9voyant le montant de la contribution aux activit\u00e9s sociales et culturelles du      comit\u00e9 d&rsquo;entreprise, m\u00e9c\u00e9nat\u00a0;<\/li><li><strong>La r\u00e9mun\u00e9ration des financeurs<\/strong> (comprenant la      r\u00e9mun\u00e9ration des actionnaires et celle de l\u2019actionnariat actionnaire)\u00a0;<\/li><li><strong>Les flux financiers \u00e0 destination de l\u2019entreprise <\/strong>(c\u2019est \u00e0 dire les aides publiques, les r\u00e9ductions d\u2019imp\u00f4t, les      exon\u00e9rations et r\u00e9ductions de cotisations sociales, les cr\u00e9dits d\u2019imp\u00f4ts, le m\u00e9c\u00e9nat et les r\u00e9sultats financiers).<\/li><\/ul>\n\n\n\n<p>Ces rubriques repr\u00e9sentent les\nindicateurs minimaux que l\u2019on doit retrouver dans la BDES. Deux autres\nrubriques, sont quant \u00e0 elles, n\u00e9gociables par accord. Il s\u2019agit des <\/p>\n\n\n\n<ul class=\"wp-block-list\"><li>Partenariats <\/li><li>Transferts commerciaux et financiers entre les      entit\u00e9s du groupe.<\/li><\/ul>\n\n\n\n<p>Dans les entreprises de plus de 300\nsalari\u00e9s, les indicateurs diff\u00e8rent un peu (<a href=\"https:\/\/www.legifrance.gouv.fr\/affichCodeArticle.do?idArticle=LEGIARTI000038620204&#038;cidTexte=LEGITEXT000006072050&#038;dateTexte=20200101\">article R.2312-9 du Code du travail<\/a>).\n\u00c0 titre d\u2019exemple, dans la rubrique intitul\u00e9e \u00ab&nbsp;Egalit\u00e9 professionnelle entre les femmes et les hommes au sein de l&rsquo;entreprise&nbsp;\u00bb, des sous rubriques suppl\u00e9mentaires sont ajout\u00e9es. De m\u00eame une sous rubrique est adjointe\ndans la partie relative \u00e0 la r\u00e9mun\u00e9ration des salari\u00e9s et des dirigeants. Il s\u2019agit de \u00ab&nbsp;l\u2019\u00e9pargne salariale&NBSP;: int\u00e9ressement, participation&nbsp;\u00bb \u2026<\/p>\n\n\n\n<p>Ainsi, ces rubriques sont constitu\u00e9es <strong>d\u2019items et d\u2019indicateurs <\/strong>et l\u2019employeur doit donc les renseigner. Il n\u2019a pas d\u2019obligation d\u2019y ins\u00e9rer du texte. Il peut donc d\u00e9cider d\u2019y enchainer des s\u00e9ries de chiffres, que les \u00e9lus non aguerris \u00e0 l\u2019exercice peuvent avoir des difficult\u00e9s \u00e0 appr\u00e9hender. <\/p>\n\n\n\n<p>Les informations transmises sont donc<strong> diverses et parfois confidentielles. <\/strong>S\u2019il souhaite que les \u00e9lus restent discrets sur certaines donn\u00e9es issues de la BDES (<a href=\"https:\/\/www.legifrance.gouv.fr\/affichCodeArticle.do?idArticle=LEGIARTI000037385879&amp;cidTexte=LEGITEXT000006072050&amp;dateTexte=20190101\">article L.2312-36 du Code du travail<\/a>), l\u2019employeur doit le faire figurer et y indiquer la dur\u00e9e de cette obligation pour les \u00e9lus. Evidemment, il ne pourra pas consid\u00e9rer que l\u2019ensemble des donn\u00e9es est confidentiel et il devra alors s\u00e9lectionner celles qui pourraient nuire \u00e0 la strat\u00e9gie, \u00e0 l\u2019entreprise en cas de divulgation. Les informations connues des salari\u00e9s et\/ ou se trouvant sur internet ne peuvent pas faire l\u2019objet d\u2019une restriction de ce type (<a href=\"https:\/\/www.legifrance.gouv.fr\/affichCodeArticle.do?idArticle=LEGIARTI000036411588&amp;cidTexte=LEGITEXT000006072050&amp;dateTexte=20180101\">R.2312-13 du Code du travail<\/a>). <\/p>\n\n\n\n<h2 style=\"color:#d10016;\"><strong>Les \u00e9lus ont-ils un acc\u00e8s\nillimit\u00e9 \u00e0 la base de donn\u00e9es \u00e9conomiques et sociales&nbsp;?<\/strong><\/h2>\n\n\n\n<p>La premi\u00e8re question qui joue sur <strong>l\u2019accessibilit\u00e9 <\/strong>de la base et sa mise \u00e0 jour est son support. L\u2019<a href=\"https:\/\/www.legifrance.gouv.fr\/affichCodeArticle.do?idArticle=LEGIARTI000036411586&amp;cidTexte=LEGITEXT000006072050&amp;dateTexte=20180101\">article R.2312-12 du Code du travail<\/a> pose des r\u00e8gles tr\u00e8s pr\u00e9cises \u00e0 ce sujet. Dans les entreprises de moins de 300 salari\u00e9s, le support peut \u00eatre informatique ou papier, si aucun accord collectif n\u2019a pr\u00e9vu cette modalit\u00e9. De m\u00eame, en l\u2019absence d\u2019accord, dans les entreprises de plus de 300 salari\u00e9s, la BDES est transmise en format informatique. <\/p>\n\n\n\n<p>Il est tout de m\u00eame pr\u00e9f\u00e9rable\nde pr\u00e9voir un format num\u00e9rique car les \u00e9lus devront \u00eatre inform\u00e9s par l\u2019employeur de toute actualisation de la base (<a href=\"https:\/\/www.legifrance.gouv.fr\/affichCodeArticle.do?idArticle=LEGIARTI000036411586&amp;cidTexte=LEGITEXT000006072050&amp;dateTexte=20180101\">article R.2312-12 du Code du travail<\/a>). Cet article fait l\u2019objet d\u2019interpr\u00e9tations et pour \u00e9viter tout\nconflit avec les \u00e9lus, il est recommand\u00e9 de pr\u00e9voir un syst\u00e8me de mails automatiques lorsque certains items sont modifi\u00e9s, ajout\u00e9s ou supprim\u00e9s. Ainsi, les \u00e9lus sont alors inform\u00e9s \u00e0 chaque fois. Le travers de cette pratique est de surcharger les \u00e9lus de mails, leur indiquant qu\u2019un \u00e9l\u00e9ment a \u00e9t\u00e9 actualis\u00e9. <\/p>\n\n\n\n<p>L\u2019employeur doit donc r\u00e9fl\u00e9chir \u00e0 la <strong>mise en place d\u2019un syst\u00e8me de communication op\u00e9rationnel et non envahissant.<\/strong> A titre d\u2019exemple, il est possible de modifier conventionnellement la p\u00e9riodicit\u00e9 de certaines consultations, ce qui permet alors d\u2019ajuster moins fr\u00e9quemment les informations \u00e0 disposition.\u00a0 <\/p>\n\n\n\n<p>Enfin, l\u2019<a href=\"https:\/\/www.legifrance.gouv.fr\/affichCodeArticle.do?idArticle=LEGIARTI000037385879&amp;cidTexte=LEGITEXT000006072050&amp;dateTexte=20190101\">article L.2312-36 du Code du travail<\/a> indique que, sauf dispositions conventionnelles contraires, <strong>la base de donn\u00e9es est accessible en permanence aux membres de la d\u00e9l\u00e9gation du personnel du comit\u00e9 social et \u00e9conomique ainsi qu&rsquo;aux membres de la d\u00e9l\u00e9gation du personnel du comit\u00e9 social et \u00e9conomique central d&rsquo;entreprise, et aux d\u00e9l\u00e9gu\u00e9s syndicaux. <\/strong>Or, les juges ont fait une interpr\u00e9tation tr\u00e8s r\u00e9duite de la notion d\u2019acc\u00e8s permanent. La Cour de cassation, le 25 septembre 2019 n\u00b018-15.504, a clairement pos\u00e9 que l\u2019acc\u00e8s permanent \u00e9tait valid\u00e9 lorsque les \u00e9lus y avaient acc\u00e8s pendant leurs heures de travail ou sur support papier \u00e0 leur demande. <\/p>\n\n\n\n<p>Avec ces\npr\u00e9cisions, les juges confirment la r\u00e9ponse qui avait \u00e9t\u00e9 apport\u00e9e par la\ncirculaire du 18 mars 2014. <\/p>\n\n\n\n<p><strong>L\u2019employeur n\u2019est donc pas contraint de mettre \u00e0 disposition la BDES 24\/24, 7 jours\/7.<\/strong><\/p>\n\n\n\n<h2 style=\"color:#d10016;\"><strong>Quelles sanctions encourt\nl\u2019employeur s\u2019il n\u2019a pas cr\u00e9\u00e9 de BDES, qu\u2019elle est incompl\u00e8te ou inaccessible&nbsp;?<\/strong><\/h2>\n\n\n\n<p>L\u2019inspecteur du travail doit\ndisposer d\u2019un acc\u00e8s \u00e0 cette base de donn\u00e9es car les rapports et informations\ntransmises \u00e0 l\u2019autorit\u00e9 administrative sont mises \u00e0 disposition \u00e0 partir de\ncette BDES. Il convient donc de lui laisser un acc\u00e8s. <\/p>\n\n\n\n<p>En l\u2019absence de BDES, l\u2019inspecteur du travail peut dresser un <strong>proc\u00e8s-verbal en vue de sanctions p\u00e9nales. <\/strong><\/p>\n\n\n\n<p>En outre, l\u2019absence de BDES ou l\u2019existence d\u2019une BDES erron\u00e9e ou incompl\u00e8te peut avoir de cons\u00e9quences lourdes sur les d\u00e9cisions de l\u2019entreprise. D\u00e9j\u00e0, le CSE peut saisir le juge afin de <strong>constater un d\u00e9lit d\u2019entrave au fonctionnement de l\u2019instance. <\/strong>En outre, les d\u00e9cisions peuvent \u00eatre annul\u00e9es, ce qui contraint alors l\u2019employeur \u00e0 reprendre l\u2019ensemble de la proc\u00e9dure. <\/p>\n\n\n\n<p><em><strong>\u00c0 noter :<\/strong> la transmission de documents en dehors de la BDES ne remplace pas \u00a0la BDES et peut donc mener \u00e0 des sanctions pour l\u2019employeur- notamment li\u00e9es au d\u00e9lit d\u2019entrave.<\/em><\/p>\n","protected":false},"excerpt":{"rendered":"<p>Que signifie information\/consultation&nbsp;? L\u2019employeur doit fournir au comit\u00e9 social et \u00e9conomique (CSE) des informations sur certaines donn\u00e9es de l\u2019entreprise. Il s\u2019agit par exemple, suite \u00e0 l\u2019\u00e9lection, de fournir des informations sur les perspectives \u00e9conomiques de l\u2019entreprise. Petites particularit\u00e9s pour les entreprises de plus de 50 salari\u00e9s\u00a0: certains \u00e9l\u00e9ments doivent, quant \u00e0 eux, faire l\u2019objet d\u2019une [&hellip;]<\/p>\n","protected":false},"author":76,"featured_media":16675,"comment_status":"open","ping_status":"open","sticky":false,"template":"","format":"standard","meta":{"_acf_changed":false,"_mi_skip_tracking":false,"footnotes":""},"categories":[5],"tags":[1919,1920,1063],"class_list":["post-16639","post","type-post","status-publish","format-standard","has-post-thumbnail","hentry","category-droit-du-travail","tag-base-de-donnees-economiques-et-sociales","tag-base-de-donnees-unique","tag-bdes"],"acf":[],"yoast_head":"<!-- This site is optimized with the Yoast SEO plugin v23.4 - https:\/\/yoast.com\/wordpress\/plugins\/seo\/ -->\n<title>La Base de donn\u00e9es \u00e9conomiques et sociales (BDES) : obligatoire ou optionnelle ? - Le Blog GERESO<\/title>\n<meta name=\"robots\" content=\"index, follow, max-snippet:-1, max-image-preview:large, max-video-preview:-1\" \/>\n<link rel=\"canonical\" href=\"https:\/\/www.gereso.com\/actualites\/2020\/08\/19\/base-donnees-economiques-sociale-bdes-bligatoire-optionnelle\/\" \/>\n<meta property=\"og:locale\" content=\"fr_FR\" \/>\n<meta property=\"og:type\" content=\"article\" \/>\n<meta property=\"og:title\" content=\"La Base de donn\u00e9es \u00e9conomiques et sociales (BDES) : obligatoire ou optionnelle ? - Le Blog GERESO\" \/>\n<meta property=\"og:description\" content=\"Que signifie information\/consultation&nbsp;? L\u2019employeur doit fournir au comit\u00e9 social et \u00e9conomique (CSE) des informations sur certaines donn\u00e9es de l\u2019entreprise. Il s\u2019agit par exemple, suite \u00e0 l\u2019\u00e9lection, de fournir des informations sur les perspectives \u00e9conomiques de l\u2019entreprise. Petites particularit\u00e9s pour les entreprises de plus de 50 salari\u00e9s\u00a0: certains \u00e9l\u00e9ments doivent, quant \u00e0 eux, faire l\u2019objet d\u2019une [&hellip;]\" \/>\n<meta property=\"og:url\" content=\"https:\/\/www.gereso.com\/actualites\/2020\/08\/19\/base-donnees-economiques-sociale-bdes-bligatoire-optionnelle\/\" \/>\n<meta property=\"og:site_name\" content=\"Le Blog GERESO\" \/>\n<meta property=\"article:published_time\" content=\"2020-08-19T12:43:42+00:00\" \/>\n<meta property=\"article:modified_time\" content=\"2020-08-27T07:54:07+00:00\" \/>\n<meta property=\"og:image\" content=\"https:\/\/www.gereso.com\/actualites\/wp-content\/uploads\/2020\/08\/BDES.jpg\" \/>\n\t<meta property=\"og:image:width\" content=\"600\" \/>\n\t<meta property=\"og:image:height\" content=\"400\" \/>\n\t<meta property=\"og:image:type\" content=\"image\/jpeg\" \/>\n<meta name=\"author\" content=\"S\u00e9verine Augry\" \/>\n<meta name=\"twitter:card\" content=\"summary_large_image\" \/>\n<script type=\"application\/ld+json\" class=\"yoast-schema-graph\">{\"@context\":\"https:\/\/schema.org\",\"@graph\":[{\"@type\":\"WebPage\",\"@id\":\"https:\/\/www.gereso.com\/actualites\/2020\/08\/19\/base-donnees-economiques-sociale-bdes-bligatoire-optionnelle\/\",\"url\":\"https:\/\/www.gereso.com\/actualites\/2020\/08\/19\/base-donnees-economiques-sociale-bdes-bligatoire-optionnelle\/\",\"name\":\"La Base de donn\u00e9es \u00e9conomiques et sociales (BDES) : obligatoire ou optionnelle ? - Le Blog GERESO\",\"isPartOf\":{\"@id\":\"https:\/\/www.gereso.com\/actualites\/#website\"},\"primaryImageOfPage\":{\"@id\":\"https:\/\/www.gereso.com\/actualites\/2020\/08\/19\/base-donnees-economiques-sociale-bdes-bligatoire-optionnelle\/#primaryimage\"},\"image\":{\"@id\":\"https:\/\/www.gereso.com\/actualites\/2020\/08\/19\/base-donnees-economiques-sociale-bdes-bligatoire-optionnelle\/#primaryimage\"},\"thumbnailUrl\":\"https:\/\/www.gereso.com\/actualites\/wp-content\/uploads\/2020\/08\/BDES.jpg\",\"datePublished\":\"2020-08-19T12:43:42+00:00\",\"dateModified\":\"2020-08-27T07:54:07+00:00\",\"author\":{\"@id\":\"https:\/\/www.gereso.com\/actualites\/#\/schema\/person\/4eb77dc942821be48c647095b6275056\"},\"breadcrumb\":{\"@id\":\"https:\/\/www.gereso.com\/actualites\/2020\/08\/19\/base-donnees-economiques-sociale-bdes-bligatoire-optionnelle\/#breadcrumb\"},\"inLanguage\":\"fr-FR\",\"potentialAction\":[{\"@type\":\"ReadAction\",\"target\":[\"https:\/\/www.gereso.com\/actualites\/2020\/08\/19\/base-donnees-economiques-sociale-bdes-bligatoire-optionnelle\/\"]}]},{\"@type\":\"ImageObject\",\"inLanguage\":\"fr-FR\",\"@id\":\"https:\/\/www.gereso.com\/actualites\/2020\/08\/19\/base-donnees-economiques-sociale-bdes-bligatoire-optionnelle\/#primaryimage\",\"url\":\"https:\/\/www.gereso.com\/actualites\/wp-content\/uploads\/2020\/08\/BDES.jpg\",\"contentUrl\":\"https:\/\/www.gereso.com\/actualites\/wp-content\/uploads\/2020\/08\/BDES.jpg\",\"width\":600,\"height\":400,\"caption\":\"Les employeurs des entreprises de plus de 50 salari\u00e9s doivent mettre \u00e0 disposition du CSE une base de donn\u00e9es \u00e9conomiques et sociales.\"},{\"@type\":\"BreadcrumbList\",\"@id\":\"https:\/\/www.gereso.com\/actualites\/2020\/08\/19\/base-donnees-economiques-sociale-bdes-bligatoire-optionnelle\/#breadcrumb\",\"itemListElement\":[{\"@type\":\"ListItem\",\"position\":1,\"name\":\"Home\",\"item\":\"https:\/\/www.gereso.com\/actualites\/\"},{\"@type\":\"ListItem\",\"position\":2,\"name\":\"La Base de donn\u00e9es \u00e9conomiques et sociales (BDES) : obligatoire ou optionnelle ?\"}]},{\"@type\":\"WebSite\",\"@id\":\"https:\/\/www.gereso.com\/actualites\/#website\",\"url\":\"https:\/\/www.gereso.com\/actualites\/\",\"name\":\"Le Blog GERESO\",\"description\":\"Toute l&#039;actu RH, Finance, Fonction Publique, Management...\",\"potentialAction\":[{\"@type\":\"SearchAction\",\"target\":{\"@type\":\"EntryPoint\",\"urlTemplate\":\"https:\/\/www.gereso.com\/actualites\/?s={search_term_string}\"},\"query-input\":{\"@type\":\"PropertyValueSpecification\",\"valueRequired\":true,\"valueName\":\"search_term_string\"}}],\"inLanguage\":\"fr-FR\"},{\"@type\":\"Person\",\"@id\":\"https:\/\/www.gereso.com\/actualites\/#\/schema\/person\/4eb77dc942821be48c647095b6275056\",\"name\":\"S\u00e9verine Augry\",\"image\":{\"@type\":\"ImageObject\",\"inLanguage\":\"fr-FR\",\"@id\":\"https:\/\/www.gereso.com\/actualites\/#\/schema\/person\/image\/\",\"url\":\"https:\/\/www.gereso.com\/actualites\/wp-content\/uploads\/2020\/01\/SeverineAugry-144x144.jpg\",\"contentUrl\":\"https:\/\/www.gereso.com\/actualites\/wp-content\/uploads\/2020\/01\/SeverineAugry-144x144.jpg\",\"caption\":\"S\u00e9verine Augry\"},\"description\":\"Docteure en GRH, S\u00e9verine Augry devient charg\u00e9e d'\u00e9tudes RH puis consultante en GPEC avant de devenir formatrice en RH &amp; droit social en 2010, en parall\u00e8le de ses enseignements (Panth\u00e9on Sorbonne, IGS...). S\u00e9verine est auteure d'ouvrages et de publications en droit social et GRH. Elle forme en droit du travail individuel et collectif sur le th\u00e8mes suivants : contrats de travail, droit du travail pour managers, \u00e9lections professionnelles, n\u00e9gociation, IRP... Elle accompagne les entreprises dans leurs d\u00e9marches de lutte contre la discrimination ou l\u2019absent\u00e9isme. Elle forme et conseille les RH et managers sur leurs pratiques de recrutement et d'\u00e9valuation des comp\u00e9tences, sur la GPEC et GPEEC (fonction publique) et forme \u00e0 la paie les non-sp\u00e9cialistes et accompagne les services paie dans leurs r\u00e9gularisations.\",\"url\":\"https:\/\/www.gereso.com\/actualites\/author\/s-augry\/\"}]}<\/script>\n<!-- \/ Yoast SEO plugin. -->","yoast_head_json":{"title":"La Base de donn\u00e9es \u00e9conomiques et sociales (BDES) : obligatoire ou optionnelle ? - Le Blog GERESO","robots":{"index":"index","follow":"follow","max-snippet":"max-snippet:-1","max-image-preview":"max-image-preview:large","max-video-preview":"max-video-preview:-1"},"canonical":"https:\/\/www.gereso.com\/actualites\/2020\/08\/19\/base-donnees-economiques-sociale-bdes-bligatoire-optionnelle\/","og_locale":"fr_FR","og_type":"article","og_title":"La Base de donn\u00e9es \u00e9conomiques et sociales (BDES) : obligatoire ou optionnelle ? - Le Blog GERESO","og_description":"Que signifie information\/consultation&nbsp;? L\u2019employeur doit fournir au comit\u00e9 social et \u00e9conomique (CSE) des informations sur certaines donn\u00e9es de l\u2019entreprise. Il s\u2019agit par exemple, suite \u00e0 l\u2019\u00e9lection, de fournir des informations sur les perspectives \u00e9conomiques de l\u2019entreprise. Petites particularit\u00e9s pour les entreprises de plus de 50 salari\u00e9s\u00a0: certains \u00e9l\u00e9ments doivent, quant \u00e0 eux, faire l\u2019objet d\u2019une [&hellip;]","og_url":"https:\/\/www.gereso.com\/actualites\/2020\/08\/19\/base-donnees-economiques-sociale-bdes-bligatoire-optionnelle\/","og_site_name":"Le Blog GERESO","article_published_time":"2020-08-19T12:43:42+00:00","article_modified_time":"2020-08-27T07:54:07+00:00","og_image":[{"width":600,"height":400,"url":"https:\/\/www.gereso.com\/actualites\/wp-content\/uploads\/2020\/08\/BDES.jpg","type":"image\/jpeg"}],"author":"S\u00e9verine Augry","twitter_card":"summary_large_image","schema":{"@context":"https:\/\/schema.org","@graph":[{"@type":"WebPage","@id":"https:\/\/www.gereso.com\/actualites\/2020\/08\/19\/base-donnees-economiques-sociale-bdes-bligatoire-optionnelle\/","url":"https:\/\/www.gereso.com\/actualites\/2020\/08\/19\/base-donnees-economiques-sociale-bdes-bligatoire-optionnelle\/","name":"La Base de donn\u00e9es \u00e9conomiques et sociales (BDES) : obligatoire ou optionnelle ? - Le Blog GERESO","isPartOf":{"@id":"https:\/\/www.gereso.com\/actualites\/#website"},"primaryImageOfPage":{"@id":"https:\/\/www.gereso.com\/actualites\/2020\/08\/19\/base-donnees-economiques-sociale-bdes-bligatoire-optionnelle\/#primaryimage"},"image":{"@id":"https:\/\/www.gereso.com\/actualites\/2020\/08\/19\/base-donnees-economiques-sociale-bdes-bligatoire-optionnelle\/#primaryimage"},"thumbnailUrl":"https:\/\/www.gereso.com\/actualites\/wp-content\/uploads\/2020\/08\/BDES.jpg","datePublished":"2020-08-19T12:43:42+00:00","dateModified":"2020-08-27T07:54:07+00:00","author":{"@id":"https:\/\/www.gereso.com\/actualites\/#\/schema\/person\/4eb77dc942821be48c647095b6275056"},"breadcrumb":{"@id":"https:\/\/www.gereso.com\/actualites\/2020\/08\/19\/base-donnees-economiques-sociale-bdes-bligatoire-optionnelle\/#breadcrumb"},"inLanguage":"fr-FR","potentialAction":[{"@type":"ReadAction","target":["https:\/\/www.gereso.com\/actualites\/2020\/08\/19\/base-donnees-economiques-sociale-bdes-bligatoire-optionnelle\/"]}]},{"@type":"ImageObject","inLanguage":"fr-FR","@id":"https:\/\/www.gereso.com\/actualites\/2020\/08\/19\/base-donnees-economiques-sociale-bdes-bligatoire-optionnelle\/#primaryimage","url":"https:\/\/www.gereso.com\/actualites\/wp-content\/uploads\/2020\/08\/BDES.jpg","contentUrl":"https:\/\/www.gereso.com\/actualites\/wp-content\/uploads\/2020\/08\/BDES.jpg","width":600,"height":400,"caption":"Les employeurs des entreprises de plus de 50 salari\u00e9s doivent mettre \u00e0 disposition du CSE une base de donn\u00e9es \u00e9conomiques et sociales."},{"@type":"BreadcrumbList","@id":"https:\/\/www.gereso.com\/actualites\/2020\/08\/19\/base-donnees-economiques-sociale-bdes-bligatoire-optionnelle\/#breadcrumb","itemListElement":[{"@type":"ListItem","position":1,"name":"Home","item":"https:\/\/www.gereso.com\/actualites\/"},{"@type":"ListItem","position":2,"name":"La Base de donn\u00e9es \u00e9conomiques et sociales (BDES) : obligatoire ou optionnelle ?"}]},{"@type":"WebSite","@id":"https:\/\/www.gereso.com\/actualites\/#website","url":"https:\/\/www.gereso.com\/actualites\/","name":"Le Blog GERESO","description":"Toute l&#039;actu RH, Finance, Fonction Publique, Management...","potentialAction":[{"@type":"SearchAction","target":{"@type":"EntryPoint","urlTemplate":"https:\/\/www.gereso.com\/actualites\/?s={search_term_string}"},"query-input":{"@type":"PropertyValueSpecification","valueRequired":true,"valueName":"search_term_string"}}],"inLanguage":"fr-FR"},{"@type":"Person","@id":"https:\/\/www.gereso.com\/actualites\/#\/schema\/person\/4eb77dc942821be48c647095b6275056","name":"S\u00e9verine Augry","image":{"@type":"ImageObject","inLanguage":"fr-FR","@id":"https:\/\/www.gereso.com\/actualites\/#\/schema\/person\/image\/","url":"https:\/\/www.gereso.com\/actualites\/wp-content\/uploads\/2020\/01\/SeverineAugry-144x144.jpg","contentUrl":"https:\/\/www.gereso.com\/actualites\/wp-content\/uploads\/2020\/01\/SeverineAugry-144x144.jpg","caption":"S\u00e9verine Augry"},"description":"Docteure en GRH, S\u00e9verine Augry devient charg\u00e9e d'\u00e9tudes RH puis consultante en GPEC avant de devenir formatrice en RH &amp; droit social en 2010, en parall\u00e8le de ses enseignements (Panth\u00e9on Sorbonne, IGS...). S\u00e9verine est auteure d'ouvrages et de publications en droit social et GRH. Elle forme en droit du travail individuel et collectif sur le th\u00e8mes suivants : contrats de travail, droit du travail pour managers, \u00e9lections professionnelles, n\u00e9gociation, IRP... Elle accompagne les entreprises dans leurs d\u00e9marches de lutte contre la discrimination ou l\u2019absent\u00e9isme. Elle forme et conseille les RH et managers sur leurs pratiques de recrutement et d'\u00e9valuation des comp\u00e9tences, sur la GPEC et GPEEC (fonction publique) et forme \u00e0 la paie les non-sp\u00e9cialistes et accompagne les services paie dans leurs r\u00e9gularisations.","url":"https:\/\/www.gereso.com\/actualites\/author\/s-augry\/"}]}},"_links":{"self":[{"href":"https:\/\/www.gereso.com\/actualites\/wp-json\/wp\/v2\/posts\/16639","targetHints":{"allow":["GET"]}}],"collection":[{"href":"https:\/\/www.gereso.com\/actualites\/wp-json\/wp\/v2\/posts"}],"about":[{"href":"https:\/\/www.gereso.com\/actualites\/wp-json\/wp\/v2\/types\/post"}],"author":[{"embeddable":true,"href":"https:\/\/www.gereso.com\/actualites\/wp-json\/wp\/v2\/users\/76"}],"replies":[{"embeddable":true,"href":"https:\/\/www.gereso.com\/actualites\/wp-json\/wp\/v2\/comments?post=16639"}],"version-history":[{"count":44,"href":"https:\/\/www.gereso.com\/actualites\/wp-json\/wp\/v2\/posts\/16639\/revisions"}],"predecessor-version":[{"id":17052,"href":"https:\/\/www.gereso.com\/actualites\/wp-json\/wp\/v2\/posts\/16639\/revisions\/17052"}],"wp:featuredmedia":[{"embeddable":true,"href":"https:\/\/www.gereso.com\/actualites\/wp-json\/wp\/v2\/media\/16675"}],"wp:attachment":[{"href":"https:\/\/www.gereso.com\/actualites\/wp-json\/wp\/v2\/media?parent=16639"}],"wp:term":[{"taxonomy":"category","embeddable":true,"href":"https:\/\/www.gereso.com\/actualites\/wp-json\/wp\/v2\/categories?post=16639"},{"taxonomy":"post_tag","embeddable":true,"href":"https:\/\/www.gereso.com\/actualites\/wp-json\/wp\/v2\/tags?post=16639"}],"curies":[{"name":"wp","href":"https:\/\/api.w.org\/{rel}","templated":true}]}}