{"id":1700,"date":"2008-03-01T00:00:00","date_gmt":"2008-02-29T22:00:00","guid":{"rendered":"https:\/\/www.gereso.com\/actualites\/2008\/03\/licenciement-dune-salariee-en-conge-maternite-mission-impossible\/"},"modified":"2008-03-01T00:00:00","modified_gmt":"2008-02-29T22:00:00","slug":"licenciement-dune-salariee-en-conge-maternite-mission-impossible","status":"publish","type":"post","link":"https:\/\/www.gereso.com\/actualites\/2008\/03\/01\/licenciement-dune-salariee-en-conge-maternite-mission-impossible\/","title":{"rendered":"Licenciement d&#039;une salari\u00e9e en cong\u00e9 maternit\u00e9 : mission impossible"},"content":{"rendered":"<h3>L&rsquo;histoire<\/h3>\n<p>Une salari\u00e9e, employ\u00e9e en CDI en tant que m\u00e9canicienne, est <b>en cong\u00e9 maternit\u00e9.<\/b><span style=\"font-weight: bold;\"><br \/><\/span><\/p>\n<p><span style=\"font-weight: bold;\">\u00a0<\/span>L&rsquo;entreprise dans laquelle elle travaille est d\u00e9clar\u00e9e en liquidation judiciaire et <b>l&#8217;employeur proc\u00e8de \u00e0 plusieurs licenciements \u00e9conomiques<\/b>. La salari\u00e9e est elle-m\u00eame concern\u00e9e par ces licenciements.<\/p>\n<p><b>L&#8217;employeur lui notifie son licenciement durant son cong\u00e9 maternit\u00e9<\/b>, en pr\u00e9cisant que la rupture du contrat n&rsquo;interviendra qu&rsquo; \u00e0 l&rsquo;issue du cong\u00e9.<\/p>\n<p>La salari\u00e9e, qui consid\u00e8re que la proc\u00e9dure de licenciement n&rsquo;a pas \u00e9t\u00e9respect\u00e9e, intente une action en justice devant le Conseil deprud&rsquo;hommes.<\/p>\n<h3>Ce que disent les juges<\/h3>\n<p>Les juges rappellent que<b>le licenciement d&rsquo;une salari\u00e9e en cong\u00e9 maternit\u00e9 ne peut \u00eatresignifi\u00e9, ni prendre effet, durant le cong\u00e9 et ce, m\u00eame si l&#8217;employeurjustifie d&rsquo;une raison \u00e9trang\u00e8re \u00e0 la grossesse de la salari\u00e9e.<\/b><span style=\"font-weight: bold;\"><br \/><\/span><\/p>\n<p><span style=\"font-weight: bold;\">\u00a0<\/span>Les juges consid\u00e8rent que <b>le licenciement de la salari\u00e9e, notifi\u00e9 durant son cong\u00e9 maternit\u00e9, est un licenciement nul <\/b>et lui ouvre droit au versement d&rsquo;une indemnit\u00e9 au moins \u00e9gale \u00e0 6 mois de salaire.<\/p>\n<h3>Ce qu&rsquo;il faut retenir<\/h3>\n<p>Durant son cong\u00e9 maternit\u00e9, <b>la salari\u00e9e enceinte b\u00e9n\u00e9ficie d&rsquo;une protection absolue contre le licenciement <\/b>: celui-ci ne peut \u00eatre notifi\u00e9, ni devenir effectif durant le cong\u00e9 (article L. 122-27 du Code du travail).<\/p>\n<p>L&#8217;employeur ne peut donc pas envoyer de lettre de notification du licenciement durant cette p\u00e9riode.<\/p>\n<p>Toutefois, l&#8217;employeur peut convoquer la salari\u00e9e \u00e0 un entretienpr\u00e9alable de licenciement durant son cong\u00e9 maternit\u00e9, le licenciementn&rsquo;ayant pas encore \u00e9t\u00e9 d\u00e9cid\u00e9.<\/p>\n<h3>Article L. 122-25-2 du Code du travail<\/h3>\n<p>Article L122-25-2<\/p>\n<p> Modifi\u00e9 par Loi n\u00b096-604 du 5 juillet 1996 &#8211; art. 53 () JORF 6 juillet 1996<\/p>\n<p>Abrog\u00e9 par Ordonnance n\u00b02007-329 du 12 mars 2007 &#8211; art. 12 (VD) JORF 13mars 2007 en vigueur au plus tard le 1er mars 2008<\/p>\n<p>Aucun employeur ne peut r\u00e9silier le contrat de travail d&rsquo;une salari\u00e9elorsqu&rsquo;elle est en \u00e9tat de grossesse m\u00e9dicalement constat\u00e9 et pendantl&rsquo;int\u00e9gralit\u00e9 des p\u00e9riodes de suspension du contrat de travailauxquelles elle a droit en application de l&rsquo;article L. 122-26, qu&rsquo;elleuse ou non de ce droit, ainsi que pendant les quatre semaines quisuivent l&rsquo;expiration de ces p\u00e9riodes. Toutefois, et sous r\u00e9served&rsquo;observer les dispositions de l&rsquo;article L. 122-27, il peut r\u00e9silier lecontrat s&rsquo;il justifie d&rsquo;une faute grave de l&rsquo;int\u00e9ress\u00e9e, non li\u00e9e\u00e0l&rsquo;\u00e9tat de grossesse, ou de l&rsquo;impossibilit\u00e9 o\u00f9\u00b9 il se trouve, pour unmotif \u00e9tranger \u00e0 la grossesse, \u00e0 l&rsquo;accouchement ou \u00e0 l&rsquo;adoption, demaintenir ledit contrat.<\/p>\n<p>Sauf s&rsquo;il est prononc\u00e9 pour un des motifs justifiant, par applicationde l&rsquo;alin\u00e9a pr\u00e9c\u00e9dent, la r\u00e9siliation du contrat de travail, lelicenciement d&rsquo;une salari\u00e9e est annul\u00e9 si, dans un d\u00e9lai de quinzejours \u00e0 compter de sa notification, l&rsquo;int\u00e9ress\u00e9e envoie \u00e0 son employeurpar lettre recommand\u00e9e avec demande d&rsquo;avis de r\u00e9ception, soit uncertificat m\u00e9dical justifiant qu&rsquo;elle est en \u00e9tat de grossesse, soitune attestation justifiant l&rsquo;arriv\u00e9e \u00e0 son foyer, dans un d\u00e9lai dequinze jours, d&rsquo;un enfant plac\u00e9 en vue de son adoption ; cetteattestation est d\u00e9livr\u00e9e par le service d\u00e9partemental d&rsquo;aide sociale\u00e0l&rsquo;enfance ou un organisme autoris\u00e9 pour l&rsquo;adoption qui proc\u00e8de auplacement.<\/p>\n<p>Les dispositions des pr\u00e9c\u00e9dents alin\u00e9as ne font pas obstacle \u00e0 l&rsquo;\u00e9ch\u00e9ance du contrat de travail \u00e0 dur\u00e9e d\u00e9termin\u00e9e.<\/p>\n<p>NOTA:<\/p>\n<p>Ordonnance 2007-329 2007-03-12 art. 14 : Les dispositions de lapr\u00e9sente ordonnance entrent en vigueur en m\u00eame temps que la partier\u00e9glementaire du nouveau code du travail et au plus tard le 1er mars2008.<\/p>\n<p>La loi n\u00b0 2008-67 du 21 janvier 2008 dans son article 2 X a fix\u00e9 ladate d&rsquo;entr\u00e9e en vigueur de la partie l\u00e9gislative du code du travail au1er mai 2008.<\/p>\n<p>Sources : Arr\u00eat de la Chambre sociale de la Cour de cassation du 19 mars 2008 &#8211; N\u00b0 de pourvoi 07-40.599.<\/p>\n<p>Juritravail.com<\/p>\n","protected":false},"excerpt":{"rendered":"<p>L&rsquo;histoire Une salari\u00e9e, employ\u00e9e en CDI en tant que m\u00e9canicienne, est en cong\u00e9 maternit\u00e9. \u00a0L&rsquo;entreprise dans laquelle elle travaille est d\u00e9clar\u00e9e en liquidation judiciaire et l&#8217;employeur proc\u00e8de \u00e0 plusieurs licenciements \u00e9conomiques. La salari\u00e9e est elle-m\u00eame concern\u00e9e par ces licenciements. L&#8217;employeur lui notifie son licenciement durant son cong\u00e9 maternit\u00e9, en pr\u00e9cisant que la rupture du contrat [&hellip;]<\/p>\n","protected":false},"author":32,"featured_media":0,"comment_status":"open","ping_status":"open","sticky":false,"template":"","format":"standard","meta":{"_acf_changed":false,"_mi_skip_tracking":false,"footnotes":""},"categories":[5],"tags":[],"class_list":["post-1700","post","type-post","status-publish","format-standard","hentry","category-droit-du-travail"],"acf":[],"yoast_head":"<!-- This site is optimized with the Yoast SEO plugin v23.4 - https:\/\/yoast.com\/wordpress\/plugins\/seo\/ -->\n<title>Licenciement d&#039;une salari\u00e9e en cong\u00e9 maternit\u00e9 : mission impossible - Le Blog GERESO<\/title>\n<meta name=\"robots\" content=\"index, follow, max-snippet:-1, max-image-preview:large, max-video-preview:-1\" \/>\n<link rel=\"canonical\" href=\"https:\/\/www.gereso.com\/actualites\/2008\/03\/01\/licenciement-dune-salariee-en-conge-maternite-mission-impossible\/\" \/>\n<meta property=\"og:locale\" content=\"fr_FR\" \/>\n<meta property=\"og:type\" content=\"article\" \/>\n<meta property=\"og:title\" content=\"Licenciement d&#039;une salari\u00e9e en cong\u00e9 maternit\u00e9 : mission impossible - Le Blog GERESO\" \/>\n<meta property=\"og:description\" content=\"L&rsquo;histoire Une salari\u00e9e, employ\u00e9e en CDI en tant que m\u00e9canicienne, est en cong\u00e9 maternit\u00e9. \u00a0L&rsquo;entreprise dans laquelle elle travaille est d\u00e9clar\u00e9e en liquidation judiciaire et l&#8217;employeur proc\u00e8de \u00e0 plusieurs licenciements \u00e9conomiques. La salari\u00e9e est elle-m\u00eame concern\u00e9e par ces licenciements. L&#8217;employeur lui notifie son licenciement durant son cong\u00e9 maternit\u00e9, en pr\u00e9cisant que la rupture du contrat [&hellip;]\" \/>\n<meta property=\"og:url\" content=\"https:\/\/www.gereso.com\/actualites\/2008\/03\/01\/licenciement-dune-salariee-en-conge-maternite-mission-impossible\/\" \/>\n<meta property=\"og:site_name\" content=\"Le Blog GERESO\" \/>\n<meta property=\"article:published_time\" content=\"2008-02-29T22:00:00+00:00\" \/>\n<meta name=\"author\" content=\"\u00c9quipe GERESO\" \/>\n<meta name=\"twitter:card\" content=\"summary_large_image\" \/>\n<script type=\"application\/ld+json\" class=\"yoast-schema-graph\">{\"@context\":\"https:\/\/schema.org\",\"@graph\":[{\"@type\":\"WebPage\",\"@id\":\"https:\/\/www.gereso.com\/actualites\/2008\/03\/01\/licenciement-dune-salariee-en-conge-maternite-mission-impossible\/\",\"url\":\"https:\/\/www.gereso.com\/actualites\/2008\/03\/01\/licenciement-dune-salariee-en-conge-maternite-mission-impossible\/\",\"name\":\"Licenciement d&#039;une salari\u00e9e en cong\u00e9 maternit\u00e9 : mission impossible - Le Blog GERESO\",\"isPartOf\":{\"@id\":\"https:\/\/www.gereso.com\/actualites\/#website\"},\"datePublished\":\"2008-02-29T22:00:00+00:00\",\"dateModified\":\"2008-02-29T22:00:00+00:00\",\"author\":{\"@id\":\"https:\/\/www.gereso.com\/actualites\/#\/schema\/person\/197d8aef40cb4ae3f6a0aa9e1d3df2a6\"},\"breadcrumb\":{\"@id\":\"https:\/\/www.gereso.com\/actualites\/2008\/03\/01\/licenciement-dune-salariee-en-conge-maternite-mission-impossible\/#breadcrumb\"},\"inLanguage\":\"fr-FR\",\"potentialAction\":[{\"@type\":\"ReadAction\",\"target\":[\"https:\/\/www.gereso.com\/actualites\/2008\/03\/01\/licenciement-dune-salariee-en-conge-maternite-mission-impossible\/\"]}]},{\"@type\":\"BreadcrumbList\",\"@id\":\"https:\/\/www.gereso.com\/actualites\/2008\/03\/01\/licenciement-dune-salariee-en-conge-maternite-mission-impossible\/#breadcrumb\",\"itemListElement\":[{\"@type\":\"ListItem\",\"position\":1,\"name\":\"Home\",\"item\":\"https:\/\/www.gereso.com\/actualites\/\"},{\"@type\":\"ListItem\",\"position\":2,\"name\":\"Licenciement d&#039;une salari\u00e9e en cong\u00e9 maternit\u00e9 : mission impossible\"}]},{\"@type\":\"WebSite\",\"@id\":\"https:\/\/www.gereso.com\/actualites\/#website\",\"url\":\"https:\/\/www.gereso.com\/actualites\/\",\"name\":\"Le Blog GERESO\",\"description\":\"Toute l&#039;actu RH, Finance, Fonction Publique, Management...\",\"potentialAction\":[{\"@type\":\"SearchAction\",\"target\":{\"@type\":\"EntryPoint\",\"urlTemplate\":\"https:\/\/www.gereso.com\/actualites\/?s={search_term_string}\"},\"query-input\":{\"@type\":\"PropertyValueSpecification\",\"valueRequired\":true,\"valueName\":\"search_term_string\"}}],\"inLanguage\":\"fr-FR\"},{\"@type\":\"Person\",\"@id\":\"https:\/\/www.gereso.com\/actualites\/#\/schema\/person\/197d8aef40cb4ae3f6a0aa9e1d3df2a6\",\"name\":\"\u00c9quipe GERESO\",\"image\":{\"@type\":\"ImageObject\",\"inLanguage\":\"fr-FR\",\"@id\":\"https:\/\/www.gereso.com\/actualites\/#\/schema\/person\/image\/\",\"url\":\"https:\/\/www.gereso.com\/actualites\/wp-content\/uploads\/2013\/12\/avatar-gereso-1.png\",\"contentUrl\":\"https:\/\/www.gereso.com\/actualites\/wp-content\/uploads\/2013\/12\/avatar-gereso-1.png\",\"caption\":\"\u00c9quipe GERESO\"},\"url\":\"https:\/\/www.gereso.com\/actualites\/author\/gereso\/\"}]}<\/script>\n<!-- \/ Yoast SEO plugin. -->","yoast_head_json":{"title":"Licenciement d&#039;une salari\u00e9e en cong\u00e9 maternit\u00e9 : mission impossible - Le Blog GERESO","robots":{"index":"index","follow":"follow","max-snippet":"max-snippet:-1","max-image-preview":"max-image-preview:large","max-video-preview":"max-video-preview:-1"},"canonical":"https:\/\/www.gereso.com\/actualites\/2008\/03\/01\/licenciement-dune-salariee-en-conge-maternite-mission-impossible\/","og_locale":"fr_FR","og_type":"article","og_title":"Licenciement d&#039;une salari\u00e9e en cong\u00e9 maternit\u00e9 : mission impossible - Le Blog GERESO","og_description":"L&rsquo;histoire Une salari\u00e9e, employ\u00e9e en CDI en tant que m\u00e9canicienne, est en cong\u00e9 maternit\u00e9. \u00a0L&rsquo;entreprise dans laquelle elle travaille est d\u00e9clar\u00e9e en liquidation judiciaire et l&#8217;employeur proc\u00e8de \u00e0 plusieurs licenciements \u00e9conomiques. La salari\u00e9e est elle-m\u00eame concern\u00e9e par ces licenciements. L&#8217;employeur lui notifie son licenciement durant son cong\u00e9 maternit\u00e9, en pr\u00e9cisant que la rupture du contrat [&hellip;]","og_url":"https:\/\/www.gereso.com\/actualites\/2008\/03\/01\/licenciement-dune-salariee-en-conge-maternite-mission-impossible\/","og_site_name":"Le Blog GERESO","article_published_time":"2008-02-29T22:00:00+00:00","author":"\u00c9quipe GERESO","twitter_card":"summary_large_image","schema":{"@context":"https:\/\/schema.org","@graph":[{"@type":"WebPage","@id":"https:\/\/www.gereso.com\/actualites\/2008\/03\/01\/licenciement-dune-salariee-en-conge-maternite-mission-impossible\/","url":"https:\/\/www.gereso.com\/actualites\/2008\/03\/01\/licenciement-dune-salariee-en-conge-maternite-mission-impossible\/","name":"Licenciement d&#039;une salari\u00e9e en cong\u00e9 maternit\u00e9 : mission impossible - Le Blog GERESO","isPartOf":{"@id":"https:\/\/www.gereso.com\/actualites\/#website"},"datePublished":"2008-02-29T22:00:00+00:00","dateModified":"2008-02-29T22:00:00+00:00","author":{"@id":"https:\/\/www.gereso.com\/actualites\/#\/schema\/person\/197d8aef40cb4ae3f6a0aa9e1d3df2a6"},"breadcrumb":{"@id":"https:\/\/www.gereso.com\/actualites\/2008\/03\/01\/licenciement-dune-salariee-en-conge-maternite-mission-impossible\/#breadcrumb"},"inLanguage":"fr-FR","potentialAction":[{"@type":"ReadAction","target":["https:\/\/www.gereso.com\/actualites\/2008\/03\/01\/licenciement-dune-salariee-en-conge-maternite-mission-impossible\/"]}]},{"@type":"BreadcrumbList","@id":"https:\/\/www.gereso.com\/actualites\/2008\/03\/01\/licenciement-dune-salariee-en-conge-maternite-mission-impossible\/#breadcrumb","itemListElement":[{"@type":"ListItem","position":1,"name":"Home","item":"https:\/\/www.gereso.com\/actualites\/"},{"@type":"ListItem","position":2,"name":"Licenciement d&#039;une salari\u00e9e en cong\u00e9 maternit\u00e9 : mission impossible"}]},{"@type":"WebSite","@id":"https:\/\/www.gereso.com\/actualites\/#website","url":"https:\/\/www.gereso.com\/actualites\/","name":"Le Blog GERESO","description":"Toute l&#039;actu RH, Finance, Fonction Publique, Management...","potentialAction":[{"@type":"SearchAction","target":{"@type":"EntryPoint","urlTemplate":"https:\/\/www.gereso.com\/actualites\/?s={search_term_string}"},"query-input":{"@type":"PropertyValueSpecification","valueRequired":true,"valueName":"search_term_string"}}],"inLanguage":"fr-FR"},{"@type":"Person","@id":"https:\/\/www.gereso.com\/actualites\/#\/schema\/person\/197d8aef40cb4ae3f6a0aa9e1d3df2a6","name":"\u00c9quipe GERESO","image":{"@type":"ImageObject","inLanguage":"fr-FR","@id":"https:\/\/www.gereso.com\/actualites\/#\/schema\/person\/image\/","url":"https:\/\/www.gereso.com\/actualites\/wp-content\/uploads\/2013\/12\/avatar-gereso-1.png","contentUrl":"https:\/\/www.gereso.com\/actualites\/wp-content\/uploads\/2013\/12\/avatar-gereso-1.png","caption":"\u00c9quipe GERESO"},"url":"https:\/\/www.gereso.com\/actualites\/author\/gereso\/"}]}},"_links":{"self":[{"href":"https:\/\/www.gereso.com\/actualites\/wp-json\/wp\/v2\/posts\/1700","targetHints":{"allow":["GET"]}}],"collection":[{"href":"https:\/\/www.gereso.com\/actualites\/wp-json\/wp\/v2\/posts"}],"about":[{"href":"https:\/\/www.gereso.com\/actualites\/wp-json\/wp\/v2\/types\/post"}],"author":[{"embeddable":true,"href":"https:\/\/www.gereso.com\/actualites\/wp-json\/wp\/v2\/users\/32"}],"replies":[{"embeddable":true,"href":"https:\/\/www.gereso.com\/actualites\/wp-json\/wp\/v2\/comments?post=1700"}],"version-history":[{"count":0,"href":"https:\/\/www.gereso.com\/actualites\/wp-json\/wp\/v2\/posts\/1700\/revisions"}],"wp:attachment":[{"href":"https:\/\/www.gereso.com\/actualites\/wp-json\/wp\/v2\/media?parent=1700"}],"wp:term":[{"taxonomy":"category","embeddable":true,"href":"https:\/\/www.gereso.com\/actualites\/wp-json\/wp\/v2\/categories?post=1700"},{"taxonomy":"post_tag","embeddable":true,"href":"https:\/\/www.gereso.com\/actualites\/wp-json\/wp\/v2\/tags?post=1700"}],"curies":[{"name":"wp","href":"https:\/\/api.w.org\/{rel}","templated":true}]}}