{"id":1701,"date":"2007-06-01T00:00:00","date_gmt":"2007-05-31T22:00:00","guid":{"rendered":"https:\/\/www.gereso.com\/actualites\/2007\/06\/licenciement-pour-insuffisance-professionnelle-le-salarie-navait-pas-reussi-a-atteindre-ses-objectifs\/"},"modified":"2007-06-01T00:00:00","modified_gmt":"2007-05-31T22:00:00","slug":"licenciement-pour-insuffisance-professionnelle-le-salarie-navait-pas-reussi-a-atteindre-ses-objectifs","status":"publish","type":"post","link":"https:\/\/www.gereso.com\/actualites\/2007\/06\/01\/licenciement-pour-insuffisance-professionnelle-le-salarie-navait-pas-reussi-a-atteindre-ses-objectifs\/","title":{"rendered":"Licenciement pour insuffisance professionnelle : le salari\u00e9 n&#039;avait pas r\u00e9ussi \u00e0 atteindre ses objectifs"},"content":{"rendered":"<h3>L&rsquo;histoire<\/h3>\n<p>M.X. avait \u00e9t\u00e9 engag\u00e9 comme attach\u00e9 commercial. Il \u00e9tait charg\u00e9 de vendredes farines aupr\u00e8s d&rsquo;une client\u00e8le d&rsquo;artisans boulangers-p\u00e2tissiers. <\/p>\n<p>L&#8217;employeur avait fix\u00e9 au salari\u00e9 <b>des objectifs chiffr\u00e9s \u00e0 atteindre<\/b>.Or, le salari\u00e9 n&rsquo;arrivait pas \u00e0 r\u00e9aliser le nombre de vente requis. Ilavait m\u00eame vu ses r\u00e9sultats diminuer de mani\u00e8re constante.<\/p>\n<p>L&#8217;employeur, suite \u00e0 un rappel des objectifs et en l&rsquo;absence d&rsquo;am\u00e9lioration, avait d\u00e9cid\u00e9 de<b> licencier le salari\u00e9<\/b>.<\/p>\n<p>Le salari\u00e9, <b>estimant son licenciement sans cause r\u00e9elle et s\u00e9rieuse<\/b>, a saisi le Conseil de prud&rsquo;hommes afin d&rsquo;obtenir des dommages et int\u00e9r\u00eats.<\/p>\n<h3>Ce qu&rsquo;en disent les juges :<\/h3>\n<p>Les juges ont constat\u00e9 que<b> les objectifs fix\u00e9s par l&#8217;employeur \u00e9taient r\u00e9alistes.<\/b><\/p>\n<p>Ils ont d\u00e9termin\u00e9 que <b>l&rsquo;insuffisancepersistante des r\u00e9sultats inf\u00e9rieurs aux objectifs n&rsquo;avait pas pourorigine une cause ext\u00e9rieure mais une insuffisance professionnelle dusalari\u00e9.<\/b><\/p>\n<p>L&rsquo;insuffisance de r\u00e9sultat constituait donc bien <b>une cause r\u00e9elle et s\u00e9rieuse de licenciement.<\/b><\/p>\n<h3>Ce qu&rsquo;il faut retenir :<\/h3>\n<li><b>L&rsquo;insuffisance professionnelle<\/b> permet de rompre le contrat de travail d&rsquo;un salari\u00e9.<\/li>\n<li>On ne peut jamais consid\u00e9rer l&rsquo;insuffisance professionnelle comme une faute. Par cons\u00e9quent, <b>le licenciement qui en d\u00e9coule ne peut jamais \u00eatre disciplinaire.<\/b><\/li>\n<li>Pour justifier un licenciement, l&rsquo;insuffisance professionnelle bas\u00e9e sur<b> l&rsquo;incapacit\u00e9 d&rsquo;atteindre des objectifs<\/b> :<\/li>\n<li>Ne doit pas avoir pour origine <b>une cause ext\u00e9rieure<\/b>.<\/li>\n<li>Ne doit pas \u00eatre bas\u00e9e sur <b>des objectifs irr\u00e9alisables<\/b>.<\/li>\n<p>Sources : Arr\u00eat de la chambre sociale de la cour de cassation du 14 juin 2007 n\u00b006-42907, juritravail.com<\/p>\n","protected":false},"excerpt":{"rendered":"<p>L&rsquo;histoire M.X. avait \u00e9t\u00e9 engag\u00e9 comme attach\u00e9 commercial. Il \u00e9tait charg\u00e9 de vendredes farines aupr\u00e8s d&rsquo;une client\u00e8le d&rsquo;artisans boulangers-p\u00e2tissiers. L&#8217;employeur avait fix\u00e9 au salari\u00e9 des objectifs chiffr\u00e9s \u00e0 atteindre.Or, le salari\u00e9 n&rsquo;arrivait pas \u00e0 r\u00e9aliser le nombre de vente requis. Ilavait m\u00eame vu ses r\u00e9sultats diminuer de mani\u00e8re constante. L&#8217;employeur, suite \u00e0 un rappel des [&hellip;]<\/p>\n","protected":false},"author":32,"featured_media":0,"comment_status":"open","ping_status":"open","sticky":false,"template":"","format":"standard","meta":{"_acf_changed":false,"_mi_skip_tracking":false,"footnotes":""},"categories":[5],"tags":[],"class_list":["post-1701","post","type-post","status-publish","format-standard","hentry","category-droit-du-travail"],"acf":[],"yoast_head":"<!-- This site is optimized with the Yoast SEO plugin v23.4 - https:\/\/yoast.com\/wordpress\/plugins\/seo\/ -->\n<title>Licenciement pour insuffisance professionnelle : le salari\u00e9 n&#039;avait pas r\u00e9ussi \u00e0 atteindre ses objectifs - Le Blog GERESO<\/title>\n<meta name=\"robots\" content=\"index, follow, max-snippet:-1, max-image-preview:large, max-video-preview:-1\" \/>\n<link rel=\"canonical\" href=\"https:\/\/www.gereso.com\/actualites\/2007\/06\/01\/licenciement-pour-insuffisance-professionnelle-le-salarie-navait-pas-reussi-a-atteindre-ses-objectifs\/\" \/>\n<meta property=\"og:locale\" content=\"fr_FR\" \/>\n<meta property=\"og:type\" content=\"article\" \/>\n<meta property=\"og:title\" content=\"Licenciement pour insuffisance professionnelle : le salari\u00e9 n&#039;avait pas r\u00e9ussi \u00e0 atteindre ses objectifs - Le Blog GERESO\" \/>\n<meta property=\"og:description\" content=\"L&rsquo;histoire M.X. avait \u00e9t\u00e9 engag\u00e9 comme attach\u00e9 commercial. Il \u00e9tait charg\u00e9 de vendredes farines aupr\u00e8s d&rsquo;une client\u00e8le d&rsquo;artisans boulangers-p\u00e2tissiers. L&#8217;employeur avait fix\u00e9 au salari\u00e9 des objectifs chiffr\u00e9s \u00e0 atteindre.Or, le salari\u00e9 n&rsquo;arrivait pas \u00e0 r\u00e9aliser le nombre de vente requis. Ilavait m\u00eame vu ses r\u00e9sultats diminuer de mani\u00e8re constante. L&#8217;employeur, suite \u00e0 un rappel des [&hellip;]\" \/>\n<meta property=\"og:url\" content=\"https:\/\/www.gereso.com\/actualites\/2007\/06\/01\/licenciement-pour-insuffisance-professionnelle-le-salarie-navait-pas-reussi-a-atteindre-ses-objectifs\/\" \/>\n<meta property=\"og:site_name\" content=\"Le Blog GERESO\" \/>\n<meta property=\"article:published_time\" content=\"2007-05-31T22:00:00+00:00\" \/>\n<meta name=\"author\" content=\"\u00c9quipe GERESO\" \/>\n<meta name=\"twitter:card\" content=\"summary_large_image\" \/>\n<script type=\"application\/ld+json\" class=\"yoast-schema-graph\">{\"@context\":\"https:\/\/schema.org\",\"@graph\":[{\"@type\":\"WebPage\",\"@id\":\"https:\/\/www.gereso.com\/actualites\/2007\/06\/01\/licenciement-pour-insuffisance-professionnelle-le-salarie-navait-pas-reussi-a-atteindre-ses-objectifs\/\",\"url\":\"https:\/\/www.gereso.com\/actualites\/2007\/06\/01\/licenciement-pour-insuffisance-professionnelle-le-salarie-navait-pas-reussi-a-atteindre-ses-objectifs\/\",\"name\":\"Licenciement pour insuffisance professionnelle : le salari\u00e9 n&#039;avait pas r\u00e9ussi \u00e0 atteindre ses objectifs - Le Blog GERESO\",\"isPartOf\":{\"@id\":\"https:\/\/www.gereso.com\/actualites\/#website\"},\"datePublished\":\"2007-05-31T22:00:00+00:00\",\"dateModified\":\"2007-05-31T22:00:00+00:00\",\"author\":{\"@id\":\"https:\/\/www.gereso.com\/actualites\/#\/schema\/person\/197d8aef40cb4ae3f6a0aa9e1d3df2a6\"},\"breadcrumb\":{\"@id\":\"https:\/\/www.gereso.com\/actualites\/2007\/06\/01\/licenciement-pour-insuffisance-professionnelle-le-salarie-navait-pas-reussi-a-atteindre-ses-objectifs\/#breadcrumb\"},\"inLanguage\":\"fr-FR\",\"potentialAction\":[{\"@type\":\"ReadAction\",\"target\":[\"https:\/\/www.gereso.com\/actualites\/2007\/06\/01\/licenciement-pour-insuffisance-professionnelle-le-salarie-navait-pas-reussi-a-atteindre-ses-objectifs\/\"]}]},{\"@type\":\"BreadcrumbList\",\"@id\":\"https:\/\/www.gereso.com\/actualites\/2007\/06\/01\/licenciement-pour-insuffisance-professionnelle-le-salarie-navait-pas-reussi-a-atteindre-ses-objectifs\/#breadcrumb\",\"itemListElement\":[{\"@type\":\"ListItem\",\"position\":1,\"name\":\"Home\",\"item\":\"https:\/\/www.gereso.com\/actualites\/\"},{\"@type\":\"ListItem\",\"position\":2,\"name\":\"Licenciement pour insuffisance professionnelle : le salari\u00e9 n&#039;avait pas r\u00e9ussi \u00e0 atteindre ses objectifs\"}]},{\"@type\":\"WebSite\",\"@id\":\"https:\/\/www.gereso.com\/actualites\/#website\",\"url\":\"https:\/\/www.gereso.com\/actualites\/\",\"name\":\"Le Blog GERESO\",\"description\":\"Toute l&#039;actu RH, Finance, Fonction Publique, Management...\",\"potentialAction\":[{\"@type\":\"SearchAction\",\"target\":{\"@type\":\"EntryPoint\",\"urlTemplate\":\"https:\/\/www.gereso.com\/actualites\/?s={search_term_string}\"},\"query-input\":{\"@type\":\"PropertyValueSpecification\",\"valueRequired\":true,\"valueName\":\"search_term_string\"}}],\"inLanguage\":\"fr-FR\"},{\"@type\":\"Person\",\"@id\":\"https:\/\/www.gereso.com\/actualites\/#\/schema\/person\/197d8aef40cb4ae3f6a0aa9e1d3df2a6\",\"name\":\"\u00c9quipe GERESO\",\"image\":{\"@type\":\"ImageObject\",\"inLanguage\":\"fr-FR\",\"@id\":\"https:\/\/www.gereso.com\/actualites\/#\/schema\/person\/image\/\",\"url\":\"https:\/\/www.gereso.com\/actualites\/wp-content\/uploads\/2013\/12\/avatar-gereso-1.png\",\"contentUrl\":\"https:\/\/www.gereso.com\/actualites\/wp-content\/uploads\/2013\/12\/avatar-gereso-1.png\",\"caption\":\"\u00c9quipe GERESO\"},\"url\":\"https:\/\/www.gereso.com\/actualites\/author\/gereso\/\"}]}<\/script>\n<!-- \/ Yoast SEO plugin. -->","yoast_head_json":{"title":"Licenciement pour insuffisance professionnelle : le salari\u00e9 n&#039;avait pas r\u00e9ussi \u00e0 atteindre ses objectifs - Le Blog GERESO","robots":{"index":"index","follow":"follow","max-snippet":"max-snippet:-1","max-image-preview":"max-image-preview:large","max-video-preview":"max-video-preview:-1"},"canonical":"https:\/\/www.gereso.com\/actualites\/2007\/06\/01\/licenciement-pour-insuffisance-professionnelle-le-salarie-navait-pas-reussi-a-atteindre-ses-objectifs\/","og_locale":"fr_FR","og_type":"article","og_title":"Licenciement pour insuffisance professionnelle : le salari\u00e9 n&#039;avait pas r\u00e9ussi \u00e0 atteindre ses objectifs - Le Blog GERESO","og_description":"L&rsquo;histoire M.X. avait \u00e9t\u00e9 engag\u00e9 comme attach\u00e9 commercial. Il \u00e9tait charg\u00e9 de vendredes farines aupr\u00e8s d&rsquo;une client\u00e8le d&rsquo;artisans boulangers-p\u00e2tissiers. L&#8217;employeur avait fix\u00e9 au salari\u00e9 des objectifs chiffr\u00e9s \u00e0 atteindre.Or, le salari\u00e9 n&rsquo;arrivait pas \u00e0 r\u00e9aliser le nombre de vente requis. Ilavait m\u00eame vu ses r\u00e9sultats diminuer de mani\u00e8re constante. L&#8217;employeur, suite \u00e0 un rappel des [&hellip;]","og_url":"https:\/\/www.gereso.com\/actualites\/2007\/06\/01\/licenciement-pour-insuffisance-professionnelle-le-salarie-navait-pas-reussi-a-atteindre-ses-objectifs\/","og_site_name":"Le Blog GERESO","article_published_time":"2007-05-31T22:00:00+00:00","author":"\u00c9quipe GERESO","twitter_card":"summary_large_image","schema":{"@context":"https:\/\/schema.org","@graph":[{"@type":"WebPage","@id":"https:\/\/www.gereso.com\/actualites\/2007\/06\/01\/licenciement-pour-insuffisance-professionnelle-le-salarie-navait-pas-reussi-a-atteindre-ses-objectifs\/","url":"https:\/\/www.gereso.com\/actualites\/2007\/06\/01\/licenciement-pour-insuffisance-professionnelle-le-salarie-navait-pas-reussi-a-atteindre-ses-objectifs\/","name":"Licenciement pour insuffisance professionnelle : le salari\u00e9 n&#039;avait pas r\u00e9ussi \u00e0 atteindre ses objectifs - Le Blog GERESO","isPartOf":{"@id":"https:\/\/www.gereso.com\/actualites\/#website"},"datePublished":"2007-05-31T22:00:00+00:00","dateModified":"2007-05-31T22:00:00+00:00","author":{"@id":"https:\/\/www.gereso.com\/actualites\/#\/schema\/person\/197d8aef40cb4ae3f6a0aa9e1d3df2a6"},"breadcrumb":{"@id":"https:\/\/www.gereso.com\/actualites\/2007\/06\/01\/licenciement-pour-insuffisance-professionnelle-le-salarie-navait-pas-reussi-a-atteindre-ses-objectifs\/#breadcrumb"},"inLanguage":"fr-FR","potentialAction":[{"@type":"ReadAction","target":["https:\/\/www.gereso.com\/actualites\/2007\/06\/01\/licenciement-pour-insuffisance-professionnelle-le-salarie-navait-pas-reussi-a-atteindre-ses-objectifs\/"]}]},{"@type":"BreadcrumbList","@id":"https:\/\/www.gereso.com\/actualites\/2007\/06\/01\/licenciement-pour-insuffisance-professionnelle-le-salarie-navait-pas-reussi-a-atteindre-ses-objectifs\/#breadcrumb","itemListElement":[{"@type":"ListItem","position":1,"name":"Home","item":"https:\/\/www.gereso.com\/actualites\/"},{"@type":"ListItem","position":2,"name":"Licenciement pour insuffisance professionnelle : le salari\u00e9 n&#039;avait pas r\u00e9ussi \u00e0 atteindre ses objectifs"}]},{"@type":"WebSite","@id":"https:\/\/www.gereso.com\/actualites\/#website","url":"https:\/\/www.gereso.com\/actualites\/","name":"Le Blog GERESO","description":"Toute l&#039;actu RH, Finance, Fonction Publique, Management...","potentialAction":[{"@type":"SearchAction","target":{"@type":"EntryPoint","urlTemplate":"https:\/\/www.gereso.com\/actualites\/?s={search_term_string}"},"query-input":{"@type":"PropertyValueSpecification","valueRequired":true,"valueName":"search_term_string"}}],"inLanguage":"fr-FR"},{"@type":"Person","@id":"https:\/\/www.gereso.com\/actualites\/#\/schema\/person\/197d8aef40cb4ae3f6a0aa9e1d3df2a6","name":"\u00c9quipe GERESO","image":{"@type":"ImageObject","inLanguage":"fr-FR","@id":"https:\/\/www.gereso.com\/actualites\/#\/schema\/person\/image\/","url":"https:\/\/www.gereso.com\/actualites\/wp-content\/uploads\/2013\/12\/avatar-gereso-1.png","contentUrl":"https:\/\/www.gereso.com\/actualites\/wp-content\/uploads\/2013\/12\/avatar-gereso-1.png","caption":"\u00c9quipe GERESO"},"url":"https:\/\/www.gereso.com\/actualites\/author\/gereso\/"}]}},"_links":{"self":[{"href":"https:\/\/www.gereso.com\/actualites\/wp-json\/wp\/v2\/posts\/1701","targetHints":{"allow":["GET"]}}],"collection":[{"href":"https:\/\/www.gereso.com\/actualites\/wp-json\/wp\/v2\/posts"}],"about":[{"href":"https:\/\/www.gereso.com\/actualites\/wp-json\/wp\/v2\/types\/post"}],"author":[{"embeddable":true,"href":"https:\/\/www.gereso.com\/actualites\/wp-json\/wp\/v2\/users\/32"}],"replies":[{"embeddable":true,"href":"https:\/\/www.gereso.com\/actualites\/wp-json\/wp\/v2\/comments?post=1701"}],"version-history":[{"count":0,"href":"https:\/\/www.gereso.com\/actualites\/wp-json\/wp\/v2\/posts\/1701\/revisions"}],"wp:attachment":[{"href":"https:\/\/www.gereso.com\/actualites\/wp-json\/wp\/v2\/media?parent=1701"}],"wp:term":[{"taxonomy":"category","embeddable":true,"href":"https:\/\/www.gereso.com\/actualites\/wp-json\/wp\/v2\/categories?post=1701"},{"taxonomy":"post_tag","embeddable":true,"href":"https:\/\/www.gereso.com\/actualites\/wp-json\/wp\/v2\/tags?post=1701"}],"curies":[{"name":"wp","href":"https:\/\/api.w.org\/{rel}","templated":true}]}}