{"id":1704,"date":"2007-06-01T00:00:00","date_gmt":"2007-05-31T22:00:00","guid":{"rendered":"https:\/\/www.gereso.com\/actualites\/2007\/06\/le-saviez-vous-entretien-prealable-au-licenciement\/"},"modified":"2007-06-01T00:00:00","modified_gmt":"2007-05-31T22:00:00","slug":"le-saviez-vous-entretien-prealable-au-licenciement","status":"publish","type":"post","link":"https:\/\/www.gereso.com\/actualites\/2007\/06\/01\/le-saviez-vous-entretien-prealable-au-licenciement\/","title":{"rendered":"Le saviez-vous&nbsp;? Entretien pr\u00e9alable au licenciement."},"content":{"rendered":"<p>Lors de l&rsquo;entretien pr\u00e9alable au licenciement du salari\u00e9, l&#8217;employeur peut se faire assister.<\/p>\n<li> Vrai&nbsp;?<\/li>\n<li> Faux&nbsp;?<\/li>\n<h3>R\u00e9ponse<\/h3>\n<p>La bonne r\u00e9ponse est : <b>Vrai<\/b><span style=\"font-weight: bold;\"><br \/><\/span><\/p>\n<p><span style=\"font-weight: bold;\">\u00a0<\/span>L&#8217;employeur m\u00e8ne lui-m\u00eame l&rsquo;entretien. <b>Il a \u00e9galement la possibilit\u00e9 de se faire repr\u00e9senter par un membre du personnel.<\/b><span style=\"font-weight: bold;\"><br \/><\/span><\/p>\n<p><span style=\"font-weight: bold;\">\u00a0<\/span>L&#8217;employeur peut, \u00e9galement, se faire assister par <b>une personne appartenant \u00e0 l&rsquo;entreprise<\/b>. <\/p>\n<p>Ainsi, un directeur du personnel d&rsquo;une soci\u00e9t\u00e9 m\u00e8re peut proc\u00e9der\u00e0l&rsquo;entretien pr\u00e9alable dans une filiale sans qu&rsquo;une d\u00e9l\u00e9gation depouvoir \u00e9crite soit n\u00e9cessaire (Chambre sociale de la Cour decassation, 19 janvier 2005).<\/p>\n<h3>Ce que l&#8217;employeur ne peut pas faire<\/h3>\n<p>En tout cas, <b>l&#8217;employeur ne peut pas faire appel \u00e0 une personne \u00e9trang\u00e8re \u00e0 l&rsquo;entreprise <\/b>:<\/p>\n<p>&#8211; <b>Un avocat<\/b> ne peut pas assister l&#8217;employeur (Chambre sociale de la Cour de cassation, 2 avril 1996 n\u00b0 93-42689)<\/p>\n<p><b>Cette assistance ne doit pas porter pr\u00e9judice au salari\u00e9 :<\/b><span style=\"font-weight: bold;\"><br \/><\/span><\/p>\n<p><span style=\"font-weight: bold;\">\u00a0<\/span>&#8211; Cela ne doit pas transformer l&rsquo;entretien pr\u00e9alable en <b>enqu\u00eate<\/b>.<\/p>\n<p>Ainsi, <b>l&rsquo;entretienpr\u00e9alable est irr\u00e9gulier d\u00e8s lors que sont pr\u00e9sents au cot\u00e9 del&#8217;employeur, le directeur des ressources humaines, le directeur de laproduction, le responsable de production<\/b> (Chambre sociale de la Cour de cassation, 28 mars 2007 n\u00b006-40970).<\/p>\n<p>&#8211; Cette assistance ne doit pas <b>d\u00e9tourner la proc\u00e9dure d&rsquo;entretien de son objet<\/b>.<\/p>\n<p>Ce qui est le cas lorsque les personnes assistant l&#8217;employeur sont <b>en conflit <\/b>avec le salari\u00e9 (Chambre sociale de la Cour de cassation, 20 juin 2007 n\u00b0 06-41823)<\/p>\n<p>Source : juritravail.com<\/p>\n","protected":false},"excerpt":{"rendered":"<p>Lors de l&rsquo;entretien pr\u00e9alable au licenciement du salari\u00e9, l&#8217;employeur peut se faire assister. Vrai&nbsp;? Faux&nbsp;? R\u00e9ponse La bonne r\u00e9ponse est : Vrai \u00a0L&#8217;employeur m\u00e8ne lui-m\u00eame l&rsquo;entretien. Il a \u00e9galement la possibilit\u00e9 de se faire repr\u00e9senter par un membre du personnel. \u00a0L&#8217;employeur peut, \u00e9galement, se faire assister par une personne appartenant \u00e0 l&rsquo;entreprise. Ainsi, un directeur [&hellip;]<\/p>\n","protected":false},"author":32,"featured_media":0,"comment_status":"open","ping_status":"open","sticky":false,"template":"","format":"standard","meta":{"_acf_changed":false,"_mi_skip_tracking":false,"footnotes":""},"categories":[5],"tags":[],"class_list":["post-1704","post","type-post","status-publish","format-standard","hentry","category-droit-du-travail"],"acf":[],"yoast_head":"<!-- This site is optimized with the Yoast SEO plugin v23.4 - https:\/\/yoast.com\/wordpress\/plugins\/seo\/ -->\n<title>Le saviez-vous&nbsp;? Entretien pr\u00e9alable au licenciement. - Le Blog GERESO<\/title>\n<meta name=\"robots\" content=\"index, follow, max-snippet:-1, max-image-preview:large, max-video-preview:-1\" \/>\n<link rel=\"canonical\" href=\"https:\/\/www.gereso.com\/actualites\/2007\/06\/01\/le-saviez-vous-entretien-prealable-au-licenciement\/\" \/>\n<meta property=\"og:locale\" content=\"fr_FR\" \/>\n<meta property=\"og:type\" content=\"article\" \/>\n<meta property=\"og:title\" content=\"Le saviez-vous&nbsp;? Entretien pr\u00e9alable au licenciement. - Le Blog GERESO\" \/>\n<meta property=\"og:description\" content=\"Lors de l&rsquo;entretien pr\u00e9alable au licenciement du salari\u00e9, l&#8217;employeur peut se faire assister. Vrai&nbsp;? Faux&nbsp;? R\u00e9ponse La bonne r\u00e9ponse est : Vrai \u00a0L&#8217;employeur m\u00e8ne lui-m\u00eame l&rsquo;entretien. Il a \u00e9galement la possibilit\u00e9 de se faire repr\u00e9senter par un membre du personnel. \u00a0L&#8217;employeur peut, \u00e9galement, se faire assister par une personne appartenant \u00e0 l&rsquo;entreprise. Ainsi, un directeur [&hellip;]\" \/>\n<meta property=\"og:url\" content=\"https:\/\/www.gereso.com\/actualites\/2007\/06\/01\/le-saviez-vous-entretien-prealable-au-licenciement\/\" \/>\n<meta property=\"og:site_name\" content=\"Le Blog GERESO\" \/>\n<meta property=\"article:published_time\" content=\"2007-05-31T22:00:00+00:00\" \/>\n<meta name=\"author\" content=\"\u00c9quipe GERESO\" \/>\n<meta name=\"twitter:card\" content=\"summary_large_image\" \/>\n<script type=\"application\/ld+json\" class=\"yoast-schema-graph\">{\"@context\":\"https:\/\/schema.org\",\"@graph\":[{\"@type\":\"WebPage\",\"@id\":\"https:\/\/www.gereso.com\/actualites\/2007\/06\/01\/le-saviez-vous-entretien-prealable-au-licenciement\/\",\"url\":\"https:\/\/www.gereso.com\/actualites\/2007\/06\/01\/le-saviez-vous-entretien-prealable-au-licenciement\/\",\"name\":\"Le saviez-vous&nbsp;? Entretien pr\u00e9alable au licenciement. - Le Blog GERESO\",\"isPartOf\":{\"@id\":\"https:\/\/www.gereso.com\/actualites\/#website\"},\"datePublished\":\"2007-05-31T22:00:00+00:00\",\"dateModified\":\"2007-05-31T22:00:00+00:00\",\"author\":{\"@id\":\"https:\/\/www.gereso.com\/actualites\/#\/schema\/person\/197d8aef40cb4ae3f6a0aa9e1d3df2a6\"},\"breadcrumb\":{\"@id\":\"https:\/\/www.gereso.com\/actualites\/2007\/06\/01\/le-saviez-vous-entretien-prealable-au-licenciement\/#breadcrumb\"},\"inLanguage\":\"fr-FR\",\"potentialAction\":[{\"@type\":\"ReadAction\",\"target\":[\"https:\/\/www.gereso.com\/actualites\/2007\/06\/01\/le-saviez-vous-entretien-prealable-au-licenciement\/\"]}]},{\"@type\":\"BreadcrumbList\",\"@id\":\"https:\/\/www.gereso.com\/actualites\/2007\/06\/01\/le-saviez-vous-entretien-prealable-au-licenciement\/#breadcrumb\",\"itemListElement\":[{\"@type\":\"ListItem\",\"position\":1,\"name\":\"Home\",\"item\":\"https:\/\/www.gereso.com\/actualites\/\"},{\"@type\":\"ListItem\",\"position\":2,\"name\":\"Le saviez-vous&nbsp;? Entretien pr\u00e9alable au licenciement.\"}]},{\"@type\":\"WebSite\",\"@id\":\"https:\/\/www.gereso.com\/actualites\/#website\",\"url\":\"https:\/\/www.gereso.com\/actualites\/\",\"name\":\"Le Blog GERESO\",\"description\":\"Toute l&#039;actu RH, Finance, Fonction Publique, Management...\",\"potentialAction\":[{\"@type\":\"SearchAction\",\"target\":{\"@type\":\"EntryPoint\",\"urlTemplate\":\"https:\/\/www.gereso.com\/actualites\/?s={search_term_string}\"},\"query-input\":{\"@type\":\"PropertyValueSpecification\",\"valueRequired\":true,\"valueName\":\"search_term_string\"}}],\"inLanguage\":\"fr-FR\"},{\"@type\":\"Person\",\"@id\":\"https:\/\/www.gereso.com\/actualites\/#\/schema\/person\/197d8aef40cb4ae3f6a0aa9e1d3df2a6\",\"name\":\"\u00c9quipe GERESO\",\"image\":{\"@type\":\"ImageObject\",\"inLanguage\":\"fr-FR\",\"@id\":\"https:\/\/www.gereso.com\/actualites\/#\/schema\/person\/image\/\",\"url\":\"https:\/\/www.gereso.com\/actualites\/wp-content\/uploads\/2013\/12\/avatar-gereso-1.png\",\"contentUrl\":\"https:\/\/www.gereso.com\/actualites\/wp-content\/uploads\/2013\/12\/avatar-gereso-1.png\",\"caption\":\"\u00c9quipe GERESO\"},\"url\":\"https:\/\/www.gereso.com\/actualites\/author\/gereso\/\"}]}<\/script>\n<!-- \/ Yoast SEO plugin. -->","yoast_head_json":{"title":"Le saviez-vous&nbsp;? Entretien pr\u00e9alable au licenciement. - Le Blog GERESO","robots":{"index":"index","follow":"follow","max-snippet":"max-snippet:-1","max-image-preview":"max-image-preview:large","max-video-preview":"max-video-preview:-1"},"canonical":"https:\/\/www.gereso.com\/actualites\/2007\/06\/01\/le-saviez-vous-entretien-prealable-au-licenciement\/","og_locale":"fr_FR","og_type":"article","og_title":"Le saviez-vous&nbsp;? Entretien pr\u00e9alable au licenciement. - Le Blog GERESO","og_description":"Lors de l&rsquo;entretien pr\u00e9alable au licenciement du salari\u00e9, l&#8217;employeur peut se faire assister. Vrai&nbsp;? Faux&nbsp;? R\u00e9ponse La bonne r\u00e9ponse est : Vrai \u00a0L&#8217;employeur m\u00e8ne lui-m\u00eame l&rsquo;entretien. Il a \u00e9galement la possibilit\u00e9 de se faire repr\u00e9senter par un membre du personnel. \u00a0L&#8217;employeur peut, \u00e9galement, se faire assister par une personne appartenant \u00e0 l&rsquo;entreprise. Ainsi, un directeur [&hellip;]","og_url":"https:\/\/www.gereso.com\/actualites\/2007\/06\/01\/le-saviez-vous-entretien-prealable-au-licenciement\/","og_site_name":"Le Blog GERESO","article_published_time":"2007-05-31T22:00:00+00:00","author":"\u00c9quipe GERESO","twitter_card":"summary_large_image","schema":{"@context":"https:\/\/schema.org","@graph":[{"@type":"WebPage","@id":"https:\/\/www.gereso.com\/actualites\/2007\/06\/01\/le-saviez-vous-entretien-prealable-au-licenciement\/","url":"https:\/\/www.gereso.com\/actualites\/2007\/06\/01\/le-saviez-vous-entretien-prealable-au-licenciement\/","name":"Le saviez-vous&nbsp;? Entretien pr\u00e9alable au licenciement. - Le Blog GERESO","isPartOf":{"@id":"https:\/\/www.gereso.com\/actualites\/#website"},"datePublished":"2007-05-31T22:00:00+00:00","dateModified":"2007-05-31T22:00:00+00:00","author":{"@id":"https:\/\/www.gereso.com\/actualites\/#\/schema\/person\/197d8aef40cb4ae3f6a0aa9e1d3df2a6"},"breadcrumb":{"@id":"https:\/\/www.gereso.com\/actualites\/2007\/06\/01\/le-saviez-vous-entretien-prealable-au-licenciement\/#breadcrumb"},"inLanguage":"fr-FR","potentialAction":[{"@type":"ReadAction","target":["https:\/\/www.gereso.com\/actualites\/2007\/06\/01\/le-saviez-vous-entretien-prealable-au-licenciement\/"]}]},{"@type":"BreadcrumbList","@id":"https:\/\/www.gereso.com\/actualites\/2007\/06\/01\/le-saviez-vous-entretien-prealable-au-licenciement\/#breadcrumb","itemListElement":[{"@type":"ListItem","position":1,"name":"Home","item":"https:\/\/www.gereso.com\/actualites\/"},{"@type":"ListItem","position":2,"name":"Le saviez-vous&nbsp;? Entretien pr\u00e9alable au licenciement."}]},{"@type":"WebSite","@id":"https:\/\/www.gereso.com\/actualites\/#website","url":"https:\/\/www.gereso.com\/actualites\/","name":"Le Blog GERESO","description":"Toute l&#039;actu RH, Finance, Fonction Publique, Management...","potentialAction":[{"@type":"SearchAction","target":{"@type":"EntryPoint","urlTemplate":"https:\/\/www.gereso.com\/actualites\/?s={search_term_string}"},"query-input":{"@type":"PropertyValueSpecification","valueRequired":true,"valueName":"search_term_string"}}],"inLanguage":"fr-FR"},{"@type":"Person","@id":"https:\/\/www.gereso.com\/actualites\/#\/schema\/person\/197d8aef40cb4ae3f6a0aa9e1d3df2a6","name":"\u00c9quipe GERESO","image":{"@type":"ImageObject","inLanguage":"fr-FR","@id":"https:\/\/www.gereso.com\/actualites\/#\/schema\/person\/image\/","url":"https:\/\/www.gereso.com\/actualites\/wp-content\/uploads\/2013\/12\/avatar-gereso-1.png","contentUrl":"https:\/\/www.gereso.com\/actualites\/wp-content\/uploads\/2013\/12\/avatar-gereso-1.png","caption":"\u00c9quipe GERESO"},"url":"https:\/\/www.gereso.com\/actualites\/author\/gereso\/"}]}},"_links":{"self":[{"href":"https:\/\/www.gereso.com\/actualites\/wp-json\/wp\/v2\/posts\/1704","targetHints":{"allow":["GET"]}}],"collection":[{"href":"https:\/\/www.gereso.com\/actualites\/wp-json\/wp\/v2\/posts"}],"about":[{"href":"https:\/\/www.gereso.com\/actualites\/wp-json\/wp\/v2\/types\/post"}],"author":[{"embeddable":true,"href":"https:\/\/www.gereso.com\/actualites\/wp-json\/wp\/v2\/users\/32"}],"replies":[{"embeddable":true,"href":"https:\/\/www.gereso.com\/actualites\/wp-json\/wp\/v2\/comments?post=1704"}],"version-history":[{"count":0,"href":"https:\/\/www.gereso.com\/actualites\/wp-json\/wp\/v2\/posts\/1704\/revisions"}],"wp:attachment":[{"href":"https:\/\/www.gereso.com\/actualites\/wp-json\/wp\/v2\/media?parent=1704"}],"wp:term":[{"taxonomy":"category","embeddable":true,"href":"https:\/\/www.gereso.com\/actualites\/wp-json\/wp\/v2\/categories?post=1704"},{"taxonomy":"post_tag","embeddable":true,"href":"https:\/\/www.gereso.com\/actualites\/wp-json\/wp\/v2\/tags?post=1704"}],"curies":[{"name":"wp","href":"https:\/\/api.w.org\/{rel}","templated":true}]}}