{"id":17054,"date":"2020-08-29T22:58:25","date_gmt":"2020-08-29T20:58:25","guid":{"rendered":"https:\/\/www.gereso.com\/actualites\/?p=17054"},"modified":"2020-08-29T22:58:27","modified_gmt":"2020-08-29T20:58:27","slug":"plan-de-relance-baisse-de-la-cvae-et-de-la-cfe","status":"publish","type":"post","link":"https:\/\/www.gereso.com\/actualites\/2020\/08\/29\/plan-de-relance-baisse-de-la-cvae-et-de-la-cfe\/","title":{"rendered":"Plan de relance : baisse de la CVAE et de la CFE"},"content":{"rendered":"\n<p>Lors de l\u2019universit\u00e9 d\u2019\u00e9t\u00e9 du\nMedef, le 26 ao\u00fbt dernier, le Premier ministre a annonc\u00e9 une baisse de la <strong>contribution\n\u00e9conomique territoriale<\/strong> (CVAE et CFE) pour les entreprises.<\/p>\n\n\n\n<h2 class=\"wp-block-heading\"><strong>Le plan de relance pr\u00e9sent\u00e9\nle 3 septembre<\/strong><\/h2>\n\n\n\n<p>Ce jeudi 3 septembre, le\nGouvernement pr\u00e9sentera <strong>le plan de relance<\/strong> qui devrait atteindre 100\nmilliards \u20ac. Il comprendra \u00e0 nouveau diverses <strong>aides<\/strong> aux entreprises pour\nfaire face aux cons\u00e9quences \u00e9conomique de la propagation du covid-19. <\/p>\n\n\n\n<p>En compl\u00e9ment du PGE (pr\u00eat garanti\npar l\u2019Etat), les entreprises pourront notamment utiliser des <strong>pr\u00eats participatifs<\/strong>\nd\u2019une dur\u00e9e de 7 ans en contrepartie de contraintes environnementales. Ces\npr\u00eats constituent des quasi-fonds propres et pr\u00e9sentent l\u2019avantage de ne pas\nr\u00e9duire la capacit\u00e9 d\u2019emprunt.<\/p>\n\n\n\n<p>D\u2019autres mesures d\u2019ordre\nfiscale devraient int\u00e9grer ce plan de relance. Bruno Le Maire, relay\u00e9 par le\nPremier ministre ont ainsi annonc\u00e9 une baisse des <strong>imp\u00f4ts de production<\/strong> \u00e0\nhauteur de <strong>10 milliards \u20ac<\/strong> par an.<\/p>\n\n\n\n<h2 class=\"wp-block-heading\"><strong>Baisse de la CVAE et de la\nCFE<\/strong><\/h2>\n\n\n\n<p>Dans son discours \u00e0 l\u2019universit\u00e9\nd\u2019\u00e9t\u00e9 du Medef, Jean Castex a pr\u00e9cis\u00e9 que la <strong>part r\u00e9gionale de la CVAE<\/strong>\n(cotisation sur la valeur ajout\u00e9e des entreprises) serait supprim\u00e9e. Les\nr\u00e9gions per\u00e7oivent actuellement 50% du produit de la CVAE et les communes et les\nd\u00e9partements respectivement 26,5% et 23,5%. Avec cette mesure, cet imp\u00f4t serait\n<strong>r\u00e9duit de moiti\u00e9<\/strong> pour les entreprises redevables, \u00e0 savoir celles dont\nle chiffre d\u2019affaires n\u2019exc\u00e8de pas 500.000 \u20ac.<\/p>\n\n\n\n<p>En outre, un abaissement du <strong>plafonnement<\/strong>\nde la contribution \u00e9conomique territoriale (<strong>CET<\/strong>), c\u2019est-\u00e0-dire de la\nr\u00e9union de la CVAE et des CFE (cotisation fonci\u00e8re des entreprises) dues a \u00e9t\u00e9\nannonc\u00e9. La CET sera plafonn\u00e9e d\u00e9sormais \u00e0 <strong>2% de la valeur ajout\u00e9e<\/strong> au\nlieu de 3% actuellement.<\/p>\n\n\n\n<p>Enfin, la m\u00e9thode de d\u00e9termination\nde la <strong>valeur locative des locaux industriels<\/strong> sera r\u00e9form\u00e9e \u00e0 compter de\n2021. Elle sert de base \u00e0 la d\u00e9termination de la CFE et de la taxe fonci\u00e8re. L\u2019objectif\nde la r\u00e9forme est de diviser par deux les imp\u00f4ts fonciers sur ces locaux. <\/p>\n\n\n\n<p>Toutes ces mesures\nint\u00e8greront le prochain <strong>projet de loi de finances pour 2021<\/strong> qui devrait\n\u00eatre pr\u00e9sent\u00e9 \u00e0 la fin du mois de septembre.<\/p>\n","protected":false},"excerpt":{"rendered":"<p>Lors de l\u2019universit\u00e9 d\u2019\u00e9t\u00e9 du Medef, le 26 ao\u00fbt dernier, le Premier ministre a annonc\u00e9 une baisse de la contribution \u00e9conomique territoriale (CVAE et CFE) pour les entreprises. Le plan de relance pr\u00e9sent\u00e9 le 3 septembre Ce jeudi 3 septembre, le Gouvernement pr\u00e9sentera le plan de relance qui devrait atteindre 100 milliards \u20ac. Il comprendra [&hellip;]<\/p>\n","protected":false},"author":45,"featured_media":0,"comment_status":"open","ping_status":"open","sticky":false,"template":"","format":"quote","meta":{"_acf_changed":false,"_mi_skip_tracking":false,"footnotes":""},"categories":[12,3],"tags":[1263,259,1102],"class_list":["post-17054","post","type-post","status-publish","format-quote","hentry","category-actualites","category-comptabilite-fiscalite-et-gestion-financiere","tag-cet","tag-cfe","tag-cvae","post_format-post-format-quote"],"acf":[],"yoast_head":"<!-- This site is optimized with the Yoast SEO plugin v23.4 - https:\/\/yoast.com\/wordpress\/plugins\/seo\/ -->\n<title>Plan de relance : baisse de la CVAE et de la CFE - Le Blog GERESO<\/title>\n<meta name=\"robots\" content=\"index, follow, max-snippet:-1, max-image-preview:large, max-video-preview:-1\" \/>\n<link rel=\"canonical\" href=\"https:\/\/www.gereso.com\/actualites\/2020\/08\/29\/plan-de-relance-baisse-de-la-cvae-et-de-la-cfe\/\" \/>\n<meta property=\"og:locale\" content=\"fr_FR\" \/>\n<meta property=\"og:type\" content=\"article\" \/>\n<meta property=\"og:title\" content=\"Plan de relance : baisse de la CVAE et de la CFE - Le Blog GERESO\" \/>\n<meta property=\"og:description\" content=\"Lors de l\u2019universit\u00e9 d\u2019\u00e9t\u00e9 du Medef, le 26 ao\u00fbt dernier, le Premier ministre a annonc\u00e9 une baisse de la contribution \u00e9conomique territoriale (CVAE et CFE) pour les entreprises. Le plan de relance pr\u00e9sent\u00e9 le 3 septembre Ce jeudi 3 septembre, le Gouvernement pr\u00e9sentera le plan de relance qui devrait atteindre 100 milliards \u20ac. Il comprendra [&hellip;]\" \/>\n<meta property=\"og:url\" content=\"https:\/\/www.gereso.com\/actualites\/2020\/08\/29\/plan-de-relance-baisse-de-la-cvae-et-de-la-cfe\/\" \/>\n<meta property=\"og:site_name\" content=\"Le Blog GERESO\" \/>\n<meta property=\"article:published_time\" content=\"2020-08-29T20:58:25+00:00\" \/>\n<meta property=\"article:modified_time\" content=\"2020-08-29T20:58:27+00:00\" \/>\n<meta name=\"author\" content=\"Damien P\u00e9an\" \/>\n<meta name=\"twitter:card\" content=\"summary_large_image\" \/>\n<script type=\"application\/ld+json\" class=\"yoast-schema-graph\">{\"@context\":\"https:\/\/schema.org\",\"@graph\":[{\"@type\":\"WebPage\",\"@id\":\"https:\/\/www.gereso.com\/actualites\/2020\/08\/29\/plan-de-relance-baisse-de-la-cvae-et-de-la-cfe\/\",\"url\":\"https:\/\/www.gereso.com\/actualites\/2020\/08\/29\/plan-de-relance-baisse-de-la-cvae-et-de-la-cfe\/\",\"name\":\"Plan de relance : baisse de la CVAE et de la CFE - Le Blog GERESO\",\"isPartOf\":{\"@id\":\"https:\/\/www.gereso.com\/actualites\/#website\"},\"datePublished\":\"2020-08-29T20:58:25+00:00\",\"dateModified\":\"2020-08-29T20:58:27+00:00\",\"author\":{\"@id\":\"https:\/\/www.gereso.com\/actualites\/#\/schema\/person\/c91814f92d627ed4715993fbbf7c7e8d\"},\"breadcrumb\":{\"@id\":\"https:\/\/www.gereso.com\/actualites\/2020\/08\/29\/plan-de-relance-baisse-de-la-cvae-et-de-la-cfe\/#breadcrumb\"},\"inLanguage\":\"fr-FR\",\"potentialAction\":[{\"@type\":\"ReadAction\",\"target\":[\"https:\/\/www.gereso.com\/actualites\/2020\/08\/29\/plan-de-relance-baisse-de-la-cvae-et-de-la-cfe\/\"]}]},{\"@type\":\"BreadcrumbList\",\"@id\":\"https:\/\/www.gereso.com\/actualites\/2020\/08\/29\/plan-de-relance-baisse-de-la-cvae-et-de-la-cfe\/#breadcrumb\",\"itemListElement\":[{\"@type\":\"ListItem\",\"position\":1,\"name\":\"Home\",\"item\":\"https:\/\/www.gereso.com\/actualites\/\"},{\"@type\":\"ListItem\",\"position\":2,\"name\":\"Plan de relance : baisse de la CVAE et de la CFE\"}]},{\"@type\":\"WebSite\",\"@id\":\"https:\/\/www.gereso.com\/actualites\/#website\",\"url\":\"https:\/\/www.gereso.com\/actualites\/\",\"name\":\"Le Blog GERESO\",\"description\":\"Toute l&#039;actu RH, Finance, Fonction Publique, Management...\",\"potentialAction\":[{\"@type\":\"SearchAction\",\"target\":{\"@type\":\"EntryPoint\",\"urlTemplate\":\"https:\/\/www.gereso.com\/actualites\/?s={search_term_string}\"},\"query-input\":{\"@type\":\"PropertyValueSpecification\",\"valueRequired\":true,\"valueName\":\"search_term_string\"}}],\"inLanguage\":\"fr-FR\"},{\"@type\":\"Person\",\"@id\":\"https:\/\/www.gereso.com\/actualites\/#\/schema\/person\/c91814f92d627ed4715993fbbf7c7e8d\",\"name\":\"Damien P\u00e9an\",\"image\":{\"@type\":\"ImageObject\",\"inLanguage\":\"fr-FR\",\"@id\":\"https:\/\/www.gereso.com\/actualites\/#\/schema\/person\/image\/\",\"url\":\"https:\/\/www.gereso.com\/actualites\/wp-content\/uploads\/2016\/03\/damien-pean.jpg\",\"contentUrl\":\"https:\/\/www.gereso.com\/actualites\/wp-content\/uploads\/2016\/03\/damien-pean.jpg\",\"caption\":\"Damien P\u00e9an\"},\"description\":\"Damien P\u00c9AN est titulaire du Dipl\u00f4me d'\u00e9tudes sup\u00e9rieures comptables et financi\u00e8res (DESCF). Il intervient depuis plusieurs ann\u00e9es aupr\u00e8s d'\u00e9tudiants en licence de comptabilit\u00e9 et de gestion, \u00e0 qui il enseigne le contr\u00f4le de gestion, la comptabilit\u00e9 approfondie, le management, la fiscalit\u00e9, le droit des soci\u00e9t\u00e9s et le droit du travail. Il intervient \u00e9galement en formation continue pour le compte de divers organismes de formation sur des th\u00e9matiques techniques en comptabilit\u00e9 et fiscalit\u00e9. Il forme aussi un public de non-initi\u00e9s aux fondamentaux de la finance.\",\"url\":\"https:\/\/www.gereso.com\/actualites\/author\/d-pean\/\"}]}<\/script>\n<!-- \/ Yoast SEO plugin. -->","yoast_head_json":{"title":"Plan de relance : baisse de la CVAE et de la CFE - Le Blog GERESO","robots":{"index":"index","follow":"follow","max-snippet":"max-snippet:-1","max-image-preview":"max-image-preview:large","max-video-preview":"max-video-preview:-1"},"canonical":"https:\/\/www.gereso.com\/actualites\/2020\/08\/29\/plan-de-relance-baisse-de-la-cvae-et-de-la-cfe\/","og_locale":"fr_FR","og_type":"article","og_title":"Plan de relance : baisse de la CVAE et de la CFE - Le Blog GERESO","og_description":"Lors de l\u2019universit\u00e9 d\u2019\u00e9t\u00e9 du Medef, le 26 ao\u00fbt dernier, le Premier ministre a annonc\u00e9 une baisse de la contribution \u00e9conomique territoriale (CVAE et CFE) pour les entreprises. Le plan de relance pr\u00e9sent\u00e9 le 3 septembre Ce jeudi 3 septembre, le Gouvernement pr\u00e9sentera le plan de relance qui devrait atteindre 100 milliards \u20ac. Il comprendra [&hellip;]","og_url":"https:\/\/www.gereso.com\/actualites\/2020\/08\/29\/plan-de-relance-baisse-de-la-cvae-et-de-la-cfe\/","og_site_name":"Le Blog GERESO","article_published_time":"2020-08-29T20:58:25+00:00","article_modified_time":"2020-08-29T20:58:27+00:00","author":"Damien P\u00e9an","twitter_card":"summary_large_image","schema":{"@context":"https:\/\/schema.org","@graph":[{"@type":"WebPage","@id":"https:\/\/www.gereso.com\/actualites\/2020\/08\/29\/plan-de-relance-baisse-de-la-cvae-et-de-la-cfe\/","url":"https:\/\/www.gereso.com\/actualites\/2020\/08\/29\/plan-de-relance-baisse-de-la-cvae-et-de-la-cfe\/","name":"Plan de relance : baisse de la CVAE et de la CFE - Le Blog GERESO","isPartOf":{"@id":"https:\/\/www.gereso.com\/actualites\/#website"},"datePublished":"2020-08-29T20:58:25+00:00","dateModified":"2020-08-29T20:58:27+00:00","author":{"@id":"https:\/\/www.gereso.com\/actualites\/#\/schema\/person\/c91814f92d627ed4715993fbbf7c7e8d"},"breadcrumb":{"@id":"https:\/\/www.gereso.com\/actualites\/2020\/08\/29\/plan-de-relance-baisse-de-la-cvae-et-de-la-cfe\/#breadcrumb"},"inLanguage":"fr-FR","potentialAction":[{"@type":"ReadAction","target":["https:\/\/www.gereso.com\/actualites\/2020\/08\/29\/plan-de-relance-baisse-de-la-cvae-et-de-la-cfe\/"]}]},{"@type":"BreadcrumbList","@id":"https:\/\/www.gereso.com\/actualites\/2020\/08\/29\/plan-de-relance-baisse-de-la-cvae-et-de-la-cfe\/#breadcrumb","itemListElement":[{"@type":"ListItem","position":1,"name":"Home","item":"https:\/\/www.gereso.com\/actualites\/"},{"@type":"ListItem","position":2,"name":"Plan de relance : baisse de la CVAE et de la CFE"}]},{"@type":"WebSite","@id":"https:\/\/www.gereso.com\/actualites\/#website","url":"https:\/\/www.gereso.com\/actualites\/","name":"Le Blog GERESO","description":"Toute l&#039;actu RH, Finance, Fonction Publique, Management...","potentialAction":[{"@type":"SearchAction","target":{"@type":"EntryPoint","urlTemplate":"https:\/\/www.gereso.com\/actualites\/?s={search_term_string}"},"query-input":{"@type":"PropertyValueSpecification","valueRequired":true,"valueName":"search_term_string"}}],"inLanguage":"fr-FR"},{"@type":"Person","@id":"https:\/\/www.gereso.com\/actualites\/#\/schema\/person\/c91814f92d627ed4715993fbbf7c7e8d","name":"Damien P\u00e9an","image":{"@type":"ImageObject","inLanguage":"fr-FR","@id":"https:\/\/www.gereso.com\/actualites\/#\/schema\/person\/image\/","url":"https:\/\/www.gereso.com\/actualites\/wp-content\/uploads\/2016\/03\/damien-pean.jpg","contentUrl":"https:\/\/www.gereso.com\/actualites\/wp-content\/uploads\/2016\/03\/damien-pean.jpg","caption":"Damien P\u00e9an"},"description":"Damien P\u00c9AN est titulaire du Dipl\u00f4me d'\u00e9tudes sup\u00e9rieures comptables et financi\u00e8res (DESCF). Il intervient depuis plusieurs ann\u00e9es aupr\u00e8s d'\u00e9tudiants en licence de comptabilit\u00e9 et de gestion, \u00e0 qui il enseigne le contr\u00f4le de gestion, la comptabilit\u00e9 approfondie, le management, la fiscalit\u00e9, le droit des soci\u00e9t\u00e9s et le droit du travail. Il intervient \u00e9galement en formation continue pour le compte de divers organismes de formation sur des th\u00e9matiques techniques en comptabilit\u00e9 et fiscalit\u00e9. Il forme aussi un public de non-initi\u00e9s aux fondamentaux de la finance.","url":"https:\/\/www.gereso.com\/actualites\/author\/d-pean\/"}]}},"_links":{"self":[{"href":"https:\/\/www.gereso.com\/actualites\/wp-json\/wp\/v2\/posts\/17054","targetHints":{"allow":["GET"]}}],"collection":[{"href":"https:\/\/www.gereso.com\/actualites\/wp-json\/wp\/v2\/posts"}],"about":[{"href":"https:\/\/www.gereso.com\/actualites\/wp-json\/wp\/v2\/types\/post"}],"author":[{"embeddable":true,"href":"https:\/\/www.gereso.com\/actualites\/wp-json\/wp\/v2\/users\/45"}],"replies":[{"embeddable":true,"href":"https:\/\/www.gereso.com\/actualites\/wp-json\/wp\/v2\/comments?post=17054"}],"version-history":[{"count":1,"href":"https:\/\/www.gereso.com\/actualites\/wp-json\/wp\/v2\/posts\/17054\/revisions"}],"predecessor-version":[{"id":17055,"href":"https:\/\/www.gereso.com\/actualites\/wp-json\/wp\/v2\/posts\/17054\/revisions\/17055"}],"wp:attachment":[{"href":"https:\/\/www.gereso.com\/actualites\/wp-json\/wp\/v2\/media?parent=17054"}],"wp:term":[{"taxonomy":"category","embeddable":true,"href":"https:\/\/www.gereso.com\/actualites\/wp-json\/wp\/v2\/categories?post=17054"},{"taxonomy":"post_tag","embeddable":true,"href":"https:\/\/www.gereso.com\/actualites\/wp-json\/wp\/v2\/tags?post=17054"}],"curies":[{"name":"wp","href":"https:\/\/api.w.org\/{rel}","templated":true}]}}