{"id":1707,"date":"2007-02-01T00:00:00","date_gmt":"2007-01-31T22:00:00","guid":{"rendered":"https:\/\/www.gereso.com\/actualites\/2007\/02\/greve-lemployeur-doit-connaitre-les-revendications-professionnelles\/"},"modified":"2007-02-01T00:00:00","modified_gmt":"2007-01-31T22:00:00","slug":"greve-lemployeur-doit-connaitre-les-revendications-professionnelles","status":"publish","type":"post","link":"https:\/\/www.gereso.com\/actualites\/2007\/02\/01\/greve-lemployeur-doit-connaitre-les-revendications-professionnelles\/","title":{"rendered":"Gr\u00e8ve : l&#039;employeur doit conna\u00eetre les revendications professionnelles !"},"content":{"rendered":"<h3>L&rsquo;histoire<\/h3>\n<p>Des salari\u00e9s gr\u00e9vistes, dans la nuit du 17 f\u00e9vrier au 18 f\u00e9vrier, ont \u00e9t\u00e9 <b>licenci\u00e9s pour faute grave<\/b> par leur employeur.<\/p>\n<p>En effet, ce dernier consid\u00e9rait que <b>le mouvement \u00e9tait illicite<\/b>.<\/p>\n<p>Selon lui, <b>lesrevendications professionnelles auraient d\u00fb lui \u00eatre pr\u00e9sent\u00e9es par lessalari\u00e9s ou le syndicat, et non par l&rsquo;inspection du travail.<\/b><\/p>\n<p>Les salari\u00e9s ont <b>contest\u00e9 leur licenciement<\/b> devant la juridiction prud&rsquo;homale.<\/p>\n<h3>Ce que disent les juges<\/h3>\n<p>L&rsquo;inspection du travail, par lettre du 24 janvier, <b>avait port\u00e9 \u00e0 la connaissance de la direction <\/b>desdol\u00e9ances des salari\u00e9s. Par ailleurs, les conditions de travail avaient\u00e9t\u00e9 d\u00e9battues lors d&rsquo;une r\u00e9union du CHSCT du 15 f\u00e9vrier \u00e0 l&rsquo;issu delaquelle il avait \u00e9t\u00e9 d\u00e9cid\u00e9 d&rsquo;effectuer une \u00e9tude.<\/p>\n<p><b>L&#8217;employeur avait donc \u00e9t\u00e9 inform\u00e9, avant l&rsquo;arr\u00eat de travail, des revendications professionnelles <\/b>des salari\u00e9s. Peu importe les modalit\u00e9s de cette information.<\/p>\n<p>Par cons\u00e9quent, <b>l&rsquo;arr\u00eat de travail constituait une gr\u00e8ve licite<\/b>.Les licenciements des salari\u00e9s doivent \u00eatre annul\u00e9s puisqu&rsquo;ils ont \u00e9t\u00e9prononc\u00e9s en raison de leur participation \u00e0 ce mouvement.<\/p>\n<h3>Ce qu&rsquo;il faut retenir :<\/h3>\n<li>Il est n\u00e9cessaire que <b>les revendications professionnelles soient connues de l&#8217;employeur. <\/b>Leur pr\u00e9sentation est un pr\u00e9alable n\u00e9cessaire \u00e0 l&rsquo;exercice du droit de gr\u00e8ve.<\/li>\n<li> Toutefois, ce qui compte, c<b>&lsquo;est que l&#8217;employeur ait \u00e9t\u00e9 inform\u00e9 des revendications avant l&rsquo;arr\u00eat de travail <\/b>des salari\u00e9s. <b>Peu importe la fa\u00e7on dont il en a eu connaissance.<\/b><\/li>\n<li> Par cons\u00e9quent, <b>les salari\u00e9s n&rsquo;ont pas l&rsquo;obligation de pr\u00e9senter eux-m\u00eames les revendications \u00e0 leur employeur.<\/b><\/li>\n<li> Notez que<b> lorsque la gr\u00e8ve est r\u00e9guli\u00e8re, l&#8217;employeur ne peut pas licencier les salari\u00e9s qui y ont particip\u00e9<\/b> (sauf faute lourde). Si c&rsquo;est le cas, le licenciement est nul, les salari\u00e9s doivent \u00eatre r\u00e9int\u00e9gr\u00e9s.<\/li>\n<p>Sources : juritravail.com, Arr\u00eat de la chambre sociale de la cour de cassation du 28 f\u00e9vrier 2007 n\u00b0 06-40944<\/p>\n","protected":false},"excerpt":{"rendered":"<p>L&rsquo;histoire Des salari\u00e9s gr\u00e9vistes, dans la nuit du 17 f\u00e9vrier au 18 f\u00e9vrier, ont \u00e9t\u00e9 licenci\u00e9s pour faute grave par leur employeur. En effet, ce dernier consid\u00e9rait que le mouvement \u00e9tait illicite. Selon lui, lesrevendications professionnelles auraient d\u00fb lui \u00eatre pr\u00e9sent\u00e9es par lessalari\u00e9s ou le syndicat, et non par l&rsquo;inspection du travail. Les salari\u00e9s ont [&hellip;]<\/p>\n","protected":false},"author":32,"featured_media":0,"comment_status":"open","ping_status":"open","sticky":false,"template":"","format":"standard","meta":{"_acf_changed":false,"_mi_skip_tracking":false,"footnotes":""},"categories":[5],"tags":[],"class_list":["post-1707","post","type-post","status-publish","format-standard","hentry","category-droit-du-travail"],"acf":[],"yoast_head":"<!-- This site is optimized with the Yoast SEO plugin v23.4 - https:\/\/yoast.com\/wordpress\/plugins\/seo\/ -->\n<title>Gr\u00e8ve : l&#039;employeur doit conna\u00eetre les revendications professionnelles ! - Le Blog GERESO<\/title>\n<meta name=\"robots\" content=\"index, follow, max-snippet:-1, max-image-preview:large, max-video-preview:-1\" \/>\n<link rel=\"canonical\" href=\"https:\/\/www.gereso.com\/actualites\/2007\/02\/01\/greve-lemployeur-doit-connaitre-les-revendications-professionnelles\/\" \/>\n<meta property=\"og:locale\" content=\"fr_FR\" \/>\n<meta property=\"og:type\" content=\"article\" \/>\n<meta property=\"og:title\" content=\"Gr\u00e8ve : l&#039;employeur doit conna\u00eetre les revendications professionnelles ! - Le Blog GERESO\" \/>\n<meta property=\"og:description\" content=\"L&rsquo;histoire Des salari\u00e9s gr\u00e9vistes, dans la nuit du 17 f\u00e9vrier au 18 f\u00e9vrier, ont \u00e9t\u00e9 licenci\u00e9s pour faute grave par leur employeur. En effet, ce dernier consid\u00e9rait que le mouvement \u00e9tait illicite. Selon lui, lesrevendications professionnelles auraient d\u00fb lui \u00eatre pr\u00e9sent\u00e9es par lessalari\u00e9s ou le syndicat, et non par l&rsquo;inspection du travail. Les salari\u00e9s ont [&hellip;]\" \/>\n<meta property=\"og:url\" content=\"https:\/\/www.gereso.com\/actualites\/2007\/02\/01\/greve-lemployeur-doit-connaitre-les-revendications-professionnelles\/\" \/>\n<meta property=\"og:site_name\" content=\"Le Blog GERESO\" \/>\n<meta property=\"article:published_time\" content=\"2007-01-31T22:00:00+00:00\" \/>\n<meta name=\"author\" content=\"\u00c9quipe GERESO\" \/>\n<meta name=\"twitter:card\" content=\"summary_large_image\" \/>\n<script type=\"application\/ld+json\" class=\"yoast-schema-graph\">{\"@context\":\"https:\/\/schema.org\",\"@graph\":[{\"@type\":\"WebPage\",\"@id\":\"https:\/\/www.gereso.com\/actualites\/2007\/02\/01\/greve-lemployeur-doit-connaitre-les-revendications-professionnelles\/\",\"url\":\"https:\/\/www.gereso.com\/actualites\/2007\/02\/01\/greve-lemployeur-doit-connaitre-les-revendications-professionnelles\/\",\"name\":\"Gr\u00e8ve : l&#039;employeur doit conna\u00eetre les revendications professionnelles ! - Le Blog GERESO\",\"isPartOf\":{\"@id\":\"https:\/\/www.gereso.com\/actualites\/#website\"},\"datePublished\":\"2007-01-31T22:00:00+00:00\",\"dateModified\":\"2007-01-31T22:00:00+00:00\",\"author\":{\"@id\":\"https:\/\/www.gereso.com\/actualites\/#\/schema\/person\/197d8aef40cb4ae3f6a0aa9e1d3df2a6\"},\"breadcrumb\":{\"@id\":\"https:\/\/www.gereso.com\/actualites\/2007\/02\/01\/greve-lemployeur-doit-connaitre-les-revendications-professionnelles\/#breadcrumb\"},\"inLanguage\":\"fr-FR\",\"potentialAction\":[{\"@type\":\"ReadAction\",\"target\":[\"https:\/\/www.gereso.com\/actualites\/2007\/02\/01\/greve-lemployeur-doit-connaitre-les-revendications-professionnelles\/\"]}]},{\"@type\":\"BreadcrumbList\",\"@id\":\"https:\/\/www.gereso.com\/actualites\/2007\/02\/01\/greve-lemployeur-doit-connaitre-les-revendications-professionnelles\/#breadcrumb\",\"itemListElement\":[{\"@type\":\"ListItem\",\"position\":1,\"name\":\"Home\",\"item\":\"https:\/\/www.gereso.com\/actualites\/\"},{\"@type\":\"ListItem\",\"position\":2,\"name\":\"Gr\u00e8ve : l&#039;employeur doit conna\u00eetre les revendications professionnelles !\"}]},{\"@type\":\"WebSite\",\"@id\":\"https:\/\/www.gereso.com\/actualites\/#website\",\"url\":\"https:\/\/www.gereso.com\/actualites\/\",\"name\":\"Le Blog GERESO\",\"description\":\"Toute l&#039;actu RH, Finance, Fonction Publique, Management...\",\"potentialAction\":[{\"@type\":\"SearchAction\",\"target\":{\"@type\":\"EntryPoint\",\"urlTemplate\":\"https:\/\/www.gereso.com\/actualites\/?s={search_term_string}\"},\"query-input\":{\"@type\":\"PropertyValueSpecification\",\"valueRequired\":true,\"valueName\":\"search_term_string\"}}],\"inLanguage\":\"fr-FR\"},{\"@type\":\"Person\",\"@id\":\"https:\/\/www.gereso.com\/actualites\/#\/schema\/person\/197d8aef40cb4ae3f6a0aa9e1d3df2a6\",\"name\":\"\u00c9quipe GERESO\",\"image\":{\"@type\":\"ImageObject\",\"inLanguage\":\"fr-FR\",\"@id\":\"https:\/\/www.gereso.com\/actualites\/#\/schema\/person\/image\/\",\"url\":\"https:\/\/www.gereso.com\/actualites\/wp-content\/uploads\/2013\/12\/avatar-gereso-1.png\",\"contentUrl\":\"https:\/\/www.gereso.com\/actualites\/wp-content\/uploads\/2013\/12\/avatar-gereso-1.png\",\"caption\":\"\u00c9quipe GERESO\"},\"url\":\"https:\/\/www.gereso.com\/actualites\/author\/gereso\/\"}]}<\/script>\n<!-- \/ Yoast SEO plugin. -->","yoast_head_json":{"title":"Gr\u00e8ve : l&#039;employeur doit conna\u00eetre les revendications professionnelles ! - Le Blog GERESO","robots":{"index":"index","follow":"follow","max-snippet":"max-snippet:-1","max-image-preview":"max-image-preview:large","max-video-preview":"max-video-preview:-1"},"canonical":"https:\/\/www.gereso.com\/actualites\/2007\/02\/01\/greve-lemployeur-doit-connaitre-les-revendications-professionnelles\/","og_locale":"fr_FR","og_type":"article","og_title":"Gr\u00e8ve : l&#039;employeur doit conna\u00eetre les revendications professionnelles ! - Le Blog GERESO","og_description":"L&rsquo;histoire Des salari\u00e9s gr\u00e9vistes, dans la nuit du 17 f\u00e9vrier au 18 f\u00e9vrier, ont \u00e9t\u00e9 licenci\u00e9s pour faute grave par leur employeur. En effet, ce dernier consid\u00e9rait que le mouvement \u00e9tait illicite. Selon lui, lesrevendications professionnelles auraient d\u00fb lui \u00eatre pr\u00e9sent\u00e9es par lessalari\u00e9s ou le syndicat, et non par l&rsquo;inspection du travail. Les salari\u00e9s ont [&hellip;]","og_url":"https:\/\/www.gereso.com\/actualites\/2007\/02\/01\/greve-lemployeur-doit-connaitre-les-revendications-professionnelles\/","og_site_name":"Le Blog GERESO","article_published_time":"2007-01-31T22:00:00+00:00","author":"\u00c9quipe GERESO","twitter_card":"summary_large_image","schema":{"@context":"https:\/\/schema.org","@graph":[{"@type":"WebPage","@id":"https:\/\/www.gereso.com\/actualites\/2007\/02\/01\/greve-lemployeur-doit-connaitre-les-revendications-professionnelles\/","url":"https:\/\/www.gereso.com\/actualites\/2007\/02\/01\/greve-lemployeur-doit-connaitre-les-revendications-professionnelles\/","name":"Gr\u00e8ve : l&#039;employeur doit conna\u00eetre les revendications professionnelles ! - Le Blog GERESO","isPartOf":{"@id":"https:\/\/www.gereso.com\/actualites\/#website"},"datePublished":"2007-01-31T22:00:00+00:00","dateModified":"2007-01-31T22:00:00+00:00","author":{"@id":"https:\/\/www.gereso.com\/actualites\/#\/schema\/person\/197d8aef40cb4ae3f6a0aa9e1d3df2a6"},"breadcrumb":{"@id":"https:\/\/www.gereso.com\/actualites\/2007\/02\/01\/greve-lemployeur-doit-connaitre-les-revendications-professionnelles\/#breadcrumb"},"inLanguage":"fr-FR","potentialAction":[{"@type":"ReadAction","target":["https:\/\/www.gereso.com\/actualites\/2007\/02\/01\/greve-lemployeur-doit-connaitre-les-revendications-professionnelles\/"]}]},{"@type":"BreadcrumbList","@id":"https:\/\/www.gereso.com\/actualites\/2007\/02\/01\/greve-lemployeur-doit-connaitre-les-revendications-professionnelles\/#breadcrumb","itemListElement":[{"@type":"ListItem","position":1,"name":"Home","item":"https:\/\/www.gereso.com\/actualites\/"},{"@type":"ListItem","position":2,"name":"Gr\u00e8ve : l&#039;employeur doit conna\u00eetre les revendications professionnelles !"}]},{"@type":"WebSite","@id":"https:\/\/www.gereso.com\/actualites\/#website","url":"https:\/\/www.gereso.com\/actualites\/","name":"Le Blog GERESO","description":"Toute l&#039;actu RH, Finance, Fonction Publique, Management...","potentialAction":[{"@type":"SearchAction","target":{"@type":"EntryPoint","urlTemplate":"https:\/\/www.gereso.com\/actualites\/?s={search_term_string}"},"query-input":{"@type":"PropertyValueSpecification","valueRequired":true,"valueName":"search_term_string"}}],"inLanguage":"fr-FR"},{"@type":"Person","@id":"https:\/\/www.gereso.com\/actualites\/#\/schema\/person\/197d8aef40cb4ae3f6a0aa9e1d3df2a6","name":"\u00c9quipe GERESO","image":{"@type":"ImageObject","inLanguage":"fr-FR","@id":"https:\/\/www.gereso.com\/actualites\/#\/schema\/person\/image\/","url":"https:\/\/www.gereso.com\/actualites\/wp-content\/uploads\/2013\/12\/avatar-gereso-1.png","contentUrl":"https:\/\/www.gereso.com\/actualites\/wp-content\/uploads\/2013\/12\/avatar-gereso-1.png","caption":"\u00c9quipe GERESO"},"url":"https:\/\/www.gereso.com\/actualites\/author\/gereso\/"}]}},"_links":{"self":[{"href":"https:\/\/www.gereso.com\/actualites\/wp-json\/wp\/v2\/posts\/1707","targetHints":{"allow":["GET"]}}],"collection":[{"href":"https:\/\/www.gereso.com\/actualites\/wp-json\/wp\/v2\/posts"}],"about":[{"href":"https:\/\/www.gereso.com\/actualites\/wp-json\/wp\/v2\/types\/post"}],"author":[{"embeddable":true,"href":"https:\/\/www.gereso.com\/actualites\/wp-json\/wp\/v2\/users\/32"}],"replies":[{"embeddable":true,"href":"https:\/\/www.gereso.com\/actualites\/wp-json\/wp\/v2\/comments?post=1707"}],"version-history":[{"count":0,"href":"https:\/\/www.gereso.com\/actualites\/wp-json\/wp\/v2\/posts\/1707\/revisions"}],"wp:attachment":[{"href":"https:\/\/www.gereso.com\/actualites\/wp-json\/wp\/v2\/media?parent=1707"}],"wp:term":[{"taxonomy":"category","embeddable":true,"href":"https:\/\/www.gereso.com\/actualites\/wp-json\/wp\/v2\/categories?post=1707"},{"taxonomy":"post_tag","embeddable":true,"href":"https:\/\/www.gereso.com\/actualites\/wp-json\/wp\/v2\/tags?post=1707"}],"curies":[{"name":"wp","href":"https:\/\/api.w.org\/{rel}","templated":true}]}}