{"id":1714,"date":"2007-04-01T00:00:00","date_gmt":"2007-03-31T22:00:00","guid":{"rendered":"https:\/\/www.gereso.com\/actualites\/2007\/04\/evaluation-professionnelle-les-salaries-doivent-pouvoir-consulter-les-donnees-qui-les-concernent\/"},"modified":"2007-04-01T00:00:00","modified_gmt":"2007-03-31T22:00:00","slug":"evaluation-professionnelle-les-salaries-doivent-pouvoir-consulter-les-donnees-qui-les-concernent","status":"publish","type":"post","link":"https:\/\/www.gereso.com\/actualites\/2007\/04\/01\/evaluation-professionnelle-les-salaries-doivent-pouvoir-consulter-les-donnees-qui-les-concernent\/","title":{"rendered":"Evaluation professionnelle : les salari\u00e9s doivent pouvoir consulter les donn\u00e9es qui les concernent"},"content":{"rendered":"<h3>La position de la Cnil<br \/><\/h3>\n<p>   Lesdonn\u00e9es d&rsquo;\u00e9valuation professionnelle des salari\u00e9s sont g\u00e9n\u00e9ralementconsid\u00e9r\u00e9es par les responsables des ressources humaines comme <b>des informations sensibles<\/b> et, d\u00e8s lors,<b> confidentielles<\/b>.Cette confidentialit\u00e9 est parfois oppos\u00e9e au salari\u00e9 qui souhaiteacc\u00e9der \u00e0 son dossier en invoquant la loi informatique et libert\u00e9s.<\/p>\n<p>Lors de sa s\u00e9ance pl\u00e9ni\u00e8re du 8 mars dernier, la Cnil a ainsi examin\u00e9 des <b>plaintesdirig\u00e9es \u00e0 l&rsquo;encontre d&rsquo;une grande entreprise internationale pour refusde communication \u00e0 ses cadres de leur \u00a0\u00bb classement \u00a0\u00bb et de leur \u00ab\u00a0potentiel de carri\u00e8re \u00a0\u00bb pr\u00e9cis.<\/b><\/p>\n<p>La Commission a consid\u00e9r\u00e9 que les valeurs de \u00a0\u00bb <b>classement annuel<\/b> \u00a0\u00bb (ranking) et de \u00a0\u00bb <b>potentiel <\/b>\u00a0\u00bb sont des <b>donn\u00e9es communicables au salari\u00e9 concern\u00e9<\/b>d\u00e8s lors qu&rsquo;elles ont \u00e9t\u00e9 prises en compte pour d\u00e9cider de sonaugmentation de salaire, de sa promotion, de son affectation, etc.<\/p>\n<p>La Cnil r\u00e9affirme donc le principe selon lequel <b>unemploy\u00e9 doit pouvoir acc\u00e9der \u00e0 des donn\u00e9es de gestion des ressourceshumaines qui ont servi, \u00e0 prendre une d\u00e9cision \u00e0 son \u00e9gard.<\/b><span style=\"font-weight: bold;\"><br \/><\/span><\/p>\n<p><span style=\"font-weight: bold;\">\u00a0<\/span>Conform\u00e9ment \u00e0 l&rsquo;article 39 de la loi du 6 janvier 1978 modifi\u00e9e en ao\u00f9\u00bbt 2004, le salari\u00e9 peut dans ce cas \u00e9galement <b>demander une copie du document comportant ces donn\u00e9es d&rsquo;\u00e9valuation,<\/b> ainsi que <b>la signification des codes ou des valeurs qui lui sont appliqu\u00e9s.<\/b><\/p>\n<p>La position de la Cnil est partag\u00e9e par ses homologues europ\u00e9ens.<\/p>\n<p>Elle rejoint \u00e9galement l&rsquo;analyse de la direction des relations du travail qui souligne que <b>le Code du travail<\/b> (C. trav., art. L.121-7) <b>fait peser sur l&#8217;employeur une obligation de transparence en mati\u00e8re de recrutement et d&rsquo;\u00e9valuation professionnelle <\/b>:<\/p>\n<p>\u00a0\u00bb La loi introduit par ailleurs, au b\u00e9n\u00e9fice des candidats et dessalari\u00e9s, un principe de confidentialit\u00e9 des r\u00e9sultats obtenus. (&#8230;)Il est clair qu&rsquo;il s&rsquo;agit d&rsquo;une confidentialit\u00e9 \u00e0 l&rsquo;\u00e9gard des tiers quin&rsquo;est pas opposable aux int\u00e9ress\u00e9s : ceux-ci peuvent avoir acc\u00e8s, surleur demande, aux r\u00e9sultats \u00a0\u00bb (Circ. n\u00b0 93-10, 15 mars 1993).<\/p>\n<p>Pour sa part, la Cour de cassation consid\u00e8re que <b>lanon-communication de sa fiche de notation \u00e0 un salari\u00e9 qui en fait lademande constitue un des \u00e9l\u00e9ments permettant de caract\u00e9riser uncomportement discriminatoire \u00e0 son encontre<\/b> (Cass. soc., 23 oct. 2001, n\u00b0 99-44.215, CANSSM c\/ Vicheney).<\/p>\n<p>Source : Cnil, 13 avr. 2007, communiqu\u00e9<\/p>\n","protected":false},"excerpt":{"rendered":"<p>La position de la Cnil Lesdonn\u00e9es d&rsquo;\u00e9valuation professionnelle des salari\u00e9s sont g\u00e9n\u00e9ralementconsid\u00e9r\u00e9es par les responsables des ressources humaines comme des informations sensibles et, d\u00e8s lors, confidentielles.Cette confidentialit\u00e9 est parfois oppos\u00e9e au salari\u00e9 qui souhaiteacc\u00e9der \u00e0 son dossier en invoquant la loi informatique et libert\u00e9s. Lors de sa s\u00e9ance pl\u00e9ni\u00e8re du 8 mars dernier, la Cnil [&hellip;]<\/p>\n","protected":false},"author":32,"featured_media":0,"comment_status":"open","ping_status":"open","sticky":false,"template":"","format":"standard","meta":{"_acf_changed":false,"_mi_skip_tracking":false,"footnotes":""},"categories":[5],"tags":[],"class_list":["post-1714","post","type-post","status-publish","format-standard","hentry","category-droit-du-travail"],"acf":[],"yoast_head":"<!-- This site is optimized with the Yoast SEO plugin v23.4 - https:\/\/yoast.com\/wordpress\/plugins\/seo\/ -->\n<title>Evaluation professionnelle : les salari\u00e9s doivent pouvoir consulter les donn\u00e9es qui les concernent - Le Blog GERESO<\/title>\n<meta name=\"robots\" content=\"index, follow, max-snippet:-1, max-image-preview:large, max-video-preview:-1\" \/>\n<link rel=\"canonical\" href=\"https:\/\/www.gereso.com\/actualites\/2007\/04\/01\/evaluation-professionnelle-les-salaries-doivent-pouvoir-consulter-les-donnees-qui-les-concernent\/\" \/>\n<meta property=\"og:locale\" content=\"fr_FR\" \/>\n<meta property=\"og:type\" content=\"article\" \/>\n<meta property=\"og:title\" content=\"Evaluation professionnelle : les salari\u00e9s doivent pouvoir consulter les donn\u00e9es qui les concernent - Le Blog GERESO\" \/>\n<meta property=\"og:description\" content=\"La position de la Cnil Lesdonn\u00e9es d&rsquo;\u00e9valuation professionnelle des salari\u00e9s sont g\u00e9n\u00e9ralementconsid\u00e9r\u00e9es par les responsables des ressources humaines comme des informations sensibles et, d\u00e8s lors, confidentielles.Cette confidentialit\u00e9 est parfois oppos\u00e9e au salari\u00e9 qui souhaiteacc\u00e9der \u00e0 son dossier en invoquant la loi informatique et libert\u00e9s. Lors de sa s\u00e9ance pl\u00e9ni\u00e8re du 8 mars dernier, la Cnil [&hellip;]\" \/>\n<meta property=\"og:url\" content=\"https:\/\/www.gereso.com\/actualites\/2007\/04\/01\/evaluation-professionnelle-les-salaries-doivent-pouvoir-consulter-les-donnees-qui-les-concernent\/\" \/>\n<meta property=\"og:site_name\" content=\"Le Blog GERESO\" \/>\n<meta property=\"article:published_time\" content=\"2007-03-31T22:00:00+00:00\" \/>\n<meta name=\"author\" content=\"\u00c9quipe GERESO\" \/>\n<meta name=\"twitter:card\" content=\"summary_large_image\" \/>\n<script type=\"application\/ld+json\" class=\"yoast-schema-graph\">{\"@context\":\"https:\/\/schema.org\",\"@graph\":[{\"@type\":\"WebPage\",\"@id\":\"https:\/\/www.gereso.com\/actualites\/2007\/04\/01\/evaluation-professionnelle-les-salaries-doivent-pouvoir-consulter-les-donnees-qui-les-concernent\/\",\"url\":\"https:\/\/www.gereso.com\/actualites\/2007\/04\/01\/evaluation-professionnelle-les-salaries-doivent-pouvoir-consulter-les-donnees-qui-les-concernent\/\",\"name\":\"Evaluation professionnelle : les salari\u00e9s doivent pouvoir consulter les donn\u00e9es qui les concernent - Le Blog GERESO\",\"isPartOf\":{\"@id\":\"https:\/\/www.gereso.com\/actualites\/#website\"},\"datePublished\":\"2007-03-31T22:00:00+00:00\",\"dateModified\":\"2007-03-31T22:00:00+00:00\",\"author\":{\"@id\":\"https:\/\/www.gereso.com\/actualites\/#\/schema\/person\/197d8aef40cb4ae3f6a0aa9e1d3df2a6\"},\"breadcrumb\":{\"@id\":\"https:\/\/www.gereso.com\/actualites\/2007\/04\/01\/evaluation-professionnelle-les-salaries-doivent-pouvoir-consulter-les-donnees-qui-les-concernent\/#breadcrumb\"},\"inLanguage\":\"fr-FR\",\"potentialAction\":[{\"@type\":\"ReadAction\",\"target\":[\"https:\/\/www.gereso.com\/actualites\/2007\/04\/01\/evaluation-professionnelle-les-salaries-doivent-pouvoir-consulter-les-donnees-qui-les-concernent\/\"]}]},{\"@type\":\"BreadcrumbList\",\"@id\":\"https:\/\/www.gereso.com\/actualites\/2007\/04\/01\/evaluation-professionnelle-les-salaries-doivent-pouvoir-consulter-les-donnees-qui-les-concernent\/#breadcrumb\",\"itemListElement\":[{\"@type\":\"ListItem\",\"position\":1,\"name\":\"Home\",\"item\":\"https:\/\/www.gereso.com\/actualites\/\"},{\"@type\":\"ListItem\",\"position\":2,\"name\":\"Evaluation professionnelle : les salari\u00e9s doivent pouvoir consulter les donn\u00e9es qui les concernent\"}]},{\"@type\":\"WebSite\",\"@id\":\"https:\/\/www.gereso.com\/actualites\/#website\",\"url\":\"https:\/\/www.gereso.com\/actualites\/\",\"name\":\"Le Blog GERESO\",\"description\":\"Toute l&#039;actu RH, Finance, Fonction Publique, Management...\",\"potentialAction\":[{\"@type\":\"SearchAction\",\"target\":{\"@type\":\"EntryPoint\",\"urlTemplate\":\"https:\/\/www.gereso.com\/actualites\/?s={search_term_string}\"},\"query-input\":{\"@type\":\"PropertyValueSpecification\",\"valueRequired\":true,\"valueName\":\"search_term_string\"}}],\"inLanguage\":\"fr-FR\"},{\"@type\":\"Person\",\"@id\":\"https:\/\/www.gereso.com\/actualites\/#\/schema\/person\/197d8aef40cb4ae3f6a0aa9e1d3df2a6\",\"name\":\"\u00c9quipe GERESO\",\"image\":{\"@type\":\"ImageObject\",\"inLanguage\":\"fr-FR\",\"@id\":\"https:\/\/www.gereso.com\/actualites\/#\/schema\/person\/image\/\",\"url\":\"https:\/\/www.gereso.com\/actualites\/wp-content\/uploads\/2013\/12\/avatar-gereso-1.png\",\"contentUrl\":\"https:\/\/www.gereso.com\/actualites\/wp-content\/uploads\/2013\/12\/avatar-gereso-1.png\",\"caption\":\"\u00c9quipe GERESO\"},\"url\":\"https:\/\/www.gereso.com\/actualites\/author\/gereso\/\"}]}<\/script>\n<!-- \/ Yoast SEO plugin. -->","yoast_head_json":{"title":"Evaluation professionnelle : les salari\u00e9s doivent pouvoir consulter les donn\u00e9es qui les concernent - Le Blog GERESO","robots":{"index":"index","follow":"follow","max-snippet":"max-snippet:-1","max-image-preview":"max-image-preview:large","max-video-preview":"max-video-preview:-1"},"canonical":"https:\/\/www.gereso.com\/actualites\/2007\/04\/01\/evaluation-professionnelle-les-salaries-doivent-pouvoir-consulter-les-donnees-qui-les-concernent\/","og_locale":"fr_FR","og_type":"article","og_title":"Evaluation professionnelle : les salari\u00e9s doivent pouvoir consulter les donn\u00e9es qui les concernent - Le Blog GERESO","og_description":"La position de la Cnil Lesdonn\u00e9es d&rsquo;\u00e9valuation professionnelle des salari\u00e9s sont g\u00e9n\u00e9ralementconsid\u00e9r\u00e9es par les responsables des ressources humaines comme des informations sensibles et, d\u00e8s lors, confidentielles.Cette confidentialit\u00e9 est parfois oppos\u00e9e au salari\u00e9 qui souhaiteacc\u00e9der \u00e0 son dossier en invoquant la loi informatique et libert\u00e9s. Lors de sa s\u00e9ance pl\u00e9ni\u00e8re du 8 mars dernier, la Cnil [&hellip;]","og_url":"https:\/\/www.gereso.com\/actualites\/2007\/04\/01\/evaluation-professionnelle-les-salaries-doivent-pouvoir-consulter-les-donnees-qui-les-concernent\/","og_site_name":"Le Blog GERESO","article_published_time":"2007-03-31T22:00:00+00:00","author":"\u00c9quipe GERESO","twitter_card":"summary_large_image","schema":{"@context":"https:\/\/schema.org","@graph":[{"@type":"WebPage","@id":"https:\/\/www.gereso.com\/actualites\/2007\/04\/01\/evaluation-professionnelle-les-salaries-doivent-pouvoir-consulter-les-donnees-qui-les-concernent\/","url":"https:\/\/www.gereso.com\/actualites\/2007\/04\/01\/evaluation-professionnelle-les-salaries-doivent-pouvoir-consulter-les-donnees-qui-les-concernent\/","name":"Evaluation professionnelle : les salari\u00e9s doivent pouvoir consulter les donn\u00e9es qui les concernent - Le Blog GERESO","isPartOf":{"@id":"https:\/\/www.gereso.com\/actualites\/#website"},"datePublished":"2007-03-31T22:00:00+00:00","dateModified":"2007-03-31T22:00:00+00:00","author":{"@id":"https:\/\/www.gereso.com\/actualites\/#\/schema\/person\/197d8aef40cb4ae3f6a0aa9e1d3df2a6"},"breadcrumb":{"@id":"https:\/\/www.gereso.com\/actualites\/2007\/04\/01\/evaluation-professionnelle-les-salaries-doivent-pouvoir-consulter-les-donnees-qui-les-concernent\/#breadcrumb"},"inLanguage":"fr-FR","potentialAction":[{"@type":"ReadAction","target":["https:\/\/www.gereso.com\/actualites\/2007\/04\/01\/evaluation-professionnelle-les-salaries-doivent-pouvoir-consulter-les-donnees-qui-les-concernent\/"]}]},{"@type":"BreadcrumbList","@id":"https:\/\/www.gereso.com\/actualites\/2007\/04\/01\/evaluation-professionnelle-les-salaries-doivent-pouvoir-consulter-les-donnees-qui-les-concernent\/#breadcrumb","itemListElement":[{"@type":"ListItem","position":1,"name":"Home","item":"https:\/\/www.gereso.com\/actualites\/"},{"@type":"ListItem","position":2,"name":"Evaluation professionnelle : les salari\u00e9s doivent pouvoir consulter les donn\u00e9es qui les concernent"}]},{"@type":"WebSite","@id":"https:\/\/www.gereso.com\/actualites\/#website","url":"https:\/\/www.gereso.com\/actualites\/","name":"Le Blog GERESO","description":"Toute l&#039;actu RH, Finance, Fonction Publique, Management...","potentialAction":[{"@type":"SearchAction","target":{"@type":"EntryPoint","urlTemplate":"https:\/\/www.gereso.com\/actualites\/?s={search_term_string}"},"query-input":{"@type":"PropertyValueSpecification","valueRequired":true,"valueName":"search_term_string"}}],"inLanguage":"fr-FR"},{"@type":"Person","@id":"https:\/\/www.gereso.com\/actualites\/#\/schema\/person\/197d8aef40cb4ae3f6a0aa9e1d3df2a6","name":"\u00c9quipe GERESO","image":{"@type":"ImageObject","inLanguage":"fr-FR","@id":"https:\/\/www.gereso.com\/actualites\/#\/schema\/person\/image\/","url":"https:\/\/www.gereso.com\/actualites\/wp-content\/uploads\/2013\/12\/avatar-gereso-1.png","contentUrl":"https:\/\/www.gereso.com\/actualites\/wp-content\/uploads\/2013\/12\/avatar-gereso-1.png","caption":"\u00c9quipe GERESO"},"url":"https:\/\/www.gereso.com\/actualites\/author\/gereso\/"}]}},"_links":{"self":[{"href":"https:\/\/www.gereso.com\/actualites\/wp-json\/wp\/v2\/posts\/1714","targetHints":{"allow":["GET"]}}],"collection":[{"href":"https:\/\/www.gereso.com\/actualites\/wp-json\/wp\/v2\/posts"}],"about":[{"href":"https:\/\/www.gereso.com\/actualites\/wp-json\/wp\/v2\/types\/post"}],"author":[{"embeddable":true,"href":"https:\/\/www.gereso.com\/actualites\/wp-json\/wp\/v2\/users\/32"}],"replies":[{"embeddable":true,"href":"https:\/\/www.gereso.com\/actualites\/wp-json\/wp\/v2\/comments?post=1714"}],"version-history":[{"count":0,"href":"https:\/\/www.gereso.com\/actualites\/wp-json\/wp\/v2\/posts\/1714\/revisions"}],"wp:attachment":[{"href":"https:\/\/www.gereso.com\/actualites\/wp-json\/wp\/v2\/media?parent=1714"}],"wp:term":[{"taxonomy":"category","embeddable":true,"href":"https:\/\/www.gereso.com\/actualites\/wp-json\/wp\/v2\/categories?post=1714"},{"taxonomy":"post_tag","embeddable":true,"href":"https:\/\/www.gereso.com\/actualites\/wp-json\/wp\/v2\/tags?post=1714"}],"curies":[{"name":"wp","href":"https:\/\/api.w.org\/{rel}","templated":true}]}}