{"id":1722,"date":"2006-08-01T00:00:00","date_gmt":"2006-07-31T22:00:00","guid":{"rendered":"https:\/\/www.gereso.com\/actualites\/2006\/08\/creation-du-cdd-senior\/"},"modified":"2006-08-01T00:00:00","modified_gmt":"2006-07-31T22:00:00","slug":"creation-du-cdd-senior","status":"publish","type":"post","link":"https:\/\/www.gereso.com\/actualites\/2006\/08\/01\/creation-du-cdd-senior\/","title":{"rendered":"Cr\u00e9ation du &quot;CDD senior&quot;"},"content":{"rendered":"<h3><b>Les d\u00e9tails du contrat<\/b><\/h3>\n<p>Ce contrat \u00e0 dur\u00e9e d\u00e9termin\u00e9e (CDD) est destin\u00e9 aux <b>personnes\u00e2g\u00e9es de plus de 57 ans en recherche d&#8217;emploi depuis plus de 3 mois oub\u00e9n\u00e9ficiant d&rsquo;une convention de reclassement personnalis\u00e9.<br \/><\/b><\/p>\n<p> Ce contrat est d&rsquo;une <b>dur\u00e9e maximale de 18 mois<\/b>, <b>renouvelable une fois pour une dur\u00e9e d\u00e9termin\u00e9e<\/b> qui, ajout\u00e9e \u00e0 la dur\u00e9e du contrat initial, <b>ne peut exc\u00e9der 36 mois<\/b>.<\/p>\n<p>Cette mesure fait suite \u00e0 <b>l&rsquo;accord interprofessionnel du 13 octobre 2005, sign\u00e9 le 9 mars 2006<\/b><\/p>\n<p> par les partenaires sociaux (Medef, UPA, CGPME, CFDT, CFTC, CFE-CGC).<b><br \/><\/b><\/p>\n<h3><b>Le communiqu\u00e9 de presse du ministre de l&#8217;emploi, de la coh\u00e9sion sociale et du logement<\/b><\/h3>\n<p><b>Un CDD senior pour favoriser l&#8217;emploi des plus de 57 ans<br \/> 29 ao\u00fbt 2006<br \/><\/b><\/p>\n<p>Dans leur accord du 13 octobre 2005, sign\u00e9 le 9 mars 2006, lespartenaires sociaux ont consid\u00e9r\u00e9 que l&rsquo;am\u00e9nagement des dispositionsrelatives au contrat \u00e0 dur\u00e9e d\u00e9termin\u00e9e pouvait favoriser le retour \u00e0l&#8217;emploi des seniors et aussi leur permettre de compl\u00e9ter leurs droitsafin de b\u00e9n\u00e9ficier d&rsquo;une retraite \u00e0 taux plein.<\/p>\n<p>Ils ont ainsi pr\u00e9vu le recours \u00e0 un contrat \u00e0 dur\u00e9e d\u00e9termin\u00e9e d&rsquo;unedur\u00e9e maximum de 18 mois, renouvelable une fois, pour les personnes deplus de 57 ans en recherche d&#8217;emploi depuis plus de 3 mois oub\u00e9n\u00e9ficiaires d&rsquo;une convention de reclassement personnalis\u00e9.<\/p>\n<p>Le plan national d&rsquo;action pour l&#8217;emploi des seniors, \u00e9labor\u00e9 parJean-Louis Borloo et G\u00e9rard Larcher en concertation avec lespartenaires sociaux et pr\u00e9sent\u00e9 par le Gouvernement le 6 juin dernier,pr\u00e9voyait la transposition rapide de cette disposition conventionnelle.Ce d\u00e9cret de transposition, dont le projet avait \u00e9t\u00e9 soumis \u00e0 laconsultation des partenaires sociaux, vient d&rsquo;\u00eatre publi\u00e9 au Journalofficiel du 29 ao\u00fbt 2006.<\/p>\n<p>Ce dispositif est de nature \u00e0 favoriser le retour \u00e0 l&#8217;emploi dessalari\u00e9s les plus \u00e2g\u00e9s et s&rsquo;inscrit pleinement dans les objectifs duplan national d&rsquo;action concert\u00e9 pour l&#8217;emploi des seniors. Inscrit dansla dur\u00e9e (2006-2010), ce plan vise \u00e0 faire cro\u00eetre la proportion deseniors en emploi en luttant contre les facteurs qui les excluent del&#8217;emploi, en favorisant leur employabilit\u00e9 et en s\u00e9curisant leursparcours professionnels.<\/p>\n<p>Ainsi, ce plan qui vise \u00e0 atteindre un taux d&#8217;emploi de 50% des 55-64ans \u00e0 l&rsquo;horizon 2010, au lieu de 37% actuellement, pr\u00e9voit notamment :<\/p>\n<li>le lancement d&rsquo;une campagne nationale de communication fin septembre pour faire changer les mentalit\u00e9s ;<\/li>\n<li> la fin progressive de la mise \u00e0 la retraite d&rsquo;office par les entreprises des salari\u00e9s avant 65 ans ;<\/li>\n<li> la fin progressive de la contribution Delalande qui est un frein \u00e0 l&#8217;embauche des seniors ;<\/li>\n<li> l&rsquo;\u00e9largissement des possibilit\u00e9s de cumul emploi-retraite pour les bas salaires&#8230;<\/li>\n<h3><b>Le tex<\/b><b>tede r\u00e9f\u00e9rence : D\u00e9cret n\u00b0 2006-1070 du 28 ao\u00fbt 2006 am\u00e9nageant lesdispositions relatives au contrat \u00e0 dur\u00e9e d\u00e9termin\u00e9e afin de favoriserle retour \u00e0 l&#8217;emploi des salari\u00e9s \u00e2g\u00e9s<br \/><\/b><\/h3>\n<p>J.O n\u00b0 199 du 29 ao\u00fbt 2006 page 12763<\/p>\n<p> texte n\u00b0 6<\/p>\n<p> D\u00e9crets, arr\u00eat\u00e9s, circulaires<\/p>\n<p> Textes g\u00e9n\u00e9raux<\/p>\n<p> Minist\u00e8re de l&#8217;emploi, de la coh\u00e9sion sociale et du logement<\/p>\n<p>NOR: SOCT0611719D<\/p>\n<p>Le Premier ministre,<\/p>\n<p>Sur le rapport du ministre de l&#8217;emploi, de la coh\u00e9sion sociale et du logement,<\/p>\n<p>Vu le code du travail, notamment l&rsquo;article L. 122-2,<\/p>\n<p>D\u00e9cr\u00e8te :<\/p>\n<h4><b>Article 1<br \/><\/b><\/h4>\n<p>Il est cr\u00e9\u00e9, apr\u00e8s la section 4 du chapitre II du titre II du livre IIIdu code du travail (troisi\u00e8me partie : D\u00e9crets), une section 5intitul\u00e9e : \u00ab Retour \u00e0 l&#8217;emploi des salari\u00e9s \u00e2g\u00e9s \u00bb et comprenant troisarticles D. 322-24 \u00e0 D. 322-26 ainsi r\u00e9dig\u00e9s :<\/p>\n<p>\u00ab Art. D. 322-24. &#8211; Tout employeur vis\u00e9 \u00e0 l&rsquo;article L. 131-2, \u00e0l&rsquo;exception des professions agricoles, peut conclure, en application del&rsquo;article L. 122-2, un contrat de travail \u00e0 dur\u00e9e d\u00e9termin\u00e9e avec unepersonne mentionn\u00e9e \u00e0 l&rsquo;article D. 322-25 afin de faciliter son retour\u00e0 l&#8217;emploi et de lui permettre d&rsquo;acqu\u00e9rir des droits suppl\u00e9mentaires envue de la liquidation de sa retraite \u00e0 taux plein.<\/p>\n<p>\u00ab Art. D. 322-25. &#8211; Toute personne \u00e2g\u00e9e de plus de 57 ans inscritedepuis plus de trois mois comme demandeur d&#8217;emploi ou b\u00e9n\u00e9ficiant d&rsquo;uneconvention de reclassement personnalis\u00e9 peut conclure le contrat vis\u00e9 \u00e0l&rsquo;article D. 322-24.<\/p>\n<p>\u00ab Art. D. 322-26. &#8211; Le contrat vis\u00e9 \u00e0 l&rsquo;article D. 322-24 peut \u00eatreconclu pour une dur\u00e9e maximale de dix-huit mois. Il peut \u00eatre renouvel\u00e9une fois pour une dur\u00e9e d\u00e9termin\u00e9e qui, ajout\u00e9e \u00e0 la dur\u00e9e du contratinitial, ne peut exc\u00e9der trente-six mois. \u00bb<\/p>\n<h4><b>Article 2<br \/><\/b><\/h4>\n<p>Le ministre de l&#8217;emploi, de la coh\u00e9sion sociale et du logement et leministre d\u00e9l\u00e9gu\u00e9 \u00e0 l&#8217;emploi, au travail et \u00e0 l&rsquo;insertionprofessionnelle des jeunes sont charg\u00e9s, chacun en ce qui le concerne,de l&rsquo;ex\u00e9cution du pr\u00e9sent d\u00e9cret, qui sera publi\u00e9 au Journal officielde la R\u00e9publique fran\u00e7aise.<\/p>\n<p> Fait \u00e0 Paris, le 28 ao\u00fbt 2006.<\/p>\n<p>Dominique de Villepin<br \/>Par le Premier ministre :<\/p>\n<p> Le ministre de l&#8217;emploi, de la coh\u00e9sion sociale et du logement,<br \/>Jean-Louis Borloo<\/p>\n<p> Le ministre d\u00e9l\u00e9gu\u00e9 \u00e0 l&#8217;emploi, au travail et \u00e0 l&rsquo;insertion professionnelle des jeunes,<br \/>G\u00e9rard Larcher<\/p>\n","protected":false},"excerpt":{"rendered":"<p>Les d\u00e9tails du contrat Ce contrat \u00e0 dur\u00e9e d\u00e9termin\u00e9e (CDD) est destin\u00e9 aux personnes\u00e2g\u00e9es de plus de 57 ans en recherche d&#8217;emploi depuis plus de 3 mois oub\u00e9n\u00e9ficiant d&rsquo;une convention de reclassement personnalis\u00e9. Ce contrat est d&rsquo;une dur\u00e9e maximale de 18 mois, renouvelable une fois pour une dur\u00e9e d\u00e9termin\u00e9e qui, ajout\u00e9e \u00e0 la dur\u00e9e du [&hellip;]<\/p>\n","protected":false},"author":32,"featured_media":0,"comment_status":"open","ping_status":"open","sticky":false,"template":"","format":"standard","meta":{"_acf_changed":false,"_mi_skip_tracking":false,"footnotes":""},"categories":[5],"tags":[],"class_list":["post-1722","post","type-post","status-publish","format-standard","hentry","category-droit-du-travail"],"acf":[],"yoast_head":"<!-- This site is optimized with the Yoast SEO plugin v23.4 - https:\/\/yoast.com\/wordpress\/plugins\/seo\/ -->\n<title>Cr\u00e9ation du &quot;CDD senior&quot; - Le Blog GERESO<\/title>\n<meta name=\"robots\" content=\"index, follow, max-snippet:-1, max-image-preview:large, max-video-preview:-1\" \/>\n<link rel=\"canonical\" href=\"https:\/\/www.gereso.com\/actualites\/2006\/08\/01\/creation-du-cdd-senior\/\" \/>\n<meta property=\"og:locale\" content=\"fr_FR\" \/>\n<meta property=\"og:type\" content=\"article\" \/>\n<meta property=\"og:title\" content=\"Cr\u00e9ation du &quot;CDD senior&quot; - Le Blog GERESO\" \/>\n<meta property=\"og:description\" content=\"Les d\u00e9tails du contrat Ce contrat \u00e0 dur\u00e9e d\u00e9termin\u00e9e (CDD) est destin\u00e9 aux personnes\u00e2g\u00e9es de plus de 57 ans en recherche d&#8217;emploi depuis plus de 3 mois oub\u00e9n\u00e9ficiant d&rsquo;une convention de reclassement personnalis\u00e9. Ce contrat est d&rsquo;une dur\u00e9e maximale de 18 mois, renouvelable une fois pour une dur\u00e9e d\u00e9termin\u00e9e qui, ajout\u00e9e \u00e0 la dur\u00e9e du [&hellip;]\" \/>\n<meta property=\"og:url\" content=\"https:\/\/www.gereso.com\/actualites\/2006\/08\/01\/creation-du-cdd-senior\/\" \/>\n<meta property=\"og:site_name\" content=\"Le Blog GERESO\" \/>\n<meta property=\"article:published_time\" content=\"2006-07-31T22:00:00+00:00\" \/>\n<meta name=\"author\" content=\"\u00c9quipe GERESO\" \/>\n<meta name=\"twitter:card\" content=\"summary_large_image\" \/>\n<script type=\"application\/ld+json\" class=\"yoast-schema-graph\">{\"@context\":\"https:\/\/schema.org\",\"@graph\":[{\"@type\":\"WebPage\",\"@id\":\"https:\/\/www.gereso.com\/actualites\/2006\/08\/01\/creation-du-cdd-senior\/\",\"url\":\"https:\/\/www.gereso.com\/actualites\/2006\/08\/01\/creation-du-cdd-senior\/\",\"name\":\"Cr\u00e9ation du &quot;CDD senior&quot; - Le Blog GERESO\",\"isPartOf\":{\"@id\":\"https:\/\/www.gereso.com\/actualites\/#website\"},\"datePublished\":\"2006-07-31T22:00:00+00:00\",\"dateModified\":\"2006-07-31T22:00:00+00:00\",\"author\":{\"@id\":\"https:\/\/www.gereso.com\/actualites\/#\/schema\/person\/197d8aef40cb4ae3f6a0aa9e1d3df2a6\"},\"breadcrumb\":{\"@id\":\"https:\/\/www.gereso.com\/actualites\/2006\/08\/01\/creation-du-cdd-senior\/#breadcrumb\"},\"inLanguage\":\"fr-FR\",\"potentialAction\":[{\"@type\":\"ReadAction\",\"target\":[\"https:\/\/www.gereso.com\/actualites\/2006\/08\/01\/creation-du-cdd-senior\/\"]}]},{\"@type\":\"BreadcrumbList\",\"@id\":\"https:\/\/www.gereso.com\/actualites\/2006\/08\/01\/creation-du-cdd-senior\/#breadcrumb\",\"itemListElement\":[{\"@type\":\"ListItem\",\"position\":1,\"name\":\"Home\",\"item\":\"https:\/\/www.gereso.com\/actualites\/\"},{\"@type\":\"ListItem\",\"position\":2,\"name\":\"Cr\u00e9ation du &quot;CDD senior&quot;\"}]},{\"@type\":\"WebSite\",\"@id\":\"https:\/\/www.gereso.com\/actualites\/#website\",\"url\":\"https:\/\/www.gereso.com\/actualites\/\",\"name\":\"Le Blog GERESO\",\"description\":\"Toute l&#039;actu RH, Finance, Fonction Publique, Management...\",\"potentialAction\":[{\"@type\":\"SearchAction\",\"target\":{\"@type\":\"EntryPoint\",\"urlTemplate\":\"https:\/\/www.gereso.com\/actualites\/?s={search_term_string}\"},\"query-input\":{\"@type\":\"PropertyValueSpecification\",\"valueRequired\":true,\"valueName\":\"search_term_string\"}}],\"inLanguage\":\"fr-FR\"},{\"@type\":\"Person\",\"@id\":\"https:\/\/www.gereso.com\/actualites\/#\/schema\/person\/197d8aef40cb4ae3f6a0aa9e1d3df2a6\",\"name\":\"\u00c9quipe GERESO\",\"image\":{\"@type\":\"ImageObject\",\"inLanguage\":\"fr-FR\",\"@id\":\"https:\/\/www.gereso.com\/actualites\/#\/schema\/person\/image\/\",\"url\":\"https:\/\/www.gereso.com\/actualites\/wp-content\/uploads\/2013\/12\/avatar-gereso-1.png\",\"contentUrl\":\"https:\/\/www.gereso.com\/actualites\/wp-content\/uploads\/2013\/12\/avatar-gereso-1.png\",\"caption\":\"\u00c9quipe GERESO\"},\"url\":\"https:\/\/www.gereso.com\/actualites\/author\/gereso\/\"}]}<\/script>\n<!-- \/ Yoast SEO plugin. -->","yoast_head_json":{"title":"Cr\u00e9ation du &quot;CDD senior&quot; - Le Blog GERESO","robots":{"index":"index","follow":"follow","max-snippet":"max-snippet:-1","max-image-preview":"max-image-preview:large","max-video-preview":"max-video-preview:-1"},"canonical":"https:\/\/www.gereso.com\/actualites\/2006\/08\/01\/creation-du-cdd-senior\/","og_locale":"fr_FR","og_type":"article","og_title":"Cr\u00e9ation du &quot;CDD senior&quot; - Le Blog GERESO","og_description":"Les d\u00e9tails du contrat Ce contrat \u00e0 dur\u00e9e d\u00e9termin\u00e9e (CDD) est destin\u00e9 aux personnes\u00e2g\u00e9es de plus de 57 ans en recherche d&#8217;emploi depuis plus de 3 mois oub\u00e9n\u00e9ficiant d&rsquo;une convention de reclassement personnalis\u00e9. Ce contrat est d&rsquo;une dur\u00e9e maximale de 18 mois, renouvelable une fois pour une dur\u00e9e d\u00e9termin\u00e9e qui, ajout\u00e9e \u00e0 la dur\u00e9e du [&hellip;]","og_url":"https:\/\/www.gereso.com\/actualites\/2006\/08\/01\/creation-du-cdd-senior\/","og_site_name":"Le Blog GERESO","article_published_time":"2006-07-31T22:00:00+00:00","author":"\u00c9quipe GERESO","twitter_card":"summary_large_image","schema":{"@context":"https:\/\/schema.org","@graph":[{"@type":"WebPage","@id":"https:\/\/www.gereso.com\/actualites\/2006\/08\/01\/creation-du-cdd-senior\/","url":"https:\/\/www.gereso.com\/actualites\/2006\/08\/01\/creation-du-cdd-senior\/","name":"Cr\u00e9ation du &quot;CDD senior&quot; - Le Blog GERESO","isPartOf":{"@id":"https:\/\/www.gereso.com\/actualites\/#website"},"datePublished":"2006-07-31T22:00:00+00:00","dateModified":"2006-07-31T22:00:00+00:00","author":{"@id":"https:\/\/www.gereso.com\/actualites\/#\/schema\/person\/197d8aef40cb4ae3f6a0aa9e1d3df2a6"},"breadcrumb":{"@id":"https:\/\/www.gereso.com\/actualites\/2006\/08\/01\/creation-du-cdd-senior\/#breadcrumb"},"inLanguage":"fr-FR","potentialAction":[{"@type":"ReadAction","target":["https:\/\/www.gereso.com\/actualites\/2006\/08\/01\/creation-du-cdd-senior\/"]}]},{"@type":"BreadcrumbList","@id":"https:\/\/www.gereso.com\/actualites\/2006\/08\/01\/creation-du-cdd-senior\/#breadcrumb","itemListElement":[{"@type":"ListItem","position":1,"name":"Home","item":"https:\/\/www.gereso.com\/actualites\/"},{"@type":"ListItem","position":2,"name":"Cr\u00e9ation du &quot;CDD senior&quot;"}]},{"@type":"WebSite","@id":"https:\/\/www.gereso.com\/actualites\/#website","url":"https:\/\/www.gereso.com\/actualites\/","name":"Le Blog GERESO","description":"Toute l&#039;actu RH, Finance, Fonction Publique, Management...","potentialAction":[{"@type":"SearchAction","target":{"@type":"EntryPoint","urlTemplate":"https:\/\/www.gereso.com\/actualites\/?s={search_term_string}"},"query-input":{"@type":"PropertyValueSpecification","valueRequired":true,"valueName":"search_term_string"}}],"inLanguage":"fr-FR"},{"@type":"Person","@id":"https:\/\/www.gereso.com\/actualites\/#\/schema\/person\/197d8aef40cb4ae3f6a0aa9e1d3df2a6","name":"\u00c9quipe GERESO","image":{"@type":"ImageObject","inLanguage":"fr-FR","@id":"https:\/\/www.gereso.com\/actualites\/#\/schema\/person\/image\/","url":"https:\/\/www.gereso.com\/actualites\/wp-content\/uploads\/2013\/12\/avatar-gereso-1.png","contentUrl":"https:\/\/www.gereso.com\/actualites\/wp-content\/uploads\/2013\/12\/avatar-gereso-1.png","caption":"\u00c9quipe GERESO"},"url":"https:\/\/www.gereso.com\/actualites\/author\/gereso\/"}]}},"_links":{"self":[{"href":"https:\/\/www.gereso.com\/actualites\/wp-json\/wp\/v2\/posts\/1722","targetHints":{"allow":["GET"]}}],"collection":[{"href":"https:\/\/www.gereso.com\/actualites\/wp-json\/wp\/v2\/posts"}],"about":[{"href":"https:\/\/www.gereso.com\/actualites\/wp-json\/wp\/v2\/types\/post"}],"author":[{"embeddable":true,"href":"https:\/\/www.gereso.com\/actualites\/wp-json\/wp\/v2\/users\/32"}],"replies":[{"embeddable":true,"href":"https:\/\/www.gereso.com\/actualites\/wp-json\/wp\/v2\/comments?post=1722"}],"version-history":[{"count":0,"href":"https:\/\/www.gereso.com\/actualites\/wp-json\/wp\/v2\/posts\/1722\/revisions"}],"wp:attachment":[{"href":"https:\/\/www.gereso.com\/actualites\/wp-json\/wp\/v2\/media?parent=1722"}],"wp:term":[{"taxonomy":"category","embeddable":true,"href":"https:\/\/www.gereso.com\/actualites\/wp-json\/wp\/v2\/categories?post=1722"},{"taxonomy":"post_tag","embeddable":true,"href":"https:\/\/www.gereso.com\/actualites\/wp-json\/wp\/v2\/tags?post=1722"}],"curies":[{"name":"wp","href":"https:\/\/api.w.org\/{rel}","templated":true}]}}