{"id":1753,"date":"2005-03-01T00:00:00","date_gmt":"2005-02-28T22:00:00","guid":{"rendered":"https:\/\/www.gereso.com\/actualites\/2005\/03\/les-taches-relatives-a-un-poste-de-travail-ne-sont-pas-figees\/"},"modified":"2005-03-01T00:00:00","modified_gmt":"2005-02-28T22:00:00","slug":"les-taches-relatives-a-un-poste-de-travail-ne-sont-pas-figees","status":"publish","type":"post","link":"https:\/\/www.gereso.com\/actualites\/2005\/03\/01\/les-taches-relatives-a-un-poste-de-travail-ne-sont-pas-figees\/","title":{"rendered":"Les t\u00e2ches relatives \u00e0 un poste de travail ne sont pas fig\u00e9es"},"content":{"rendered":"<h3>L&rsquo;histoire<\/h3>\n<p>M.X avait \u00e9t\u00e9 engag\u00e9 en qualit\u00e9 de livreur. Toutefois, on lui avaitsp\u00e9cifi\u00e9 qu&rsquo;il serait susceptible d&rsquo;occuper tout emploi de m\u00eame niveausuivant les n\u00e9cessit\u00e9s de l&rsquo;entreprise. Le salari\u00e9 avait \u00e9t\u00e9 licenci\u00e9car il avait refus\u00e9 d&rsquo;effectuer le vernissage d&rsquo;un meuble.<\/p>\n<p>Le salari\u00e9 a saisi le Conseil des prud&rsquo;hommes afin de contester son licenciement.<\/p>\n<p> Les arguments de l&#8217;employeur : <\/p>\n<p>Le licenciement est justifi\u00e9 dans la mesure o\u00f9 le salari\u00e9 avait refus\u00e9d&rsquo;occuper la fonction de vernisseur alors m\u00eame qu&rsquo;elle se trouvait \u00eatredu m\u00eame niveau que celle de livreur. <\/p>\n<h3>Ce qu&rsquo;en disent les juges<\/h3>\n<p>Lesjuges avaient constat\u00e9 que la convention collective, applicable dansl&rsquo;entreprise, ne pr\u00e9voyait pas la fonction de vernisseur dans lescommerces de la cat\u00e9gorie de l&rsquo;entreprise en question.<\/p>\n<p> Parcons\u00e9quent, l&#8217;employeur ne pouvait reprocher au salari\u00e9 d&rsquo;avoir refus\u00e9d&rsquo;accomplir une t\u00e2che qui n&rsquo;entrait pas dans les attributions \u00e9num\u00e9r\u00e9espar son contrat de travail m\u00eame si ce dernier faisait \u00e9tat de lapossibilit\u00e9 d&rsquo;occuper tout autre emploi de m\u00eame niveau. <\/p>\n<h3>Ce qu&rsquo;il faut retenir<\/h3>\n<li>Un salari\u00e9 est dans l&rsquo;obligation d&rsquo;accomplir les t\u00e2ches pr\u00e9vues par son contrat de travail.<\/li>\n<li> S&rsquo;il refuse il peut \u00eatre licenci\u00e9 pour faute grave.<\/li>\n<p>Si un employeur demande au salari\u00e9 d&rsquo;accomplir une t\u00e2che diff\u00e9rente,mais qui correspond \u00e0 sa qualification, il s&rsquo;agit uniquement d&rsquo;unemodification de ses conditions de travail.<\/p>\n<li>Toutefois, le salari\u00e9 est en droit de refuser d&rsquo;accomplir unefonction qui n&rsquo;appara\u00eet pas dans sa convention collective.<\/li>\n<li>Et ceci, m\u00eame si son contrat de travail pr\u00e9voit qu&rsquo;il est \u00absusceptible d&rsquo;occuper tout emploi de m\u00eame niveau suivant les n\u00e9cessit\u00e9sde l&rsquo;entreprise \u00bb.<\/li>\n<p>Sources : <\/p>\n<p>Arr\u00eat de la chambre sociale de la cour de cassation du 23 mars 2005.<\/p>\n","protected":false},"excerpt":{"rendered":"<p>L&rsquo;histoire M.X avait \u00e9t\u00e9 engag\u00e9 en qualit\u00e9 de livreur. Toutefois, on lui avaitsp\u00e9cifi\u00e9 qu&rsquo;il serait susceptible d&rsquo;occuper tout emploi de m\u00eame niveausuivant les n\u00e9cessit\u00e9s de l&rsquo;entreprise. Le salari\u00e9 avait \u00e9t\u00e9 licenci\u00e9car il avait refus\u00e9 d&rsquo;effectuer le vernissage d&rsquo;un meuble. Le salari\u00e9 a saisi le Conseil des prud&rsquo;hommes afin de contester son licenciement. Les arguments de [&hellip;]<\/p>\n","protected":false},"author":32,"featured_media":0,"comment_status":"open","ping_status":"open","sticky":false,"template":"","format":"standard","meta":{"_acf_changed":false,"_mi_skip_tracking":false,"footnotes":""},"categories":[5],"tags":[],"class_list":["post-1753","post","type-post","status-publish","format-standard","hentry","category-droit-du-travail"],"acf":[],"yoast_head":"<!-- This site is optimized with the Yoast SEO plugin v23.4 - https:\/\/yoast.com\/wordpress\/plugins\/seo\/ -->\n<title>Les t\u00e2ches relatives \u00e0 un poste de travail ne sont pas fig\u00e9es - Le Blog GERESO<\/title>\n<meta name=\"robots\" content=\"index, follow, max-snippet:-1, max-image-preview:large, max-video-preview:-1\" \/>\n<link rel=\"canonical\" href=\"https:\/\/www.gereso.com\/actualites\/2005\/03\/01\/les-taches-relatives-a-un-poste-de-travail-ne-sont-pas-figees\/\" \/>\n<meta property=\"og:locale\" content=\"fr_FR\" \/>\n<meta property=\"og:type\" content=\"article\" \/>\n<meta property=\"og:title\" content=\"Les t\u00e2ches relatives \u00e0 un poste de travail ne sont pas fig\u00e9es - Le Blog GERESO\" \/>\n<meta property=\"og:description\" content=\"L&rsquo;histoire M.X avait \u00e9t\u00e9 engag\u00e9 en qualit\u00e9 de livreur. Toutefois, on lui avaitsp\u00e9cifi\u00e9 qu&rsquo;il serait susceptible d&rsquo;occuper tout emploi de m\u00eame niveausuivant les n\u00e9cessit\u00e9s de l&rsquo;entreprise. Le salari\u00e9 avait \u00e9t\u00e9 licenci\u00e9car il avait refus\u00e9 d&rsquo;effectuer le vernissage d&rsquo;un meuble. Le salari\u00e9 a saisi le Conseil des prud&rsquo;hommes afin de contester son licenciement. Les arguments de [&hellip;]\" \/>\n<meta property=\"og:url\" content=\"https:\/\/www.gereso.com\/actualites\/2005\/03\/01\/les-taches-relatives-a-un-poste-de-travail-ne-sont-pas-figees\/\" \/>\n<meta property=\"og:site_name\" content=\"Le Blog GERESO\" \/>\n<meta property=\"article:published_time\" content=\"2005-02-28T22:00:00+00:00\" \/>\n<meta name=\"author\" content=\"\u00c9quipe GERESO\" \/>\n<meta name=\"twitter:card\" content=\"summary_large_image\" \/>\n<script type=\"application\/ld+json\" class=\"yoast-schema-graph\">{\"@context\":\"https:\/\/schema.org\",\"@graph\":[{\"@type\":\"WebPage\",\"@id\":\"https:\/\/www.gereso.com\/actualites\/2005\/03\/01\/les-taches-relatives-a-un-poste-de-travail-ne-sont-pas-figees\/\",\"url\":\"https:\/\/www.gereso.com\/actualites\/2005\/03\/01\/les-taches-relatives-a-un-poste-de-travail-ne-sont-pas-figees\/\",\"name\":\"Les t\u00e2ches relatives \u00e0 un poste de travail ne sont pas fig\u00e9es - Le Blog GERESO\",\"isPartOf\":{\"@id\":\"https:\/\/www.gereso.com\/actualites\/#website\"},\"datePublished\":\"2005-02-28T22:00:00+00:00\",\"dateModified\":\"2005-02-28T22:00:00+00:00\",\"author\":{\"@id\":\"https:\/\/www.gereso.com\/actualites\/#\/schema\/person\/197d8aef40cb4ae3f6a0aa9e1d3df2a6\"},\"breadcrumb\":{\"@id\":\"https:\/\/www.gereso.com\/actualites\/2005\/03\/01\/les-taches-relatives-a-un-poste-de-travail-ne-sont-pas-figees\/#breadcrumb\"},\"inLanguage\":\"fr-FR\",\"potentialAction\":[{\"@type\":\"ReadAction\",\"target\":[\"https:\/\/www.gereso.com\/actualites\/2005\/03\/01\/les-taches-relatives-a-un-poste-de-travail-ne-sont-pas-figees\/\"]}]},{\"@type\":\"BreadcrumbList\",\"@id\":\"https:\/\/www.gereso.com\/actualites\/2005\/03\/01\/les-taches-relatives-a-un-poste-de-travail-ne-sont-pas-figees\/#breadcrumb\",\"itemListElement\":[{\"@type\":\"ListItem\",\"position\":1,\"name\":\"Home\",\"item\":\"https:\/\/www.gereso.com\/actualites\/\"},{\"@type\":\"ListItem\",\"position\":2,\"name\":\"Les t\u00e2ches relatives \u00e0 un poste de travail ne sont pas fig\u00e9es\"}]},{\"@type\":\"WebSite\",\"@id\":\"https:\/\/www.gereso.com\/actualites\/#website\",\"url\":\"https:\/\/www.gereso.com\/actualites\/\",\"name\":\"Le Blog GERESO\",\"description\":\"Toute l&#039;actu RH, Finance, Fonction Publique, Management...\",\"potentialAction\":[{\"@type\":\"SearchAction\",\"target\":{\"@type\":\"EntryPoint\",\"urlTemplate\":\"https:\/\/www.gereso.com\/actualites\/?s={search_term_string}\"},\"query-input\":{\"@type\":\"PropertyValueSpecification\",\"valueRequired\":true,\"valueName\":\"search_term_string\"}}],\"inLanguage\":\"fr-FR\"},{\"@type\":\"Person\",\"@id\":\"https:\/\/www.gereso.com\/actualites\/#\/schema\/person\/197d8aef40cb4ae3f6a0aa9e1d3df2a6\",\"name\":\"\u00c9quipe GERESO\",\"image\":{\"@type\":\"ImageObject\",\"inLanguage\":\"fr-FR\",\"@id\":\"https:\/\/www.gereso.com\/actualites\/#\/schema\/person\/image\/\",\"url\":\"https:\/\/www.gereso.com\/actualites\/wp-content\/uploads\/2013\/12\/avatar-gereso-1.png\",\"contentUrl\":\"https:\/\/www.gereso.com\/actualites\/wp-content\/uploads\/2013\/12\/avatar-gereso-1.png\",\"caption\":\"\u00c9quipe GERESO\"},\"url\":\"https:\/\/www.gereso.com\/actualites\/author\/gereso\/\"}]}<\/script>\n<!-- \/ Yoast SEO plugin. -->","yoast_head_json":{"title":"Les t\u00e2ches relatives \u00e0 un poste de travail ne sont pas fig\u00e9es - Le Blog GERESO","robots":{"index":"index","follow":"follow","max-snippet":"max-snippet:-1","max-image-preview":"max-image-preview:large","max-video-preview":"max-video-preview:-1"},"canonical":"https:\/\/www.gereso.com\/actualites\/2005\/03\/01\/les-taches-relatives-a-un-poste-de-travail-ne-sont-pas-figees\/","og_locale":"fr_FR","og_type":"article","og_title":"Les t\u00e2ches relatives \u00e0 un poste de travail ne sont pas fig\u00e9es - Le Blog GERESO","og_description":"L&rsquo;histoire M.X avait \u00e9t\u00e9 engag\u00e9 en qualit\u00e9 de livreur. Toutefois, on lui avaitsp\u00e9cifi\u00e9 qu&rsquo;il serait susceptible d&rsquo;occuper tout emploi de m\u00eame niveausuivant les n\u00e9cessit\u00e9s de l&rsquo;entreprise. Le salari\u00e9 avait \u00e9t\u00e9 licenci\u00e9car il avait refus\u00e9 d&rsquo;effectuer le vernissage d&rsquo;un meuble. Le salari\u00e9 a saisi le Conseil des prud&rsquo;hommes afin de contester son licenciement. Les arguments de [&hellip;]","og_url":"https:\/\/www.gereso.com\/actualites\/2005\/03\/01\/les-taches-relatives-a-un-poste-de-travail-ne-sont-pas-figees\/","og_site_name":"Le Blog GERESO","article_published_time":"2005-02-28T22:00:00+00:00","author":"\u00c9quipe GERESO","twitter_card":"summary_large_image","schema":{"@context":"https:\/\/schema.org","@graph":[{"@type":"WebPage","@id":"https:\/\/www.gereso.com\/actualites\/2005\/03\/01\/les-taches-relatives-a-un-poste-de-travail-ne-sont-pas-figees\/","url":"https:\/\/www.gereso.com\/actualites\/2005\/03\/01\/les-taches-relatives-a-un-poste-de-travail-ne-sont-pas-figees\/","name":"Les t\u00e2ches relatives \u00e0 un poste de travail ne sont pas fig\u00e9es - Le Blog GERESO","isPartOf":{"@id":"https:\/\/www.gereso.com\/actualites\/#website"},"datePublished":"2005-02-28T22:00:00+00:00","dateModified":"2005-02-28T22:00:00+00:00","author":{"@id":"https:\/\/www.gereso.com\/actualites\/#\/schema\/person\/197d8aef40cb4ae3f6a0aa9e1d3df2a6"},"breadcrumb":{"@id":"https:\/\/www.gereso.com\/actualites\/2005\/03\/01\/les-taches-relatives-a-un-poste-de-travail-ne-sont-pas-figees\/#breadcrumb"},"inLanguage":"fr-FR","potentialAction":[{"@type":"ReadAction","target":["https:\/\/www.gereso.com\/actualites\/2005\/03\/01\/les-taches-relatives-a-un-poste-de-travail-ne-sont-pas-figees\/"]}]},{"@type":"BreadcrumbList","@id":"https:\/\/www.gereso.com\/actualites\/2005\/03\/01\/les-taches-relatives-a-un-poste-de-travail-ne-sont-pas-figees\/#breadcrumb","itemListElement":[{"@type":"ListItem","position":1,"name":"Home","item":"https:\/\/www.gereso.com\/actualites\/"},{"@type":"ListItem","position":2,"name":"Les t\u00e2ches relatives \u00e0 un poste de travail ne sont pas fig\u00e9es"}]},{"@type":"WebSite","@id":"https:\/\/www.gereso.com\/actualites\/#website","url":"https:\/\/www.gereso.com\/actualites\/","name":"Le Blog GERESO","description":"Toute l&#039;actu RH, Finance, Fonction Publique, Management...","potentialAction":[{"@type":"SearchAction","target":{"@type":"EntryPoint","urlTemplate":"https:\/\/www.gereso.com\/actualites\/?s={search_term_string}"},"query-input":{"@type":"PropertyValueSpecification","valueRequired":true,"valueName":"search_term_string"}}],"inLanguage":"fr-FR"},{"@type":"Person","@id":"https:\/\/www.gereso.com\/actualites\/#\/schema\/person\/197d8aef40cb4ae3f6a0aa9e1d3df2a6","name":"\u00c9quipe GERESO","image":{"@type":"ImageObject","inLanguage":"fr-FR","@id":"https:\/\/www.gereso.com\/actualites\/#\/schema\/person\/image\/","url":"https:\/\/www.gereso.com\/actualites\/wp-content\/uploads\/2013\/12\/avatar-gereso-1.png","contentUrl":"https:\/\/www.gereso.com\/actualites\/wp-content\/uploads\/2013\/12\/avatar-gereso-1.png","caption":"\u00c9quipe GERESO"},"url":"https:\/\/www.gereso.com\/actualites\/author\/gereso\/"}]}},"_links":{"self":[{"href":"https:\/\/www.gereso.com\/actualites\/wp-json\/wp\/v2\/posts\/1753","targetHints":{"allow":["GET"]}}],"collection":[{"href":"https:\/\/www.gereso.com\/actualites\/wp-json\/wp\/v2\/posts"}],"about":[{"href":"https:\/\/www.gereso.com\/actualites\/wp-json\/wp\/v2\/types\/post"}],"author":[{"embeddable":true,"href":"https:\/\/www.gereso.com\/actualites\/wp-json\/wp\/v2\/users\/32"}],"replies":[{"embeddable":true,"href":"https:\/\/www.gereso.com\/actualites\/wp-json\/wp\/v2\/comments?post=1753"}],"version-history":[{"count":0,"href":"https:\/\/www.gereso.com\/actualites\/wp-json\/wp\/v2\/posts\/1753\/revisions"}],"wp:attachment":[{"href":"https:\/\/www.gereso.com\/actualites\/wp-json\/wp\/v2\/media?parent=1753"}],"wp:term":[{"taxonomy":"category","embeddable":true,"href":"https:\/\/www.gereso.com\/actualites\/wp-json\/wp\/v2\/categories?post=1753"},{"taxonomy":"post_tag","embeddable":true,"href":"https:\/\/www.gereso.com\/actualites\/wp-json\/wp\/v2\/tags?post=1753"}],"curies":[{"name":"wp","href":"https:\/\/api.w.org\/{rel}","templated":true}]}}