{"id":1756,"date":"2004-05-01T00:00:00","date_gmt":"2004-04-30T22:00:00","guid":{"rendered":"https:\/\/www.gereso.com\/actualites\/2004\/05\/mutation-dun-salarie-dans-une-societe-du-groupe\/"},"modified":"2004-05-01T00:00:00","modified_gmt":"2004-04-30T22:00:00","slug":"mutation-dun-salarie-dans-une-societe-du-groupe","status":"publish","type":"post","link":"https:\/\/www.gereso.com\/actualites\/2004\/05\/01\/mutation-dun-salarie-dans-une-societe-du-groupe\/","title":{"rendered":"Mutation d&#039;un salari\u00e9 dans une soci\u00e9t\u00e9 du groupe"},"content":{"rendered":"\n<p><b>Le transfert du salari\u00e9 d&rsquo;une soci\u00e9t\u00e9 \u00e0 une autre constitue unemodification du contrat de travail qui ne peut intervenir sans sonaccord,<\/b> m\u00eame si ces soci\u00e9t\u00e9s ont \u00e0 leur t\u00eate le m\u00eame dirigeant et exercent dans les m\u00eames locaux une activit\u00e9 identique.<\/p>\n<p>Sila chambre sociale de la Cour de cassation a d\u00e9cid\u00e9, dans un arr\u00eat du1er\u00a0avril 2003, que \u00ab la mise \u00e0 disposition d&rsquo;un salari\u00e9 n&rsquo;entra\u00eene pasen soi une modification du contrat de travail \u00bb, elle consid\u00e8re enrevanche qu&rsquo;une mutation dans une autre soci\u00e9t\u00e9 du groupe constituebien une telle modification.<\/p>\n<p>Dans cette affaire,les juges du fond avaient valid\u00e9 le licenciement de la salari\u00e9e quiavait refus\u00e9 d&rsquo;\u00eatre transf\u00e9r\u00e9e, consid\u00e9rant que le refus de cettederni\u00e8re d&rsquo;ex\u00e9cuter un travail commun \u00e0 deux entreprises, qui faisaientpartie d&rsquo;un m\u00eame groupe et dont l&rsquo;objet et la direction \u00e9taientidentiques, ne reposait sur aucun \u00e9l\u00e9ment l\u00e9gitime, puisque les deuxsoci\u00e9t\u00e9s exer\u00f4aient, dans les m\u00eames locaux et sous la m\u00eame direction,une activit\u00e9 commune. Il ne s&rsquo;agissait d\u00e8s lors que d&rsquo;une simpler\u00e9organisation interne n&rsquo;ayant aucune incidence sur la r\u00e9mun\u00e9ration etsur les t\u00e2ches de la salari\u00e9e.<\/p>\n<p>La Cour de cassation n&rsquo;a pas suivi ce raisonnement. Elle a consid\u00e9r\u00e9qu&rsquo;il s&rsquo;agissait en l&rsquo;esp\u00e8ce d&rsquo;une mutation dans une soci\u00e9t\u00e9 distinctede celle o\u00f9 la salari\u00e9e \u00e9tait employ\u00e9e (et ce, malgr\u00e9 la permanence desorganes dirigeants) et non d&rsquo;une simple mise \u00e0 disposition sans ruptureavec le premier employeur. Cette mutation constituait une modificationdu contrat de travail de la salari\u00e9e qui, d\u00e8s lors, ne pouvaitintervenir sans l&rsquo;accord de cette derni\u00e8re.<\/p>\n<p>Source : Cass. soc., 5 mai 2004, n\u00b0 02-42.580, Filali c\/ St\u00e9 Adislor<\/p>\n","protected":false},"excerpt":{"rendered":"<p>Le transfert du salari\u00e9 d&rsquo;une soci\u00e9t\u00e9 \u00e0 une autre constitue unemodification du contrat de travail qui ne peut intervenir sans sonaccord, m\u00eame si ces soci\u00e9t\u00e9s ont \u00e0 leur t\u00eate le m\u00eame dirigeant et exercent dans les m\u00eames locaux une activit\u00e9 identique. Sila chambre sociale de la Cour de cassation a d\u00e9cid\u00e9, dans un arr\u00eat du1er\u00a0avril [&hellip;]<\/p>\n","protected":false},"author":32,"featured_media":0,"comment_status":"open","ping_status":"open","sticky":false,"template":"","format":"standard","meta":{"_acf_changed":false,"_mi_skip_tracking":false,"footnotes":""},"categories":[5],"tags":[],"class_list":["post-1756","post","type-post","status-publish","format-standard","hentry","category-droit-du-travail"],"acf":[],"yoast_head":"<!-- This site is optimized with the Yoast SEO plugin v23.4 - https:\/\/yoast.com\/wordpress\/plugins\/seo\/ -->\n<title>Mutation d&#039;un salari\u00e9 dans une soci\u00e9t\u00e9 du groupe - Le Blog GERESO<\/title>\n<meta name=\"robots\" content=\"index, follow, max-snippet:-1, max-image-preview:large, max-video-preview:-1\" \/>\n<link rel=\"canonical\" href=\"https:\/\/www.gereso.com\/actualites\/2004\/05\/01\/mutation-dun-salarie-dans-une-societe-du-groupe\/\" \/>\n<meta property=\"og:locale\" content=\"fr_FR\" \/>\n<meta property=\"og:type\" content=\"article\" \/>\n<meta property=\"og:title\" content=\"Mutation d&#039;un salari\u00e9 dans une soci\u00e9t\u00e9 du groupe - Le Blog GERESO\" \/>\n<meta property=\"og:description\" content=\"Le transfert du salari\u00e9 d&rsquo;une soci\u00e9t\u00e9 \u00e0 une autre constitue unemodification du contrat de travail qui ne peut intervenir sans sonaccord, m\u00eame si ces soci\u00e9t\u00e9s ont \u00e0 leur t\u00eate le m\u00eame dirigeant et exercent dans les m\u00eames locaux une activit\u00e9 identique. Sila chambre sociale de la Cour de cassation a d\u00e9cid\u00e9, dans un arr\u00eat du1er\u00a0avril [&hellip;]\" \/>\n<meta property=\"og:url\" content=\"https:\/\/www.gereso.com\/actualites\/2004\/05\/01\/mutation-dun-salarie-dans-une-societe-du-groupe\/\" \/>\n<meta property=\"og:site_name\" content=\"Le Blog GERESO\" \/>\n<meta property=\"article:published_time\" content=\"2004-04-30T22:00:00+00:00\" \/>\n<meta name=\"author\" content=\"\u00c9quipe GERESO\" \/>\n<meta name=\"twitter:card\" content=\"summary_large_image\" \/>\n<script type=\"application\/ld+json\" class=\"yoast-schema-graph\">{\"@context\":\"https:\/\/schema.org\",\"@graph\":[{\"@type\":\"WebPage\",\"@id\":\"https:\/\/www.gereso.com\/actualites\/2004\/05\/01\/mutation-dun-salarie-dans-une-societe-du-groupe\/\",\"url\":\"https:\/\/www.gereso.com\/actualites\/2004\/05\/01\/mutation-dun-salarie-dans-une-societe-du-groupe\/\",\"name\":\"Mutation d&#039;un salari\u00e9 dans une soci\u00e9t\u00e9 du groupe - Le Blog GERESO\",\"isPartOf\":{\"@id\":\"https:\/\/www.gereso.com\/actualites\/#website\"},\"datePublished\":\"2004-04-30T22:00:00+00:00\",\"dateModified\":\"2004-04-30T22:00:00+00:00\",\"author\":{\"@id\":\"https:\/\/www.gereso.com\/actualites\/#\/schema\/person\/197d8aef40cb4ae3f6a0aa9e1d3df2a6\"},\"breadcrumb\":{\"@id\":\"https:\/\/www.gereso.com\/actualites\/2004\/05\/01\/mutation-dun-salarie-dans-une-societe-du-groupe\/#breadcrumb\"},\"inLanguage\":\"fr-FR\",\"potentialAction\":[{\"@type\":\"ReadAction\",\"target\":[\"https:\/\/www.gereso.com\/actualites\/2004\/05\/01\/mutation-dun-salarie-dans-une-societe-du-groupe\/\"]}]},{\"@type\":\"BreadcrumbList\",\"@id\":\"https:\/\/www.gereso.com\/actualites\/2004\/05\/01\/mutation-dun-salarie-dans-une-societe-du-groupe\/#breadcrumb\",\"itemListElement\":[{\"@type\":\"ListItem\",\"position\":1,\"name\":\"Home\",\"item\":\"https:\/\/www.gereso.com\/actualites\/\"},{\"@type\":\"ListItem\",\"position\":2,\"name\":\"Mutation d&#039;un salari\u00e9 dans une soci\u00e9t\u00e9 du groupe\"}]},{\"@type\":\"WebSite\",\"@id\":\"https:\/\/www.gereso.com\/actualites\/#website\",\"url\":\"https:\/\/www.gereso.com\/actualites\/\",\"name\":\"Le Blog GERESO\",\"description\":\"Toute l&#039;actu RH, Finance, Fonction Publique, Management...\",\"potentialAction\":[{\"@type\":\"SearchAction\",\"target\":{\"@type\":\"EntryPoint\",\"urlTemplate\":\"https:\/\/www.gereso.com\/actualites\/?s={search_term_string}\"},\"query-input\":{\"@type\":\"PropertyValueSpecification\",\"valueRequired\":true,\"valueName\":\"search_term_string\"}}],\"inLanguage\":\"fr-FR\"},{\"@type\":\"Person\",\"@id\":\"https:\/\/www.gereso.com\/actualites\/#\/schema\/person\/197d8aef40cb4ae3f6a0aa9e1d3df2a6\",\"name\":\"\u00c9quipe GERESO\",\"image\":{\"@type\":\"ImageObject\",\"inLanguage\":\"fr-FR\",\"@id\":\"https:\/\/www.gereso.com\/actualites\/#\/schema\/person\/image\/\",\"url\":\"https:\/\/www.gereso.com\/actualites\/wp-content\/uploads\/2013\/12\/avatar-gereso-1.png\",\"contentUrl\":\"https:\/\/www.gereso.com\/actualites\/wp-content\/uploads\/2013\/12\/avatar-gereso-1.png\",\"caption\":\"\u00c9quipe GERESO\"},\"url\":\"https:\/\/www.gereso.com\/actualites\/author\/gereso\/\"}]}<\/script>\n<!-- \/ Yoast SEO plugin. -->","yoast_head_json":{"title":"Mutation d&#039;un salari\u00e9 dans une soci\u00e9t\u00e9 du groupe - Le Blog GERESO","robots":{"index":"index","follow":"follow","max-snippet":"max-snippet:-1","max-image-preview":"max-image-preview:large","max-video-preview":"max-video-preview:-1"},"canonical":"https:\/\/www.gereso.com\/actualites\/2004\/05\/01\/mutation-dun-salarie-dans-une-societe-du-groupe\/","og_locale":"fr_FR","og_type":"article","og_title":"Mutation d&#039;un salari\u00e9 dans une soci\u00e9t\u00e9 du groupe - Le Blog GERESO","og_description":"Le transfert du salari\u00e9 d&rsquo;une soci\u00e9t\u00e9 \u00e0 une autre constitue unemodification du contrat de travail qui ne peut intervenir sans sonaccord, m\u00eame si ces soci\u00e9t\u00e9s ont \u00e0 leur t\u00eate le m\u00eame dirigeant et exercent dans les m\u00eames locaux une activit\u00e9 identique. Sila chambre sociale de la Cour de cassation a d\u00e9cid\u00e9, dans un arr\u00eat du1er\u00a0avril [&hellip;]","og_url":"https:\/\/www.gereso.com\/actualites\/2004\/05\/01\/mutation-dun-salarie-dans-une-societe-du-groupe\/","og_site_name":"Le Blog GERESO","article_published_time":"2004-04-30T22:00:00+00:00","author":"\u00c9quipe GERESO","twitter_card":"summary_large_image","schema":{"@context":"https:\/\/schema.org","@graph":[{"@type":"WebPage","@id":"https:\/\/www.gereso.com\/actualites\/2004\/05\/01\/mutation-dun-salarie-dans-une-societe-du-groupe\/","url":"https:\/\/www.gereso.com\/actualites\/2004\/05\/01\/mutation-dun-salarie-dans-une-societe-du-groupe\/","name":"Mutation d&#039;un salari\u00e9 dans une soci\u00e9t\u00e9 du groupe - Le Blog GERESO","isPartOf":{"@id":"https:\/\/www.gereso.com\/actualites\/#website"},"datePublished":"2004-04-30T22:00:00+00:00","dateModified":"2004-04-30T22:00:00+00:00","author":{"@id":"https:\/\/www.gereso.com\/actualites\/#\/schema\/person\/197d8aef40cb4ae3f6a0aa9e1d3df2a6"},"breadcrumb":{"@id":"https:\/\/www.gereso.com\/actualites\/2004\/05\/01\/mutation-dun-salarie-dans-une-societe-du-groupe\/#breadcrumb"},"inLanguage":"fr-FR","potentialAction":[{"@type":"ReadAction","target":["https:\/\/www.gereso.com\/actualites\/2004\/05\/01\/mutation-dun-salarie-dans-une-societe-du-groupe\/"]}]},{"@type":"BreadcrumbList","@id":"https:\/\/www.gereso.com\/actualites\/2004\/05\/01\/mutation-dun-salarie-dans-une-societe-du-groupe\/#breadcrumb","itemListElement":[{"@type":"ListItem","position":1,"name":"Home","item":"https:\/\/www.gereso.com\/actualites\/"},{"@type":"ListItem","position":2,"name":"Mutation d&#039;un salari\u00e9 dans une soci\u00e9t\u00e9 du groupe"}]},{"@type":"WebSite","@id":"https:\/\/www.gereso.com\/actualites\/#website","url":"https:\/\/www.gereso.com\/actualites\/","name":"Le Blog GERESO","description":"Toute l&#039;actu RH, Finance, Fonction Publique, Management...","potentialAction":[{"@type":"SearchAction","target":{"@type":"EntryPoint","urlTemplate":"https:\/\/www.gereso.com\/actualites\/?s={search_term_string}"},"query-input":{"@type":"PropertyValueSpecification","valueRequired":true,"valueName":"search_term_string"}}],"inLanguage":"fr-FR"},{"@type":"Person","@id":"https:\/\/www.gereso.com\/actualites\/#\/schema\/person\/197d8aef40cb4ae3f6a0aa9e1d3df2a6","name":"\u00c9quipe GERESO","image":{"@type":"ImageObject","inLanguage":"fr-FR","@id":"https:\/\/www.gereso.com\/actualites\/#\/schema\/person\/image\/","url":"https:\/\/www.gereso.com\/actualites\/wp-content\/uploads\/2013\/12\/avatar-gereso-1.png","contentUrl":"https:\/\/www.gereso.com\/actualites\/wp-content\/uploads\/2013\/12\/avatar-gereso-1.png","caption":"\u00c9quipe GERESO"},"url":"https:\/\/www.gereso.com\/actualites\/author\/gereso\/"}]}},"_links":{"self":[{"href":"https:\/\/www.gereso.com\/actualites\/wp-json\/wp\/v2\/posts\/1756","targetHints":{"allow":["GET"]}}],"collection":[{"href":"https:\/\/www.gereso.com\/actualites\/wp-json\/wp\/v2\/posts"}],"about":[{"href":"https:\/\/www.gereso.com\/actualites\/wp-json\/wp\/v2\/types\/post"}],"author":[{"embeddable":true,"href":"https:\/\/www.gereso.com\/actualites\/wp-json\/wp\/v2\/users\/32"}],"replies":[{"embeddable":true,"href":"https:\/\/www.gereso.com\/actualites\/wp-json\/wp\/v2\/comments?post=1756"}],"version-history":[{"count":0,"href":"https:\/\/www.gereso.com\/actualites\/wp-json\/wp\/v2\/posts\/1756\/revisions"}],"wp:attachment":[{"href":"https:\/\/www.gereso.com\/actualites\/wp-json\/wp\/v2\/media?parent=1756"}],"wp:term":[{"taxonomy":"category","embeddable":true,"href":"https:\/\/www.gereso.com\/actualites\/wp-json\/wp\/v2\/categories?post=1756"},{"taxonomy":"post_tag","embeddable":true,"href":"https:\/\/www.gereso.com\/actualites\/wp-json\/wp\/v2\/tags?post=1756"}],"curies":[{"name":"wp","href":"https:\/\/api.w.org\/{rel}","templated":true}]}}