{"id":1764,"date":"2005-04-01T00:00:00","date_gmt":"2005-03-31T22:00:00","guid":{"rendered":"https:\/\/www.gereso.com\/actualites\/2005\/04\/tout-savoir-sur-la-duree-legale-du-travail\/"},"modified":"2005-04-01T00:00:00","modified_gmt":"2005-03-31T22:00:00","slug":"tout-savoir-sur-la-duree-legale-du-travail","status":"publish","type":"post","link":"https:\/\/www.gereso.com\/actualites\/2005\/04\/01\/tout-savoir-sur-la-duree-legale-du-travail\/","title":{"rendered":"Tout savoir sur la dur\u00e9e l\u00e9gale du travail"},"content":{"rendered":"<h3>Les 35 heures en quelques dates-cl\u00e9s<\/h3>\n<li><b>La loi du 13 juin 1998<\/b>ram\u00e8ne la dur\u00e9e l\u00e9gale du travail de 39 \u00e0 35 heures \u00e0 compter du 1erjanvier 2000 pour les entreprises de plus de 20 salari\u00e9s et au 1erjanvier 2002 pour les autres.<\/li>\n<li> <b>La loi du 19 janvier 2000<\/b> fixe la dur\u00e9e l\u00e9gale de travail \u00e0 1 600 heures annuelles et introduit une norme horaire sur l&rsquo;ann\u00e9e.<\/li>\n<li><b>La loi du 17 janvier 2003<\/b> introduit des assouplissements en relevant le plafond annuel d&rsquo;heures suppl\u00e9mentaires de 130 \u00e0 180 heures.<\/li>\n<li><b>La loi du 4 mai 2004<\/b> r\u00e9forme le compte \u00e9pargne-temps (CET) et instaure des \u00ab\u00a0heures choisies\u00a0\u00bb, au-del\u00e0 du contingent d&rsquo;heures suppl\u00e9mentaires.<\/li>\n<li><b>Le 22 d\u00e9cembre 2004,<\/b> prend effet un nouveau rel\u00e8vement du contingent annuel d&rsquo;heures suppl\u00e9mentaires \u00e0 220 heures.<\/li>\n<li> Enfin, <b>la loi du 31 mars 2005 <\/b>r\u00e9forme l&rsquo;organisation du temps de travail avec des cons\u00e9quences directe sur votre vie de salari\u00e9.<\/li>\n<p>Source : Legifrance.gouv.fr<\/p>\n<p> Quelques exemples d&rsquo;assouplissement pratiqu\u00e9s par les entreprises :<\/p>\n<li> <b>35 heures soit 7 heures par jour<\/b>, 5 jours par semaine. Pas de repos compensateur.<\/li>\n<li> <b>37,5 heures par semaine <\/b>et <b>1,33 jour de repos compensateur<\/b> par mois.<\/li>\n<li> <b>39 heures par semaine <\/b>et <b>une demi-journ\u00e9e de repos compensateur<\/b> par semaine.<\/li>\n<li> <b>39 heures par semaine<\/b> et <b>deux journ\u00e9es de repos <\/b>compensateur par mois.<\/li>\n<h3>Les modifications li\u00e9es \u00e0 la loi du 31 mars 2005<b><br \/><\/b><\/h3>\n<h4>Le compte \u00e9pargne-temps (CET)<\/h4>\n<p>L&rsquo;article premier de la loi a r\u00e9form\u00e9 les dispositions relatives au CET en terme d&rsquo;<b>alimentation, d&rsquo;utilisation et de gestion.<\/b> Jusqu&rsquo;\u00e0 pr\u00e9sent, vous ne pouviez pas conserver plus de <b>22 jours de RTT ou de cong\u00e9s <\/b>et vous deviez le vider tous les <b>cinq ans<\/b>.<\/p>\n<p>D\u00e9sormais, vous pourrez accumuler<b> autant de jours que vous voudrez et sans limite de temps pour stocker ses droits<\/b>.Vous pourrez alimenter votre CET par les heures de repos acquises autitre de repos compensateur mais aussi par une partie de vos cong\u00e9spay\u00e9s.<\/p>\n<p>Votre employeur pourra aussi y affecter <b>\u00ab\u00a0les heures effectu\u00e9es au-del\u00e0 de la dur\u00e9e collective du travail<\/b>, lorsque les caract\u00e9ristiques des variations de l&rsquo;activit\u00e9 le justifient\u00a0\u00bb.<\/p>\n<p>Vous devrez toutefois conserver <b>cinq semaines de vacances par an<\/b> et respecter la dur\u00e9e hebdomadaire du travail maximale de <b>48 heures.<\/b><span style=\"font-weight: bold;\"><br \/><\/span><\/p>\n<p><span style=\"font-weight: bold;\">\u00a0<\/span>Enfin, le compte \u00e9pargne-temps pourra \u00eatre <b>converti en partie en cong\u00e9s, en compl\u00e9ment de r\u00e9mun\u00e9ration imm\u00e9diat ou en \u00e9pargne.<\/b><span style=\"font-weight: bold;\"><br \/><\/span><\/p>\n<h4><span style=\"font-weight: bold;\">\u00a0<\/span> Des \u00ab\u00a0heures choisies\u00a0\u00bb r\u00e9mun\u00e9r\u00e9es<\/h4>\n<p>L&rsquo;article 2 de la loi instaure \u00ab\u00a0<b>un r\u00e9gime d&rsquo;heures choisies<\/b>\u00ab\u00a0. <\/p>\n<p>Concr\u00e8tement, si vous le souhaitez, en accord avec votre employeur etdans le cadre d&rsquo;une convention collective de branche ou d&rsquo;un accordd&rsquo;entreprise, vous pouvez <b>travailler au-del\u00e0 du contingent annuel de 220 heures suppl\u00e9mentaires. <\/b><\/p>\n<p>Les heures effectu\u00e9es \u00e0 ce titre seront r\u00e9mun\u00e9r\u00e9es \u00e0 un taux qui nepourra pas \u00eatre inf\u00e9rieur \u00e0 celui des heures suppl\u00e9mentaires. <\/p>\n<p>Vous pourrez ainsi faire des <b>semaines de 48 heures<\/b>.La loi permet aussi aux cadres qui le souhaitent de renoncer \u00e0 unepartie de leurs cong\u00e9s RTT contre un suppl\u00e9ment de r\u00e9mun\u00e9ration.<\/p>\n<h4>Le r\u00e9gime sp\u00e9cifique des PME<\/h4>\n<p>Le troisi\u00e8me article du texte comporte deux mesures cibl\u00e9es sur les tr\u00e8s petites entreprises. Il <b>prolonge de trois ans, jusqu&rsquo;au 31 d\u00e9cembre 2008, le r\u00e9gime sp\u00e9cifique des heures suppl\u00e9mentaires<\/b> dans les entreprises de moins de 20 salari\u00e9s. <\/p>\n<p>A savoir : celles-ci ne sont compt\u00e9es qu&rsquo;\u00e0 partir de la <b>37\u00e8me heure<\/b> et les quatre premi\u00e8res heures suppl\u00e9mentaires sont major\u00e9es de <b>10 % au lieu de 25 %<\/b> dans le cas g\u00e9n\u00e9ral. <\/p>\n<p>Enfin, \u00e0 l&rsquo;exception des femmes enceintes, les salari\u00e9s des petites entreprises pourront <b>renoncer \u00e0 une partie de leurs journ\u00e9es ou de leurs demi-journ\u00e9es de repos<\/b>, dans la limite de 10 jours, en \u00e9change d&rsquo;une majoration de salaire \u00e9gale au moins \u00e0 10 %.<\/p>\n<h4> Les 35 heures et les cadres<\/h4>\n<p>Les cadres travaillent plus que les autres. Rien d&rsquo;in\u00e9dit. De <b>39,8 \u00e0 51,6 heures hebdomadaires <\/b>selon les cat\u00e9gories.<\/p>\n<p>En France, travailler beaucoup fait partie de la fonction m\u00eame desprofessions d&rsquo;encadrement. A de tels postes, on passe en moyenne 230heures de plus au travail que les techniciens et 260 heures de plusqu&rsquo;un employ\u00e9 ou qu&rsquo;un ouvrier.<\/p>\n<p>Sans compter les heures pass\u00e9es sur l&rsquo;ordinateur portable le week end :c&rsquo;est le cas de 74 % des cadres. En compensation, <b>55% des cadres b\u00e9n\u00e9ficient d&rsquo;une journ\u00e9e de RTT de temps en temps et 20 %d&rsquo;une ou plusieurs semaines de cong\u00e9s suppl\u00e9mentaires.<\/b><\/p>\n<p>Source : Courrier cadre n\u00b06 (mars 2007) d&rsquo;apr\u00e8s des enqu\u00eates Insee 2004 et Apec 2005.<\/p>\n<h3>Quelle dur\u00e9e maximum pour une semaine de travail&nbsp;?<\/h3>\n<p>La dur\u00e9e l\u00e9gale du travail peut \u00eatre d\u00e9pass\u00e9e dans le cadre de la r<b>\u00e9glementation sur les heures suppl\u00e9mentaires.<\/b><\/p>\n<p>Sauf autorisation de l&rsquo;inspecteur du travail, la dur\u00e9e du travail des travailleurs \u00e2g\u00e9s de <b>moins de 18 ans <\/b>ne peut d\u00e9passer la dur\u00e9e l\u00e9gale du travail.<\/p>\n<p>Toutefois, il existe des dur\u00e9es maximales au-del\u00e0 desquelles aucuntravail effectif ne peut \u00eatre demand\u00e9. Ces dur\u00e9es maximales de travails&rsquo;imposent \u00e9galement au salari\u00e9 qui cumule plusieurs emplois.<\/p>\n<p>Sauf d\u00e9rogation, les dur\u00e9es maximales sont fix\u00e9es \u00e0 :<\/p>\n<li><b>10 heures par jour ;<\/b><\/li>\n<li><b> 48 heures par semaine ;<\/b><\/li>\n<li><b> 44 heures en moyenne sur une p\u00e9riode de 12 semaines cons\u00e9cutives. <\/b><\/li>\n<p>En outre, les salari\u00e9s doivent b\u00e9n\u00e9ficier d&rsquo;un repos quotidien de 11heures au minimum et d&rsquo;un repos hebdomadaire de 24 heures auquels&rsquo;ajoutent les heures de repos quotidien.<\/p>\n<p>L&#8217;employeur est tenu d&rsquo;accorder au moins <b>20 minutes<\/b> de pause lorsque le temps de travail quotidien atteint 6 heures.<\/p>\n<p>Une semaine de travail ne peut pas d\u00e9passer <b>6 jours.<\/b><\/p>\n<p>Le repos hebdomadaire minimal est de <b>35 heures cons\u00e9cutives. <\/b>Il est constitu\u00e9 de 24 heures de repos hebdomadaire et de 11 heures de repos quotidien.<\/p>\n<p>Ce repos se situe normalement <b>le dimanche.<\/b><\/p>\n<p>Votre employeur ne peut en aucun cas vous licencier si vous refusez de travailler un septi\u00e8me jour cons\u00e9cutif.<\/p>\n<p>Par contre, certaines entreprises (h\u00f4tellerie-restauration, industrie,vente de d\u00e9tail dans les zones touristiques&#8230;) ont le droit d&rsquo;<b>accorder le repos hebdomadaire un autre jour que le dimanche<\/b>, car il existe des d\u00e9rogations. <\/p>\n<h3>Quels sont les temps de travail comptabilis\u00e9s dans la dur\u00e9e l\u00e9gale&nbsp;?<\/h3>\n<h4>Le temps de travail effectif<\/h4>\n<p>Entre dans le calcul de la dur\u00e9e l\u00e9gale du travail, le temps de travail effectif, c&rsquo;est-\u00e0-dire <b>toute p\u00e9riode pendant laquelle le salari\u00e9 est \u00e0 la disposition de l&#8217;employeur, <\/b>dans l&rsquo;obligation de se conformer \u00e0 ses directives sans pouvoir se consacrer librement \u00e0 des occupations personnelles.<\/p>\n<p>S&rsquo;ils r\u00e9pondent \u00e0 ces crit\u00e8res, <b>les temps de restauration et de pauses sont consid\u00e9r\u00e9s comme temps de travail effectif.<\/b><\/p>\n<p>Sauf disposition contraire d&rsquo;une convention ou d&rsquo;un accord applicable \u00e0l&rsquo;entreprise, ne constitue pas un temps de travail effectif celuiconsacr\u00e9 \u00e0 l<b>&lsquo;habillage et au d\u00e9shabillage<\/b>.<\/p>\n<p>Toutefois, lorsque le port d&rsquo;une tenue de travail est impos\u00e9 par lar\u00e9glementation, le r\u00e8glement int\u00e9rieur de l&rsquo;entreprise, une convention,un accord collectif ou le contrat de travail du salari\u00e9, le temps qui yest consacr\u00e9 &#8211; s&rsquo;il se d\u00e9roule dans l&rsquo;entreprise ou sur le lieu detravail &#8211; doit faire l&rsquo;objet de contreparties au b\u00e9n\u00e9fice des salari\u00e9s: repos, primes&#8230;<\/p>\n<p>Le <b\n>temps de d\u00e9placement professionnel <\/b>pourse rendre sur le lieu d&rsquo;ex\u00e9cution du contrat de travail n&rsquo;est pas untemps de travail effectif. Toutefois, s&rsquo;il d\u00e9passe le temps normal detrajet entre le domicile et le lieu habituel de travail, il doit fairel&rsquo;objet d&rsquo;une contrepartie soit sous forme de repos, soit financi\u00e8re,d\u00e9termin\u00e9e par convention ou accord collectif ou, \u00e0 d\u00e9faut, pard\u00e9cision unilat\u00e9rale de l&#8217;employeur prise apr\u00e8s consultation du comit\u00e9d&rsquo;entreprise ou des d\u00e9l\u00e9gu\u00e9s du personnel, s&rsquo;ils existent.<\/p>\n<p>La part de ce temps de d\u00e9placement professionnel co\u00efncidant avecl&rsquo;horaire de travail ne doit pas entra\u00eener de perte de salaire.<\/p>\n<h4>Les heures d&rsquo;\u00e9quivalence<\/h4>\n<p>Dans certaines professions (sant\u00e9, m\u00e9dico-social&#8230;), des salari\u00e9s peuvent \u00eatre soumis \u00e0 un temps de travail &#8211; comportant des <b>temps d&rsquo;inaction<\/b>&#8211; d\u00e9passant la dur\u00e9e l\u00e9gale du travail mais assimil\u00e9 \u00e0 celle-ci. Ainsi,par exemple, la dur\u00e9e hebdomadaire du travail peut \u00eatre fix\u00e9e, comptetenu du r\u00e9gime d&rsquo;\u00e9quivalence, \u00e0 38 heures qui seront d\u00e9compt\u00e9es comme35 heures.<\/p>\n<p>Les heures d&rsquo;\u00e9quivalence sont r\u00e9mun\u00e9r\u00e9esconform\u00e9ment aux usages ou aux accords \u00e9tendus applicables \u00e0l&rsquo;entreprise. La dur\u00e9e \u00e9quivalente (par exemple 38 h) est le seuil ded\u00e9clenchement des heures suppl\u00e9mentaires.<\/p>\n<p>Le r\u00e9gime d&rsquo;\u00e9quivalence pour une profession ne peut \u00eatre mis en placeque par d\u00e9cret en Conseil d&rsquo;\u00c9tat ou par d\u00e9cret simple apr\u00e8s conclusiond&rsquo;une convention ou d&rsquo;un accord de branche.<\/p>\n<h4>Les astreintes<\/h4>\n<p>Ce sont les p\u00e9riodes pendant lesquelles le salari\u00e9, <b>sans\u00eatre \u00e0 la disposition permanente et imm\u00e9diate de l&#8217;employeur, al&rsquo;obligation de demeurer \u00e0 son domicile ou \u00e0 proximit\u00e9 afin d&rsquo;\u00eatre enmesure d&rsquo;intervenir pour effectuer un travail.<\/b><\/p>\n<p>Les astreintes sont organis\u00e9es par convention ou accord collectif ou, \u00e0d\u00e9faut, \u00e0 l&rsquo;initiative de l&#8217;employeur. Dans tous les cas, elles doiventdonner lieu \u00e0 des <b>compensations financi\u00e8res ou \u00e0 des repos.<\/b><\/p>\n<p>L&rsquo;astreinte sans intervention est d\u00e9compt\u00e9e dans les dur\u00e9es minimalesde repos quotidien et hebdomadaire. En revanche, les p\u00e9riodesd&rsquo;intervention constituent un temps de travail effectif comptabilis\u00e9 \u00e0ce titre dans la dur\u00e9e du travail.<\/p>\n<h3>Le temps de travail des cadres<br \/><\/h3>\n<h4>Synth\u00e8se<\/h4>\n<p>Selon la cat\u00e9gorie \u00e0 laquelle il appartient, un cadre peut &#8211; ce n&rsquo;estpas automatique- \u00eatre soumis \u00e0 une convention de forfait : en heures ouen jours. Obligatoirement \u00e9crite, la convention de forfait en heuresconsiste \u00e0 r\u00e9mun\u00e9rer syst\u00e9matiquement et avec les majorations, unecertaine quantit\u00e9 d&rsquo;heures suppl\u00e9mentaires accomplies de fa\u00e7onr\u00e9guli\u00e8re par le salari\u00e9. Si le cadre travaille au-del\u00e0 du forfait, lesheures suppl\u00e9mentaires doivent \u00eatre d\u00e9compt\u00e9es et pay\u00e9es. La conventionde forfait en jours, obligatoirement \u00e9crite, elle aussi, fixe un nombrede jours travaill\u00e9s par le cadre dans l&rsquo;ann\u00e9e. Cette possibilit\u00e9 deconclure des conventions de forfait en jours a \u00e9t\u00e9 \u00e9tendue \u00e0 certainssalari\u00e9s non cadres.<\/p>\n<p>A savoir<\/p>\n<p>Les heures suppl\u00e9mentaires int\u00e9gr\u00e9es dans la convention de forfaithebdomadaire ou mensuelle ne doivent pas d\u00e9passer le contingent annuelconventionnel ou \u00e0 d\u00e9faut r\u00e9glementaire (220 heures par an).<\/p>\n<h4>Les cadres : quelles d\u00e9finitions&nbsp;?<\/h4>\n<p> Au regard de la r\u00e9glementation sur la dur\u00e9e du travail, <b>trois cat\u00e9gories de cadres<\/b> sont distingu\u00e9es.<\/p>\n<h4>Les cadres dirigeants<\/h4>\n<p>\u00catre cadre dirigeant, c&rsquo;est r\u00e9unir trois crit\u00e8res :<\/p>\n<li> assumer des responsabilit\u00e9s impliquant une grande ind\u00e9pendance dans l&rsquo;organisation de son propre emploi du temps ;<\/li>\n<li> disposer d&rsquo;un pouvoir d\u00e9cisionnaire largement autonome ;<\/li>\n<li>percevoir l&rsquo;une des r\u00e9mun\u00e9rations les plus \u00e9lev\u00e9es de l&rsquo;entreprise oude l&rsquo;\u00e9tablissement. Pour ces cadres, les dispositions relatives \u00e0 ladur\u00e9e du travail, au travail de nuit, aux repos quotidien ethebdomadaire et aux jours f\u00e9ri\u00e9s ne s&rsquo;appliquent pas. Ils b\u00e9n\u00e9ficienten revanche des cong\u00e9s pay\u00e9s, des cong\u00e9s non r\u00e9mun\u00e9r\u00e9s, des cong\u00e9s pour\u00e9v\u00e9nements familiaux, du dispositif sur le compte \u00e9pargne-temps.<\/li>\n<p><b>Les cadres int\u00e9gr\u00e9s \u00e0 un atelier, un service, une \u00e9quipe<\/b><\/p>\n<p>Lescadres (dits \u00ab int\u00e9gr\u00e9s \u00bb) dont la nature des fonctions les conduit \u00e0suivre l&rsquo;horaire collectif applicable au sein de leur atelier, de leurservice ou de leur \u00e9quipe. Ils b\u00e9n\u00e9ficient de la l\u00e9gislation sur ladur\u00e9e du travail au m\u00eame titre que les non-cadres.<\/p>\n<p><b>Les cadres autonomes<\/b><\/p>\n<p>Ils&rsquo;agit des cadres qui ne sont ni cadres dirigeants, ni cadres int\u00e9gr\u00e9s(ing\u00e9nieurs-chercheurs, cadres commerciaux, op\u00e9rateurs sur les march\u00e9sfinanciers&#8230;). Des conventions individuelles de forfait, en heuresvoire en jours, peuvent leur \u00eatre propos\u00e9es.<\/p>\n<p> S&rsquo;ils n&rsquo;ont pas sign\u00e9de conventions individuelles de forfait annualis\u00e9 (en heures ou enjours), ces cadres sont soumis au contingent d&rsquo;heures suppl\u00e9mentaires.<\/p>\n<h4>Convention de forfait : de quoi s&rsquo;agit-il&nbsp;?<\/h4>\n<p>Conclue entre l&#8217;employeur et le cadre, la convention de forfait permetde simplifier la gestion administrative de la paie : elle pr\u00e9voit der\u00e9mun\u00e9rer syst\u00e9matiquement un nombre d&rsquo;heures suppl\u00e9mentaires (avec lesmajorations) accomplies de fa\u00e7on r\u00e9guli\u00e8re par le salari\u00e9. Sur lebulletin de paie figure un nombre d&rsquo;heures de travail mensuel global(par exemple 177 heures au lieu de 151,67 heures), et non le d\u00e9tail desheures \u00ab normales \u00bb et des heures suppl\u00e9mentaires avec leur majoration.Toutefois, si le cadre effectue des heures au-del\u00e0 du forfait, ellesdoivent \u00eatre d\u00e9compt\u00e9es et pay\u00e9es au taux major\u00e9.<\/p>\n<h4>Avec quels cadres&nbsp;?<\/h4>\n<p>La convention de forfait peut \u00eatre conclue avec tous types de cadres.Pour certains d&rsquo;entre eux, il est possible de signer des conventionsparticuli\u00e8res pr\u00e9voyant un forfait annuel en heures ou en jours.<\/p>\n<p><b>Les cadres int\u00e9gr\u00e9s \u00e0 un atelier, un service, une \u00e9quipe<\/b><\/p>\n<p>L&#8217;employeura la possibilit\u00e9 de conclure avec cette cat\u00e9gorie de cadres desconventions de forfait. Obligatoirement \u00e9crites, pr\u00e9cises etquantifi\u00e9es, ces conventions sont \u00e9tablies en heures sur une basehebdomadaire ou mensuelle. Elles permettent de r\u00e9mun\u00e9rer de fa\u00e7onforfaitaire les heures suppl\u00e9mentaires accomplies. La r\u00e9mun\u00e9rationalors vers\u00e9e ne peut \u00eatre inf\u00e9rieure \u00e0 celle qui lui aurait \u00e9t\u00e9 vers\u00e9esi ses heures de travail avaient \u00e9t\u00e9 d\u00e9compt\u00e9es. Le forfait doit doncinclure le paiement major\u00e9 des heures suppl\u00e9mentaires.<\/p>\n<p><b>Les cadres non-dirigeants et non-int\u00e9gr\u00e9s \u00e0 une \u00e9quipe, un atelier, un service (dits \u00ab interm\u00e9diaires \u00bb ou \u00ab autonomes \u00bb)<\/b><\/p>\n<p>Ladur\u00e9e de travail de ces cadres peut \u00eatre fix\u00e9e par des conventionsindividuelles de forfait pr\u00e9vues par une convention ou un accordcollectif. Il peut s&rsquo;agir :<\/p>\n<li> soit d&rsquo;une convention de forfait\u00e9tablie en heures sur une base hebdomadaire ou mensuelle. Dans ce cas,les heures suppl\u00e9mentaires int\u00e9gr\u00e9es dans la convention de forfait nedoivent pas d\u00e9passer le contingent annuel d&rsquo;heures suppl\u00e9mentairesapplicable ;<\/li>\n<li>soit d&rsquo;une convention de forfait annuel en heures ou en jours. Aucuncontingent d&rsquo;heures suppl\u00e9mentaires ne s&rsquo;applique alors.<\/li>\n<p>La convention ou l&rsquo;accord collectif autorisant la signature deconvention individuelle de forfait doit d\u00e9finir : les cat\u00e9gories decadres susceptibles de signer une telle convention ; les modalit\u00e9s etles caract\u00e9ristiques des conventions de forfait.<\/p>\n<h4><span style=\"font-weight: bold;\">Avec quels autres salari\u00e9s non-cadres&nbsp;?<\/span><\/h4>\n<p>L&rsquo;article 95 de la loi n\u00b0 2005-882 du 2 ao\u00fbt 2005 \u00ab en faveur despetites et moyennes entreprises \u00bb, modifiant en ce sens l&rsquo;article L.212-15-3 du Code du travail, \u00e9tend la possibilit\u00e9 de rendre applicableune convention de forfait en jours aux salari\u00e9s non cadres dont ladur\u00e9e du temps de travail ne peut \u00eatre pr\u00e9d\u00e9termin\u00e9e et qui disposentd&rsquo;une r\u00e9elle autonomie dans l&rsquo;organisation de leur emploi du temps pourl&rsquo;exercice des responsabilit\u00e9s qui leur sont confi\u00e9es. Cettepossibilit\u00e9 est soumise<br \/>\nen outre aux conditions suivantes :<\/p>\n<li> les salari\u00e9s concern\u00e9s doivent donner leur accord individuellement et par \u00e9crit ;<\/li>\n<li>le principe et la mise en oeuvre dans la branche ou l&rsquo;entreprised&rsquo;une telle convention de forfait pour cette cat\u00e9gorie de salari\u00e9sdevront \u00eatre au pr\u00e9alable n\u00e9goci\u00e9s par les partenaires sociaux, etformalis\u00e9s par une convention ou un accord collectif \u00e9tendu ou par uneconvention ou un accord d&rsquo;entreprise ou d&rsquo;\u00e9tablissement. Lorsqu&rsquo;un telforfait annuel en jours s&rsquo;appliquera, il r\u00e9pondra aux m\u00eames conditionsque celles applicables aux forfaits en jours conclus avec des cadres(voir ci-dessous).<\/li>\n<h4>\u00c0 quelles conditions&nbsp;?<\/h4>\n<p>Obligatoirement \u00e9crites, les conventions individuelles de forfaitpeuvent \u00eatre \u00e9tablies sur une base hebdomadaire, mensuelle ou annuelle.Toutefois, le recours aux conventions de forfait annuel (en heures ouen jours) doit \u00eatre autoris\u00e9 par une convention ou un accord collectif\u00e9tendu ou une convention ou un accord d&rsquo;entreprise ou d&rsquo;\u00e9tablissement.\u00c0 d\u00e9faut, seules des conventions de forfait en heures, \u00e9tablies sur unebase hebdomadaire ou mensuelle, peuvent \u00eatre conclues.<\/p>\n<p>Forfait hebdomadaire, mensuel ou annuel en heures : dans tous les cas,la r\u00e9mun\u00e9ration vers\u00e9e doit \u00eatre au moins \u00e9gale au minimumconventionnel applicable dans l&rsquo;entreprise et inclure le paiement (avecbonification et majorations) des heures suppl\u00e9mentaires.<\/p>\n<p><b>Forfait annuel en heures<\/b><\/p>\n<p>L&rsquo;accordcollectif doit obligatoirement d\u00e9terminer les cat\u00e9gories de cadresconcern\u00e9s, les modalit\u00e9s et les caract\u00e9ristiques principales desconventions de forfait susceptibles d&rsquo;\u00eatre conclues, la dur\u00e9e annuellede travail sur laquelle le forfait est \u00e9tabli.<\/p>\n<p>Le texteconventionnel peut pr\u00e9voir que le forfait annuel en heures estapplicable aux salari\u00e9s itin\u00e9rants non-cadres dont la dur\u00e9e du travailne peut \u00eatre pr\u00e9d\u00e9termin\u00e9e ou qui b\u00e9n\u00e9ficient d&rsquo;une r\u00e9elle autonomiedans l&rsquo;organisation de leur emploi du temps.<\/p>\n<p>La dur\u00e9e de travail doit respecter :<\/p>\n<li> un minimum de 11 heures de repos quotidien ;<\/li>\n<li>au moins 24 heures cons\u00e9cutives de repos hebdomadaire auxquelless&rsquo;ajoutent les 11 heures de repos quotidien (soit un total de 35heures) ;<\/li>\n<li> la limitation \u00e0 6 jours du nombre de journ\u00e9es de travail hebdomadaire ;<\/li>\n<li> les dur\u00e9es maximales quotidiennes et hebdomadaires du travail.<\/li>\n<li>un accord collectif peut fixer des dur\u00e9es maximales diff\u00e9rentes \u00e0condition de pr\u00e9voir les modalit\u00e9s de contr\u00f4le de l&rsquo;application de cesnouveaux maxima ainsi que les conditions de suivi de l&rsquo;organisation etde la charge de travail des salari\u00e9s concern\u00e9s.<\/li>\n<li>une convention ou un accord collectif de branche, de groupe,d&rsquo;entreprise ou d&rsquo;\u00e9tablissement peut ouvrir la facult\u00e9 aux salari\u00e9s auforfait annuel en heures qui le souhaitent d&rsquo;effectuer des heuresau-del\u00e0 de la dur\u00e9e annuelle de travail pr\u00e9vue par la convention deforfait. L&rsquo;accord du chef d&rsquo;entreprise est requis. La convention oul&rsquo;accord collectif pr\u00e9cise notamment les conditions dans lesquelles cesheures sont effectu\u00e9es, fixe la majoration de salaire \u00e0 laquelle ellesdonnent lieu ainsi que les conditions dans lesquelles le salari\u00e9 faitconna\u00eetre son choix.<\/li>\n<p><b>Forfait annuel en jours<\/b><\/p>\n<p>Lenombre de journ\u00e9es travaill\u00e9es est fix\u00e9 par la convention ou l&rsquo;accordcollectif qui pr\u00e9voit la conclusion de convention de forfait en jours.Ce nombre ne peut exc\u00e9der 218 jours sur une ann\u00e9e.<\/p>\n<p> Le rel\u00e8vement de217 \u00e0 218 jours du nombre maximal de jours pouvant \u00eatre travaill\u00e9 dansle cadre d&rsquo;un forfait annuel en jours r\u00e9sulte de la cr\u00e9ation d&rsquo;une \u00abjourn\u00e9e de solidarit\u00e9 \u00bb par la loi du 30 juin 2004. Cette nouvellelimite s&rsquo;applique aux p\u00e9riodes de r\u00e9f\u00e9rence annuelles \u00e0 compter decelle incluant la premi\u00e8re journ\u00e9e de solidarit\u00e9.<\/p>\n<p>La convention ou l&rsquo;accord collectif d\u00e9termine :<\/p>\n<li>les cat\u00e9gories de salari\u00e9s concern\u00e9s. Il doit s&rsquo;agir de cadres quidisposent d&rsquo;une autonomie dans l&rsquo;organisation de leur emploi du tempsou de salari\u00e9s non cadres dont la dur\u00e9e du temps de travail ne peut\u00eatre pr\u00e9d\u00e9termin\u00e9e et qui disposent d&rsquo;une r\u00e9elle autonomie dansl&rsquo;organisation de leur emploi du temps pour l&rsquo;exercice desresponsabilit\u00e9s qui leur sont confi\u00e9es ;<\/li>\n<li>les conditions de mise en oeuvre du forfait en jours, notamment lesmodalit\u00e9s de d\u00e9compte des journ\u00e9es et demi-journ\u00e9es travaill\u00e9es et derepos et l&rsquo;amplitude des journ\u00e9es de travail.<\/li>\n<p>Enfin, la convention ou l&rsquo;accord doit respecter les limitations suivantes :<\/p>\n<li> 11 heures minimum de repos quotidien ;<\/li>\n<li>au moins 24 heures cons\u00e9cutives de repos hebdomadaire auxquelless&rsquo;ajoutent les 11 heures de repos quotidien (soit un total de 35heures) ;<\/li>\n<li> 6 jours maximum de travail hebdomadaire.<\/li>\n<p>Une convention ou un accord collectif de branche, de groupe,d&rsquo;entreprise ou d&rsquo;\u00e9tablissement peut ouvrir la facult\u00e9 aux salari\u00e9s quile souhaitent, ayant conclu une convention de forfait annuel en jours,de renoncer \u00e0 une partie de leurs jours de repos en contrepartie d&rsquo;unemajoration de leur salaire. L&rsquo;accord du chef d&rsquo;entreprise est requis.La convention ou l&rsquo;accord collectif d\u00e9termine notamment le montant decette majoration ainsi que les conditions dans lesquelles les salari\u00e9sfont conna\u00eetre leur choix.<\/p>\n<h4>Quelles sont les garanties du salari\u00e9 li\u00e9 par une convention de forfait en jours&nbsp;?<\/h4>\n<p><b>Le contr\u00f4le<\/b><\/p>\n<p>L&#8217;employeurest tenu d&rsquo;\u00e9tablir des documents permettant de comptabiliser les joursde travail effectu\u00e9s. Ces documents doivent \u00eatre tenus \u00e0 la dispositionde l&rsquo;inspecteur du travail pendant trois ans.<\/p>\n<p><b>Le report des jours de travail exc\u00e9dentaires<\/b><\/p>\n<p>Lorsquele nombre de jours de travail d\u00e9passe le plafond annuel fix\u00e9 parl&rsquo;accord, le salari\u00e9 doit \u00ab r\u00e9cup\u00e9rer \u00bb les jours de d\u00e9passement(d\u00e9duction faite, s&rsquo;il y a lieu, de ceux affect\u00e9s \u00e0 un compte\u00e9pargne-temps, de ceux auxquels le salari\u00e9 a \u00ab renonc\u00e9 \u00bb dans lesconditions pr\u00e9vues ci-dessus, et des cong\u00e9s pay\u00e9s report\u00e9s) au cours dupremier trimestre de l&rsquo;ann\u00e9e suivante. Le nombre de jours ainsir\u00e9cup\u00e9r\u00e9s r\u00e9duit le plafond annuel de l&rsquo;ann\u00e9e durant laquelle ils sontpris.<\/p>\n<p> Un cadre a effectu\u00e9, au cours de l&rsquo;ann\u00e9e 2004, 220 jours detravail au lieu des 215 pr\u00e9vus par l&rsquo;accord collectif. Il devra doncb\u00e9n\u00e9ficier de 5 jours non travaill\u00e9s entre le 1er janvier et le 31 mars2005, ann\u00e9e durant laquelle son forfait doit \u00eatre \u00e9gal \u00e0 210 jours.<\/p>\n<p><b>Le recours<\/b><\/p>\n<p>S&rsquo;ilne b\u00e9n\u00e9ficie pas d&rsquo;une r\u00e9duction effective de son temps de travail oulorsque sa r\u00e9mun\u00e9ration ne refl\u00e8te pas ses contraintes en la mati\u00e8re,le salari\u00e9 peut saisir le conseil de prud&rsquo;hommes et obtenir uneindemnit\u00e9 calcul\u00e9e en fonction du pr\u00e9judice subi.<\/p>\n","protected":false},"excerpt":{"rendered":"<p>Les 35 heures en quelques dates-cl\u00e9s La loi du 13 juin 1998ram\u00e8ne la dur\u00e9e l\u00e9gale du travail de 39 \u00e0 35 heures \u00e0 compter du 1erjanvier 2000 pour les entreprises de plus de 20 salari\u00e9s et au 1erjanvier 2002 pour les autres. La loi du 19 janvier 2000 fixe la dur\u00e9e l\u00e9gale de travail \u00e0 [&hellip;]<\/p>\n","protected":false},"author":32,"featured_media":0,"comment_status":"open","ping_status":"open","sticky":false,"template":"","format":"standard","meta":{"_acf_changed":false,"_mi_skip_tracking":false,"footnotes":""},"categories":[5],"tags":[],"class_list":["post-1764","post","type-post","status-publish","format-standard","hentry","category-droit-du-travail"],"acf":[],"yoast_head":"<!-- This site is optimized with the Yoast SEO plugin v23.4 - https:\/\/yoast.com\/wordpress\/plugins\/seo\/ -->\n<title>Tout savoir sur la dur\u00e9e l\u00e9gale du travail - Le Blog GERESO<\/title>\n<meta name=\"robots\" content=\"index, follow, max-snippet:-1, max-image-preview:large, max-video-preview:-1\" \/>\n<link rel=\"canonical\" href=\"https:\/\/www.gereso.com\/actualites\/2005\/04\/01\/tout-savoir-sur-la-duree-legale-du-travail\/\" \/>\n<meta property=\"og:locale\" content=\"fr_FR\" \/>\n<meta property=\"og:type\" content=\"article\" \/>\n<meta property=\"og:title\" content=\"Tout savoir sur la dur\u00e9e l\u00e9gale du travail - Le Blog GERESO\" \/>\n<meta property=\"og:description\" content=\"Les 35 heures en quelques dates-cl\u00e9s La loi du 13 juin 1998ram\u00e8ne la dur\u00e9e l\u00e9gale du travail de 39 \u00e0 35 heures \u00e0 compter du 1erjanvier 2000 pour les entreprises de plus de 20 salari\u00e9s et au 1erjanvier 2002 pour les autres. La loi du 19 janvier 2000 fixe la dur\u00e9e l\u00e9gale de travail \u00e0 [&hellip;]\" \/>\n<meta property=\"og:url\" content=\"https:\/\/www.gereso.com\/actualites\/2005\/04\/01\/tout-savoir-sur-la-duree-legale-du-travail\/\" \/>\n<meta property=\"og:site_name\" content=\"Le Blog GERESO\" \/>\n<meta property=\"article:published_time\" content=\"2005-03-31T22:00:00+00:00\" \/>\n<meta name=\"author\" content=\"\u00c9quipe GERESO\" \/>\n<meta name=\"twitter:card\" content=\"summary_large_image\" \/>\n<script type=\"application\/ld+json\" class=\"yoast-schema-graph\">{\"@context\":\"https:\/\/schema.org\",\"@graph\":[{\"@type\":\"WebPage\",\"@id\":\"https:\/\/www.gereso.com\/actualites\/2005\/04\/01\/tout-savoir-sur-la-duree-legale-du-travail\/\",\"url\":\"https:\/\/www.gereso.com\/actualites\/2005\/04\/01\/tout-savoir-sur-la-duree-legale-du-travail\/\",\"name\":\"Tout savoir sur la dur\u00e9e l\u00e9gale du travail - Le Blog GERESO\",\"isPartOf\":{\"@id\":\"https:\/\/www.gereso.com\/actualites\/#website\"},\"datePublished\":\"2005-03-31T22:00:00+00:00\",\"dateModified\":\"2005-03-31T22:00:00+00:00\",\"author\":{\"@id\":\"https:\/\/www.gereso.com\/actualites\/#\/schema\/person\/197d8aef40cb4ae3f6a0aa9e1d3df2a6\"},\"breadcrumb\":{\"@id\":\"https:\/\/www.gereso.com\/actualites\/2005\/04\/01\/tout-savoir-sur-la-duree-legale-du-travail\/#breadcrumb\"},\"inLanguage\":\"fr-FR\",\"potentialAction\":[{\"@type\":\"ReadAction\",\"target\":[\"https:\/\/www.gereso.com\/actualites\/2005\/04\/01\/tout-savoir-sur-la-duree-legale-du-travail\/\"]}]},{\"@type\":\"BreadcrumbList\",\"@id\":\"https:\/\/www.gereso.com\/actualites\/2005\/04\/01\/tout-savoir-sur-la-duree-legale-du-travail\/#breadcrumb\",\"itemListElement\":[{\"@type\":\"ListItem\",\"position\":1,\"name\":\"Home\",\"item\":\"https:\/\/www.gereso.com\/actualites\/\"},{\"@type\":\"ListItem\",\"position\":2,\"name\":\"Tout savoir sur la dur\u00e9e l\u00e9gale du travail\"}]},{\"@type\":\"WebSite\",\"@id\":\"https:\/\/www.gereso.com\/actualites\/#website\",\"url\":\"https:\/\/www.gereso.com\/actualites\/\",\"name\":\"Le Blog GERESO\",\"description\":\"Toute l&#039;actu RH, Finance, Fonction Publique, Management...\",\"potentialAction\":[{\"@type\":\"SearchAction\",\"target\":{\"@type\":\"EntryPoint\",\"urlTemplate\":\"https:\/\/www.gereso.com\/actualites\/?s={search_term_string}\"},\"query-input\":{\"@type\":\"PropertyValueSpecification\",\"valueRequired\":true,\"valueName\":\"search_term_string\"}}],\"inLanguage\":\"fr-FR\"},{\"@type\":\"Person\",\"@id\":\"https:\/\/www.gereso.com\/actualites\/#\/schema\/person\/197d8aef40cb4ae3f6a0aa9e1d3df2a6\",\"name\":\"\u00c9quipe GERESO\",\"image\":{\"@type\":\"ImageObject\",\"inLanguage\":\"fr-FR\",\"@id\":\"https:\/\/www.gereso.com\/actualites\/#\/schema\/person\/image\/\",\"url\":\"https:\/\/www.gereso.com\/actualites\/wp-content\/uploads\/2013\/12\/avatar-gereso-1.png\",\"contentUrl\":\"https:\/\/www.gereso.com\/actualites\/wp-content\/uploads\/2013\/12\/avatar-gereso-1.png\",\"caption\":\"\u00c9quipe GERESO\"},\"url\":\"https:\/\/www.gereso.com\/actualites\/author\/gereso\/\"}]}<\/script>\n<!-- \/ Yoast SEO plugin. -->","yoast_head_json":{"title":"Tout savoir sur la dur\u00e9e l\u00e9gale du travail - Le Blog GERESO","robots":{"index":"index","follow":"follow","max-snippet":"max-snippet:-1","max-image-preview":"max-image-preview:large","max-video-preview":"max-video-preview:-1"},"canonical":"https:\/\/www.gereso.com\/actualites\/2005\/04\/01\/tout-savoir-sur-la-duree-legale-du-travail\/","og_locale":"fr_FR","og_type":"article","og_title":"Tout savoir sur la dur\u00e9e l\u00e9gale du travail - Le Blog GERESO","og_description":"Les 35 heures en quelques dates-cl\u00e9s La loi du 13 juin 1998ram\u00e8ne la dur\u00e9e l\u00e9gale du travail de 39 \u00e0 35 heures \u00e0 compter du 1erjanvier 2000 pour les entreprises de plus de 20 salari\u00e9s et au 1erjanvier 2002 pour les autres. La loi du 19 janvier 2000 fixe la dur\u00e9e l\u00e9gale de travail \u00e0 [&hellip;]","og_url":"https:\/\/www.gereso.com\/actualites\/2005\/04\/01\/tout-savoir-sur-la-duree-legale-du-travail\/","og_site_name":"Le Blog GERESO","article_published_time":"2005-03-31T22:00:00+00:00","author":"\u00c9quipe GERESO","twitter_card":"summary_large_image","schema":{"@context":"https:\/\/schema.org","@graph":[{"@type":"WebPage","@id":"https:\/\/www.gereso.com\/actualites\/2005\/04\/01\/tout-savoir-sur-la-duree-legale-du-travail\/","url":"https:\/\/www.gereso.com\/actualites\/2005\/04\/01\/tout-savoir-sur-la-duree-legale-du-travail\/","name":"Tout savoir sur la dur\u00e9e l\u00e9gale du travail - Le Blog GERESO","isPartOf":{"@id":"https:\/\/www.gereso.com\/actualites\/#website"},"datePublished":"2005-03-31T22:00:00+00:00","dateModified":"2005-03-31T22:00:00+00:00","author":{"@id":"https:\/\/www.gereso.com\/actualites\/#\/schema\/person\/197d8aef40cb4ae3f6a0aa9e1d3df2a6"},"breadcrumb":{"@id":"https:\/\/www.gereso.com\/actualites\/2005\/04\/01\/tout-savoir-sur-la-duree-legale-du-travail\/#breadcrumb"},"inLanguage":"fr-FR","potentialAction":[{"@type":"ReadAction","target":["https:\/\/www.gereso.com\/actualites\/2005\/04\/01\/tout-savoir-sur-la-duree-legale-du-travail\/"]}]},{"@type":"BreadcrumbList","@id":"https:\/\/www.gereso.com\/actualites\/2005\/04\/01\/tout-savoir-sur-la-duree-legale-du-travail\/#breadcrumb","itemListElement":[{"@type":"ListItem","position":1,"name":"Home","item":"https:\/\/www.gereso.com\/actualites\/"},{"@type":"ListItem","position":2,"name":"Tout savoir sur la dur\u00e9e l\u00e9gale du travail"}]},{"@type":"WebSite","@id":"https:\/\/www.gereso.com\/actualites\/#website","url":"https:\/\/www.gereso.com\/actualites\/","name":"Le Blog GERESO","description":"Toute l&#039;actu RH, Finance, Fonction Publique, Management...","potentialAction":[{"@type":"SearchAction","target":{"@type":"EntryPoint","urlTemplate":"https:\/\/www.gereso.com\/actualites\/?s={search_term_string}"},"query-input":{"@type":"PropertyValueSpecification","valueRequired":true,"valueName":"search_term_string"}}],"inLanguage":"fr-FR"},{"@type":"Person","@id":"https:\/\/www.gereso.com\/actualites\/#\/schema\/person\/197d8aef40cb4ae3f6a0aa9e1d3df2a6","name":"\u00c9quipe GERESO","image":{"@type":"ImageObject","inLanguage":"fr-FR","@id":"https:\/\/www.gereso.com\/actualites\/#\/schema\/person\/image\/","url":"https:\/\/www.gereso.com\/actualites\/wp-content\/uploads\/2013\/12\/avatar-gereso-1.png","contentUrl":"https:\/\/www.gereso.com\/actualites\/wp-content\/uploads\/2013\/12\/avatar-gereso-1.png","caption":"\u00c9quipe GERESO"},"url":"https:\/\/www.gereso.com\/actualites\/author\/gereso\/"}]}},"_links":{"self":[{"href":"https:\/\/www.gereso.com\/actualites\/wp-json\/wp\/v2\/posts\/1764","targetHints":{"allow":["GET"]}}],"collection":[{"href":"https:\/\/www.gereso.com\/actualites\/wp-json\/wp\/v2\/posts"}],"about":[{"href":"https:\/\/www.gereso.com\/actualites\/wp-json\/wp\/v2\/types\/post"}],"author":[{"embeddable":true,"href":"https:\/\/www.gereso.com\/actualites\/wp-json\/wp\/v2\/users\/32"}],"replies":[{"embeddable":true,"href":"https:\/\/www.gereso.com\/actualites\/wp-json\/wp\/v2\/comments?post=1764"}],"version-history":[{"count":0,"href":"https:\/\/www.gereso.com\/actualites\/wp-json\/wp\/v2\/posts\/1764\/revisions"}],"wp:attachment":[{"href":"https:\/\/www.gereso.com\/actualites\/wp-json\/wp\/v2\/media?parent=1764"}],"wp:term":[{"taxonomy":"category","embeddable":true,"href":"https:\/\/www.gereso.com\/actualites\/wp-json\/wp\/v2\/categories?post=1764"},{"taxonomy":"post_tag","embeddable":true,"href":"https:\/\/www.gereso.com\/actualites\/wp-json\/wp\/v2\/tags?post=1764"}],"curies":[{"name":"wp","href":"https:\/\/api.w.org\/{rel}","templated":true}]}}