{"id":1767,"date":"2007-04-01T00:00:00","date_gmt":"2007-03-31T22:00:00","guid":{"rendered":"https:\/\/www.gereso.com\/actualites\/2007\/04\/il-est-parfois-possible-de-refuser-la-modification-de-ses-horaires-de-travail\/"},"modified":"2007-04-01T00:00:00","modified_gmt":"2007-03-31T22:00:00","slug":"il-est-parfois-possible-de-refuser-la-modification-de-ses-horaires-de-travail","status":"publish","type":"post","link":"https:\/\/www.gereso.com\/actualites\/2007\/04\/01\/il-est-parfois-possible-de-refuser-la-modification-de-ses-horaires-de-travail\/","title":{"rendered":"Il est parfois possible de refuser la modification de ses horaires de travail"},"content":{"rendered":"<h3>L&rsquo;histoire<\/h3>\n<p>Un aide magasinier avait vu ses <b>horaires de travail modifi\u00e9s<\/b>. Ainsi, on lui demandait de <b>venir travailler le samedi apr\u00e8s midi jusqu&rsquo;\u00e0 19h<\/b> alors que jusqu&rsquo;\u00e0 pr\u00e9sent il avait toujours fini \u00e0 <b>11h le samedi.<\/b><span style=\"font-weight: bold;\"><br \/><\/span><\/p>\n<p><span style=\"font-weight: bold;\">\u00a0<\/span>Par ailleurs, ses nouveaux horaires impliquaient <b>une pause de quatre heures \u00e0 la mi-journ\u00e9e.<\/b><span style=\"font-weight: bold;\"><br \/><\/span><\/p>\n<p><span style=\"font-weight: bold;\">\u00a0<\/span>Le salari\u00e9 avait refus\u00e9 d&rsquo;ex\u00e9cuter ces nouveaux horaires et il avait \u00e9t\u00e9 <b>licenci\u00e9 pour faute grave.<\/b><\/p>\n<h3>Ce qu&rsquo;en disent les juges<\/h3>\n<p>Si une modification des horaires a pour effet d&rsquo;<b>imposer au salari\u00e9 une pause de quatre heures \u00e0 la mi-journ\u00e9e et le prive d&rsquo;une demi-journ\u00e9e de repos hebdomadaire<\/b> on consid\u00e8re qu&rsquo;il s&rsquo;agit d&rsquo;<b>une modification du contrat de travail que le salari\u00e9 est en droit de refuser.<\/b><\/p>\n<p><b>Ce qu&rsquo;il faut retenir<\/b>Il faut distinguer <b>la modification du contrat de travail <\/b>de <b>la modification des conditions de travail.<\/b><\/p>\n<li>Un salari\u00e9 est en droit de refuser une modification de <b>son contrat <\/b>de travail<\/li>\n<li>Un salari\u00e9 ne peut refuser une modification de <b>ses conditions<\/b> de travail<\/li>\n<p>Le principe : la modification des horaires de travail rel\u00e8ve du <b>pouvoir de direction de l&#8217;employeur<\/b> et lorsqu&rsquo;il les modifie il ne fait que modifier les conditions de travail du salari\u00e9.<\/p>\n<p>Toutefois, si la modification des horaires impose au salari\u00e9 une pausede 4 heures \u00e0 la mi-journ\u00e9e et le prive d&rsquo;une demi-journ\u00e9e de repos, onconsid\u00e8re qu&rsquo;il s&rsquo;agit d&rsquo;<b>une modification du contrat de travail <\/b>que le salari\u00e9 est en droit de refuser.<\/p>\n<p>Notez que <b>siun salari\u00e9 refuse la modification de son contrat de travail, il pourratout de m\u00eame faire l&rsquo;objet d&rsquo;un licenciement mais en aucun cas unlicenciement pour faute. <\/b><\/p>\n<p> Par ailleurs,l&#8217;employeur devra \u00eatre en mesure de d\u00e9montrer que la modification \u00e0l&rsquo;origine du licenciement \u00e9tait justifi\u00e9e.<\/p>\n<p>Source : Arr\u00eat de la chambre sociale de la cour de cassation du 25 avril 2007, juritravail.com<\/p>\n","protected":false},"excerpt":{"rendered":"<p>L&rsquo;histoire Un aide magasinier avait vu ses horaires de travail modifi\u00e9s. Ainsi, on lui demandait de venir travailler le samedi apr\u00e8s midi jusqu&rsquo;\u00e0 19h alors que jusqu&rsquo;\u00e0 pr\u00e9sent il avait toujours fini \u00e0 11h le samedi. \u00a0Par ailleurs, ses nouveaux horaires impliquaient une pause de quatre heures \u00e0 la mi-journ\u00e9e. \u00a0Le salari\u00e9 avait refus\u00e9 d&rsquo;ex\u00e9cuter [&hellip;]<\/p>\n","protected":false},"author":32,"featured_media":0,"comment_status":"open","ping_status":"open","sticky":false,"template":"","format":"standard","meta":{"_acf_changed":false,"_mi_skip_tracking":false,"footnotes":""},"categories":[5],"tags":[],"class_list":["post-1767","post","type-post","status-publish","format-standard","hentry","category-droit-du-travail"],"acf":[],"yoast_head":"<!-- This site is optimized with the Yoast SEO plugin v23.4 - https:\/\/yoast.com\/wordpress\/plugins\/seo\/ -->\n<title>Il est parfois possible de refuser la modification de ses horaires de travail - Le Blog GERESO<\/title>\n<meta name=\"robots\" content=\"index, follow, max-snippet:-1, max-image-preview:large, max-video-preview:-1\" \/>\n<link rel=\"canonical\" href=\"https:\/\/www.gereso.com\/actualites\/2007\/04\/01\/il-est-parfois-possible-de-refuser-la-modification-de-ses-horaires-de-travail\/\" \/>\n<meta property=\"og:locale\" content=\"fr_FR\" \/>\n<meta property=\"og:type\" content=\"article\" \/>\n<meta property=\"og:title\" content=\"Il est parfois possible de refuser la modification de ses horaires de travail - Le Blog GERESO\" \/>\n<meta property=\"og:description\" content=\"L&rsquo;histoire Un aide magasinier avait vu ses horaires de travail modifi\u00e9s. Ainsi, on lui demandait de venir travailler le samedi apr\u00e8s midi jusqu&rsquo;\u00e0 19h alors que jusqu&rsquo;\u00e0 pr\u00e9sent il avait toujours fini \u00e0 11h le samedi. \u00a0Par ailleurs, ses nouveaux horaires impliquaient une pause de quatre heures \u00e0 la mi-journ\u00e9e. \u00a0Le salari\u00e9 avait refus\u00e9 d&rsquo;ex\u00e9cuter [&hellip;]\" \/>\n<meta property=\"og:url\" content=\"https:\/\/www.gereso.com\/actualites\/2007\/04\/01\/il-est-parfois-possible-de-refuser-la-modification-de-ses-horaires-de-travail\/\" \/>\n<meta property=\"og:site_name\" content=\"Le Blog GERESO\" \/>\n<meta property=\"article:published_time\" content=\"2007-03-31T22:00:00+00:00\" \/>\n<meta name=\"author\" content=\"\u00c9quipe GERESO\" \/>\n<meta name=\"twitter:card\" content=\"summary_large_image\" \/>\n<script type=\"application\/ld+json\" class=\"yoast-schema-graph\">{\"@context\":\"https:\/\/schema.org\",\"@graph\":[{\"@type\":\"WebPage\",\"@id\":\"https:\/\/www.gereso.com\/actualites\/2007\/04\/01\/il-est-parfois-possible-de-refuser-la-modification-de-ses-horaires-de-travail\/\",\"url\":\"https:\/\/www.gereso.com\/actualites\/2007\/04\/01\/il-est-parfois-possible-de-refuser-la-modification-de-ses-horaires-de-travail\/\",\"name\":\"Il est parfois possible de refuser la modification de ses horaires de travail - Le Blog GERESO\",\"isPartOf\":{\"@id\":\"https:\/\/www.gereso.com\/actualites\/#website\"},\"datePublished\":\"2007-03-31T22:00:00+00:00\",\"dateModified\":\"2007-03-31T22:00:00+00:00\",\"author\":{\"@id\":\"https:\/\/www.gereso.com\/actualites\/#\/schema\/person\/197d8aef40cb4ae3f6a0aa9e1d3df2a6\"},\"breadcrumb\":{\"@id\":\"https:\/\/www.gereso.com\/actualites\/2007\/04\/01\/il-est-parfois-possible-de-refuser-la-modification-de-ses-horaires-de-travail\/#breadcrumb\"},\"inLanguage\":\"fr-FR\",\"potentialAction\":[{\"@type\":\"ReadAction\",\"target\":[\"https:\/\/www.gereso.com\/actualites\/2007\/04\/01\/il-est-parfois-possible-de-refuser-la-modification-de-ses-horaires-de-travail\/\"]}]},{\"@type\":\"BreadcrumbList\",\"@id\":\"https:\/\/www.gereso.com\/actualites\/2007\/04\/01\/il-est-parfois-possible-de-refuser-la-modification-de-ses-horaires-de-travail\/#breadcrumb\",\"itemListElement\":[{\"@type\":\"ListItem\",\"position\":1,\"name\":\"Home\",\"item\":\"https:\/\/www.gereso.com\/actualites\/\"},{\"@type\":\"ListItem\",\"position\":2,\"name\":\"Il est parfois possible de refuser la modification de ses horaires de travail\"}]},{\"@type\":\"WebSite\",\"@id\":\"https:\/\/www.gereso.com\/actualites\/#website\",\"url\":\"https:\/\/www.gereso.com\/actualites\/\",\"name\":\"Le Blog GERESO\",\"description\":\"Toute l&#039;actu RH, Finance, Fonction Publique, Management...\",\"potentialAction\":[{\"@type\":\"SearchAction\",\"target\":{\"@type\":\"EntryPoint\",\"urlTemplate\":\"https:\/\/www.gereso.com\/actualites\/?s={search_term_string}\"},\"query-input\":{\"@type\":\"PropertyValueSpecification\",\"valueRequired\":true,\"valueName\":\"search_term_string\"}}],\"inLanguage\":\"fr-FR\"},{\"@type\":\"Person\",\"@id\":\"https:\/\/www.gereso.com\/actualites\/#\/schema\/person\/197d8aef40cb4ae3f6a0aa9e1d3df2a6\",\"name\":\"\u00c9quipe GERESO\",\"image\":{\"@type\":\"ImageObject\",\"inLanguage\":\"fr-FR\",\"@id\":\"https:\/\/www.gereso.com\/actualites\/#\/schema\/person\/image\/\",\"url\":\"https:\/\/www.gereso.com\/actualites\/wp-content\/uploads\/2013\/12\/avatar-gereso-1.png\",\"contentUrl\":\"https:\/\/www.gereso.com\/actualites\/wp-content\/uploads\/2013\/12\/avatar-gereso-1.png\",\"caption\":\"\u00c9quipe GERESO\"},\"url\":\"https:\/\/www.gereso.com\/actualites\/author\/gereso\/\"}]}<\/script>\n<!-- \/ Yoast SEO plugin. -->","yoast_head_json":{"title":"Il est parfois possible de refuser la modification de ses horaires de travail - Le Blog GERESO","robots":{"index":"index","follow":"follow","max-snippet":"max-snippet:-1","max-image-preview":"max-image-preview:large","max-video-preview":"max-video-preview:-1"},"canonical":"https:\/\/www.gereso.com\/actualites\/2007\/04\/01\/il-est-parfois-possible-de-refuser-la-modification-de-ses-horaires-de-travail\/","og_locale":"fr_FR","og_type":"article","og_title":"Il est parfois possible de refuser la modification de ses horaires de travail - Le Blog GERESO","og_description":"L&rsquo;histoire Un aide magasinier avait vu ses horaires de travail modifi\u00e9s. Ainsi, on lui demandait de venir travailler le samedi apr\u00e8s midi jusqu&rsquo;\u00e0 19h alors que jusqu&rsquo;\u00e0 pr\u00e9sent il avait toujours fini \u00e0 11h le samedi. \u00a0Par ailleurs, ses nouveaux horaires impliquaient une pause de quatre heures \u00e0 la mi-journ\u00e9e. \u00a0Le salari\u00e9 avait refus\u00e9 d&rsquo;ex\u00e9cuter [&hellip;]","og_url":"https:\/\/www.gereso.com\/actualites\/2007\/04\/01\/il-est-parfois-possible-de-refuser-la-modification-de-ses-horaires-de-travail\/","og_site_name":"Le Blog GERESO","article_published_time":"2007-03-31T22:00:00+00:00","author":"\u00c9quipe GERESO","twitter_card":"summary_large_image","schema":{"@context":"https:\/\/schema.org","@graph":[{"@type":"WebPage","@id":"https:\/\/www.gereso.com\/actualites\/2007\/04\/01\/il-est-parfois-possible-de-refuser-la-modification-de-ses-horaires-de-travail\/","url":"https:\/\/www.gereso.com\/actualites\/2007\/04\/01\/il-est-parfois-possible-de-refuser-la-modification-de-ses-horaires-de-travail\/","name":"Il est parfois possible de refuser la modification de ses horaires de travail - Le Blog GERESO","isPartOf":{"@id":"https:\/\/www.gereso.com\/actualites\/#website"},"datePublished":"2007-03-31T22:00:00+00:00","dateModified":"2007-03-31T22:00:00+00:00","author":{"@id":"https:\/\/www.gereso.com\/actualites\/#\/schema\/person\/197d8aef40cb4ae3f6a0aa9e1d3df2a6"},"breadcrumb":{"@id":"https:\/\/www.gereso.com\/actualites\/2007\/04\/01\/il-est-parfois-possible-de-refuser-la-modification-de-ses-horaires-de-travail\/#breadcrumb"},"inLanguage":"fr-FR","potentialAction":[{"@type":"ReadAction","target":["https:\/\/www.gereso.com\/actualites\/2007\/04\/01\/il-est-parfois-possible-de-refuser-la-modification-de-ses-horaires-de-travail\/"]}]},{"@type":"BreadcrumbList","@id":"https:\/\/www.gereso.com\/actualites\/2007\/04\/01\/il-est-parfois-possible-de-refuser-la-modification-de-ses-horaires-de-travail\/#breadcrumb","itemListElement":[{"@type":"ListItem","position":1,"name":"Home","item":"https:\/\/www.gereso.com\/actualites\/"},{"@type":"ListItem","position":2,"name":"Il est parfois possible de refuser la modification de ses horaires de travail"}]},{"@type":"WebSite","@id":"https:\/\/www.gereso.com\/actualites\/#website","url":"https:\/\/www.gereso.com\/actualites\/","name":"Le Blog GERESO","description":"Toute l&#039;actu RH, Finance, Fonction Publique, Management...","potentialAction":[{"@type":"SearchAction","target":{"@type":"EntryPoint","urlTemplate":"https:\/\/www.gereso.com\/actualites\/?s={search_term_string}"},"query-input":{"@type":"PropertyValueSpecification","valueRequired":true,"valueName":"search_term_string"}}],"inLanguage":"fr-FR"},{"@type":"Person","@id":"https:\/\/www.gereso.com\/actualites\/#\/schema\/person\/197d8aef40cb4ae3f6a0aa9e1d3df2a6","name":"\u00c9quipe GERESO","image":{"@type":"ImageObject","inLanguage":"fr-FR","@id":"https:\/\/www.gereso.com\/actualites\/#\/schema\/person\/image\/","url":"https:\/\/www.gereso.com\/actualites\/wp-content\/uploads\/2013\/12\/avatar-gereso-1.png","contentUrl":"https:\/\/www.gereso.com\/actualites\/wp-content\/uploads\/2013\/12\/avatar-gereso-1.png","caption":"\u00c9quipe GERESO"},"url":"https:\/\/www.gereso.com\/actualites\/author\/gereso\/"}]}},"_links":{"self":[{"href":"https:\/\/www.gereso.com\/actualites\/wp-json\/wp\/v2\/posts\/1767","targetHints":{"allow":["GET"]}}],"collection":[{"href":"https:\/\/www.gereso.com\/actualites\/wp-json\/wp\/v2\/posts"}],"about":[{"href":"https:\/\/www.gereso.com\/actualites\/wp-json\/wp\/v2\/types\/post"}],"author":[{"embeddable":true,"href":"https:\/\/www.gereso.com\/actualites\/wp-json\/wp\/v2\/users\/32"}],"replies":[{"embeddable":true,"href":"https:\/\/www.gereso.com\/actualites\/wp-json\/wp\/v2\/comments?post=1767"}],"version-history":[{"count":0,"href":"https:\/\/www.gereso.com\/actualites\/wp-json\/wp\/v2\/posts\/1767\/revisions"}],"wp:attachment":[{"href":"https:\/\/www.gereso.com\/actualites\/wp-json\/wp\/v2\/media?parent=1767"}],"wp:term":[{"taxonomy":"category","embeddable":true,"href":"https:\/\/www.gereso.com\/actualites\/wp-json\/wp\/v2\/categories?post=1767"},{"taxonomy":"post_tag","embeddable":true,"href":"https:\/\/www.gereso.com\/actualites\/wp-json\/wp\/v2\/tags?post=1767"}],"curies":[{"name":"wp","href":"https:\/\/api.w.org\/{rel}","templated":true}]}}