{"id":1795,"date":"2007-07-01T00:00:00","date_gmt":"2007-06-30T22:00:00","guid":{"rendered":"https:\/\/www.gereso.com\/actualites\/2007\/07\/reforme-des-universites-vers-une-plus-grande-autonomie\/"},"modified":"2007-07-01T00:00:00","modified_gmt":"2007-06-30T22:00:00","slug":"reforme-des-universites-vers-une-plus-grande-autonomie","status":"publish","type":"post","link":"https:\/\/www.gereso.com\/actualites\/2007\/07\/01\/reforme-des-universites-vers-une-plus-grande-autonomie\/","title":{"rendered":"R\u00e9forme des universit\u00e9s : vers une plus grande autonomie"},"content":{"rendered":"<h3>De quoi s&rsquo;agit-il&nbsp;?<b><\/b><\/h3>\n<p>La principale disposition du texte pr\u00e9voit <b>la g\u00e9n\u00e9ralisation de l&rsquo;autonomie \u00e0 toutes les universit\u00e9s dans un d\u00e9lai de 5 ans suivant la publication de la loi.<\/b><\/p>\n<p> Pour am\u00e9liorer la \u00ab gouvernance \u00bb des universit\u00e9s, leurs <b>conseils d&rsquo;administrations seront divis\u00e9s par 2<\/b> (30 personnes au lieu de 60) et s&rsquo;ouvriront \u00e0 <b>davantage de personnalit\u00e9s ext\u00e9rieures<\/b> (7 ou 8). <\/p>\n<p>L&rsquo;autorit\u00e9 de ces conseils sera renforc\u00e9e, notamment en mati\u00e8re derecrutements. Le pr\u00e9sident de l&rsquo;universit\u00e9, choisi par les membres \u00e9lusdu Conseil d&rsquo;administration pour <b>un mandat de 4 ans renouvelable une fois,<\/b> verra aussi son autorit\u00e9 renforc\u00e9e et disposera notamment d&rsquo;un droit de regard sur toutes les affectations.<\/p>\n<p>Toutes les universit\u00e9s disposeront d&rsquo;un<b> \u00ab\u00a0bloc de comp\u00e9tences\u00a0\u00bb<\/b> \u00e9largi en mati\u00e8re budg\u00e9taire et de <b>gestion des ressources humaines<\/b> (elles auront ainsi par exemple la possibilit\u00e9 de recruter des contractuels pour des t\u00e2ches d&rsquo;enseignement et de recherche). <\/p>\n<p>Les universit\u00e9s qui le demanderont auront la <b>pleine propri\u00e9t\u00e9 de leur patrimoine immobilier. <\/b>Ellesauront la possibilit\u00e9 de cr\u00e9er des fondations disposant des dispositifsfiscaux avantageux mis en place pour favoriser le m\u00e9c\u00e9nat culturel.<\/p>\n<p>Les relations avec l&rsquo;Etat seront r\u00e9gl\u00e9es dans le cadre de<b> contrats pluriannuels <\/b>comportant un contr\u00f4le de l\u00e9galit\u00e9 renforc\u00e9. <b>Les dipl\u00f4mes devront conserver leur caract\u00e8re national et les droits d&rsquo;inscription resteront fix\u00e9s par un arr\u00eat\u00e9 minist\u00e9riel.<br \/><\/b><\/p>\n<p> Une orientation active des \u00e9tudiants devra \u00eatre mise en place avec une <b>proc\u00e9dure de pr\u00e9inscription pour l&rsquo;entr\u00e9e en premi\u00e8re ann\u00e9e d&rsquo;universit\u00e9,<\/b> mais les \u00e9tudiants resteront libres de s&rsquo;inscrire dans l&rsquo;\u00e9tablissement de leur choix.<\/p>\n<h3>Les travaux pr\u00e9paratoires<b><br \/><\/b><\/h3>\n<p>&gt; Rapport d&rsquo;information sur la gouvernance des universit\u00e9s dans le contexte de la LOLF<\/p>\n<p>&gt; Rapport final de la Commission du d\u00e9bat national Universit\u00e9-Emploi<\/p>\n<h3>O\u00f9 en est-on&rsquo;<b><br \/><\/b><\/h3>\n<p>Le projet de loi a \u00e9t\u00e9 pr\u00e9sent\u00e9 en Conseil des ministres le 4 juillet 2007.<\/p>\n<p>Le processus l\u00e9gislatif<\/p>\n<p>&gt; Communiqu\u00e9 du Conseil des ministres du 4 juillet 2007<\/p>\n<p>&gt; Dossier l\u00e9gislatif sur le projet de loi relatif aux libert\u00e9s des universit\u00e9s<\/p>\n<p>Source : vie-publique.fr<\/p>\n","protected":false},"excerpt":{"rendered":"<p>De quoi s&rsquo;agit-il&nbsp;? La principale disposition du texte pr\u00e9voit la g\u00e9n\u00e9ralisation de l&rsquo;autonomie \u00e0 toutes les universit\u00e9s dans un d\u00e9lai de 5 ans suivant la publication de la loi. Pour am\u00e9liorer la \u00ab gouvernance \u00bb des universit\u00e9s, leurs conseils d&rsquo;administrations seront divis\u00e9s par 2 (30 personnes au lieu de 60) et s&rsquo;ouvriront \u00e0 davantage de [&hellip;]<\/p>\n","protected":false},"author":32,"featured_media":0,"comment_status":"open","ping_status":"open","sticky":false,"template":"","format":"standard","meta":{"_acf_changed":false,"_mi_skip_tracking":false,"footnotes":""},"categories":[5],"tags":[],"class_list":["post-1795","post","type-post","status-publish","format-standard","hentry","category-droit-du-travail"],"acf":[],"yoast_head":"<!-- This site is optimized with the Yoast SEO plugin v23.4 - https:\/\/yoast.com\/wordpress\/plugins\/seo\/ -->\n<title>R\u00e9forme des universit\u00e9s : vers une plus grande autonomie - Le Blog GERESO<\/title>\n<meta name=\"robots\" content=\"index, follow, max-snippet:-1, max-image-preview:large, max-video-preview:-1\" \/>\n<link rel=\"canonical\" href=\"https:\/\/www.gereso.com\/actualites\/2007\/07\/01\/reforme-des-universites-vers-une-plus-grande-autonomie\/\" \/>\n<meta property=\"og:locale\" content=\"fr_FR\" \/>\n<meta property=\"og:type\" content=\"article\" \/>\n<meta property=\"og:title\" content=\"R\u00e9forme des universit\u00e9s : vers une plus grande autonomie - Le Blog GERESO\" \/>\n<meta property=\"og:description\" content=\"De quoi s&rsquo;agit-il&nbsp;? La principale disposition du texte pr\u00e9voit la g\u00e9n\u00e9ralisation de l&rsquo;autonomie \u00e0 toutes les universit\u00e9s dans un d\u00e9lai de 5 ans suivant la publication de la loi. Pour am\u00e9liorer la \u00ab gouvernance \u00bb des universit\u00e9s, leurs conseils d&rsquo;administrations seront divis\u00e9s par 2 (30 personnes au lieu de 60) et s&rsquo;ouvriront \u00e0 davantage de [&hellip;]\" \/>\n<meta property=\"og:url\" content=\"https:\/\/www.gereso.com\/actualites\/2007\/07\/01\/reforme-des-universites-vers-une-plus-grande-autonomie\/\" \/>\n<meta property=\"og:site_name\" content=\"Le Blog GERESO\" \/>\n<meta property=\"article:published_time\" content=\"2007-06-30T22:00:00+00:00\" \/>\n<meta name=\"author\" content=\"\u00c9quipe GERESO\" \/>\n<meta name=\"twitter:card\" content=\"summary_large_image\" \/>\n<script type=\"application\/ld+json\" class=\"yoast-schema-graph\">{\"@context\":\"https:\/\/schema.org\",\"@graph\":[{\"@type\":\"WebPage\",\"@id\":\"https:\/\/www.gereso.com\/actualites\/2007\/07\/01\/reforme-des-universites-vers-une-plus-grande-autonomie\/\",\"url\":\"https:\/\/www.gereso.com\/actualites\/2007\/07\/01\/reforme-des-universites-vers-une-plus-grande-autonomie\/\",\"name\":\"R\u00e9forme des universit\u00e9s : vers une plus grande autonomie - Le Blog GERESO\",\"isPartOf\":{\"@id\":\"https:\/\/www.gereso.com\/actualites\/#website\"},\"datePublished\":\"2007-06-30T22:00:00+00:00\",\"dateModified\":\"2007-06-30T22:00:00+00:00\",\"author\":{\"@id\":\"https:\/\/www.gereso.com\/actualites\/#\/schema\/person\/197d8aef40cb4ae3f6a0aa9e1d3df2a6\"},\"breadcrumb\":{\"@id\":\"https:\/\/www.gereso.com\/actualites\/2007\/07\/01\/reforme-des-universites-vers-une-plus-grande-autonomie\/#breadcrumb\"},\"inLanguage\":\"fr-FR\",\"potentialAction\":[{\"@type\":\"ReadAction\",\"target\":[\"https:\/\/www.gereso.com\/actualites\/2007\/07\/01\/reforme-des-universites-vers-une-plus-grande-autonomie\/\"]}]},{\"@type\":\"BreadcrumbList\",\"@id\":\"https:\/\/www.gereso.com\/actualites\/2007\/07\/01\/reforme-des-universites-vers-une-plus-grande-autonomie\/#breadcrumb\",\"itemListElement\":[{\"@type\":\"ListItem\",\"position\":1,\"name\":\"Home\",\"item\":\"https:\/\/www.gereso.com\/actualites\/\"},{\"@type\":\"ListItem\",\"position\":2,\"name\":\"R\u00e9forme des universit\u00e9s : vers une plus grande autonomie\"}]},{\"@type\":\"WebSite\",\"@id\":\"https:\/\/www.gereso.com\/actualites\/#website\",\"url\":\"https:\/\/www.gereso.com\/actualites\/\",\"name\":\"Le Blog GERESO\",\"description\":\"Toute l&#039;actu RH, Finance, Fonction Publique, Management...\",\"potentialAction\":[{\"@type\":\"SearchAction\",\"target\":{\"@type\":\"EntryPoint\",\"urlTemplate\":\"https:\/\/www.gereso.com\/actualites\/?s={search_term_string}\"},\"query-input\":{\"@type\":\"PropertyValueSpecification\",\"valueRequired\":true,\"valueName\":\"search_term_string\"}}],\"inLanguage\":\"fr-FR\"},{\"@type\":\"Person\",\"@id\":\"https:\/\/www.gereso.com\/actualites\/#\/schema\/person\/197d8aef40cb4ae3f6a0aa9e1d3df2a6\",\"name\":\"\u00c9quipe GERESO\",\"image\":{\"@type\":\"ImageObject\",\"inLanguage\":\"fr-FR\",\"@id\":\"https:\/\/www.gereso.com\/actualites\/#\/schema\/person\/image\/\",\"url\":\"https:\/\/www.gereso.com\/actualites\/wp-content\/uploads\/2013\/12\/avatar-gereso-1.png\",\"contentUrl\":\"https:\/\/www.gereso.com\/actualites\/wp-content\/uploads\/2013\/12\/avatar-gereso-1.png\",\"caption\":\"\u00c9quipe GERESO\"},\"url\":\"https:\/\/www.gereso.com\/actualites\/author\/gereso\/\"}]}<\/script>\n<!-- \/ Yoast SEO plugin. -->","yoast_head_json":{"title":"R\u00e9forme des universit\u00e9s : vers une plus grande autonomie - Le Blog GERESO","robots":{"index":"index","follow":"follow","max-snippet":"max-snippet:-1","max-image-preview":"max-image-preview:large","max-video-preview":"max-video-preview:-1"},"canonical":"https:\/\/www.gereso.com\/actualites\/2007\/07\/01\/reforme-des-universites-vers-une-plus-grande-autonomie\/","og_locale":"fr_FR","og_type":"article","og_title":"R\u00e9forme des universit\u00e9s : vers une plus grande autonomie - Le Blog GERESO","og_description":"De quoi s&rsquo;agit-il&nbsp;? La principale disposition du texte pr\u00e9voit la g\u00e9n\u00e9ralisation de l&rsquo;autonomie \u00e0 toutes les universit\u00e9s dans un d\u00e9lai de 5 ans suivant la publication de la loi. Pour am\u00e9liorer la \u00ab gouvernance \u00bb des universit\u00e9s, leurs conseils d&rsquo;administrations seront divis\u00e9s par 2 (30 personnes au lieu de 60) et s&rsquo;ouvriront \u00e0 davantage de [&hellip;]","og_url":"https:\/\/www.gereso.com\/actualites\/2007\/07\/01\/reforme-des-universites-vers-une-plus-grande-autonomie\/","og_site_name":"Le Blog GERESO","article_published_time":"2007-06-30T22:00:00+00:00","author":"\u00c9quipe GERESO","twitter_card":"summary_large_image","schema":{"@context":"https:\/\/schema.org","@graph":[{"@type":"WebPage","@id":"https:\/\/www.gereso.com\/actualites\/2007\/07\/01\/reforme-des-universites-vers-une-plus-grande-autonomie\/","url":"https:\/\/www.gereso.com\/actualites\/2007\/07\/01\/reforme-des-universites-vers-une-plus-grande-autonomie\/","name":"R\u00e9forme des universit\u00e9s : vers une plus grande autonomie - Le Blog GERESO","isPartOf":{"@id":"https:\/\/www.gereso.com\/actualites\/#website"},"datePublished":"2007-06-30T22:00:00+00:00","dateModified":"2007-06-30T22:00:00+00:00","author":{"@id":"https:\/\/www.gereso.com\/actualites\/#\/schema\/person\/197d8aef40cb4ae3f6a0aa9e1d3df2a6"},"breadcrumb":{"@id":"https:\/\/www.gereso.com\/actualites\/2007\/07\/01\/reforme-des-universites-vers-une-plus-grande-autonomie\/#breadcrumb"},"inLanguage":"fr-FR","potentialAction":[{"@type":"ReadAction","target":["https:\/\/www.gereso.com\/actualites\/2007\/07\/01\/reforme-des-universites-vers-une-plus-grande-autonomie\/"]}]},{"@type":"BreadcrumbList","@id":"https:\/\/www.gereso.com\/actualites\/2007\/07\/01\/reforme-des-universites-vers-une-plus-grande-autonomie\/#breadcrumb","itemListElement":[{"@type":"ListItem","position":1,"name":"Home","item":"https:\/\/www.gereso.com\/actualites\/"},{"@type":"ListItem","position":2,"name":"R\u00e9forme des universit\u00e9s : vers une plus grande autonomie"}]},{"@type":"WebSite","@id":"https:\/\/www.gereso.com\/actualites\/#website","url":"https:\/\/www.gereso.com\/actualites\/","name":"Le Blog GERESO","description":"Toute l&#039;actu RH, Finance, Fonction Publique, Management...","potentialAction":[{"@type":"SearchAction","target":{"@type":"EntryPoint","urlTemplate":"https:\/\/www.gereso.com\/actualites\/?s={search_term_string}"},"query-input":{"@type":"PropertyValueSpecification","valueRequired":true,"valueName":"search_term_string"}}],"inLanguage":"fr-FR"},{"@type":"Person","@id":"https:\/\/www.gereso.com\/actualites\/#\/schema\/person\/197d8aef40cb4ae3f6a0aa9e1d3df2a6","name":"\u00c9quipe GERESO","image":{"@type":"ImageObject","inLanguage":"fr-FR","@id":"https:\/\/www.gereso.com\/actualites\/#\/schema\/person\/image\/","url":"https:\/\/www.gereso.com\/actualites\/wp-content\/uploads\/2013\/12\/avatar-gereso-1.png","contentUrl":"https:\/\/www.gereso.com\/actualites\/wp-content\/uploads\/2013\/12\/avatar-gereso-1.png","caption":"\u00c9quipe GERESO"},"url":"https:\/\/www.gereso.com\/actualites\/author\/gereso\/"}]}},"_links":{"self":[{"href":"https:\/\/www.gereso.com\/actualites\/wp-json\/wp\/v2\/posts\/1795","targetHints":{"allow":["GET"]}}],"collection":[{"href":"https:\/\/www.gereso.com\/actualites\/wp-json\/wp\/v2\/posts"}],"about":[{"href":"https:\/\/www.gereso.com\/actualites\/wp-json\/wp\/v2\/types\/post"}],"author":[{"embeddable":true,"href":"https:\/\/www.gereso.com\/actualites\/wp-json\/wp\/v2\/users\/32"}],"replies":[{"embeddable":true,"href":"https:\/\/www.gereso.com\/actualites\/wp-json\/wp\/v2\/comments?post=1795"}],"version-history":[{"count":0,"href":"https:\/\/www.gereso.com\/actualites\/wp-json\/wp\/v2\/posts\/1795\/revisions"}],"wp:attachment":[{"href":"https:\/\/www.gereso.com\/actualites\/wp-json\/wp\/v2\/media?parent=1795"}],"wp:term":[{"taxonomy":"category","embeddable":true,"href":"https:\/\/www.gereso.com\/actualites\/wp-json\/wp\/v2\/categories?post=1795"},{"taxonomy":"post_tag","embeddable":true,"href":"https:\/\/www.gereso.com\/actualites\/wp-json\/wp\/v2\/tags?post=1795"}],"curies":[{"name":"wp","href":"https:\/\/api.w.org\/{rel}","templated":true}]}}