{"id":1797,"date":"2006-10-01T00:00:00","date_gmt":"2006-09-30T22:00:00","guid":{"rendered":"https:\/\/www.gereso.com\/actualites\/2006\/10\/une-nouvelle-obligation-pour-les-employeurs-assurer-la-protection-juridique-de-leurs-salaries-au-penal\/"},"modified":"2006-10-01T00:00:00","modified_gmt":"2006-09-30T22:00:00","slug":"une-nouvelle-obligation-pour-les-employeurs-assurer-la-protection-juridique-de-leurs-salaries-au-penal","status":"publish","type":"post","link":"https:\/\/www.gereso.com\/actualites\/2006\/10\/01\/une-nouvelle-obligation-pour-les-employeurs-assurer-la-protection-juridique-de-leurs-salaries-au-penal\/","title":{"rendered":"Une nouvelle obligation pour les employeurs : assurer la protection juridique de leurs salari\u00e9s au p\u00e9nal"},"content":{"rendered":"<h3>Le soutien moral et le maintien dans l&#8217;emploi ne suffisent pas.<\/h3>\n<p>Quand un salari\u00e9 est accus\u00e9 d&rsquo;avoir commis une infraction p\u00e9nale dansl&rsquo;exercice de ses fonctions professionnelles, son employeur est enprincipe tenu de prendre en charge <b>les frais n\u00e9cessaires \u00e0 sa d\u00e9fense<\/b>.Tel est en substance ce que vient d&rsquo;affirmer, pour la premi\u00e8re foisnous semble-t-il, la Cour de cassation dans un arr\u00eat rendu le 18octobre 2006.<\/p>\n<p>En l&rsquo;esp\u00e8ce, <b>unsalari\u00e9 travaillant pour une soci\u00e9t\u00e9 d&rsquo;assurance avait fait l&rsquo;objetd&rsquo;une plainte en faux en \u00e9criture de la part d&rsquo;un client qui s&rsquo;\u00e9tait vurefuser la prise en charge d&rsquo;un sinistre<\/b>. <\/p>\n<p>Misen examen, le salari\u00e9 avait finalement b\u00e9n\u00e9fici\u00e9 d&rsquo;une ordonnance denon-lieu de la part du juge ayant instruit l&rsquo;affaire. <\/p>\n<p>Le salari\u00e9 s&rsquo;\u00e9tait alors retourn\u00e9 contre son employeur, lui reprochant d&rsquo;<b>avoir refus\u00e9 de prendre en charge les frais engag\u00e9s pour sa d\u00e9fense au cours du proc\u00e8s<\/b>.<\/p>\n<p>Bien lui en a pris puisque <b>la Cour de cassation a finalement confirm\u00e9 la condamnation de la soci\u00e9t\u00e9 d&rsquo;assurance \u00e0 verser au salari\u00e9 pr\u00e8s de 16 000 euros.<\/b><span style=\"font-weight: bold;\"><br \/><\/span><\/p>\n<p><span style=\"font-weight: bold;\">\u00a0<\/span>Pour elle, <b>lorsqu&rsquo;unemploy\u00e9 est poursuivi p\u00e9nalement dans le cadre de l&rsquo;exercice de sesfonctions, son employeur ne peut se borner \u00e0 le soutenir moralement enl&rsquo;assurant \u00e0 la fois de sa confiance et du maintien dans son emploi.<\/b><\/p>\n<p>Source : Cassation sociale, 18 octobre 2006, n\u00b0 04-4861<\/p>\n","protected":false},"excerpt":{"rendered":"<p>Le soutien moral et le maintien dans l&#8217;emploi ne suffisent pas. Quand un salari\u00e9 est accus\u00e9 d&rsquo;avoir commis une infraction p\u00e9nale dansl&rsquo;exercice de ses fonctions professionnelles, son employeur est enprincipe tenu de prendre en charge les frais n\u00e9cessaires \u00e0 sa d\u00e9fense.Tel est en substance ce que vient d&rsquo;affirmer, pour la premi\u00e8re foisnous semble-t-il, la Cour [&hellip;]<\/p>\n","protected":false},"author":32,"featured_media":0,"comment_status":"open","ping_status":"open","sticky":false,"template":"","format":"standard","meta":{"_acf_changed":false,"_mi_skip_tracking":false,"footnotes":""},"categories":[5],"tags":[],"class_list":["post-1797","post","type-post","status-publish","format-standard","hentry","category-droit-du-travail"],"acf":[],"yoast_head":"<!-- This site is optimized with the Yoast SEO plugin v23.4 - https:\/\/yoast.com\/wordpress\/plugins\/seo\/ -->\n<title>Une nouvelle obligation pour les employeurs : assurer la protection juridique de leurs salari\u00e9s au p\u00e9nal - Le Blog GERESO<\/title>\n<meta name=\"robots\" content=\"index, follow, max-snippet:-1, max-image-preview:large, max-video-preview:-1\" \/>\n<link rel=\"canonical\" href=\"https:\/\/www.gereso.com\/actualites\/2006\/10\/01\/une-nouvelle-obligation-pour-les-employeurs-assurer-la-protection-juridique-de-leurs-salaries-au-penal\/\" \/>\n<meta property=\"og:locale\" content=\"fr_FR\" \/>\n<meta property=\"og:type\" content=\"article\" \/>\n<meta property=\"og:title\" content=\"Une nouvelle obligation pour les employeurs : assurer la protection juridique de leurs salari\u00e9s au p\u00e9nal - Le Blog GERESO\" \/>\n<meta property=\"og:description\" content=\"Le soutien moral et le maintien dans l&#8217;emploi ne suffisent pas. Quand un salari\u00e9 est accus\u00e9 d&rsquo;avoir commis une infraction p\u00e9nale dansl&rsquo;exercice de ses fonctions professionnelles, son employeur est enprincipe tenu de prendre en charge les frais n\u00e9cessaires \u00e0 sa d\u00e9fense.Tel est en substance ce que vient d&rsquo;affirmer, pour la premi\u00e8re foisnous semble-t-il, la Cour [&hellip;]\" \/>\n<meta property=\"og:url\" content=\"https:\/\/www.gereso.com\/actualites\/2006\/10\/01\/une-nouvelle-obligation-pour-les-employeurs-assurer-la-protection-juridique-de-leurs-salaries-au-penal\/\" \/>\n<meta property=\"og:site_name\" content=\"Le Blog GERESO\" \/>\n<meta property=\"article:published_time\" content=\"2006-09-30T22:00:00+00:00\" \/>\n<meta name=\"author\" content=\"\u00c9quipe GERESO\" \/>\n<meta name=\"twitter:card\" content=\"summary_large_image\" \/>\n<script type=\"application\/ld+json\" class=\"yoast-schema-graph\">{\"@context\":\"https:\/\/schema.org\",\"@graph\":[{\"@type\":\"WebPage\",\"@id\":\"https:\/\/www.gereso.com\/actualites\/2006\/10\/01\/une-nouvelle-obligation-pour-les-employeurs-assurer-la-protection-juridique-de-leurs-salaries-au-penal\/\",\"url\":\"https:\/\/www.gereso.com\/actualites\/2006\/10\/01\/une-nouvelle-obligation-pour-les-employeurs-assurer-la-protection-juridique-de-leurs-salaries-au-penal\/\",\"name\":\"Une nouvelle obligation pour les employeurs : assurer la protection juridique de leurs salari\u00e9s au p\u00e9nal - Le Blog GERESO\",\"isPartOf\":{\"@id\":\"https:\/\/www.gereso.com\/actualites\/#website\"},\"datePublished\":\"2006-09-30T22:00:00+00:00\",\"dateModified\":\"2006-09-30T22:00:00+00:00\",\"author\":{\"@id\":\"https:\/\/www.gereso.com\/actualites\/#\/schema\/person\/197d8aef40cb4ae3f6a0aa9e1d3df2a6\"},\"breadcrumb\":{\"@id\":\"https:\/\/www.gereso.com\/actualites\/2006\/10\/01\/une-nouvelle-obligation-pour-les-employeurs-assurer-la-protection-juridique-de-leurs-salaries-au-penal\/#breadcrumb\"},\"inLanguage\":\"fr-FR\",\"potentialAction\":[{\"@type\":\"ReadAction\",\"target\":[\"https:\/\/www.gereso.com\/actualites\/2006\/10\/01\/une-nouvelle-obligation-pour-les-employeurs-assurer-la-protection-juridique-de-leurs-salaries-au-penal\/\"]}]},{\"@type\":\"BreadcrumbList\",\"@id\":\"https:\/\/www.gereso.com\/actualites\/2006\/10\/01\/une-nouvelle-obligation-pour-les-employeurs-assurer-la-protection-juridique-de-leurs-salaries-au-penal\/#breadcrumb\",\"itemListElement\":[{\"@type\":\"ListItem\",\"position\":1,\"name\":\"Home\",\"item\":\"https:\/\/www.gereso.com\/actualites\/\"},{\"@type\":\"ListItem\",\"position\":2,\"name\":\"Une nouvelle obligation pour les employeurs : assurer la protection juridique de leurs salari\u00e9s au p\u00e9nal\"}]},{\"@type\":\"WebSite\",\"@id\":\"https:\/\/www.gereso.com\/actualites\/#website\",\"url\":\"https:\/\/www.gereso.com\/actualites\/\",\"name\":\"Le Blog GERESO\",\"description\":\"Toute l&#039;actu RH, Finance, Fonction Publique, Management...\",\"potentialAction\":[{\"@type\":\"SearchAction\",\"target\":{\"@type\":\"EntryPoint\",\"urlTemplate\":\"https:\/\/www.gereso.com\/actualites\/?s={search_term_string}\"},\"query-input\":{\"@type\":\"PropertyValueSpecification\",\"valueRequired\":true,\"valueName\":\"search_term_string\"}}],\"inLanguage\":\"fr-FR\"},{\"@type\":\"Person\",\"@id\":\"https:\/\/www.gereso.com\/actualites\/#\/schema\/person\/197d8aef40cb4ae3f6a0aa9e1d3df2a6\",\"name\":\"\u00c9quipe GERESO\",\"image\":{\"@type\":\"ImageObject\",\"inLanguage\":\"fr-FR\",\"@id\":\"https:\/\/www.gereso.com\/actualites\/#\/schema\/person\/image\/\",\"url\":\"https:\/\/www.gereso.com\/actualites\/wp-content\/uploads\/2013\/12\/avatar-gereso-1.png\",\"contentUrl\":\"https:\/\/www.gereso.com\/actualites\/wp-content\/uploads\/2013\/12\/avatar-gereso-1.png\",\"caption\":\"\u00c9quipe GERESO\"},\"url\":\"https:\/\/www.gereso.com\/actualites\/author\/gereso\/\"}]}<\/script>\n<!-- \/ Yoast SEO plugin. -->","yoast_head_json":{"title":"Une nouvelle obligation pour les employeurs : assurer la protection juridique de leurs salari\u00e9s au p\u00e9nal - Le Blog GERESO","robots":{"index":"index","follow":"follow","max-snippet":"max-snippet:-1","max-image-preview":"max-image-preview:large","max-video-preview":"max-video-preview:-1"},"canonical":"https:\/\/www.gereso.com\/actualites\/2006\/10\/01\/une-nouvelle-obligation-pour-les-employeurs-assurer-la-protection-juridique-de-leurs-salaries-au-penal\/","og_locale":"fr_FR","og_type":"article","og_title":"Une nouvelle obligation pour les employeurs : assurer la protection juridique de leurs salari\u00e9s au p\u00e9nal - Le Blog GERESO","og_description":"Le soutien moral et le maintien dans l&#8217;emploi ne suffisent pas. Quand un salari\u00e9 est accus\u00e9 d&rsquo;avoir commis une infraction p\u00e9nale dansl&rsquo;exercice de ses fonctions professionnelles, son employeur est enprincipe tenu de prendre en charge les frais n\u00e9cessaires \u00e0 sa d\u00e9fense.Tel est en substance ce que vient d&rsquo;affirmer, pour la premi\u00e8re foisnous semble-t-il, la Cour [&hellip;]","og_url":"https:\/\/www.gereso.com\/actualites\/2006\/10\/01\/une-nouvelle-obligation-pour-les-employeurs-assurer-la-protection-juridique-de-leurs-salaries-au-penal\/","og_site_name":"Le Blog GERESO","article_published_time":"2006-09-30T22:00:00+00:00","author":"\u00c9quipe GERESO","twitter_card":"summary_large_image","schema":{"@context":"https:\/\/schema.org","@graph":[{"@type":"WebPage","@id":"https:\/\/www.gereso.com\/actualites\/2006\/10\/01\/une-nouvelle-obligation-pour-les-employeurs-assurer-la-protection-juridique-de-leurs-salaries-au-penal\/","url":"https:\/\/www.gereso.com\/actualites\/2006\/10\/01\/une-nouvelle-obligation-pour-les-employeurs-assurer-la-protection-juridique-de-leurs-salaries-au-penal\/","name":"Une nouvelle obligation pour les employeurs : assurer la protection juridique de leurs salari\u00e9s au p\u00e9nal - Le Blog GERESO","isPartOf":{"@id":"https:\/\/www.gereso.com\/actualites\/#website"},"datePublished":"2006-09-30T22:00:00+00:00","dateModified":"2006-09-30T22:00:00+00:00","author":{"@id":"https:\/\/www.gereso.com\/actualites\/#\/schema\/person\/197d8aef40cb4ae3f6a0aa9e1d3df2a6"},"breadcrumb":{"@id":"https:\/\/www.gereso.com\/actualites\/2006\/10\/01\/une-nouvelle-obligation-pour-les-employeurs-assurer-la-protection-juridique-de-leurs-salaries-au-penal\/#breadcrumb"},"inLanguage":"fr-FR","potentialAction":[{"@type":"ReadAction","target":["https:\/\/www.gereso.com\/actualites\/2006\/10\/01\/une-nouvelle-obligation-pour-les-employeurs-assurer-la-protection-juridique-de-leurs-salaries-au-penal\/"]}]},{"@type":"BreadcrumbList","@id":"https:\/\/www.gereso.com\/actualites\/2006\/10\/01\/une-nouvelle-obligation-pour-les-employeurs-assurer-la-protection-juridique-de-leurs-salaries-au-penal\/#breadcrumb","itemListElement":[{"@type":"ListItem","position":1,"name":"Home","item":"https:\/\/www.gereso.com\/actualites\/"},{"@type":"ListItem","position":2,"name":"Une nouvelle obligation pour les employeurs : assurer la protection juridique de leurs salari\u00e9s au p\u00e9nal"}]},{"@type":"WebSite","@id":"https:\/\/www.gereso.com\/actualites\/#website","url":"https:\/\/www.gereso.com\/actualites\/","name":"Le Blog GERESO","description":"Toute l&#039;actu RH, Finance, Fonction Publique, Management...","potentialAction":[{"@type":"SearchAction","target":{"@type":"EntryPoint","urlTemplate":"https:\/\/www.gereso.com\/actualites\/?s={search_term_string}"},"query-input":{"@type":"PropertyValueSpecification","valueRequired":true,"valueName":"search_term_string"}}],"inLanguage":"fr-FR"},{"@type":"Person","@id":"https:\/\/www.gereso.com\/actualites\/#\/schema\/person\/197d8aef40cb4ae3f6a0aa9e1d3df2a6","name":"\u00c9quipe GERESO","image":{"@type":"ImageObject","inLanguage":"fr-FR","@id":"https:\/\/www.gereso.com\/actualites\/#\/schema\/person\/image\/","url":"https:\/\/www.gereso.com\/actualites\/wp-content\/uploads\/2013\/12\/avatar-gereso-1.png","contentUrl":"https:\/\/www.gereso.com\/actualites\/wp-content\/uploads\/2013\/12\/avatar-gereso-1.png","caption":"\u00c9quipe GERESO"},"url":"https:\/\/www.gereso.com\/actualites\/author\/gereso\/"}]}},"_links":{"self":[{"href":"https:\/\/www.gereso.com\/actualites\/wp-json\/wp\/v2\/posts\/1797","targetHints":{"allow":["GET"]}}],"collection":[{"href":"https:\/\/www.gereso.com\/actualites\/wp-json\/wp\/v2\/posts"}],"about":[{"href":"https:\/\/www.gereso.com\/actualites\/wp-json\/wp\/v2\/types\/post"}],"author":[{"embeddable":true,"href":"https:\/\/www.gereso.com\/actualites\/wp-json\/wp\/v2\/users\/32"}],"replies":[{"embeddable":true,"href":"https:\/\/www.gereso.com\/actualites\/wp-json\/wp\/v2\/comments?post=1797"}],"version-history":[{"count":0,"href":"https:\/\/www.gereso.com\/actualites\/wp-json\/wp\/v2\/posts\/1797\/revisions"}],"wp:attachment":[{"href":"https:\/\/www.gereso.com\/actualites\/wp-json\/wp\/v2\/media?parent=1797"}],"wp:term":[{"taxonomy":"category","embeddable":true,"href":"https:\/\/www.gereso.com\/actualites\/wp-json\/wp\/v2\/categories?post=1797"},{"taxonomy":"post_tag","embeddable":true,"href":"https:\/\/www.gereso.com\/actualites\/wp-json\/wp\/v2\/tags?post=1797"}],"curies":[{"name":"wp","href":"https:\/\/api.w.org\/{rel}","templated":true}]}}