{"id":18034,"date":"2020-11-30T18:11:30","date_gmt":"2020-11-30T16:11:30","guid":{"rendered":"https:\/\/www.gereso.com\/actualites\/?p=18034"},"modified":"2020-12-07T16:25:04","modified_gmt":"2020-12-07T14:25:04","slug":"reforme-instances-consultatives-personnel-fonction-publique-etat","status":"publish","type":"post","link":"https:\/\/www.gereso.com\/actualites\/2020\/11\/30\/reforme-instances-consultatives-personnel-fonction-publique-etat\/","title":{"rendered":"La r\u00e9forme des instances consultatives du personnel de la fonction publique de l\u2019\u00c9tat"},"content":{"rendered":"\n<h2 style=\"color:#d10016;\"><strong>1. Le d\u00e9cret du 20 novembre 2020 relatif aux\nCAP<\/strong><\/h2>\n\n\n\n<p>Ce texte modifie le <a href=\"https:\/\/www.legifrance.gouv.fr\/loda\/id\/JORFTEXT000000879673\/2020-12-07\/\">d\u00e9cret n\u00b0 82-451 du 28 mai 1982<\/a>, relatif aux commissions administratives paritaires de la fonction publique de l\u2019\u00c9tat. Il instaure de nouvelles r\u00e8gles de cr\u00e9ation CAP par <strong>cat\u00e9gorie hi\u00e9rarchique<\/strong> et non plus par groupe hi\u00e9rarchique. Ce principe est pos\u00e9 par l\u2019<a href=\"https:\/\/www.legifrance.gouv.fr\/loda\/id\/JORFTEXT000000501099\/2020-11-30\/\">article 14 de la loi n\u00b0 84-16 du 11 janvier 1984<\/a>, portant dispositions statutaires relatives \u00e0 la fonction publique de l&rsquo;\u00c9tat dans sa r\u00e9daction issue de l\u2019<a href=\"https:\/\/www.legifrance.gouv.fr\/jorf\/article_jo\/JORFARTI000038889198\">article 10 de la loi du 6 ao\u00fbt 2019<\/a>, pr\u00e9cit\u00e9e. <\/p>\n\n\n\n<p>Il modifie en cons\u00e9quence les dispositions relatives \u00e0 leur composition, leur organisation et leur fonctionnement. <\/p>\n\n\n\n<p>En application de l&rsquo;<a href=\"https:\/\/www.legifrance.gouv.fr\/jorf\/id\/JORFTEXT000038889182\/\">article 1<\/a><sup><a href=\"https:\/\/www.legifrance.gouv.fr\/jorf\/id\/JORFTEXT000038889182\/\">er<\/a><\/sup><a href=\"https:\/\/www.legifrance.gouv.fr\/jorf\/id\/JORFTEXT000038889182\/\"> de la loi du 6 ao\u00fbt 2019<\/a> pr\u00e9cit\u00e9e, ce d\u00e9cret compl\u00e8te \u00e9galement, au sein de l&rsquo;<a href=\"https:\/\/www.legifrance.gouv.fr\/loda\/article_lc\/LEGIARTI000039449825\">article 25 du d\u00e9cret du 28 mai 1982<\/a> pr\u00e9cit\u00e9, la liste des d\u00e9cisions individuelles qui sont examin\u00e9es par ces commissions. <\/p>\n\n\n\n<h3 class=\"wp-block-heading\"><strong>Les comp\u00e9tences des CAP<\/strong><\/h3>\n\n\n\n<p>Ainsi, les commissions administratives paritaires connaissent imp\u00e9rativement&nbsp;: <\/p>\n\n\n\n<ol><li><strong>En mati\u00e8re de recrutement<\/strong>, des refus de titularisation et des licenciements en cours de stage en cas d&rsquo;insuffisance professionnelle ou de faute disciplinaire&nbsp;; <\/li>\n<li><strong>Des questions d&rsquo;ordre individuel relatives &nbsp;:<\/strong>\n<ol>\n<li>Au licenciement du fonctionnaire mis en disponibilit\u00e9 apr\u00e8s qu&rsquo;il a refus\u00e9 trois postes qui lui sont propos\u00e9s en vue de sa r\u00e9int\u00e9gration&nbsp;;<\/li> \n<li>Au licenciement pour insuffisance professionnelle&nbsp;;<\/li> \n<li>Au licenciement pr\u00e9vu dans les cas mentionn\u00e9s aux articles 27 et 45 du <a href=\"https:\/\/www.legifrance.gouv.fr\/loda\/id\/LEGITEXT000006065530\/2020-11-30\/\">d\u00e9cret n\u00b0 86-442 du 14 mars 1986<\/a> relatif \u00e0 la d\u00e9signation des m\u00e9decins agr\u00e9\u00e9s, \u00e0 l&rsquo;organisation des comit\u00e9s m\u00e9dicaux et des commissions de r\u00e9forme, aux conditions d&rsquo;aptitude physique pour l&rsquo;admission aux emplois publics et au r\u00e9gime de cong\u00e9s de maladie des fonctionnaires&nbsp;; <\/li>\n<li>Au licenciement d&rsquo;un membre du personnel enseignant apr\u00e8s refus du poste qui lui est assign\u00e9 en vue de sa r\u00e9int\u00e9gration \u00e0 la suite de son placement en position de non-activit\u00e9 pour poursuivre ou parfaire des \u00e9tudes d&rsquo;int\u00e9r\u00eat professionnel&nbsp;;<\/li>\n<\/ol>\n<li><strong>Des d\u00e9cisions refusant le b\u00e9n\u00e9fice des cong\u00e9s<\/strong> pr\u00e9vus aux 7\u00b0(cong\u00e9s de formation syndicale) et 7\u00b0 bis (cong\u00e9s des repr\u00e9sentants du personnel pour formation li\u00e9e \u00e0 l\u2019hygi\u00e8ne et \u00e0 la s\u00e9curit\u00e9) de l&rsquo;<a href=\"https:\/\/www.legifrance.gouv.fr\/loda\/article_lc\/LEGIARTI000033971363\/2017-01-29\/\">article 34 de la loi du 11 janvier 1984<\/a>, pr\u00e9cit\u00e9e&nbsp;;<\/li>\n\n<li><strong>Des questions d&rsquo;ordre individuel relatives au recrutement des travailleurs handicap\u00e9s, s&rsquo;agissant&nbsp;:<\/strong><\/li>\n<ol>\n<li>Du renouvellement du contrat dans les cas mentionn\u00e9s au II de l&rsquo;article 8 et \u00e0 l\u2019article 11-7 du <a href=\"https:\/\/www.legifrance.gouv.fr\/loda\/id\/LEGITEXT000005619350\/2020-11-30\/\">d\u00e9cret n\u00b0 95-979 du 25 ao\u00fbt 1995<\/a>, relatif au recrutement des travailleurs handicap\u00e9s dans la fonction publique pris pour l&rsquo;application de l\u2019<a href=\"https:\/\/www.legifrance.gouv.fr\/loda\/article_lc\/LEGIARTI000038924049\">article 27 de la loi du 11 janvier 1984<\/a>, portant dispositions statutaires relatives \u00e0 la fonction publique de l&rsquo;\u00c9tat&nbsp;;<\/li> \n<li>Du non-renouvellement du contrat dans le cas mentionn\u00e9 au III de l&rsquo;article 8 du m\u00eame d\u00e9cret&nbsp;;<\/li> \n<\/ol>\n<li>Du rejet d&rsquo;une demande d&rsquo;actions de formation ou d&rsquo;une p\u00e9riode de professionnalisation dans les circonstances pr\u00e9vues respectivement aux articles 7 et 17 du <a href=\"https:\/\/www.legifrance.gouv.fr\/loda\/id\/JORFTEXT000000469540\/2020-11-30\/\">d\u00e9cret n\u00b0 2007-1470 du 15 octobre 2007<\/a> relatif \u00e0 la formation professionnelle tout au long de la vie des fonctionnaires de l&rsquo;\u00c9tat&nbsp;;<\/li> \n\n<li>Des d\u00e9cisions ayant pour objet de dispenser un fonctionnaire de l&rsquo;obligation mentionn\u00e9e au troisi\u00e8me alin\u00e9a du I de l&rsquo;article 25 du m\u00eame d\u00e9cret&nbsp;;<\/li> \n\n<li>Des d\u00e9cisions de refus d&rsquo;une demande de cong\u00e9 de formation professionnelle dans les cas pr\u00e9vus \u00e0 l&rsquo;article 27 du m\u00eame d\u00e9cret.<\/li>\n<\/ol>\n<\/ol>\n\n\n\n<p>Elles se r\u00e9unissent <strong>en conseil de discipline<\/strong> pour l&rsquo;examen des propositions de sanction des deuxi\u00e8me, troisi\u00e8me et quatri\u00e8me groupes de l&rsquo;\u00e9chelle des sanctions pr\u00e9vue \u00e0 l&rsquo;article 66 de la m\u00eame loi.<\/p>\n\n\n\n<p>\u00c0 noter que les CAP ne sont plus comp\u00e9tentes pour examiner les d\u00e9cisions individuelles en mati\u00e8re de mobilit\u00e9 applicables \u00e0 compter du 1<sup>er<\/sup> janvier 2020. Elles ne le seront plus, relativement aux d\u00e9cisions individuelles en mati\u00e8re de promotion (avancements et promotions interne) applicables \u00e0 partir du 1<sup>er<\/sup> janvier 2021 (<a href=\"https:\/\/www.legifrance.gouv.fr\/jorf\/id\/JORFTEXT000039434533\/\">article 40 du d\u00e9cret n\u00b0 2019-1265 du 29 novembre 2019<\/a>, relatif aux lignes directrices de gestion et \u00e0 l&rsquo;\u00e9volution des attributions des commissions administratives paritaires.<\/p>\n\n\n\n<p><strong>Les CAP peuvent \u00e9galement \u00eatre saisies, \u00e0 la demande du fonctionnaire int\u00e9ress\u00e9&nbsp;:<\/strong><\/p>\n\n\n\n<ol><li>Des d\u00e9cisions individuelles mentionn\u00e9es \u00e0 l&rsquo;article 51&nbsp; (d\u00e9cisions li\u00e9es \u00e0 la disponibilit\u00e9) de la\nm\u00eame loi&nbsp;;<\/li>\n<li>Des d\u00e9cisions refusant l&rsquo;autorisation d&rsquo;accomplir un service \u00e0 temps partiel, des litiges d&rsquo;ordre individuel relatifs aux conditions d&rsquo;exercice du temps partiel et des d\u00e9cisions refusant des autorisations d&rsquo;absence pour suivre une action de pr\u00e9paration \u00e0 un concours administratif ou une action de formation continue&nbsp;;<\/li>\n<li>Des d\u00e9cisions refusant l&rsquo;acceptation de sa d\u00e9mission en application des dispositions de l&rsquo;article 59 du d\u00e9cret n\u00b0 85-986 du 16 septembre 1985 relatif au r\u00e9gime particulier de certaines positions des fonctionnaires de l&rsquo;\u00c9tat et \u00e0 certaines modalit\u00e9s de mise \u00e0 disposition et de cessation d\u00e9finitive de fonctions&nbsp;;<\/li>\n<li>Des d\u00e9cisions relatives \u00e0 la r\u00e9vision du compte rendu de l&rsquo;entretien professionnel dans les conditions pr\u00e9vues \u00e0 l&rsquo;<a href=\"https:\/\/www.legifrance.gouv.fr\/loda\/id\/JORFTEXT000022593931\/2020-11-30\/\">article 6 du d\u00e9cret n\u00b0 2010-888 du 28 juillet 2010<\/a> relatif aux conditions g\u00e9n\u00e9rales de l&rsquo;appr\u00e9ciation de la valeur professionnelle des fonctionnaires de l&rsquo;\u00c9tat ou \u00e0 d\u00e9faut, de l&rsquo;\u00e9valuation professionnelle&nbsp;;<\/li>\n<li>Des d\u00e9cisions refusant une demande de mobilisation du compte personnel de formation, en application du II de l&rsquo;<a href=\"https:\/\/www.legifrance.gouv.fr\/loda\/article_lc\/LEGIARTI000038923492\">article 22 quater de la loi du 13 juillet 1983<\/a>&nbsp;;<\/li>\n<li>Des d\u00e9cisions refusant une demande initiale ou de renouvellement de t\u00e9l\u00e9travail formul\u00e9e par un fonctionnaire en application de l&rsquo;<a href=\"https:\/\/www.legifrance.gouv.fr\/jorf\/id\/JORFTEXT000032036983\/\">article 5 du d\u00e9cret n\u00b0 2016-151 du 11 f\u00e9vrier 2016<\/a> relatif aux conditions et modalit\u00e9s de mise en \u0153uvre du t\u00e9l\u00e9travail dans la fonction publique et la magistrature&nbsp;;<\/li>\n<li>Des d\u00e9cisions refusant une demande de cong\u00e9s au titre du compte \u00e9pargne-temps.<\/li>\n<\/ol>\n\n\n\n<p>Lorsqu&rsquo;un fonctionnaire sollicite sa r\u00e9int\u00e9gration aupr\u00e8s de l&rsquo;autorit\u00e9 ayant pouvoir de nomination, \u00e0 l&rsquo;issue de la p\u00e9riode de privation des droits civiques ou de la p\u00e9riode d&rsquo;interdiction d&rsquo;exercer un emploi public ou en cas de r\u00e9int\u00e9gration dans la nationalit\u00e9 fran\u00e7aise, celle-ci recueille l&rsquo;avis de la commission administrative paritaire.<\/p>\n\n\n\n<p>Il pr\u00e9voit enfin la facult\u00e9 de r\u00e9unir \u00e0 distance ces commissions, en cas d&rsquo;urgence ou en cas de circonstances particuli\u00e8res et pose le principe de leur \u00e9lection par voie \u00e9lectronique, sauf d\u00e9rogation pr\u00e9vue par arr\u00eat\u00e9 des ministres int\u00e9ress\u00e9s et du ministre charg\u00e9 de la fonction publique.<\/p>\n\n\n\n<p> Enfin, les commissions administratives paritaires connaissent \u00e9galement des questions pour lesquelles des statuts particuliers pr\u00e9voient leur consultation.<\/p>\n\n\n\n<h3 class=\"wp-block-heading\"><strong>Entr\u00e9e en vigueu<\/strong>r&nbsp;<strong>du d\u00e9cret du 20\nnovembre 2020 relatif aux CAP<\/strong><\/h3>\n\n\n\n<p>Ce d\u00e9cret entre en vigueur en vue du prochain renouvellement g\u00e9n\u00e9ral des instances de dialogue social dans la fonction publique, les \u00e9lections sont pr\u00e9vues en d\u00e9cembre 2022, pour une installation des nouvelles instances au <strong>1<\/strong><sup><strong>er<\/strong><\/sup><strong> janvier 2023<\/strong>. <\/p>\n\n\n\n<p>Toutefois, le 1\u00b0 de l&rsquo;article 9 (remplacement d\u2019un repr\u00e9sentant du personnel en cong\u00e9 de maternit\u00e9 ou de paternit\u00e9) et de l&rsquo;article 26 (r\u00e9union \u00e0 distance des instances) sont entr\u00e9s en vigueur le lendemain de la publication du pr\u00e9sent d\u00e9cret, soit le 23 novembre 2020. <\/p>\n\n\n\n<p>En outre, les articles 21 (comp\u00e9tence des CAP), 22, 25 (convocation des CAP), 31 et 32 (dissolution des CAP) entreront en vigueur \u00e0 compter du 1<sup>er<\/sup> janvier 2021.<\/p>\n\n\n\n<br>\n<table width=\"100%\" cellspacing=\"10\" cellpadding=\"10\" border=\"0\" bgcolor=\"#f6f6f6\">\n<tbody>\n<tr>\n<td style=\"border-left: 15px solid #f6f6f6; border-right: 15px solid #f6f6f6; border-top: 15px solid #f6f6f6;\" bgcolor=\"#f6f6f6\">\n\t<center>\n\t\t<span style=\"font-size: 18px; color: #d10016; font-family:Helvetica;\"><strong>Votre formation sur ce th\u00e8me<br>\n\t\t\t\u00ab&nbsp;ACTUALIT\u00c9S RH&nbsp;: LES IMPACTS DE LA LOI DE TRANSFORMATION DE LA FONCTION PUBLIQUE&nbsp;\u00bb<br>\n\t\t\t2 jours &#8211; \u00c0 distance ou en pr\u00e9sentiel<\/strong><\/span><br>\n\t<\/center>\n\t\t<br>\n<ul>\n\t<li><strong>Int\u00e9grer les impacts de la r\u00e9forme<\/strong> de la fonction publique dans les services RH<\/li>\n\t<li><strong>Conna\u00eetre les derniers textes applicables<\/strong> aux ressources humaines de la fonction publique<\/li>\n\t<li><strong>\u00c9valuer l&rsquo;incidence des derni\u00e8res d\u00e9cisions de jurisprudence<\/strong> sur ses pratiques RH\u2026<\/li>\n<\/ul>\n\n<table width=\"100%\" border=\"0\">\n  <tbody>\n    <tr>\n\t\t<td ;=\"\" bgcolor=\"#d10016\"><center><a href=\"https:\/\/www.gereso.com\/ACRH\" target=\"_blank\" style=\"text-decoration:none; color:#ffffff \" rel=\"noopener noreferrer\"><strong>&gt;&nbsp;En savoir plus\u2026<\/strong><\/a><\/center><\/td>\n\t\t<td ;=\"\" bgcolor=\"f6f6f6\"><center>&nbsp;<\/center><\/td>\n\t\t<td ;=\"\" bgcolor=\"#d10016\"><center><a href=\"https:\/\/www.gereso.com\/client\/programme-pdf\/ACRH.pdf\" target=\"_blank\" style=\"text-decoration:none; color:#ffffff\" rel=\"noopener noreferrer\"><strong>&gt;&nbsp;T\u00e9l\u00e9charger le programme PDF<\/strong><\/a><\/center><\/td>\n    <\/tr>\n  <\/tbody>\n<\/table>\n\n<\/td>\n<\/tr>\n<\/tbody>\n<\/table>\n\n\n\n<h2 style=\"color:#d10016;\"><strong>2. Le d\u00e9cret du 20 novembre 2020 relatif aux comit\u00e9s sociaux d&rsquo;administration <\/strong><\/h2>\n\n\n\n<p>Le <a href=\"https:\/\/www.legifrance.gouv.fr\/jorf\/id\/JORFTEXT000042545890\">d\u00e9cret n\u00b0 2020-1427 du 20 novembre 2020<\/a> est pris en application de l\u2019<a href=\"https:\/\/www.legifrance.gouv.fr\/jorf\/article_jo\/JORFARTI000038889192\">article 4 de la loi du 6 ao\u00fbt 2019<\/a>, pr\u00e9cit\u00e9e. Il pr\u00e9voit la disparition des comit\u00e9s techniques (CT) et des comit\u00e9s d&rsquo;hygi\u00e8ne, de s\u00e9curit\u00e9 et des conditions de travail (CHSCT), \u00e0 l&rsquo;issue du prochain renouvellement g\u00e9n\u00e9ral des instances de dialogue social dans la fonction publique, au profit d&rsquo;une nouvelle instance d\u00e9nomm\u00e9e <strong>comit\u00e9 social d&rsquo;administration<\/strong> (CSA). Les \u00e9lections conduisant audit renouvellement g\u00e9n\u00e9ral devraient se d\u00e9rouler en d\u00e9cembre 2022, permettant l\u2019installation des CSA \u00e0 compter du 1<sup>er<\/sup> janvier 2023.<\/p>\n\n\n\n<p>Les articles 15 et 15 bis de la <a href=\"https:\/\/www.legifrance.gouv.fr\/loda\/id\/JORFTEXT000000501099\/2020-11-30\/\">loi n\u00b0 84-16 du 11 janvier 1984<\/a>, portant dispositions statutaires relatives \u00e0 la fonction publique de l&rsquo;\u00c9tat, dans leur r\u00e9daction issue l&rsquo;<a href=\"https:\/\/www.legifrance.gouv.fr\/jorf\/article_jo\/JORFARTI000038889192\">article 4 de la loi du 6 ao\u00fbt 2019<\/a> pr\u00e9cit\u00e9e, pr\u00e9voient, en outre, la cr\u00e9ation, au sein de chaque comit\u00e9 social d&rsquo;administration, d&rsquo;une <strong>formation sp\u00e9cialis\u00e9e en mati\u00e8re de sant\u00e9, de s\u00e9curit\u00e9 et de conditions de travail<\/strong> (FSSSCT) qui est obligatoire \u00e0 partir d&rsquo;un seuil d&rsquo;effectifs fix\u00e9 \u00e0 <strong>200 agents <\/strong>par le pr\u00e9sent d\u00e9cret. En-de\u00e7\u00e0 de ce seuil, la cr\u00e9ation de cette formation sp\u00e9cialis\u00e9e devra \u00eatre justifi\u00e9e par l&rsquo;existence de risques professionnels particuliers. <\/p>\n\n\n\n<p>Deux autres formations sp\u00e9cialis\u00e9es en mati\u00e8re de sant\u00e9, de s\u00e9curit\u00e9 et de conditions de travail pourront \u00eatre mises en place, en dehors du CSA, mais rattach\u00e9es \u00e0 ce dernier, lorsque l&rsquo;existence de risques professionnels particuliers sur certains sites ou dans certains services le justifie. Le pr\u00e9sent d\u00e9cret a vocation \u00e0 se substituer aux dispositions du <a href=\"https:\/\/www.legifrance.gouv.fr\/loda\/id\/JORFTEXT000023592572\/2020-11-29\/\">d\u00e9cret n\u00b0 2011-184 du 15 f\u00e9vrier 2011<\/a>, relatif aux comit\u00e9s techniques dans les administrations et les \u00e9tablissements publics de l&rsquo;\u00c9tat et \u00e0 celles du <a href=\"https:\/\/www.legifrance.gouv.fr\/loda\/id\/LEGITEXT000006063791\/2020-11-30\/\">d\u00e9cret n\u00b0 82-453 du 28 mai 1982<\/a>, relatives aux comit\u00e9s d&rsquo;hygi\u00e8ne, de s\u00e9curit\u00e9 et des conditions de travail, qui ne demeurent applicables qu&rsquo;\u00e0 titre transitoire.  <\/p>\n\n\n\n<p>Les principales dispositions du d\u00e9cret concernent la cartographie des comit\u00e9s sociaux d&rsquo;administration, la composition des instances, la g\u00e9n\u00e9ralisation, sauf d\u00e9rogations, du vote \u00e9lectronique lors des \u00e9lections, les comp\u00e9tences du CSA et l&rsquo;articulation de ses attributions avec celles de la formation sp\u00e9cialis\u00e9e.  <\/p>\n\n\n\n<h3 class=\"wp-block-heading\"><strong>Entr\u00e9e en vigueur du d\u00e9cret du 20 novembre 2020 relatif aux CSA<\/strong><\/h3>\n\n\n\n<p>Les dispositions des titres I et II relatives \u00e0 l&rsquo;organisation, \u00e0 la composition et aux \u00e9lections des comit\u00e9s sociaux d&rsquo;administration entreront en vigueur en vue du prochain renouvellement g\u00e9n\u00e9ral des instances dans la fonction publique, ainsi que les adaptations portant sur les formations sp\u00e9cialis\u00e9es des services du minist\u00e8re de la d\u00e9fense (article 100) et celles des titres III et IV relatives \u00e0 leur attributions et \u00e0 leur fonctionnement entrent en vigueur au 1<sup>er<\/sup> janvier 2023, une fois ces comit\u00e9s constitu\u00e9s.<\/p>\n\n\n\n<p>En revanche, l&rsquo;entr\u00e9e en vigueur s&rsquo;effectue le lendemain de la publication du d\u00e9cret, soit le 23 novembre 2020, en ce qui concerne les dispositions pr\u00e9voyant la facult\u00e9 d&rsquo;instaurer un comit\u00e9 technique unique pour des services d\u00e9partementaux (II de l&rsquo;article 5), le maintien des instances en cas de r\u00e9organisation ou de fusion de services (II de l&rsquo;article 18), la facult\u00e9 de substituer l&rsquo;avis des comit\u00e9s locaux par celui du comit\u00e9 technique minist\u00e9riel, de r\u00e9seau ou sp\u00e9cial (article 55), la possibilit\u00e9 d&rsquo;organiser des r\u00e9unions \u00e0 distance (article 84), le remplacement temporaire d&rsquo;un repr\u00e9sentant du personnel b\u00e9n\u00e9ficiant d&rsquo;un cong\u00e9 pour maternit\u00e9 ou pour adoption (article 85) et la facult\u00e9 de substituer l&rsquo;avis des comit\u00e9s techniques de r\u00e9seau, sp\u00e9ciaux ou d&rsquo;\u00e9tablissements publics par celui du Conseil sup\u00e9rieur de la fonction publique de l&rsquo;\u00c9tat (c du 1\u00b0 de l&rsquo;article 106).  <\/p>\n\n\n\n<p>Enfin, les 1\u00b0 et 2\u00b0 de l&rsquo;article 102 entreront en vigueur \u00e0 compter de l\u2019installation, au sein des agences r\u00e9gionales de sant\u00e9, des comit\u00e9s d&rsquo;agence et des conditions de travail.<\/p>\n","protected":false},"excerpt":{"rendered":"<p>1. Le d\u00e9cret du 20 novembre 2020 relatif aux CAP Ce texte modifie le d\u00e9cret n\u00b0 82-451 du 28 mai 1982, relatif aux commissions administratives paritaires de la fonction publique de l\u2019\u00c9tat. Il instaure de nouvelles r\u00e8gles de cr\u00e9ation CAP par cat\u00e9gorie hi\u00e9rarchique et non plus par groupe hi\u00e9rarchique. Ce principe est pos\u00e9 par l\u2019article [&hellip;]<\/p>\n","protected":false},"author":32,"featured_media":18099,"comment_status":"open","ping_status":"open","sticky":false,"template":"","format":"standard","meta":{"_acf_changed":false,"_mi_skip_tracking":false,"footnotes":""},"categories":[6],"tags":[1952,1951,117,167],"class_list":["post-18034","post","type-post","status-publish","format-standard","has-post-thumbnail","hentry","category-fonction-publique","tag-comites-sociaux-dadministration","tag-commisions-administratives-paritaires","tag-fonction-publique-2","tag-fonctionnaire"],"acf":[],"yoast_head":"<!-- This site is optimized with the Yoast SEO plugin v23.4 - https:\/\/yoast.com\/wordpress\/plugins\/seo\/ -->\n<title>La r\u00e9forme des instances consultatives du personnel de la fonction publique de l\u2019\u00c9tat - Le Blog GERESO<\/title>\n<meta name=\"robots\" content=\"index, follow, max-snippet:-1, max-image-preview:large, max-video-preview:-1\" \/>\n<link rel=\"canonical\" href=\"https:\/\/www.gereso.com\/actualites\/2020\/11\/30\/reforme-instances-consultatives-personnel-fonction-publique-etat\/\" \/>\n<meta property=\"og:locale\" content=\"fr_FR\" \/>\n<meta property=\"og:type\" content=\"article\" \/>\n<meta property=\"og:title\" content=\"La r\u00e9forme des instances consultatives du personnel de la fonction publique de l\u2019\u00c9tat - Le Blog GERESO\" \/>\n<meta property=\"og:description\" content=\"1. Le d\u00e9cret du 20 novembre 2020 relatif aux CAP Ce texte modifie le d\u00e9cret n\u00b0 82-451 du 28 mai 1982, relatif aux commissions administratives paritaires de la fonction publique de l\u2019\u00c9tat. Il instaure de nouvelles r\u00e8gles de cr\u00e9ation CAP par cat\u00e9gorie hi\u00e9rarchique et non plus par groupe hi\u00e9rarchique. Ce principe est pos\u00e9 par l\u2019article [&hellip;]\" \/>\n<meta property=\"og:url\" content=\"https:\/\/www.gereso.com\/actualites\/2020\/11\/30\/reforme-instances-consultatives-personnel-fonction-publique-etat\/\" \/>\n<meta property=\"og:site_name\" content=\"Le Blog GERESO\" \/>\n<meta property=\"article:published_time\" content=\"2020-11-30T16:11:30+00:00\" \/>\n<meta property=\"article:modified_time\" content=\"2020-12-07T14:25:04+00:00\" \/>\n<meta property=\"og:image\" content=\"https:\/\/www.gereso.com\/actualites\/wp-content\/uploads\/2020\/11\/Reforme-instances-consultatives.jpg\" \/>\n\t<meta property=\"og:image:width\" content=\"600\" \/>\n\t<meta property=\"og:image:height\" content=\"400\" \/>\n\t<meta property=\"og:image:type\" content=\"image\/jpeg\" \/>\n<meta name=\"author\" content=\"\u00c9quipe GERESO\" \/>\n<meta name=\"twitter:card\" content=\"summary_large_image\" \/>\n<script type=\"application\/ld+json\" class=\"yoast-schema-graph\">{\"@context\":\"https:\/\/schema.org\",\"@graph\":[{\"@type\":\"WebPage\",\"@id\":\"https:\/\/www.gereso.com\/actualites\/2020\/11\/30\/reforme-instances-consultatives-personnel-fonction-publique-etat\/\",\"url\":\"https:\/\/www.gereso.com\/actualites\/2020\/11\/30\/reforme-instances-consultatives-personnel-fonction-publique-etat\/\",\"name\":\"La r\u00e9forme des instances consultatives du personnel de la fonction publique de l\u2019\u00c9tat - Le Blog GERESO\",\"isPartOf\":{\"@id\":\"https:\/\/www.gereso.com\/actualites\/#website\"},\"primaryImageOfPage\":{\"@id\":\"https:\/\/www.gereso.com\/actualites\/2020\/11\/30\/reforme-instances-consultatives-personnel-fonction-publique-etat\/#primaryimage\"},\"image\":{\"@id\":\"https:\/\/www.gereso.com\/actualites\/2020\/11\/30\/reforme-instances-consultatives-personnel-fonction-publique-etat\/#primaryimage\"},\"thumbnailUrl\":\"https:\/\/www.gereso.com\/actualites\/wp-content\/uploads\/2020\/11\/Reforme-instances-consultatives.jpg\",\"datePublished\":\"2020-11-30T16:11:30+00:00\",\"dateModified\":\"2020-12-07T14:25:04+00:00\",\"author\":{\"@id\":\"https:\/\/www.gereso.com\/actualites\/#\/schema\/person\/197d8aef40cb4ae3f6a0aa9e1d3df2a6\"},\"breadcrumb\":{\"@id\":\"https:\/\/www.gereso.com\/actualites\/2020\/11\/30\/reforme-instances-consultatives-personnel-fonction-publique-etat\/#breadcrumb\"},\"inLanguage\":\"fr-FR\",\"potentialAction\":[{\"@type\":\"ReadAction\",\"target\":[\"https:\/\/www.gereso.com\/actualites\/2020\/11\/30\/reforme-instances-consultatives-personnel-fonction-publique-etat\/\"]}]},{\"@type\":\"ImageObject\",\"inLanguage\":\"fr-FR\",\"@id\":\"https:\/\/www.gereso.com\/actualites\/2020\/11\/30\/reforme-instances-consultatives-personnel-fonction-publique-etat\/#primaryimage\",\"url\":\"https:\/\/www.gereso.com\/actualites\/wp-content\/uploads\/2020\/11\/Reforme-instances-consultatives.jpg\",\"contentUrl\":\"https:\/\/www.gereso.com\/actualites\/wp-content\/uploads\/2020\/11\/Reforme-instances-consultatives.jpg\",\"width\":600,\"height\":400,\"caption\":\"La r\u00e9forme des instances consultatives du personnel de la fonction publique de l\u2019\u00c9tat\"},{\"@type\":\"BreadcrumbList\",\"@id\":\"https:\/\/www.gereso.com\/actualites\/2020\/11\/30\/reforme-instances-consultatives-personnel-fonction-publique-etat\/#breadcrumb\",\"itemListElement\":[{\"@type\":\"ListItem\",\"position\":1,\"name\":\"Home\",\"item\":\"https:\/\/www.gereso.com\/actualites\/\"},{\"@type\":\"ListItem\",\"position\":2,\"name\":\"La r\u00e9forme des instances consultatives du personnel de la fonction publique de l\u2019\u00c9tat\"}]},{\"@type\":\"WebSite\",\"@id\":\"https:\/\/www.gereso.com\/actualites\/#website\",\"url\":\"https:\/\/www.gereso.com\/actualites\/\",\"name\":\"Le Blog GERESO\",\"description\":\"Toute l&#039;actu RH, Finance, Fonction Publique, Management...\",\"potentialAction\":[{\"@type\":\"SearchAction\",\"target\":{\"@type\":\"EntryPoint\",\"urlTemplate\":\"https:\/\/www.gereso.com\/actualites\/?s={search_term_string}\"},\"query-input\":{\"@type\":\"PropertyValueSpecification\",\"valueRequired\":true,\"valueName\":\"search_term_string\"}}],\"inLanguage\":\"fr-FR\"},{\"@type\":\"Person\",\"@id\":\"https:\/\/www.gereso.com\/actualites\/#\/schema\/person\/197d8aef40cb4ae3f6a0aa9e1d3df2a6\",\"name\":\"\u00c9quipe GERESO\",\"image\":{\"@type\":\"ImageObject\",\"inLanguage\":\"fr-FR\",\"@id\":\"https:\/\/www.gereso.com\/actualites\/#\/schema\/person\/image\/\",\"url\":\"https:\/\/www.gereso.com\/actualites\/wp-content\/uploads\/2013\/12\/avatar-gereso-1.png\",\"contentUrl\":\"https:\/\/www.gereso.com\/actualites\/wp-content\/uploads\/2013\/12\/avatar-gereso-1.png\",\"caption\":\"\u00c9quipe GERESO\"},\"url\":\"https:\/\/www.gereso.com\/actualites\/author\/gereso\/\"}]}<\/script>\n<!-- \/ Yoast SEO plugin. -->","yoast_head_json":{"title":"La r\u00e9forme des instances consultatives du personnel de la fonction publique de l\u2019\u00c9tat - Le Blog GERESO","robots":{"index":"index","follow":"follow","max-snippet":"max-snippet:-1","max-image-preview":"max-image-preview:large","max-video-preview":"max-video-preview:-1"},"canonical":"https:\/\/www.gereso.com\/actualites\/2020\/11\/30\/reforme-instances-consultatives-personnel-fonction-publique-etat\/","og_locale":"fr_FR","og_type":"article","og_title":"La r\u00e9forme des instances consultatives du personnel de la fonction publique de l\u2019\u00c9tat - Le Blog GERESO","og_description":"1. Le d\u00e9cret du 20 novembre 2020 relatif aux CAP Ce texte modifie le d\u00e9cret n\u00b0 82-451 du 28 mai 1982, relatif aux commissions administratives paritaires de la fonction publique de l\u2019\u00c9tat. Il instaure de nouvelles r\u00e8gles de cr\u00e9ation CAP par cat\u00e9gorie hi\u00e9rarchique et non plus par groupe hi\u00e9rarchique. Ce principe est pos\u00e9 par l\u2019article [&hellip;]","og_url":"https:\/\/www.gereso.com\/actualites\/2020\/11\/30\/reforme-instances-consultatives-personnel-fonction-publique-etat\/","og_site_name":"Le Blog GERESO","article_published_time":"2020-11-30T16:11:30+00:00","article_modified_time":"2020-12-07T14:25:04+00:00","og_image":[{"width":600,"height":400,"url":"https:\/\/www.gereso.com\/actualites\/wp-content\/uploads\/2020\/11\/Reforme-instances-consultatives.jpg","type":"image\/jpeg"}],"author":"\u00c9quipe GERESO","twitter_card":"summary_large_image","schema":{"@context":"https:\/\/schema.org","@graph":[{"@type":"WebPage","@id":"https:\/\/www.gereso.com\/actualites\/2020\/11\/30\/reforme-instances-consultatives-personnel-fonction-publique-etat\/","url":"https:\/\/www.gereso.com\/actualites\/2020\/11\/30\/reforme-instances-consultatives-personnel-fonction-publique-etat\/","name":"La r\u00e9forme des instances consultatives du personnel de la fonction publique de l\u2019\u00c9tat - Le Blog GERESO","isPartOf":{"@id":"https:\/\/www.gereso.com\/actualites\/#website"},"primaryImageOfPage":{"@id":"https:\/\/www.gereso.com\/actualites\/2020\/11\/30\/reforme-instances-consultatives-personnel-fonction-publique-etat\/#primaryimage"},"image":{"@id":"https:\/\/www.gereso.com\/actualites\/2020\/11\/30\/reforme-instances-consultatives-personnel-fonction-publique-etat\/#primaryimage"},"thumbnailUrl":"https:\/\/www.gereso.com\/actualites\/wp-content\/uploads\/2020\/11\/Reforme-instances-consultatives.jpg","datePublished":"2020-11-30T16:11:30+00:00","dateModified":"2020-12-07T14:25:04+00:00","author":{"@id":"https:\/\/www.gereso.com\/actualites\/#\/schema\/person\/197d8aef40cb4ae3f6a0aa9e1d3df2a6"},"breadcrumb":{"@id":"https:\/\/www.gereso.com\/actualites\/2020\/11\/30\/reforme-instances-consultatives-personnel-fonction-publique-etat\/#breadcrumb"},"inLanguage":"fr-FR","potentialAction":[{"@type":"ReadAction","target":["https:\/\/www.gereso.com\/actualites\/2020\/11\/30\/reforme-instances-consultatives-personnel-fonction-publique-etat\/"]}]},{"@type":"ImageObject","inLanguage":"fr-FR","@id":"https:\/\/www.gereso.com\/actualites\/2020\/11\/30\/reforme-instances-consultatives-personnel-fonction-publique-etat\/#primaryimage","url":"https:\/\/www.gereso.com\/actualites\/wp-content\/uploads\/2020\/11\/Reforme-instances-consultatives.jpg","contentUrl":"https:\/\/www.gereso.com\/actualites\/wp-content\/uploads\/2020\/11\/Reforme-instances-consultatives.jpg","width":600,"height":400,"caption":"La r\u00e9forme des instances consultatives du personnel de la fonction publique de l\u2019\u00c9tat"},{"@type":"BreadcrumbList","@id":"https:\/\/www.gereso.com\/actualites\/2020\/11\/30\/reforme-instances-consultatives-personnel-fonction-publique-etat\/#breadcrumb","itemListElement":[{"@type":"ListItem","position":1,"name":"Home","item":"https:\/\/www.gereso.com\/actualites\/"},{"@type":"ListItem","position":2,"name":"La r\u00e9forme des instances consultatives du personnel de la fonction publique de l\u2019\u00c9tat"}]},{"@type":"WebSite","@id":"https:\/\/www.gereso.com\/actualites\/#website","url":"https:\/\/www.gereso.com\/actualites\/","name":"Le Blog GERESO","description":"Toute l&#039;actu RH, Finance, Fonction Publique, Management...","potentialAction":[{"@type":"SearchAction","target":{"@type":"EntryPoint","urlTemplate":"https:\/\/www.gereso.com\/actualites\/?s={search_term_string}"},"query-input":{"@type":"PropertyValueSpecification","valueRequired":true,"valueName":"search_term_string"}}],"inLanguage":"fr-FR"},{"@type":"Person","@id":"https:\/\/www.gereso.com\/actualites\/#\/schema\/person\/197d8aef40cb4ae3f6a0aa9e1d3df2a6","name":"\u00c9quipe GERESO","image":{"@type":"ImageObject","inLanguage":"fr-FR","@id":"https:\/\/www.gereso.com\/actualites\/#\/schema\/person\/image\/","url":"https:\/\/www.gereso.com\/actualites\/wp-content\/uploads\/2013\/12\/avatar-gereso-1.png","contentUrl":"https:\/\/www.gereso.com\/actualites\/wp-content\/uploads\/2013\/12\/avatar-gereso-1.png","caption":"\u00c9quipe GERESO"},"url":"https:\/\/www.gereso.com\/actualites\/author\/gereso\/"}]}},"_links":{"self":[{"href":"https:\/\/www.gereso.com\/actualites\/wp-json\/wp\/v2\/posts\/18034","targetHints":{"allow":["GET"]}}],"collection":[{"href":"https:\/\/www.gereso.com\/actualites\/wp-json\/wp\/v2\/posts"}],"about":[{"href":"https:\/\/www.gereso.com\/actualites\/wp-json\/wp\/v2\/types\/post"}],"author":[{"embeddable":true,"href":"https:\/\/www.gereso.com\/actualites\/wp-json\/wp\/v2\/users\/32"}],"replies":[{"embeddable":true,"href":"https:\/\/www.gereso.com\/actualites\/wp-json\/wp\/v2\/comments?post=18034"}],"version-history":[{"count":82,"href":"https:\/\/www.gereso.com\/actualites\/wp-json\/wp\/v2\/posts\/18034\/revisions"}],"predecessor-version":[{"id":18220,"href":"https:\/\/www.gereso.com\/actualites\/wp-json\/wp\/v2\/posts\/18034\/revisions\/18220"}],"wp:featuredmedia":[{"embeddable":true,"href":"https:\/\/www.gereso.com\/actualites\/wp-json\/wp\/v2\/media\/18099"}],"wp:attachment":[{"href":"https:\/\/www.gereso.com\/actualites\/wp-json\/wp\/v2\/media?parent=18034"}],"wp:term":[{"taxonomy":"category","embeddable":true,"href":"https:\/\/www.gereso.com\/actualites\/wp-json\/wp\/v2\/categories?post=18034"},{"taxonomy":"post_tag","embeddable":true,"href":"https:\/\/www.gereso.com\/actualites\/wp-json\/wp\/v2\/tags?post=18034"}],"curies":[{"name":"wp","href":"https:\/\/api.w.org\/{rel}","templated":true}]}}