{"id":1806,"date":"2005-07-01T00:00:00","date_gmt":"2005-06-30T22:00:00","guid":{"rendered":"https:\/\/www.gereso.com\/actualites\/2005\/07\/projet-de-loi-relatif-a-legalite-salariale-entre-les-femmes-et-les-hommes\/"},"modified":"2005-07-01T00:00:00","modified_gmt":"2005-06-30T22:00:00","slug":"projet-de-loi-relatif-a-legalite-salariale-entre-les-femmes-et-les-hommes","status":"publish","type":"post","link":"https:\/\/www.gereso.com\/actualites\/2005\/07\/01\/projet-de-loi-relatif-a-legalite-salariale-entre-les-femmes-et-les-hommes\/","title":{"rendered":"Projet de loi relatif \u00e0 l&#039;\u00e9galit\u00e9 salariale entre les femmes et les hommes"},"content":{"rendered":"<h3>O\u00f9 en est-on&nbsp;?<\/h3>\n<p><b>Le projet de loi a \u00e9t\u00e9 adopt\u00e9 en deuxi\u00e8me lecture<\/b>, avec modification, par l&rsquo;Assembl\u00e9e nationale le 12 d\u00e9cembre 2005.<\/p>\n<p>Pr\u00e9sent\u00e9 en Conseil des ministres le 24 mars 2005, il avait \u00e9t\u00e9 adopt\u00e9en premi\u00e8re lecture par l&rsquo;Assembl\u00e9e nationale le 12 mai 2005 et par leS\u00e9nat le 12 juillet.<\/p>\n<h3>De quoi s&rsquo;agit-il&nbsp;?<\/h3>\n<p>Le texte propos\u00e9 s&rsquo;organise autour de <b>4 objectifs<\/b> :<\/p>\n<li><b>aboutir \u00e0 la suppression des \u00e9carts de r\u00e9mun\u00e9ration entre les hommes et les femmes <\/b>dansles 5 ans \u00e0 venir : prise en compte obligatoire de cet objectif dansles n\u00e9gociations ouvertes au niveau des branches ou des entreprises,une conf\u00e9rence nationale devant dans un d\u00e9lai de 3 ans dresser un bilande l&rsquo;application de la loi.<\/li>\n<li> <b>concilier vie professionnelle et vie familiale<\/b>: renforcement des droits des femmes en cong\u00e9 de maternit\u00e9, majorationde l&rsquo;allocation de formation pour les salari\u00e9s devant engager des fraisde garde d&rsquo;enfants pour suivre une formation en dehors du temps detravail, aide aux petites entreprises pour le remplacement des salari\u00e9sen cong\u00e9 de maternit\u00e9 ou d&rsquo;adoption.<\/li>\n<li> <b>faciliter l&rsquo;acc\u00e8s des femmes aux instances de d\u00e9lib\u00e9ration dans l&rsquo;entreprise<\/b> (conseils d&rsquo;administration) et aux juridictions professionnelles (Conseil des prud&rsquo;hommes).<\/li>\n<li> <b>acc\u00e9l\u00e9rer l&rsquo;acc\u00e8s des femmes et des jeunes filles \u00e0 la formation professionnelle et \u00e0 l&rsquo;apprentissage <\/b>en incitant les partenaires du secteur \u00e0 promouvoir la mixit\u00e9.<\/li>\n<p>Source : http:\/\/www.service-public.fr 15\/12\/05<\/p>\n","protected":false},"excerpt":{"rendered":"<p>O\u00f9 en est-on&nbsp;? Le projet de loi a \u00e9t\u00e9 adopt\u00e9 en deuxi\u00e8me lecture, avec modification, par l&rsquo;Assembl\u00e9e nationale le 12 d\u00e9cembre 2005. Pr\u00e9sent\u00e9 en Conseil des ministres le 24 mars 2005, il avait \u00e9t\u00e9 adopt\u00e9en premi\u00e8re lecture par l&rsquo;Assembl\u00e9e nationale le 12 mai 2005 et par leS\u00e9nat le 12 juillet. De quoi s&rsquo;agit-il&nbsp;? Le texte [&hellip;]<\/p>\n","protected":false},"author":32,"featured_media":0,"comment_status":"open","ping_status":"open","sticky":false,"template":"","format":"standard","meta":{"_acf_changed":false,"_mi_skip_tracking":false,"footnotes":""},"categories":[5],"tags":[],"class_list":["post-1806","post","type-post","status-publish","format-standard","hentry","category-droit-du-travail"],"acf":[],"yoast_head":"<!-- This site is optimized with the Yoast SEO plugin v23.4 - https:\/\/yoast.com\/wordpress\/plugins\/seo\/ -->\n<title>Projet de loi relatif \u00e0 l&#039;\u00e9galit\u00e9 salariale entre les femmes et les hommes - Le Blog GERESO<\/title>\n<meta name=\"robots\" content=\"index, follow, max-snippet:-1, max-image-preview:large, max-video-preview:-1\" \/>\n<link rel=\"canonical\" href=\"https:\/\/www.gereso.com\/actualites\/2005\/07\/01\/projet-de-loi-relatif-a-legalite-salariale-entre-les-femmes-et-les-hommes\/\" \/>\n<meta property=\"og:locale\" content=\"fr_FR\" \/>\n<meta property=\"og:type\" content=\"article\" \/>\n<meta property=\"og:title\" content=\"Projet de loi relatif \u00e0 l&#039;\u00e9galit\u00e9 salariale entre les femmes et les hommes - Le Blog GERESO\" \/>\n<meta property=\"og:description\" content=\"O\u00f9 en est-on&nbsp;? Le projet de loi a \u00e9t\u00e9 adopt\u00e9 en deuxi\u00e8me lecture, avec modification, par l&rsquo;Assembl\u00e9e nationale le 12 d\u00e9cembre 2005. Pr\u00e9sent\u00e9 en Conseil des ministres le 24 mars 2005, il avait \u00e9t\u00e9 adopt\u00e9en premi\u00e8re lecture par l&rsquo;Assembl\u00e9e nationale le 12 mai 2005 et par leS\u00e9nat le 12 juillet. De quoi s&rsquo;agit-il&nbsp;? Le texte [&hellip;]\" \/>\n<meta property=\"og:url\" content=\"https:\/\/www.gereso.com\/actualites\/2005\/07\/01\/projet-de-loi-relatif-a-legalite-salariale-entre-les-femmes-et-les-hommes\/\" \/>\n<meta property=\"og:site_name\" content=\"Le Blog GERESO\" \/>\n<meta property=\"article:published_time\" content=\"2005-06-30T22:00:00+00:00\" \/>\n<meta name=\"author\" content=\"\u00c9quipe GERESO\" \/>\n<meta name=\"twitter:card\" content=\"summary_large_image\" \/>\n<script type=\"application\/ld+json\" class=\"yoast-schema-graph\">{\"@context\":\"https:\/\/schema.org\",\"@graph\":[{\"@type\":\"WebPage\",\"@id\":\"https:\/\/www.gereso.com\/actualites\/2005\/07\/01\/projet-de-loi-relatif-a-legalite-salariale-entre-les-femmes-et-les-hommes\/\",\"url\":\"https:\/\/www.gereso.com\/actualites\/2005\/07\/01\/projet-de-loi-relatif-a-legalite-salariale-entre-les-femmes-et-les-hommes\/\",\"name\":\"Projet de loi relatif \u00e0 l&#039;\u00e9galit\u00e9 salariale entre les femmes et les hommes - Le Blog GERESO\",\"isPartOf\":{\"@id\":\"https:\/\/www.gereso.com\/actualites\/#website\"},\"datePublished\":\"2005-06-30T22:00:00+00:00\",\"dateModified\":\"2005-06-30T22:00:00+00:00\",\"author\":{\"@id\":\"https:\/\/www.gereso.com\/actualites\/#\/schema\/person\/197d8aef40cb4ae3f6a0aa9e1d3df2a6\"},\"breadcrumb\":{\"@id\":\"https:\/\/www.gereso.com\/actualites\/2005\/07\/01\/projet-de-loi-relatif-a-legalite-salariale-entre-les-femmes-et-les-hommes\/#breadcrumb\"},\"inLanguage\":\"fr-FR\",\"potentialAction\":[{\"@type\":\"ReadAction\",\"target\":[\"https:\/\/www.gereso.com\/actualites\/2005\/07\/01\/projet-de-loi-relatif-a-legalite-salariale-entre-les-femmes-et-les-hommes\/\"]}]},{\"@type\":\"BreadcrumbList\",\"@id\":\"https:\/\/www.gereso.com\/actualites\/2005\/07\/01\/projet-de-loi-relatif-a-legalite-salariale-entre-les-femmes-et-les-hommes\/#breadcrumb\",\"itemListElement\":[{\"@type\":\"ListItem\",\"position\":1,\"name\":\"Home\",\"item\":\"https:\/\/www.gereso.com\/actualites\/\"},{\"@type\":\"ListItem\",\"position\":2,\"name\":\"Projet de loi relatif \u00e0 l&#039;\u00e9galit\u00e9 salariale entre les femmes et les hommes\"}]},{\"@type\":\"WebSite\",\"@id\":\"https:\/\/www.gereso.com\/actualites\/#website\",\"url\":\"https:\/\/www.gereso.com\/actualites\/\",\"name\":\"Le Blog GERESO\",\"description\":\"Toute l&#039;actu RH, Finance, Fonction Publique, Management...\",\"potentialAction\":[{\"@type\":\"SearchAction\",\"target\":{\"@type\":\"EntryPoint\",\"urlTemplate\":\"https:\/\/www.gereso.com\/actualites\/?s={search_term_string}\"},\"query-input\":{\"@type\":\"PropertyValueSpecification\",\"valueRequired\":true,\"valueName\":\"search_term_string\"}}],\"inLanguage\":\"fr-FR\"},{\"@type\":\"Person\",\"@id\":\"https:\/\/www.gereso.com\/actualites\/#\/schema\/person\/197d8aef40cb4ae3f6a0aa9e1d3df2a6\",\"name\":\"\u00c9quipe GERESO\",\"image\":{\"@type\":\"ImageObject\",\"inLanguage\":\"fr-FR\",\"@id\":\"https:\/\/www.gereso.com\/actualites\/#\/schema\/person\/image\/\",\"url\":\"https:\/\/www.gereso.com\/actualites\/wp-content\/uploads\/2013\/12\/avatar-gereso-1.png\",\"contentUrl\":\"https:\/\/www.gereso.com\/actualites\/wp-content\/uploads\/2013\/12\/avatar-gereso-1.png\",\"caption\":\"\u00c9quipe GERESO\"},\"url\":\"https:\/\/www.gereso.com\/actualites\/author\/gereso\/\"}]}<\/script>\n<!-- \/ Yoast SEO plugin. -->","yoast_head_json":{"title":"Projet de loi relatif \u00e0 l&#039;\u00e9galit\u00e9 salariale entre les femmes et les hommes - Le Blog GERESO","robots":{"index":"index","follow":"follow","max-snippet":"max-snippet:-1","max-image-preview":"max-image-preview:large","max-video-preview":"max-video-preview:-1"},"canonical":"https:\/\/www.gereso.com\/actualites\/2005\/07\/01\/projet-de-loi-relatif-a-legalite-salariale-entre-les-femmes-et-les-hommes\/","og_locale":"fr_FR","og_type":"article","og_title":"Projet de loi relatif \u00e0 l&#039;\u00e9galit\u00e9 salariale entre les femmes et les hommes - Le Blog GERESO","og_description":"O\u00f9 en est-on&nbsp;? Le projet de loi a \u00e9t\u00e9 adopt\u00e9 en deuxi\u00e8me lecture, avec modification, par l&rsquo;Assembl\u00e9e nationale le 12 d\u00e9cembre 2005. Pr\u00e9sent\u00e9 en Conseil des ministres le 24 mars 2005, il avait \u00e9t\u00e9 adopt\u00e9en premi\u00e8re lecture par l&rsquo;Assembl\u00e9e nationale le 12 mai 2005 et par leS\u00e9nat le 12 juillet. De quoi s&rsquo;agit-il&nbsp;? Le texte [&hellip;]","og_url":"https:\/\/www.gereso.com\/actualites\/2005\/07\/01\/projet-de-loi-relatif-a-legalite-salariale-entre-les-femmes-et-les-hommes\/","og_site_name":"Le Blog GERESO","article_published_time":"2005-06-30T22:00:00+00:00","author":"\u00c9quipe GERESO","twitter_card":"summary_large_image","schema":{"@context":"https:\/\/schema.org","@graph":[{"@type":"WebPage","@id":"https:\/\/www.gereso.com\/actualites\/2005\/07\/01\/projet-de-loi-relatif-a-legalite-salariale-entre-les-femmes-et-les-hommes\/","url":"https:\/\/www.gereso.com\/actualites\/2005\/07\/01\/projet-de-loi-relatif-a-legalite-salariale-entre-les-femmes-et-les-hommes\/","name":"Projet de loi relatif \u00e0 l&#039;\u00e9galit\u00e9 salariale entre les femmes et les hommes - Le Blog GERESO","isPartOf":{"@id":"https:\/\/www.gereso.com\/actualites\/#website"},"datePublished":"2005-06-30T22:00:00+00:00","dateModified":"2005-06-30T22:00:00+00:00","author":{"@id":"https:\/\/www.gereso.com\/actualites\/#\/schema\/person\/197d8aef40cb4ae3f6a0aa9e1d3df2a6"},"breadcrumb":{"@id":"https:\/\/www.gereso.com\/actualites\/2005\/07\/01\/projet-de-loi-relatif-a-legalite-salariale-entre-les-femmes-et-les-hommes\/#breadcrumb"},"inLanguage":"fr-FR","potentialAction":[{"@type":"ReadAction","target":["https:\/\/www.gereso.com\/actualites\/2005\/07\/01\/projet-de-loi-relatif-a-legalite-salariale-entre-les-femmes-et-les-hommes\/"]}]},{"@type":"BreadcrumbList","@id":"https:\/\/www.gereso.com\/actualites\/2005\/07\/01\/projet-de-loi-relatif-a-legalite-salariale-entre-les-femmes-et-les-hommes\/#breadcrumb","itemListElement":[{"@type":"ListItem","position":1,"name":"Home","item":"https:\/\/www.gereso.com\/actualites\/"},{"@type":"ListItem","position":2,"name":"Projet de loi relatif \u00e0 l&#039;\u00e9galit\u00e9 salariale entre les femmes et les hommes"}]},{"@type":"WebSite","@id":"https:\/\/www.gereso.com\/actualites\/#website","url":"https:\/\/www.gereso.com\/actualites\/","name":"Le Blog GERESO","description":"Toute l&#039;actu RH, Finance, Fonction Publique, Management...","potentialAction":[{"@type":"SearchAction","target":{"@type":"EntryPoint","urlTemplate":"https:\/\/www.gereso.com\/actualites\/?s={search_term_string}"},"query-input":{"@type":"PropertyValueSpecification","valueRequired":true,"valueName":"search_term_string"}}],"inLanguage":"fr-FR"},{"@type":"Person","@id":"https:\/\/www.gereso.com\/actualites\/#\/schema\/person\/197d8aef40cb4ae3f6a0aa9e1d3df2a6","name":"\u00c9quipe GERESO","image":{"@type":"ImageObject","inLanguage":"fr-FR","@id":"https:\/\/www.gereso.com\/actualites\/#\/schema\/person\/image\/","url":"https:\/\/www.gereso.com\/actualites\/wp-content\/uploads\/2013\/12\/avatar-gereso-1.png","contentUrl":"https:\/\/www.gereso.com\/actualites\/wp-content\/uploads\/2013\/12\/avatar-gereso-1.png","caption":"\u00c9quipe GERESO"},"url":"https:\/\/www.gereso.com\/actualites\/author\/gereso\/"}]}},"_links":{"self":[{"href":"https:\/\/www.gereso.com\/actualites\/wp-json\/wp\/v2\/posts\/1806","targetHints":{"allow":["GET"]}}],"collection":[{"href":"https:\/\/www.gereso.com\/actualites\/wp-json\/wp\/v2\/posts"}],"about":[{"href":"https:\/\/www.gereso.com\/actualites\/wp-json\/wp\/v2\/types\/post"}],"author":[{"embeddable":true,"href":"https:\/\/www.gereso.com\/actualites\/wp-json\/wp\/v2\/users\/32"}],"replies":[{"embeddable":true,"href":"https:\/\/www.gereso.com\/actualites\/wp-json\/wp\/v2\/comments?post=1806"}],"version-history":[{"count":0,"href":"https:\/\/www.gereso.com\/actualites\/wp-json\/wp\/v2\/posts\/1806\/revisions"}],"wp:attachment":[{"href":"https:\/\/www.gereso.com\/actualites\/wp-json\/wp\/v2\/media?parent=1806"}],"wp:term":[{"taxonomy":"category","embeddable":true,"href":"https:\/\/www.gereso.com\/actualites\/wp-json\/wp\/v2\/categories?post=1806"},{"taxonomy":"post_tag","embeddable":true,"href":"https:\/\/www.gereso.com\/actualites\/wp-json\/wp\/v2\/tags?post=1806"}],"curies":[{"name":"wp","href":"https:\/\/api.w.org\/{rel}","templated":true}]}}