{"id":1819,"date":"2008-11-26T00:00:00","date_gmt":"2008-11-25T22:00:00","guid":{"rendered":"https:\/\/www.gereso.com\/actualites\/2008\/11\/representativite-syndicale-fonctionnement-du-haut-conseil-du-dialogue-social\/"},"modified":"2008-11-26T00:00:00","modified_gmt":"2008-11-25T22:00:00","slug":"representativite-syndicale-fonctionnement-du-haut-conseil-du-dialogue-social","status":"publish","type":"post","link":"https:\/\/www.gereso.com\/actualites\/2008\/11\/26\/representativite-syndicale-fonctionnement-du-haut-conseil-du-dialogue-social\/","title":{"rendered":"Repr\u00e9sentativit\u00e9 syndicale : Fonctionnement du Haut conseil du dialogue social"},"content":{"rendered":"<p>Le ministre du Travail, Xavier Bertrand, a pr\u00e9sent\u00e9 un d\u00e9cret relatif au <span style=\"font-weight: bold;\">fonctionnement du Haut Conseil du dialogue social<\/span> lors du Conseil des ministres du 12 novembre.<\/p>\n<p> <span style=\"font-weight: bold;\">Le Haut conseil a \u00e9t\u00e9 cr\u00e9\u00e9 par la loi du 20 ao\u00fbt 2008 <\/span>en faveur de la d\u00e9mocratie sociale et de la dur\u00e9e du travail, qui aintroduit de nouvelles r\u00e8gles de repr\u00e9sentativit\u00e9 syndicale et devalidit\u00e9 des accords collectifs de travail.<br \/>\u00a0<br \/>D\u00e9sormais, l&rsquo;un des crit\u00e8res de la repr\u00e9sentativit\u00e9 des organisations de salari\u00e9s est fond\u00e9 sur <span style=\"font-weight: bold;\">la mesure de l&rsquo;audience syndicale<\/span> qui sera d\u00e9duite du r\u00e9sultat des \u00e9lections professionnelles.<\/p>\n<p>Les partenaires sociaux seront associ\u00e9s \u00e0 la <span style=\"font-weight: bold;\">mise en place du dispositif de collecte, de recensement et de traitement des r\u00e9sultats des \u00e9lections<\/span> au sein du Haut Conseil du dialogue social. <\/p>\n<p>Le Haut conseil est \u00e9galement charg\u00e9 de donner un avis avant que ne soit arr\u00eat\u00e9e <span style=\"font-weight: bold;\">laliste des organisations syndicales repr\u00e9sentatives au niveau desbranches professionnelles et au niveau national et interprofessionnel <\/span>etde proposer, d&rsquo;ici 2013, \u00e0 l&rsquo;issue d&rsquo;un cycle \u00e9lectoral complet danstoutes les entreprises, les adaptations qui lui sembleraient devoir\u00eatre apport\u00e9es \u00e0 la loi.<\/p>\n<p>Un d\u00e9cret n\u00b0 2008-1133 du 4 novembre 2008 d\u00e9termine<span style=\"font-weight: bold;\"> les modalit\u00e9s de recueil et de consolidation des r\u00e9sultats aux \u00e9lections professionnelles.<\/span> Ces r\u00e9sultats serviront \u00e0 <span style=\"font-weight: bold;\">fixer la liste des organisations syndicales reconnues repr\u00e9sentatives<\/span> par branche professionnelle ainsi qu&rsquo;au niveau national et interprofessionnel. <br \/>Les r\u00e9sultats du premier cycle \u00e9lectoral devront \u00eatre transmis au plus tard le 31 mars 2013 <br \/>\u00a0<br \/><span style=\"font-style: italic;\">Source : Conseil des ministres, 12 nov. 2008<\/span><\/p>\n","protected":false},"excerpt":{"rendered":"<p>Le ministre du Travail, Xavier Bertrand, a pr\u00e9sent\u00e9 un d\u00e9cret relatif au fonctionnement du Haut Conseil du dialogue social lors du Conseil des ministres du 12 novembre. Le Haut conseil a \u00e9t\u00e9 cr\u00e9\u00e9 par la loi du 20 ao\u00fbt 2008 en faveur de la d\u00e9mocratie sociale et de la dur\u00e9e du travail, qui aintroduit de [&hellip;]<\/p>\n","protected":false},"author":32,"featured_media":0,"comment_status":"open","ping_status":"open","sticky":false,"template":"","format":"standard","meta":{"_acf_changed":false,"_mi_skip_tracking":false,"footnotes":""},"categories":[5],"tags":[],"class_list":["post-1819","post","type-post","status-publish","format-standard","hentry","category-droit-du-travail"],"acf":[],"yoast_head":"<!-- This site is optimized with the Yoast SEO plugin v23.4 - https:\/\/yoast.com\/wordpress\/plugins\/seo\/ -->\n<title>Repr\u00e9sentativit\u00e9 syndicale : Fonctionnement du Haut conseil du dialogue social - Le Blog GERESO<\/title>\n<meta name=\"robots\" content=\"index, follow, max-snippet:-1, max-image-preview:large, max-video-preview:-1\" \/>\n<link rel=\"canonical\" href=\"https:\/\/www.gereso.com\/actualites\/2008\/11\/26\/representativite-syndicale-fonctionnement-du-haut-conseil-du-dialogue-social\/\" \/>\n<meta property=\"og:locale\" content=\"fr_FR\" \/>\n<meta property=\"og:type\" content=\"article\" \/>\n<meta property=\"og:title\" content=\"Repr\u00e9sentativit\u00e9 syndicale : Fonctionnement du Haut conseil du dialogue social - Le Blog GERESO\" \/>\n<meta property=\"og:description\" content=\"Le ministre du Travail, Xavier Bertrand, a pr\u00e9sent\u00e9 un d\u00e9cret relatif au fonctionnement du Haut Conseil du dialogue social lors du Conseil des ministres du 12 novembre. Le Haut conseil a \u00e9t\u00e9 cr\u00e9\u00e9 par la loi du 20 ao\u00fbt 2008 en faveur de la d\u00e9mocratie sociale et de la dur\u00e9e du travail, qui aintroduit de [&hellip;]\" \/>\n<meta property=\"og:url\" content=\"https:\/\/www.gereso.com\/actualites\/2008\/11\/26\/representativite-syndicale-fonctionnement-du-haut-conseil-du-dialogue-social\/\" \/>\n<meta property=\"og:site_name\" content=\"Le Blog GERESO\" \/>\n<meta property=\"article:published_time\" content=\"2008-11-25T22:00:00+00:00\" \/>\n<meta name=\"author\" content=\"\u00c9quipe GERESO\" \/>\n<meta name=\"twitter:card\" content=\"summary_large_image\" \/>\n<script type=\"application\/ld+json\" class=\"yoast-schema-graph\">{\"@context\":\"https:\/\/schema.org\",\"@graph\":[{\"@type\":\"WebPage\",\"@id\":\"https:\/\/www.gereso.com\/actualites\/2008\/11\/26\/representativite-syndicale-fonctionnement-du-haut-conseil-du-dialogue-social\/\",\"url\":\"https:\/\/www.gereso.com\/actualites\/2008\/11\/26\/representativite-syndicale-fonctionnement-du-haut-conseil-du-dialogue-social\/\",\"name\":\"Repr\u00e9sentativit\u00e9 syndicale : Fonctionnement du Haut conseil du dialogue social - Le Blog GERESO\",\"isPartOf\":{\"@id\":\"https:\/\/www.gereso.com\/actualites\/#website\"},\"datePublished\":\"2008-11-25T22:00:00+00:00\",\"dateModified\":\"2008-11-25T22:00:00+00:00\",\"author\":{\"@id\":\"https:\/\/www.gereso.com\/actualites\/#\/schema\/person\/197d8aef40cb4ae3f6a0aa9e1d3df2a6\"},\"breadcrumb\":{\"@id\":\"https:\/\/www.gereso.com\/actualites\/2008\/11\/26\/representativite-syndicale-fonctionnement-du-haut-conseil-du-dialogue-social\/#breadcrumb\"},\"inLanguage\":\"fr-FR\",\"potentialAction\":[{\"@type\":\"ReadAction\",\"target\":[\"https:\/\/www.gereso.com\/actualites\/2008\/11\/26\/representativite-syndicale-fonctionnement-du-haut-conseil-du-dialogue-social\/\"]}]},{\"@type\":\"BreadcrumbList\",\"@id\":\"https:\/\/www.gereso.com\/actualites\/2008\/11\/26\/representativite-syndicale-fonctionnement-du-haut-conseil-du-dialogue-social\/#breadcrumb\",\"itemListElement\":[{\"@type\":\"ListItem\",\"position\":1,\"name\":\"Home\",\"item\":\"https:\/\/www.gereso.com\/actualites\/\"},{\"@type\":\"ListItem\",\"position\":2,\"name\":\"Repr\u00e9sentativit\u00e9 syndicale : Fonctionnement du Haut conseil du dialogue social\"}]},{\"@type\":\"WebSite\",\"@id\":\"https:\/\/www.gereso.com\/actualites\/#website\",\"url\":\"https:\/\/www.gereso.com\/actualites\/\",\"name\":\"Le Blog GERESO\",\"description\":\"Toute l&#039;actu RH, Finance, Fonction Publique, Management...\",\"potentialAction\":[{\"@type\":\"SearchAction\",\"target\":{\"@type\":\"EntryPoint\",\"urlTemplate\":\"https:\/\/www.gereso.com\/actualites\/?s={search_term_string}\"},\"query-input\":{\"@type\":\"PropertyValueSpecification\",\"valueRequired\":true,\"valueName\":\"search_term_string\"}}],\"inLanguage\":\"fr-FR\"},{\"@type\":\"Person\",\"@id\":\"https:\/\/www.gereso.com\/actualites\/#\/schema\/person\/197d8aef40cb4ae3f6a0aa9e1d3df2a6\",\"name\":\"\u00c9quipe GERESO\",\"image\":{\"@type\":\"ImageObject\",\"inLanguage\":\"fr-FR\",\"@id\":\"https:\/\/www.gereso.com\/actualites\/#\/schema\/person\/image\/\",\"url\":\"https:\/\/www.gereso.com\/actualites\/wp-content\/uploads\/2013\/12\/avatar-gereso-1.png\",\"contentUrl\":\"https:\/\/www.gereso.com\/actualites\/wp-content\/uploads\/2013\/12\/avatar-gereso-1.png\",\"caption\":\"\u00c9quipe GERESO\"},\"url\":\"https:\/\/www.gereso.com\/actualites\/author\/gereso\/\"}]}<\/script>\n<!-- \/ Yoast SEO plugin. -->","yoast_head_json":{"title":"Repr\u00e9sentativit\u00e9 syndicale : Fonctionnement du Haut conseil du dialogue social - Le Blog GERESO","robots":{"index":"index","follow":"follow","max-snippet":"max-snippet:-1","max-image-preview":"max-image-preview:large","max-video-preview":"max-video-preview:-1"},"canonical":"https:\/\/www.gereso.com\/actualites\/2008\/11\/26\/representativite-syndicale-fonctionnement-du-haut-conseil-du-dialogue-social\/","og_locale":"fr_FR","og_type":"article","og_title":"Repr\u00e9sentativit\u00e9 syndicale : Fonctionnement du Haut conseil du dialogue social - Le Blog GERESO","og_description":"Le ministre du Travail, Xavier Bertrand, a pr\u00e9sent\u00e9 un d\u00e9cret relatif au fonctionnement du Haut Conseil du dialogue social lors du Conseil des ministres du 12 novembre. Le Haut conseil a \u00e9t\u00e9 cr\u00e9\u00e9 par la loi du 20 ao\u00fbt 2008 en faveur de la d\u00e9mocratie sociale et de la dur\u00e9e du travail, qui aintroduit de [&hellip;]","og_url":"https:\/\/www.gereso.com\/actualites\/2008\/11\/26\/representativite-syndicale-fonctionnement-du-haut-conseil-du-dialogue-social\/","og_site_name":"Le Blog GERESO","article_published_time":"2008-11-25T22:00:00+00:00","author":"\u00c9quipe GERESO","twitter_card":"summary_large_image","schema":{"@context":"https:\/\/schema.org","@graph":[{"@type":"WebPage","@id":"https:\/\/www.gereso.com\/actualites\/2008\/11\/26\/representativite-syndicale-fonctionnement-du-haut-conseil-du-dialogue-social\/","url":"https:\/\/www.gereso.com\/actualites\/2008\/11\/26\/representativite-syndicale-fonctionnement-du-haut-conseil-du-dialogue-social\/","name":"Repr\u00e9sentativit\u00e9 syndicale : Fonctionnement du Haut conseil du dialogue social - Le Blog GERESO","isPartOf":{"@id":"https:\/\/www.gereso.com\/actualites\/#website"},"datePublished":"2008-11-25T22:00:00+00:00","dateModified":"2008-11-25T22:00:00+00:00","author":{"@id":"https:\/\/www.gereso.com\/actualites\/#\/schema\/person\/197d8aef40cb4ae3f6a0aa9e1d3df2a6"},"breadcrumb":{"@id":"https:\/\/www.gereso.com\/actualites\/2008\/11\/26\/representativite-syndicale-fonctionnement-du-haut-conseil-du-dialogue-social\/#breadcrumb"},"inLanguage":"fr-FR","potentialAction":[{"@type":"ReadAction","target":["https:\/\/www.gereso.com\/actualites\/2008\/11\/26\/representativite-syndicale-fonctionnement-du-haut-conseil-du-dialogue-social\/"]}]},{"@type":"BreadcrumbList","@id":"https:\/\/www.gereso.com\/actualites\/2008\/11\/26\/representativite-syndicale-fonctionnement-du-haut-conseil-du-dialogue-social\/#breadcrumb","itemListElement":[{"@type":"ListItem","position":1,"name":"Home","item":"https:\/\/www.gereso.com\/actualites\/"},{"@type":"ListItem","position":2,"name":"Repr\u00e9sentativit\u00e9 syndicale : Fonctionnement du Haut conseil du dialogue social"}]},{"@type":"WebSite","@id":"https:\/\/www.gereso.com\/actualites\/#website","url":"https:\/\/www.gereso.com\/actualites\/","name":"Le Blog GERESO","description":"Toute l&#039;actu RH, Finance, Fonction Publique, Management...","potentialAction":[{"@type":"SearchAction","target":{"@type":"EntryPoint","urlTemplate":"https:\/\/www.gereso.com\/actualites\/?s={search_term_string}"},"query-input":{"@type":"PropertyValueSpecification","valueRequired":true,"valueName":"search_term_string"}}],"inLanguage":"fr-FR"},{"@type":"Person","@id":"https:\/\/www.gereso.com\/actualites\/#\/schema\/person\/197d8aef40cb4ae3f6a0aa9e1d3df2a6","name":"\u00c9quipe GERESO","image":{"@type":"ImageObject","inLanguage":"fr-FR","@id":"https:\/\/www.gereso.com\/actualites\/#\/schema\/person\/image\/","url":"https:\/\/www.gereso.com\/actualites\/wp-content\/uploads\/2013\/12\/avatar-gereso-1.png","contentUrl":"https:\/\/www.gereso.com\/actualites\/wp-content\/uploads\/2013\/12\/avatar-gereso-1.png","caption":"\u00c9quipe GERESO"},"url":"https:\/\/www.gereso.com\/actualites\/author\/gereso\/"}]}},"_links":{"self":[{"href":"https:\/\/www.gereso.com\/actualites\/wp-json\/wp\/v2\/posts\/1819","targetHints":{"allow":["GET"]}}],"collection":[{"href":"https:\/\/www.gereso.com\/actualites\/wp-json\/wp\/v2\/posts"}],"about":[{"href":"https:\/\/www.gereso.com\/actualites\/wp-json\/wp\/v2\/types\/post"}],"author":[{"embeddable":true,"href":"https:\/\/www.gereso.com\/actualites\/wp-json\/wp\/v2\/users\/32"}],"replies":[{"embeddable":true,"href":"https:\/\/www.gereso.com\/actualites\/wp-json\/wp\/v2\/comments?post=1819"}],"version-history":[{"count":0,"href":"https:\/\/www.gereso.com\/actualites\/wp-json\/wp\/v2\/posts\/1819\/revisions"}],"wp:attachment":[{"href":"https:\/\/www.gereso.com\/actualites\/wp-json\/wp\/v2\/media?parent=1819"}],"wp:term":[{"taxonomy":"category","embeddable":true,"href":"https:\/\/www.gereso.com\/actualites\/wp-json\/wp\/v2\/categories?post=1819"},{"taxonomy":"post_tag","embeddable":true,"href":"https:\/\/www.gereso.com\/actualites\/wp-json\/wp\/v2\/tags?post=1819"}],"curies":[{"name":"wp","href":"https:\/\/api.w.org\/{rel}","templated":true}]}}