{"id":1827,"date":"2009-02-04T00:00:00","date_gmt":"2009-02-03T22:00:00","guid":{"rendered":"https:\/\/www.gereso.com\/actualites\/2009\/02\/rupture-de-la-periode-dessai-et-baisse-de-salaire\/"},"modified":"2009-02-04T00:00:00","modified_gmt":"2009-02-03T22:00:00","slug":"rupture-de-la-periode-dessai-et-baisse-de-salaire","status":"publish","type":"post","link":"https:\/\/www.gereso.com\/actualites\/2009\/02\/04\/rupture-de-la-periode-dessai-et-baisse-de-salaire\/","title":{"rendered":"Rupture de la p\u00e9riode d&#039;essai et baisse de salaire"},"content":{"rendered":"<p>La p\u00e9riode d&rsquo;essai d&rsquo;un salari\u00e9, engag\u00e9 en qualit\u00e9 de technicien commercial, a \u00e9t\u00e9 rompue au motif que <span style=\"font-weight: bold;\">le salari\u00e9 avait refus\u00e9 la baisse de sa r\u00e9mun\u00e9ration.<\/span> Le salari\u00e9 saisit les juges car il consid\u00e8re que la rupture de sa p\u00e9riode d&rsquo;essai pour ce motif est abusive. Le refus du salari\u00e9 de voir sa r\u00e9mun\u00e9ration diminuer peut-il <span style=\"font-weight: bold;\">justifier la rupture de la p\u00e9riode d&rsquo;essai&nbsp;?<\/span><\/p>\n<h3><span style=\"font-weight: bold;\">Ce qu&rsquo;il faut retenir<\/span><\/h3>\n<p>La p\u00e9riode d&rsquo;essai, situ\u00e9e au d\u00e9but de l&rsquo;ex\u00e9cution du contrat de travail, permet de <span style=\"font-weight: bold;\">v\u00e9rifier que les comp\u00e9tences du salari\u00e9 sont adapt\u00e9es au poste pour lequel il a \u00e9t\u00e9 recrut\u00e9<\/span> (article L. 1221-20 du Code du travail). <\/p>\n<p>La rupture du contrat de travail pendant la p\u00e9riode d&rsquo;essai n&rsquo;a pas \u00e0 \u00eatre justifi\u00e9e, mais <span style=\"font-weight: bold;\">cette rupture peut \u00eatre abusive.<\/span><\/p>\n<p>Dans cette affaire, les juges constatent que <span style=\"font-weight: bold;\">l&#8217;employeur a r\u00e9sili\u00e9 le contrat de travail du salari\u00e9 car ce dernier avait refus\u00e9 une baisse de sa r\u00e9mun\u00e9ration contractuelle.<\/span><\/p>\n<p>Les juges consid\u00e8rent que la r\u00e9siliation du contrat de travail pendant la p\u00e9riode d&rsquo;essai \u00e9tait <span style=\"font-weight: bold;\">sans rapport avec l&rsquo;appr\u00e9ciation des qualit\u00e9s professionnelles du salari\u00e9.<\/span><\/p>\n<p>En cons\u00e9quence, les juges estiment que <span style=\"font-weight: bold;\">la rupture de la p\u00e9riode d&rsquo;essai du salari\u00e9 est abusive.<\/span><\/p>\n<h3>Ce qu&rsquo;il faut savoir<\/h3>\n<p>La p\u00e9riode d&rsquo;essai permet \u00e0 l&#8217;employeur d&rsquo;<span style=\"font-weight: bold;\">\u00e9valuer les comp\u00e9tences du salari\u00e9 \u00e0 son poste de travail <\/span>au regard, par exemple, de sa formation et de son exp\u00e9rience.<\/p>\n<p>Pendant la p\u00e9riode d&rsquo;essai, <span style=\"font-weight: bold;\">le contrat de travail peut \u00eatre rompu de mani\u00e8re discr\u00e9tionnaire, <\/span>par l&#8217;employeur ou par le salari\u00e9, en respectant un d\u00e9lai de pr\u00e9venance (articles L. 1221-25 et L. 1221-26 du Code du travail).<\/p>\n<p>N\u00e9anmoins, la rupture de la p\u00e9riode d&rsquo;essai peut \u00eatre consid\u00e9r\u00e9e comme abusive. C&rsquo;est le cas lorsque <span style=\"font-weight: bold;\">la rupture n&rsquo;est pas justifi\u00e9e par une faute ou par l&rsquo;appr\u00e9ciation des comp\u00e9tences professionnelles du salari\u00e9.<\/span><\/p>\n<p><span style=\"font-style: italic;\">Sources : Arr\u00eat de la Chambre sociale de la Cour de cassation du 10 d\u00e9cembre 2008 &#8211; N\u00b0 de pourvoi : 07-42445, <\/span>juritravail.com<\/p>\n","protected":false},"excerpt":{"rendered":"<p>La p\u00e9riode d&rsquo;essai d&rsquo;un salari\u00e9, engag\u00e9 en qualit\u00e9 de technicien commercial, a \u00e9t\u00e9 rompue au motif que le salari\u00e9 avait refus\u00e9 la baisse de sa r\u00e9mun\u00e9ration. Le salari\u00e9 saisit les juges car il consid\u00e8re que la rupture de sa p\u00e9riode d&rsquo;essai pour ce motif est abusive. Le refus du salari\u00e9 de voir sa r\u00e9mun\u00e9ration diminuer [&hellip;]<\/p>\n","protected":false},"author":32,"featured_media":0,"comment_status":"open","ping_status":"open","sticky":false,"template":"","format":"standard","meta":{"_acf_changed":false,"_mi_skip_tracking":false,"footnotes":""},"categories":[5],"tags":[],"class_list":["post-1827","post","type-post","status-publish","format-standard","hentry","category-droit-du-travail"],"acf":[],"yoast_head":"<!-- This site is optimized with the Yoast SEO plugin v23.4 - https:\/\/yoast.com\/wordpress\/plugins\/seo\/ -->\n<title>Rupture de la p\u00e9riode d&#039;essai et baisse de salaire - Le Blog GERESO<\/title>\n<meta name=\"robots\" content=\"index, follow, max-snippet:-1, max-image-preview:large, max-video-preview:-1\" \/>\n<link rel=\"canonical\" href=\"https:\/\/www.gereso.com\/actualites\/2009\/02\/04\/rupture-de-la-periode-dessai-et-baisse-de-salaire\/\" \/>\n<meta property=\"og:locale\" content=\"fr_FR\" \/>\n<meta property=\"og:type\" content=\"article\" \/>\n<meta property=\"og:title\" content=\"Rupture de la p\u00e9riode d&#039;essai et baisse de salaire - Le Blog GERESO\" \/>\n<meta property=\"og:description\" content=\"La p\u00e9riode d&rsquo;essai d&rsquo;un salari\u00e9, engag\u00e9 en qualit\u00e9 de technicien commercial, a \u00e9t\u00e9 rompue au motif que le salari\u00e9 avait refus\u00e9 la baisse de sa r\u00e9mun\u00e9ration. Le salari\u00e9 saisit les juges car il consid\u00e8re que la rupture de sa p\u00e9riode d&rsquo;essai pour ce motif est abusive. Le refus du salari\u00e9 de voir sa r\u00e9mun\u00e9ration diminuer [&hellip;]\" \/>\n<meta property=\"og:url\" content=\"https:\/\/www.gereso.com\/actualites\/2009\/02\/04\/rupture-de-la-periode-dessai-et-baisse-de-salaire\/\" \/>\n<meta property=\"og:site_name\" content=\"Le Blog GERESO\" \/>\n<meta property=\"article:published_time\" content=\"2009-02-03T22:00:00+00:00\" \/>\n<meta name=\"author\" content=\"\u00c9quipe GERESO\" \/>\n<meta name=\"twitter:card\" content=\"summary_large_image\" \/>\n<script type=\"application\/ld+json\" class=\"yoast-schema-graph\">{\"@context\":\"https:\/\/schema.org\",\"@graph\":[{\"@type\":\"WebPage\",\"@id\":\"https:\/\/www.gereso.com\/actualites\/2009\/02\/04\/rupture-de-la-periode-dessai-et-baisse-de-salaire\/\",\"url\":\"https:\/\/www.gereso.com\/actualites\/2009\/02\/04\/rupture-de-la-periode-dessai-et-baisse-de-salaire\/\",\"name\":\"Rupture de la p\u00e9riode d&#039;essai et baisse de salaire - Le Blog GERESO\",\"isPartOf\":{\"@id\":\"https:\/\/www.gereso.com\/actualites\/#website\"},\"datePublished\":\"2009-02-03T22:00:00+00:00\",\"dateModified\":\"2009-02-03T22:00:00+00:00\",\"author\":{\"@id\":\"https:\/\/www.gereso.com\/actualites\/#\/schema\/person\/197d8aef40cb4ae3f6a0aa9e1d3df2a6\"},\"breadcrumb\":{\"@id\":\"https:\/\/www.gereso.com\/actualites\/2009\/02\/04\/rupture-de-la-periode-dessai-et-baisse-de-salaire\/#breadcrumb\"},\"inLanguage\":\"fr-FR\",\"potentialAction\":[{\"@type\":\"ReadAction\",\"target\":[\"https:\/\/www.gereso.com\/actualites\/2009\/02\/04\/rupture-de-la-periode-dessai-et-baisse-de-salaire\/\"]}]},{\"@type\":\"BreadcrumbList\",\"@id\":\"https:\/\/www.gereso.com\/actualites\/2009\/02\/04\/rupture-de-la-periode-dessai-et-baisse-de-salaire\/#breadcrumb\",\"itemListElement\":[{\"@type\":\"ListItem\",\"position\":1,\"name\":\"Home\",\"item\":\"https:\/\/www.gereso.com\/actualites\/\"},{\"@type\":\"ListItem\",\"position\":2,\"name\":\"Rupture de la p\u00e9riode d&#039;essai et baisse de salaire\"}]},{\"@type\":\"WebSite\",\"@id\":\"https:\/\/www.gereso.com\/actualites\/#website\",\"url\":\"https:\/\/www.gereso.com\/actualites\/\",\"name\":\"Le Blog GERESO\",\"description\":\"Toute l&#039;actu RH, Finance, Fonction Publique, Management...\",\"potentialAction\":[{\"@type\":\"SearchAction\",\"target\":{\"@type\":\"EntryPoint\",\"urlTemplate\":\"https:\/\/www.gereso.com\/actualites\/?s={search_term_string}\"},\"query-input\":{\"@type\":\"PropertyValueSpecification\",\"valueRequired\":true,\"valueName\":\"search_term_string\"}}],\"inLanguage\":\"fr-FR\"},{\"@type\":\"Person\",\"@id\":\"https:\/\/www.gereso.com\/actualites\/#\/schema\/person\/197d8aef40cb4ae3f6a0aa9e1d3df2a6\",\"name\":\"\u00c9quipe GERESO\",\"image\":{\"@type\":\"ImageObject\",\"inLanguage\":\"fr-FR\",\"@id\":\"https:\/\/www.gereso.com\/actualites\/#\/schema\/person\/image\/\",\"url\":\"https:\/\/www.gereso.com\/actualites\/wp-content\/uploads\/2013\/12\/avatar-gereso-1.png\",\"contentUrl\":\"https:\/\/www.gereso.com\/actualites\/wp-content\/uploads\/2013\/12\/avatar-gereso-1.png\",\"caption\":\"\u00c9quipe GERESO\"},\"url\":\"https:\/\/www.gereso.com\/actualites\/author\/gereso\/\"}]}<\/script>\n<!-- \/ Yoast SEO plugin. -->","yoast_head_json":{"title":"Rupture de la p\u00e9riode d&#039;essai et baisse de salaire - Le Blog GERESO","robots":{"index":"index","follow":"follow","max-snippet":"max-snippet:-1","max-image-preview":"max-image-preview:large","max-video-preview":"max-video-preview:-1"},"canonical":"https:\/\/www.gereso.com\/actualites\/2009\/02\/04\/rupture-de-la-periode-dessai-et-baisse-de-salaire\/","og_locale":"fr_FR","og_type":"article","og_title":"Rupture de la p\u00e9riode d&#039;essai et baisse de salaire - Le Blog GERESO","og_description":"La p\u00e9riode d&rsquo;essai d&rsquo;un salari\u00e9, engag\u00e9 en qualit\u00e9 de technicien commercial, a \u00e9t\u00e9 rompue au motif que le salari\u00e9 avait refus\u00e9 la baisse de sa r\u00e9mun\u00e9ration. Le salari\u00e9 saisit les juges car il consid\u00e8re que la rupture de sa p\u00e9riode d&rsquo;essai pour ce motif est abusive. Le refus du salari\u00e9 de voir sa r\u00e9mun\u00e9ration diminuer [&hellip;]","og_url":"https:\/\/www.gereso.com\/actualites\/2009\/02\/04\/rupture-de-la-periode-dessai-et-baisse-de-salaire\/","og_site_name":"Le Blog GERESO","article_published_time":"2009-02-03T22:00:00+00:00","author":"\u00c9quipe GERESO","twitter_card":"summary_large_image","schema":{"@context":"https:\/\/schema.org","@graph":[{"@type":"WebPage","@id":"https:\/\/www.gereso.com\/actualites\/2009\/02\/04\/rupture-de-la-periode-dessai-et-baisse-de-salaire\/","url":"https:\/\/www.gereso.com\/actualites\/2009\/02\/04\/rupture-de-la-periode-dessai-et-baisse-de-salaire\/","name":"Rupture de la p\u00e9riode d&#039;essai et baisse de salaire - Le Blog GERESO","isPartOf":{"@id":"https:\/\/www.gereso.com\/actualites\/#website"},"datePublished":"2009-02-03T22:00:00+00:00","dateModified":"2009-02-03T22:00:00+00:00","author":{"@id":"https:\/\/www.gereso.com\/actualites\/#\/schema\/person\/197d8aef40cb4ae3f6a0aa9e1d3df2a6"},"breadcrumb":{"@id":"https:\/\/www.gereso.com\/actualites\/2009\/02\/04\/rupture-de-la-periode-dessai-et-baisse-de-salaire\/#breadcrumb"},"inLanguage":"fr-FR","potentialAction":[{"@type":"ReadAction","target":["https:\/\/www.gereso.com\/actualites\/2009\/02\/04\/rupture-de-la-periode-dessai-et-baisse-de-salaire\/"]}]},{"@type":"BreadcrumbList","@id":"https:\/\/www.gereso.com\/actualites\/2009\/02\/04\/rupture-de-la-periode-dessai-et-baisse-de-salaire\/#breadcrumb","itemListElement":[{"@type":"ListItem","position":1,"name":"Home","item":"https:\/\/www.gereso.com\/actualites\/"},{"@type":"ListItem","position":2,"name":"Rupture de la p\u00e9riode d&#039;essai et baisse de salaire"}]},{"@type":"WebSite","@id":"https:\/\/www.gereso.com\/actualites\/#website","url":"https:\/\/www.gereso.com\/actualites\/","name":"Le Blog GERESO","description":"Toute l&#039;actu RH, Finance, Fonction Publique, Management...","potentialAction":[{"@type":"SearchAction","target":{"@type":"EntryPoint","urlTemplate":"https:\/\/www.gereso.com\/actualites\/?s={search_term_string}"},"query-input":{"@type":"PropertyValueSpecification","valueRequired":true,"valueName":"search_term_string"}}],"inLanguage":"fr-FR"},{"@type":"Person","@id":"https:\/\/www.gereso.com\/actualites\/#\/schema\/person\/197d8aef40cb4ae3f6a0aa9e1d3df2a6","name":"\u00c9quipe GERESO","image":{"@type":"ImageObject","inLanguage":"fr-FR","@id":"https:\/\/www.gereso.com\/actualites\/#\/schema\/person\/image\/","url":"https:\/\/www.gereso.com\/actualites\/wp-content\/uploads\/2013\/12\/avatar-gereso-1.png","contentUrl":"https:\/\/www.gereso.com\/actualites\/wp-content\/uploads\/2013\/12\/avatar-gereso-1.png","caption":"\u00c9quipe GERESO"},"url":"https:\/\/www.gereso.com\/actualites\/author\/gereso\/"}]}},"_links":{"self":[{"href":"https:\/\/www.gereso.com\/actualites\/wp-json\/wp\/v2\/posts\/1827","targetHints":{"allow":["GET"]}}],"collection":[{"href":"https:\/\/www.gereso.com\/actualites\/wp-json\/wp\/v2\/posts"}],"about":[{"href":"https:\/\/www.gereso.com\/actualites\/wp-json\/wp\/v2\/types\/post"}],"author":[{"embeddable":true,"href":"https:\/\/www.gereso.com\/actualites\/wp-json\/wp\/v2\/users\/32"}],"replies":[{"embeddable":true,"href":"https:\/\/www.gereso.com\/actualites\/wp-json\/wp\/v2\/comments?post=1827"}],"version-history":[{"count":0,"href":"https:\/\/www.gereso.com\/actualites\/wp-json\/wp\/v2\/posts\/1827\/revisions"}],"wp:attachment":[{"href":"https:\/\/www.gereso.com\/actualites\/wp-json\/wp\/v2\/media?parent=1827"}],"wp:term":[{"taxonomy":"category","embeddable":true,"href":"https:\/\/www.gereso.com\/actualites\/wp-json\/wp\/v2\/categories?post=1827"},{"taxonomy":"post_tag","embeddable":true,"href":"https:\/\/www.gereso.com\/actualites\/wp-json\/wp\/v2\/tags?post=1827"}],"curies":[{"name":"wp","href":"https:\/\/api.w.org\/{rel}","templated":true}]}}