{"id":18321,"date":"2020-12-15T15:49:17","date_gmt":"2020-12-15T13:49:17","guid":{"rendered":"https:\/\/www.gereso.com\/actualites\/?p=18321"},"modified":"2020-12-15T15:50:29","modified_gmt":"2020-12-15T13:50:29","slug":"8-000-e-a-taux-nul-le-pret-dhonneur-solidaire","status":"publish","type":"post","link":"https:\/\/www.gereso.com\/actualites\/2020\/12\/15\/8-000-e-a-taux-nul-le-pret-dhonneur-solidaire\/","title":{"rendered":"8 000 \u20ac \u00e0 taux nul : le Pr\u00eat d\u2019Honneur Solidaire"},"content":{"rendered":"\n<p>Plus de deux mille projets ont \u00e9t\u00e9 financ\u00e9s par le <strong>PH Solidaire<\/strong> depuis sa cr\u00e9ation cet \u00e9t\u00e9 selon un <a href=\"https:\/\/minefi.hosting.augure.com\/Augure_Minefi\/r\/ContenuEnLigne\/Download?id=27C85408-087B-4043-9F1B-9680C50BE2E0&amp;filename=454%20-%20Pr%C3%AAts%20dHonneur%20Solidaires%20docx.pdf\">communiqu\u00e9<\/a> conjoint des Minist\u00e8res du Travail et de l\u2019\u00c9conomie.<\/p>\n\n\n\n<h2 class=\"wp-block-heading\"><strong>Un pr\u00eat avantageux<\/strong><\/h2>\n\n\n\n<p>Octroy\u00e9 par la Banque Publique d\u2019Investissement (<strong>BPI<\/strong>),\nce pr\u00eat institu\u00e9 par le Gouvernement en juillet 2020 permet de financer les\nprojets de cr\u00e9ation ou de reprise d\u2019entreprise par l\u2019attribution d\u2019un capital\npouvant atteindre <strong>8.000 euros<\/strong> avec une r\u00e9mun\u00e9ration nulle. <\/p>\n\n\n\n<p>Les caract\u00e9ristiques de ce pr\u00eat en font un instrument\nint\u00e9ressant. Il permet en effet un <strong>diff\u00e9r\u00e9 d\u2019amortissement de 18 mois<\/strong>\nsur une dur\u00e9e maximale de 5 ans pour un co\u00fbt nul. Aucun int\u00e9r\u00eat ni frais de\ndossiers ne seront appliqu\u00e9s, aucune assurance d\u00e9c\u00e8s PTIA n\u2019est exig\u00e9e. Outre\nces avantages, il ne sera requis aucune garantie particuli\u00e8re de la part du\ndirigeant ou de l\u2019entreprise puisque la couverture sera assur\u00e9e par le Fonds de\nCoh\u00e9sion sociale. <\/p>\n\n\n\n<p>Cette offre est toutefois sujette \u00e0 l\u2019obtention d\u2019un emprunt\nbancaire classique ayant peu ou prou les m\u00eames caract\u00e9ristiques (capital,\ndur\u00e9e), \u00e0 l\u2019exclusion des pr\u00eats assortis d\u2019une caution personnelle exc\u00e9dant la\nmoiti\u00e9 de son montant.<\/p>\n\n\n\n<h2 class=\"wp-block-heading\"><strong>Mais r\u00e9serv\u00e9 aux personnes en fragilit\u00e9 \u00e9conomique<\/strong><\/h2>\n\n\n\n<p>Le PH Solidaire s\u2019adresse aux r\u00e9sidents fiscaux fran\u00e7ais <strong>ayant\ncr\u00e9\u00e9 ou repris une activit\u00e9 depuis moins de 3 ans<\/strong> et se trouvant dans une\nsituation particuli\u00e8re&nbsp;:<\/p>\n\n\n\n<ul class=\"wp-block-list\"><li>B\u00e9n\u00e9ficiaire de l&rsquo;allocation d&rsquo;aide au retour \u00e0\nl&#8217;emploi (ARE) ou de l&rsquo;allocation de s\u00e9curisation professionnelle (ASP)<\/li><li>Demandeur d&#8217;emploi non indemnis\u00e9 inscrit \u00e0 P\u00f4le\nemploi depuis plus de 6 mois au cours des 18 derniers mois<\/li><li>B\u00e9n\u00e9ficiaire du RSA ou de l&rsquo;Allocation de\nsolidarit\u00e9 sp\u00e9cifique (ASS)<\/li><li>Jeune majeur de moins de 26 ans (ou 29 ans\nr\u00e9volus s&rsquo;il est en situation de handicap)<\/li><li>Demandeur d\u2019emploi de moins de 30 ans, ne\nremplissant pas les conditions d&rsquo;activit\u00e9 ant\u00e9rieure pour b\u00e9n\u00e9ficier de\nl&rsquo;indemnisation ch\u00f4mage<\/li><li>Salari\u00e9 ou licenci\u00e9 d&rsquo;une entreprise en\nproc\u00e9dures collectives (sauvegarde, redressement ou liquidation judiciaire) et\nreprenant une entreprise<\/li><li>Personne sans emploi titulaire d&rsquo;un contrat\nd&rsquo;appui au projet d&rsquo;entreprise (Cape)<\/li><li>Cr\u00e9ateur ou repreneur d\u2019une entreprise dans un\nQuartier prioritaire de la politique de la ville (QPPV)<\/li><li>B\u00e9n\u00e9ficiaire de la prestation partag\u00e9e\nd&rsquo;\u00e9ducation de l&rsquo;enfant.<\/li><\/ul>\n","protected":false},"excerpt":{"rendered":"<p>Plus de deux mille projets ont \u00e9t\u00e9 financ\u00e9s par le PH Solidaire depuis sa cr\u00e9ation cet \u00e9t\u00e9 selon un communiqu\u00e9 conjoint des Minist\u00e8res du Travail et de l\u2019\u00c9conomie. Un pr\u00eat avantageux Octroy\u00e9 par la Banque Publique d\u2019Investissement (BPI), ce pr\u00eat institu\u00e9 par le Gouvernement en juillet 2020 permet de financer les projets de cr\u00e9ation ou [&hellip;]<\/p>\n","protected":false},"author":45,"featured_media":0,"comment_status":"open","ping_status":"open","sticky":false,"template":"","format":"quote","meta":{"_acf_changed":false,"_mi_skip_tracking":false,"footnotes":""},"categories":[12,3],"tags":[1877,1958],"class_list":["post-18321","post","type-post","status-publish","format-quote","hentry","category-actualites","category-comptabilite-fiscalite-et-gestion-financiere","tag-covid-19","tag-pret-dhonneur","post_format-post-format-quote"],"acf":[],"yoast_head":"<!-- This site is optimized with the Yoast SEO plugin v23.4 - https:\/\/yoast.com\/wordpress\/plugins\/seo\/ -->\n<title>8 000 \u20ac \u00e0 taux nul : le Pr\u00eat d\u2019Honneur Solidaire - Le Blog GERESO<\/title>\n<meta name=\"robots\" content=\"index, follow, max-snippet:-1, max-image-preview:large, max-video-preview:-1\" \/>\n<link rel=\"canonical\" href=\"https:\/\/www.gereso.com\/actualites\/2020\/12\/15\/8-000-e-a-taux-nul-le-pret-dhonneur-solidaire\/\" \/>\n<meta property=\"og:locale\" content=\"fr_FR\" \/>\n<meta property=\"og:type\" content=\"article\" \/>\n<meta property=\"og:title\" content=\"8 000 \u20ac \u00e0 taux nul : le Pr\u00eat d\u2019Honneur Solidaire - Le Blog GERESO\" \/>\n<meta property=\"og:description\" content=\"Plus de deux mille projets ont \u00e9t\u00e9 financ\u00e9s par le PH Solidaire depuis sa cr\u00e9ation cet \u00e9t\u00e9 selon un communiqu\u00e9 conjoint des Minist\u00e8res du Travail et de l\u2019\u00c9conomie. Un pr\u00eat avantageux Octroy\u00e9 par la Banque Publique d\u2019Investissement (BPI), ce pr\u00eat institu\u00e9 par le Gouvernement en juillet 2020 permet de financer les projets de cr\u00e9ation ou [&hellip;]\" \/>\n<meta property=\"og:url\" content=\"https:\/\/www.gereso.com\/actualites\/2020\/12\/15\/8-000-e-a-taux-nul-le-pret-dhonneur-solidaire\/\" \/>\n<meta property=\"og:site_name\" content=\"Le Blog GERESO\" \/>\n<meta property=\"article:published_time\" content=\"2020-12-15T13:49:17+00:00\" \/>\n<meta property=\"article:modified_time\" content=\"2020-12-15T13:50:29+00:00\" \/>\n<meta name=\"author\" content=\"Damien P\u00e9an\" \/>\n<meta name=\"twitter:card\" content=\"summary_large_image\" \/>\n<script type=\"application\/ld+json\" class=\"yoast-schema-graph\">{\"@context\":\"https:\/\/schema.org\",\"@graph\":[{\"@type\":\"WebPage\",\"@id\":\"https:\/\/www.gereso.com\/actualites\/2020\/12\/15\/8-000-e-a-taux-nul-le-pret-dhonneur-solidaire\/\",\"url\":\"https:\/\/www.gereso.com\/actualites\/2020\/12\/15\/8-000-e-a-taux-nul-le-pret-dhonneur-solidaire\/\",\"name\":\"8 000 \u20ac \u00e0 taux nul : le Pr\u00eat d\u2019Honneur Solidaire - Le Blog GERESO\",\"isPartOf\":{\"@id\":\"https:\/\/www.gereso.com\/actualites\/#website\"},\"datePublished\":\"2020-12-15T13:49:17+00:00\",\"dateModified\":\"2020-12-15T13:50:29+00:00\",\"author\":{\"@id\":\"https:\/\/www.gereso.com\/actualites\/#\/schema\/person\/c91814f92d627ed4715993fbbf7c7e8d\"},\"breadcrumb\":{\"@id\":\"https:\/\/www.gereso.com\/actualites\/2020\/12\/15\/8-000-e-a-taux-nul-le-pret-dhonneur-solidaire\/#breadcrumb\"},\"inLanguage\":\"fr-FR\",\"potentialAction\":[{\"@type\":\"ReadAction\",\"target\":[\"https:\/\/www.gereso.com\/actualites\/2020\/12\/15\/8-000-e-a-taux-nul-le-pret-dhonneur-solidaire\/\"]}]},{\"@type\":\"BreadcrumbList\",\"@id\":\"https:\/\/www.gereso.com\/actualites\/2020\/12\/15\/8-000-e-a-taux-nul-le-pret-dhonneur-solidaire\/#breadcrumb\",\"itemListElement\":[{\"@type\":\"ListItem\",\"position\":1,\"name\":\"Home\",\"item\":\"https:\/\/www.gereso.com\/actualites\/\"},{\"@type\":\"ListItem\",\"position\":2,\"name\":\"8 000 \u20ac \u00e0 taux nul : le Pr\u00eat d\u2019Honneur Solidaire\"}]},{\"@type\":\"WebSite\",\"@id\":\"https:\/\/www.gereso.com\/actualites\/#website\",\"url\":\"https:\/\/www.gereso.com\/actualites\/\",\"name\":\"Le Blog GERESO\",\"description\":\"Toute l&#039;actu RH, Finance, Fonction Publique, Management...\",\"potentialAction\":[{\"@type\":\"SearchAction\",\"target\":{\"@type\":\"EntryPoint\",\"urlTemplate\":\"https:\/\/www.gereso.com\/actualites\/?s={search_term_string}\"},\"query-input\":{\"@type\":\"PropertyValueSpecification\",\"valueRequired\":true,\"valueName\":\"search_term_string\"}}],\"inLanguage\":\"fr-FR\"},{\"@type\":\"Person\",\"@id\":\"https:\/\/www.gereso.com\/actualites\/#\/schema\/person\/c91814f92d627ed4715993fbbf7c7e8d\",\"name\":\"Damien P\u00e9an\",\"image\":{\"@type\":\"ImageObject\",\"inLanguage\":\"fr-FR\",\"@id\":\"https:\/\/www.gereso.com\/actualites\/#\/schema\/person\/image\/\",\"url\":\"https:\/\/www.gereso.com\/actualites\/wp-content\/uploads\/2016\/03\/damien-pean.jpg\",\"contentUrl\":\"https:\/\/www.gereso.com\/actualites\/wp-content\/uploads\/2016\/03\/damien-pean.jpg\",\"caption\":\"Damien P\u00e9an\"},\"description\":\"Damien P\u00c9AN est titulaire du Dipl\u00f4me d'\u00e9tudes sup\u00e9rieures comptables et financi\u00e8res (DESCF). Il intervient depuis plusieurs ann\u00e9es aupr\u00e8s d'\u00e9tudiants en licence de comptabilit\u00e9 et de gestion, \u00e0 qui il enseigne le contr\u00f4le de gestion, la comptabilit\u00e9 approfondie, le management, la fiscalit\u00e9, le droit des soci\u00e9t\u00e9s et le droit du travail. Il intervient \u00e9galement en formation continue pour le compte de divers organismes de formation sur des th\u00e9matiques techniques en comptabilit\u00e9 et fiscalit\u00e9. Il forme aussi un public de non-initi\u00e9s aux fondamentaux de la finance.\",\"url\":\"https:\/\/www.gereso.com\/actualites\/author\/d-pean\/\"}]}<\/script>\n<!-- \/ Yoast SEO plugin. -->","yoast_head_json":{"title":"8 000 \u20ac \u00e0 taux nul : le Pr\u00eat d\u2019Honneur Solidaire - Le Blog GERESO","robots":{"index":"index","follow":"follow","max-snippet":"max-snippet:-1","max-image-preview":"max-image-preview:large","max-video-preview":"max-video-preview:-1"},"canonical":"https:\/\/www.gereso.com\/actualites\/2020\/12\/15\/8-000-e-a-taux-nul-le-pret-dhonneur-solidaire\/","og_locale":"fr_FR","og_type":"article","og_title":"8 000 \u20ac \u00e0 taux nul : le Pr\u00eat d\u2019Honneur Solidaire - Le Blog GERESO","og_description":"Plus de deux mille projets ont \u00e9t\u00e9 financ\u00e9s par le PH Solidaire depuis sa cr\u00e9ation cet \u00e9t\u00e9 selon un communiqu\u00e9 conjoint des Minist\u00e8res du Travail et de l\u2019\u00c9conomie. Un pr\u00eat avantageux Octroy\u00e9 par la Banque Publique d\u2019Investissement (BPI), ce pr\u00eat institu\u00e9 par le Gouvernement en juillet 2020 permet de financer les projets de cr\u00e9ation ou [&hellip;]","og_url":"https:\/\/www.gereso.com\/actualites\/2020\/12\/15\/8-000-e-a-taux-nul-le-pret-dhonneur-solidaire\/","og_site_name":"Le Blog GERESO","article_published_time":"2020-12-15T13:49:17+00:00","article_modified_time":"2020-12-15T13:50:29+00:00","author":"Damien P\u00e9an","twitter_card":"summary_large_image","schema":{"@context":"https:\/\/schema.org","@graph":[{"@type":"WebPage","@id":"https:\/\/www.gereso.com\/actualites\/2020\/12\/15\/8-000-e-a-taux-nul-le-pret-dhonneur-solidaire\/","url":"https:\/\/www.gereso.com\/actualites\/2020\/12\/15\/8-000-e-a-taux-nul-le-pret-dhonneur-solidaire\/","name":"8 000 \u20ac \u00e0 taux nul : le Pr\u00eat d\u2019Honneur Solidaire - Le Blog GERESO","isPartOf":{"@id":"https:\/\/www.gereso.com\/actualites\/#website"},"datePublished":"2020-12-15T13:49:17+00:00","dateModified":"2020-12-15T13:50:29+00:00","author":{"@id":"https:\/\/www.gereso.com\/actualites\/#\/schema\/person\/c91814f92d627ed4715993fbbf7c7e8d"},"breadcrumb":{"@id":"https:\/\/www.gereso.com\/actualites\/2020\/12\/15\/8-000-e-a-taux-nul-le-pret-dhonneur-solidaire\/#breadcrumb"},"inLanguage":"fr-FR","potentialAction":[{"@type":"ReadAction","target":["https:\/\/www.gereso.com\/actualites\/2020\/12\/15\/8-000-e-a-taux-nul-le-pret-dhonneur-solidaire\/"]}]},{"@type":"BreadcrumbList","@id":"https:\/\/www.gereso.com\/actualites\/2020\/12\/15\/8-000-e-a-taux-nul-le-pret-dhonneur-solidaire\/#breadcrumb","itemListElement":[{"@type":"ListItem","position":1,"name":"Home","item":"https:\/\/www.gereso.com\/actualites\/"},{"@type":"ListItem","position":2,"name":"8 000 \u20ac \u00e0 taux nul : le Pr\u00eat d\u2019Honneur Solidaire"}]},{"@type":"WebSite","@id":"https:\/\/www.gereso.com\/actualites\/#website","url":"https:\/\/www.gereso.com\/actualites\/","name":"Le Blog GERESO","description":"Toute l&#039;actu RH, Finance, Fonction Publique, Management...","potentialAction":[{"@type":"SearchAction","target":{"@type":"EntryPoint","urlTemplate":"https:\/\/www.gereso.com\/actualites\/?s={search_term_string}"},"query-input":{"@type":"PropertyValueSpecification","valueRequired":true,"valueName":"search_term_string"}}],"inLanguage":"fr-FR"},{"@type":"Person","@id":"https:\/\/www.gereso.com\/actualites\/#\/schema\/person\/c91814f92d627ed4715993fbbf7c7e8d","name":"Damien P\u00e9an","image":{"@type":"ImageObject","inLanguage":"fr-FR","@id":"https:\/\/www.gereso.com\/actualites\/#\/schema\/person\/image\/","url":"https:\/\/www.gereso.com\/actualites\/wp-content\/uploads\/2016\/03\/damien-pean.jpg","contentUrl":"https:\/\/www.gereso.com\/actualites\/wp-content\/uploads\/2016\/03\/damien-pean.jpg","caption":"Damien P\u00e9an"},"description":"Damien P\u00c9AN est titulaire du Dipl\u00f4me d'\u00e9tudes sup\u00e9rieures comptables et financi\u00e8res (DESCF). Il intervient depuis plusieurs ann\u00e9es aupr\u00e8s d'\u00e9tudiants en licence de comptabilit\u00e9 et de gestion, \u00e0 qui il enseigne le contr\u00f4le de gestion, la comptabilit\u00e9 approfondie, le management, la fiscalit\u00e9, le droit des soci\u00e9t\u00e9s et le droit du travail. Il intervient \u00e9galement en formation continue pour le compte de divers organismes de formation sur des th\u00e9matiques techniques en comptabilit\u00e9 et fiscalit\u00e9. Il forme aussi un public de non-initi\u00e9s aux fondamentaux de la finance.","url":"https:\/\/www.gereso.com\/actualites\/author\/d-pean\/"}]}},"_links":{"self":[{"href":"https:\/\/www.gereso.com\/actualites\/wp-json\/wp\/v2\/posts\/18321","targetHints":{"allow":["GET"]}}],"collection":[{"href":"https:\/\/www.gereso.com\/actualites\/wp-json\/wp\/v2\/posts"}],"about":[{"href":"https:\/\/www.gereso.com\/actualites\/wp-json\/wp\/v2\/types\/post"}],"author":[{"embeddable":true,"href":"https:\/\/www.gereso.com\/actualites\/wp-json\/wp\/v2\/users\/45"}],"replies":[{"embeddable":true,"href":"https:\/\/www.gereso.com\/actualites\/wp-json\/wp\/v2\/comments?post=18321"}],"version-history":[{"count":1,"href":"https:\/\/www.gereso.com\/actualites\/wp-json\/wp\/v2\/posts\/18321\/revisions"}],"predecessor-version":[{"id":18322,"href":"https:\/\/www.gereso.com\/actualites\/wp-json\/wp\/v2\/posts\/18321\/revisions\/18322"}],"wp:attachment":[{"href":"https:\/\/www.gereso.com\/actualites\/wp-json\/wp\/v2\/media?parent=18321"}],"wp:term":[{"taxonomy":"category","embeddable":true,"href":"https:\/\/www.gereso.com\/actualites\/wp-json\/wp\/v2\/categories?post=18321"},{"taxonomy":"post_tag","embeddable":true,"href":"https:\/\/www.gereso.com\/actualites\/wp-json\/wp\/v2\/tags?post=18321"}],"curies":[{"name":"wp","href":"https:\/\/api.w.org\/{rel}","templated":true}]}}