{"id":1844,"date":"2010-01-26T00:00:00","date_gmt":"2010-01-25T22:00:00","guid":{"rendered":"https:\/\/www.gereso.com\/actualites\/2010\/01\/mettre-fin-au-contrat-de-travail-ne-simprovise-pas\/"},"modified":"2010-01-26T00:00:00","modified_gmt":"2010-01-25T22:00:00","slug":"mettre-fin-au-contrat-de-travail-ne-simprovise-pas","status":"publish","type":"post","link":"https:\/\/www.gereso.com\/actualites\/2010\/01\/26\/mettre-fin-au-contrat-de-travail-ne-simprovise-pas\/","title":{"rendered":"Mettre fin au contrat de travail ne s&#039;improvise pas !"},"content":{"rendered":"\n<li><strong>Transaction et rupture conventionnelle : attention au litige !<br \/><\/strong><\/li>\n<li><strong>La prise d&rsquo;acte : quand c&rsquo;est le salari\u00e9 qui rompt le contrat&#8230;<\/strong> <\/li>\n<p>Licenciement,transaction, rupture \u00e0 l&rsquo;amiable, mise \u00e0 la retraite? Se s\u00e9parerd&rsquo;un de ses salari\u00e9s est souvent une \u00e9tape d\u00e9licate. Comment s&rsquo;yprendre pour la passer sereinement&nbsp;? Amandine Lecomte, consultanteen Paie et Droit social chez GERESO,\u00e9claire sur les crit\u00e8res li\u00e9s \u00e0 divers modes de ruptures.<\/p>\n<p> <\/p>\n<div style=\"margin: 10px; padding: 10px; float: left; width: 275px; background-color: rgb(209, 209, 209);\">\n<p><strong>Licenciements<\/strong> <\/p>\n<li><strong>Disciplinaire :<\/strong> qui implique une faute, de simple \u00e0 lourde. C&rsquo;est l&#8217;employeur qui d\u00e9finit la gravit\u00e9 de la faute.<\/li>\n<li><strong>Economique :<\/strong> individuel et collectif.<\/li>\n<li><strong>Pour inaptitude<\/strong> <\/li>\n<p>Attention ! L&#8217;employeur qui souhaite mettre un terme au contrat de travail de son salari\u00e9 doit justifier sa d\u00e9cision (le motif), faute de quoi la rupture est consid\u00e9r\u00e9e comme <strong>sans cause et r\u00e9elle et s\u00e9rieuse<\/strong>.<\/p>\n<li><span style=\"font-weight: bold;\">Le pr\u00e9avis<\/span> : Il est effectu\u00e9 ou pay\u00e9 en cas de licenciement pour cause r\u00e9elle et s\u00e9rieuse, \u00e9conomique et inaptitude d&rsquo;origine AT\/MP. Sauf demande de dispense \u00e0 la demande du salari\u00e9 (le pr\u00e9avis n&rsquo;est alors ni effectu\u00e9, ni pay\u00e9)<br \/>Celui-ci est en revanche non effectu\u00e9 et non pay\u00e9 en cas de licenciement faute grave, faute lourde et inaptitude d&rsquo;origine non AT\/MP.<\/li>\n<li><span style=\"font-weight: bold;\">Les sommes \u00e0 verser au salari\u00e9<\/span>\u00a0: Il s&rsquo;agit des indemnit\u00e9s compensatrices de cong\u00e9s pay\u00e9s (ICCP)\u00a0: elles sont dues dans tous les cas, sauf faute lourde pour les cong\u00e9s pay\u00e9s en cours d&rsquo;acquisition.<\/li>\n<li><span style=\"font-weight: bold;\">Les documents \u00e0 remettre au salari\u00e9 <\/span>: Ils sont au nombre de trois: Solde de tout compte, Certificat de travail et Attestation P\u00f4le Emploi. Nouveau ! L&#8217;employeur doit en sus indiquer les heures de DIF utilisables par le salari\u00e9<\/li><\/div>\n<h3><strong>Transaction ou rupture \u00e0 l&rsquo;amiable&nbsp;?<\/strong><\/h3>\n<p>Un pr\u00e9alable certes, mais qu&rsquo;il est toujours bon de rappeler : lelicenciement est le mode de rupture du contrat de travail le pluscourant. Que celui-ci intervienne pour motif personnel, c&rsquo;est \u00e0 diredisciplinaire ou non, ou pour motif \u00e9conomique (cf. encadr\u00e9). <br \/>Quellessont les alternatives ou autres cas de rupture de travail&nbsp;?Transaction, rupture conventionnelle, mise \u00e0 la retraite&#8230; Lespossibilit\u00e9s sont nombreuses. Leur point commun : elles sont toutestr\u00e8s encadr\u00e9es car mettre fin \u00e0 un engagement ne s&rsquo;improvise pas !<\/p>\n<p>Un de vos salari\u00e9s pose des difficult\u00e9s ou souhaite partir, mais sans grief vis \u00e0 vis de votre organisation. Dans quel cas aura-t-on plut\u00f4t recours \u00e0 la transaction ou \u00e0 la rupture appel\u00e9e \u00e9galement \u00ab\u00a0\u00e0 l&rsquo;amiable\u00a0\u00bb&nbsp;? <\/p>\n<p>\u00ab\u00a0La transaction \u00e9teint <strong>un litige<\/strong> n\u00e9 ou \u00e0 na\u00eetre tandis que la rupture conventionnelle est un mode de rupture qui suppose l&rsquo;existence d&rsquo;un accord pr\u00e9alable sans litige\u00a0\u00bb, indique Amandine Lecomte. \u00ab\u00a0Aussi, pour qu&rsquo;une transaction suive une rupture conventionnelle, encore faut-il que la transaction <strong>ne porte pas sur le motif <\/strong>de la rupture\u00a0\u00bb. <\/p>\n<p>En effet, la transaction a pour but de mettre fin \u00e0 un litige&#8230; Et si litige il y a, il est alors toujours possible de remettre en cause la rupture conventionnelle (dans le cadre d&rsquo;une annulation pour vice du consentement, par exemple).<\/p>\n<p>Pour rappel, le commun accord suppose l&rsquo;absence de litige. Donc si vous \u00eates confront\u00e9 \u00e0 un diff\u00e9rend, mieux vaut se tourner plut\u00f4t vers un licenciement ou une d\u00e9mission. <\/p>\n<p>A noter que si une mesure de licenciement disciplinaire est envisag\u00e9e, il est impossible de conclure une rupture d&rsquo;un commun accord. L&#8217;employeur devra donc aller au bout de sa d\u00e9marche.<\/p>\n<p> Attention ! Certains salari\u00e9s sont prot\u00e9g\u00e9s de la rupture. Pour les repr\u00e9sentants du personnel, par exemple, il est n\u00e9cessaire d&rsquo;obtenir l&rsquo;autorisation de l&rsquo;inspection du travail. De m\u00eame, il n&rsquo;est pas possible de mettre fin \u00e0 l&rsquo;amiable au contrat d&rsquo;un salari\u00e9 d\u00e9clar\u00e9 inapte aupr\u00e8s de la m\u00e9decine du travail ou de celui victime d&rsquo;AT\/MP durant la suspension du contrat. En effet, une rupture serait ici consid\u00e9r\u00e9e comme nulle !<\/p>\n<p>Lorsque la d\u00e9cision est engag\u00e9e, si l&rsquo;\u00e9crit n&rsquo;est pas obligatoire, il se r\u00e9v\u00e8le en revanche indispensable, car un accord de rupture\u00a0ne se pr\u00e9sume pas. L&rsquo;\u00e9crit permet, par ailleurs, de d\u00e9terminer avec pr\u00e9cision les conditions et les modalit\u00e9s de la rupture : date de cessation des relations de travail, montant des indemnit\u00e9s et \u00e9l\u00e9ments de salaire vers\u00e9s, obligations issues du contrat type clause de non concurrence&#8230; tous les \u00e9l\u00e9ments qu&rsquo;il faut prendre en compte au moment de la s\u00e9paration. <\/p>\n<h3> <strong>La mise ou le d\u00e9part \u00e0 la retraite<\/strong><\/h3>\n<p>Autre possibilit\u00e9 de rupture de contrat, le d\u00e9part \u00e0 la retraite. A l&rsquo;initiative de l&#8217;employeur ou du salari\u00e9, les termes ne seront pas les m\u00eames.<\/p>\n<p>Lorsque la demande provient de l&#8217;employeur, il convient de respecter certaines conditions telles que l&rsquo;\u00e2ge : \u00e0 partir de 65 ans. Pour une retraite \u00e0 65 ans, c&rsquo;est \u00e0 l&#8217;employeur de demander chaque ann\u00e9e au salari\u00e9 s&rsquo;il souhaite quitter l&rsquo;entreprise, il ne peut plus le faire d&rsquo;office, et ce jusqu&rsquo;aux 70 ans du salari\u00e9.<\/p>\n<p> Lorsque la demande de d\u00e9part provient du salari\u00e9, par contre, deux conditions sont requises: avoir 60 ans et, depuis le d\u00e9but d&rsquo;ann\u00e9e, avoir cotis\u00e9 162 trimestres pour partir en b\u00e9n\u00e9ficiant d&rsquo;une retraite \u00e0 taux plein.<\/p>\n<p>Une fois le d\u00e9part \u00e0 la retraite engag\u00e9, salari\u00e9 et employeur se doivent un pr\u00e9avis r\u00e9ciproque. Le contrat cessera \u00e0 la fin de cette p\u00e9riode. Pr\u00e9cisons que le salari\u00e9 b\u00e9n\u00e9ficiera de l&rsquo;Indemnit\u00e9 compensatrice de cong\u00e9s pay\u00e9s (ICCP), et selon les cas, d&rsquo;une indemnit\u00e9 de d\u00e9part ou de mise \u00e0 la retraite. <\/p>\n<p>A noter que dans ce cas pr\u00e9cis de rupture, il n&rsquo;existe pas de formalisme pr\u00e9cis qui impose entretiens ou proc\u00e9dure. Attention toutefois a la mise \u00e0 la retraite d&rsquo;un salari\u00e9 prot\u00e9g\u00e9 : l&rsquo;accord de l&rsquo;inspection du travail est requis.<\/p>\n<h3> <strong>La prise d&rsquo;acte<\/strong><\/h3>\n<p>Autre mode de rupture, plus rare : la prise d&rsquo;acte. Ici, c&rsquo;est le salari\u00e9 qui est \u00e0 l&rsquo;initiative du \u00ab\u00a0divorce\u00a0\u00bb en exprimant un certain nombre de<strong> griefs <\/strong>vis \u00e0 vis de son employeur. La prise d&rsquo;acte intervient lorsque le salari\u00e9 ne souhaite pas d\u00e9missionner. Il prend donc acte de la rupture de son contrat, aux tords de l&#8217;employeur (la prise d&rsquo;acte \u00e9vite au salari\u00e9 d&rsquo;\u00eatre consid\u00e9r\u00e9 comme d\u00e9missionnaire). <\/p>\n<p>C&rsquo;est au juge qu&rsquo;il revient de d\u00e9terminer la qualification de la prise d&rsquo;acte. Si les faits reproch\u00e9s ne sont pas graves, il n&rsquo;y aura pas de justification \u00e0 la rupture et celle-ci sera assimil\u00e9e \u00e0 une d\u00e9mission. A l&rsquo;oppos\u00e9, si les faits sont graves, la rupture entra\u00eenera les m\u00eames effets qu&rsquo;un licenciement sans cause r\u00e9elle et s\u00e9rieuse.<\/p>\n<p style=\"text-align: center;\">\n<p>Licenciement pour inaptitude, mode d&#8217;emploi<\/p>\n","protected":false},"excerpt":{"rendered":"<p>Transaction et rupture conventionnelle : attention au litige ! La prise d&rsquo;acte : quand c&rsquo;est le salari\u00e9 qui rompt le contrat&#8230; Licenciement,transaction, rupture \u00e0 l&rsquo;amiable, mise \u00e0 la retraite? Se s\u00e9parerd&rsquo;un de ses salari\u00e9s est souvent une \u00e9tape d\u00e9licate. Comment s&rsquo;yprendre pour la passer sereinement&nbsp;? Amandine Lecomte, consultanteen Paie et Droit social chez GERESO,\u00e9claire sur [&hellip;]<\/p>\n","protected":false},"author":32,"featured_media":0,"comment_status":"open","ping_status":"open","sticky":false,"template":"","format":"standard","meta":{"_acf_changed":false,"_mi_skip_tracking":false,"footnotes":""},"categories":[5],"tags":[],"class_list":["post-1844","post","type-post","status-publish","format-standard","hentry","category-droit-du-travail"],"acf":[],"yoast_head":"<!-- This site is optimized with the Yoast SEO plugin v23.4 - https:\/\/yoast.com\/wordpress\/plugins\/seo\/ -->\n<title>Mettre fin au contrat de travail ne s&#039;improvise pas ! - Le Blog GERESO<\/title>\n<meta name=\"robots\" content=\"index, follow, max-snippet:-1, max-image-preview:large, max-video-preview:-1\" \/>\n<link rel=\"canonical\" href=\"https:\/\/www.gereso.com\/actualites\/2010\/01\/26\/mettre-fin-au-contrat-de-travail-ne-simprovise-pas\/\" \/>\n<meta property=\"og:locale\" content=\"fr_FR\" \/>\n<meta property=\"og:type\" content=\"article\" \/>\n<meta property=\"og:title\" content=\"Mettre fin au contrat de travail ne s&#039;improvise pas ! - Le Blog GERESO\" \/>\n<meta property=\"og:description\" content=\"Transaction et rupture conventionnelle : attention au litige ! La prise d&rsquo;acte : quand c&rsquo;est le salari\u00e9 qui rompt le contrat&#8230; Licenciement,transaction, rupture \u00e0 l&rsquo;amiable, mise \u00e0 la retraite? Se s\u00e9parerd&rsquo;un de ses salari\u00e9s est souvent une \u00e9tape d\u00e9licate. Comment s&rsquo;yprendre pour la passer sereinement&nbsp;? Amandine Lecomte, consultanteen Paie et Droit social chez GERESO,\u00e9claire sur [&hellip;]\" \/>\n<meta property=\"og:url\" content=\"https:\/\/www.gereso.com\/actualites\/2010\/01\/26\/mettre-fin-au-contrat-de-travail-ne-simprovise-pas\/\" \/>\n<meta property=\"og:site_name\" content=\"Le Blog GERESO\" \/>\n<meta property=\"article:published_time\" content=\"2010-01-25T22:00:00+00:00\" \/>\n<meta name=\"author\" content=\"\u00c9quipe GERESO\" \/>\n<meta name=\"twitter:card\" content=\"summary_large_image\" \/>\n<script type=\"application\/ld+json\" class=\"yoast-schema-graph\">{\"@context\":\"https:\/\/schema.org\",\"@graph\":[{\"@type\":\"WebPage\",\"@id\":\"https:\/\/www.gereso.com\/actualites\/2010\/01\/26\/mettre-fin-au-contrat-de-travail-ne-simprovise-pas\/\",\"url\":\"https:\/\/www.gereso.com\/actualites\/2010\/01\/26\/mettre-fin-au-contrat-de-travail-ne-simprovise-pas\/\",\"name\":\"Mettre fin au contrat de travail ne s&#039;improvise pas ! - Le Blog GERESO\",\"isPartOf\":{\"@id\":\"https:\/\/www.gereso.com\/actualites\/#website\"},\"datePublished\":\"2010-01-25T22:00:00+00:00\",\"dateModified\":\"2010-01-25T22:00:00+00:00\",\"author\":{\"@id\":\"https:\/\/www.gereso.com\/actualites\/#\/schema\/person\/197d8aef40cb4ae3f6a0aa9e1d3df2a6\"},\"breadcrumb\":{\"@id\":\"https:\/\/www.gereso.com\/actualites\/2010\/01\/26\/mettre-fin-au-contrat-de-travail-ne-simprovise-pas\/#breadcrumb\"},\"inLanguage\":\"fr-FR\",\"potentialAction\":[{\"@type\":\"ReadAction\",\"target\":[\"https:\/\/www.gereso.com\/actualites\/2010\/01\/26\/mettre-fin-au-contrat-de-travail-ne-simprovise-pas\/\"]}]},{\"@type\":\"BreadcrumbList\",\"@id\":\"https:\/\/www.gereso.com\/actualites\/2010\/01\/26\/mettre-fin-au-contrat-de-travail-ne-simprovise-pas\/#breadcrumb\",\"itemListElement\":[{\"@type\":\"ListItem\",\"position\":1,\"name\":\"Home\",\"item\":\"https:\/\/www.gereso.com\/actualites\/\"},{\"@type\":\"ListItem\",\"position\":2,\"name\":\"Mettre fin au contrat de travail ne s&#039;improvise pas !\"}]},{\"@type\":\"WebSite\",\"@id\":\"https:\/\/www.gereso.com\/actualites\/#website\",\"url\":\"https:\/\/www.gereso.com\/actualites\/\",\"name\":\"Le Blog GERESO\",\"description\":\"Toute l&#039;actu RH, Finance, Fonction Publique, Management...\",\"potentialAction\":[{\"@type\":\"SearchAction\",\"target\":{\"@type\":\"EntryPoint\",\"urlTemplate\":\"https:\/\/www.gereso.com\/actualites\/?s={search_term_string}\"},\"query-input\":{\"@type\":\"PropertyValueSpecification\",\"valueRequired\":true,\"valueName\":\"search_term_string\"}}],\"inLanguage\":\"fr-FR\"},{\"@type\":\"Person\",\"@id\":\"https:\/\/www.gereso.com\/actualites\/#\/schema\/person\/197d8aef40cb4ae3f6a0aa9e1d3df2a6\",\"name\":\"\u00c9quipe GERESO\",\"image\":{\"@type\":\"ImageObject\",\"inLanguage\":\"fr-FR\",\"@id\":\"https:\/\/www.gereso.com\/actualites\/#\/schema\/person\/image\/\",\"url\":\"https:\/\/www.gereso.com\/actualites\/wp-content\/uploads\/2013\/12\/avatar-gereso-1.png\",\"contentUrl\":\"https:\/\/www.gereso.com\/actualites\/wp-content\/uploads\/2013\/12\/avatar-gereso-1.png\",\"caption\":\"\u00c9quipe GERESO\"},\"url\":\"https:\/\/www.gereso.com\/actualites\/author\/gereso\/\"}]}<\/script>\n<!-- \/ Yoast SEO plugin. -->","yoast_head_json":{"title":"Mettre fin au contrat de travail ne s&#039;improvise pas ! - Le Blog GERESO","robots":{"index":"index","follow":"follow","max-snippet":"max-snippet:-1","max-image-preview":"max-image-preview:large","max-video-preview":"max-video-preview:-1"},"canonical":"https:\/\/www.gereso.com\/actualites\/2010\/01\/26\/mettre-fin-au-contrat-de-travail-ne-simprovise-pas\/","og_locale":"fr_FR","og_type":"article","og_title":"Mettre fin au contrat de travail ne s&#039;improvise pas ! - Le Blog GERESO","og_description":"Transaction et rupture conventionnelle : attention au litige ! La prise d&rsquo;acte : quand c&rsquo;est le salari\u00e9 qui rompt le contrat&#8230; Licenciement,transaction, rupture \u00e0 l&rsquo;amiable, mise \u00e0 la retraite? Se s\u00e9parerd&rsquo;un de ses salari\u00e9s est souvent une \u00e9tape d\u00e9licate. Comment s&rsquo;yprendre pour la passer sereinement&nbsp;? Amandine Lecomte, consultanteen Paie et Droit social chez GERESO,\u00e9claire sur [&hellip;]","og_url":"https:\/\/www.gereso.com\/actualites\/2010\/01\/26\/mettre-fin-au-contrat-de-travail-ne-simprovise-pas\/","og_site_name":"Le Blog GERESO","article_published_time":"2010-01-25T22:00:00+00:00","author":"\u00c9quipe GERESO","twitter_card":"summary_large_image","schema":{"@context":"https:\/\/schema.org","@graph":[{"@type":"WebPage","@id":"https:\/\/www.gereso.com\/actualites\/2010\/01\/26\/mettre-fin-au-contrat-de-travail-ne-simprovise-pas\/","url":"https:\/\/www.gereso.com\/actualites\/2010\/01\/26\/mettre-fin-au-contrat-de-travail-ne-simprovise-pas\/","name":"Mettre fin au contrat de travail ne s&#039;improvise pas ! - Le Blog GERESO","isPartOf":{"@id":"https:\/\/www.gereso.com\/actualites\/#website"},"datePublished":"2010-01-25T22:00:00+00:00","dateModified":"2010-01-25T22:00:00+00:00","author":{"@id":"https:\/\/www.gereso.com\/actualites\/#\/schema\/person\/197d8aef40cb4ae3f6a0aa9e1d3df2a6"},"breadcrumb":{"@id":"https:\/\/www.gereso.com\/actualites\/2010\/01\/26\/mettre-fin-au-contrat-de-travail-ne-simprovise-pas\/#breadcrumb"},"inLanguage":"fr-FR","potentialAction":[{"@type":"ReadAction","target":["https:\/\/www.gereso.com\/actualites\/2010\/01\/26\/mettre-fin-au-contrat-de-travail-ne-simprovise-pas\/"]}]},{"@type":"BreadcrumbList","@id":"https:\/\/www.gereso.com\/actualites\/2010\/01\/26\/mettre-fin-au-contrat-de-travail-ne-simprovise-pas\/#breadcrumb","itemListElement":[{"@type":"ListItem","position":1,"name":"Home","item":"https:\/\/www.gereso.com\/actualites\/"},{"@type":"ListItem","position":2,"name":"Mettre fin au contrat de travail ne s&#039;improvise pas !"}]},{"@type":"WebSite","@id":"https:\/\/www.gereso.com\/actualites\/#website","url":"https:\/\/www.gereso.com\/actualites\/","name":"Le Blog GERESO","description":"Toute l&#039;actu RH, Finance, Fonction Publique, Management...","potentialAction":[{"@type":"SearchAction","target":{"@type":"EntryPoint","urlTemplate":"https:\/\/www.gereso.com\/actualites\/?s={search_term_string}"},"query-input":{"@type":"PropertyValueSpecification","valueRequired":true,"valueName":"search_term_string"}}],"inLanguage":"fr-FR"},{"@type":"Person","@id":"https:\/\/www.gereso.com\/actualites\/#\/schema\/person\/197d8aef40cb4ae3f6a0aa9e1d3df2a6","name":"\u00c9quipe GERESO","image":{"@type":"ImageObject","inLanguage":"fr-FR","@id":"https:\/\/www.gereso.com\/actualites\/#\/schema\/person\/image\/","url":"https:\/\/www.gereso.com\/actualites\/wp-content\/uploads\/2013\/12\/avatar-gereso-1.png","contentUrl":"https:\/\/www.gereso.com\/actualites\/wp-content\/uploads\/2013\/12\/avatar-gereso-1.png","caption":"\u00c9quipe GERESO"},"url":"https:\/\/www.gereso.com\/actualites\/author\/gereso\/"}]}},"_links":{"self":[{"href":"https:\/\/www.gereso.com\/actualites\/wp-json\/wp\/v2\/posts\/1844","targetHints":{"allow":["GET"]}}],"collection":[{"href":"https:\/\/www.gereso.com\/actualites\/wp-json\/wp\/v2\/posts"}],"about":[{"href":"https:\/\/www.gereso.com\/actualites\/wp-json\/wp\/v2\/types\/post"}],"author":[{"embeddable":true,"href":"https:\/\/www.gereso.com\/actualites\/wp-json\/wp\/v2\/users\/32"}],"replies":[{"embeddable":true,"href":"https:\/\/www.gereso.com\/actualites\/wp-json\/wp\/v2\/comments?post=1844"}],"version-history":[{"count":0,"href":"https:\/\/www.gereso.com\/actualites\/wp-json\/wp\/v2\/posts\/1844\/revisions"}],"wp:attachment":[{"href":"https:\/\/www.gereso.com\/actualites\/wp-json\/wp\/v2\/media?parent=1844"}],"wp:term":[{"taxonomy":"category","embeddable":true,"href":"https:\/\/www.gereso.com\/actualites\/wp-json\/wp\/v2\/categories?post=1844"},{"taxonomy":"post_tag","embeddable":true,"href":"https:\/\/www.gereso.com\/actualites\/wp-json\/wp\/v2\/tags?post=1844"}],"curies":[{"name":"wp","href":"https:\/\/api.w.org\/{rel}","templated":true}]}}