{"id":1848,"date":"2010-03-10T00:00:00","date_gmt":"2010-03-09T22:00:00","guid":{"rendered":"https:\/\/www.gereso.com\/actualites\/2010\/03\/elections-professionnelles-attention-nouvelle-adresse-pour-les-resultats\/"},"modified":"2010-03-10T00:00:00","modified_gmt":"2010-03-09T22:00:00","slug":"elections-professionnelles-attention-nouvelle-adresse-pour-les-resultats","status":"publish","type":"post","link":"https:\/\/www.gereso.com\/actualites\/2010\/03\/10\/elections-professionnelles-attention-nouvelle-adresse-pour-les-resultats\/","title":{"rendered":"Elections professionnelles : attention ! Nouvelle adresse pour les r\u00e9sultats"},"content":{"rendered":"\n<div style=\"padding: 10px; float: left; width: 295px; background-color: rgb(183, 215, 220); margin-right: 10px;\">\n<p><strong>Rappel<\/strong><\/p>\n<li>La loi portant r\u00e9novation de la d\u00e9mocratie sociale a modifi\u00e9 les crit\u00e8res relatifs \u00e0 la repr\u00e9sentativit\u00e9 des syndicats au niveau d&rsquo;une branche et au niveau national interprofessionnel. Loi n\u00b0 2008-789 du 20 ao\u00fbt 2008.<\/li>\n<li>L&rsquo;audience fait partie des <strong>7 crit\u00e8res retenus<\/strong> pour mesurer la repr\u00e9sentativit\u00e9 d&rsquo;une organisation syndicale (Code du travail, art. L. 2121-1). <\/li>\n<li>Elle se mesure \u00e0 l&rsquo;aide des <strong>r\u00e9sultats obtenus au 1er tour<\/strong> des \u00e9lections des repr\u00e9sentants du personnel\u00a0: CE, d\u00e9l\u00e9gation unique du personnel (DUP) ou d\u00e9l\u00e9gu\u00e9 du personnel (DP).<\/li><\/div>\n<h2><strong>Le PV est \u00e0 adresser au Centre de Traitement des Elections professionnelles<\/strong><\/h2>\n<p>Pour rappel, toute entreprise qui compte 11 salari\u00e9s et plus est dans l&rsquo;obligation d&rsquo;organiser p\u00e9riodiquement des \u00e9lections de repr\u00e9sentant du personnel. <\/p>\n<p>Apr\u00e8s les \u00e9lections, les entreprises doivent adresser <strong>un exemplaire du proc\u00e8s-verbal des \u00e9lections professionnelles \u00e0 un prestataire<\/strong> agissant pour le compte du minist\u00e8re du Travail.<\/p>\n<p>Attention\u00a0! L&rsquo;URSAFF informe que depuis le 1er janvier 2010, <strong>le prestataire a chang\u00e9<\/strong>.<\/p>\n<p>Dor\u00e9navant, les PV des \u00e9lections professionnelles devront \u00eatre adress\u00e9s au Centre de Traitement des Elections professionnelles \u00e0 l&rsquo;adresse suivante :<\/p>\n<p align=\"center\" style=\"text-align: center;\"><strong>CTEP<\/strong><br \/>TSA 79104<br \/>76934 ROUEN Cedex 9<\/p>\n<p>A noter que la liste des organisations syndicales repr\u00e9sentatives par branche, au niveau national et interprofessionnel, devrait \u00eatre connue au plus tard en ao\u00fbt 2013.<\/p>\n","protected":false},"excerpt":{"rendered":"<p>Rappel La loi portant r\u00e9novation de la d\u00e9mocratie sociale a modifi\u00e9 les crit\u00e8res relatifs \u00e0 la repr\u00e9sentativit\u00e9 des syndicats au niveau d&rsquo;une branche et au niveau national interprofessionnel. Loi n\u00b0 2008-789 du 20 ao\u00fbt 2008. L&rsquo;audience fait partie des 7 crit\u00e8res retenus pour mesurer la repr\u00e9sentativit\u00e9 d&rsquo;une organisation syndicale (Code du travail, art. L. 2121-1). [&hellip;]<\/p>\n","protected":false},"author":32,"featured_media":0,"comment_status":"open","ping_status":"open","sticky":false,"template":"","format":"standard","meta":{"_acf_changed":false,"_mi_skip_tracking":false,"footnotes":""},"categories":[5],"tags":[],"class_list":["post-1848","post","type-post","status-publish","format-standard","hentry","category-droit-du-travail"],"acf":[],"yoast_head":"<!-- This site is optimized with the Yoast SEO plugin v23.4 - https:\/\/yoast.com\/wordpress\/plugins\/seo\/ -->\n<title>Elections professionnelles : attention ! Nouvelle adresse pour les r\u00e9sultats - Le Blog GERESO<\/title>\n<meta name=\"robots\" content=\"index, follow, max-snippet:-1, max-image-preview:large, max-video-preview:-1\" \/>\n<link rel=\"canonical\" href=\"https:\/\/www.gereso.com\/actualites\/2010\/03\/10\/elections-professionnelles-attention-nouvelle-adresse-pour-les-resultats\/\" \/>\n<meta property=\"og:locale\" content=\"fr_FR\" \/>\n<meta property=\"og:type\" content=\"article\" \/>\n<meta property=\"og:title\" content=\"Elections professionnelles : attention ! Nouvelle adresse pour les r\u00e9sultats - Le Blog GERESO\" \/>\n<meta property=\"og:description\" content=\"Rappel La loi portant r\u00e9novation de la d\u00e9mocratie sociale a modifi\u00e9 les crit\u00e8res relatifs \u00e0 la repr\u00e9sentativit\u00e9 des syndicats au niveau d&rsquo;une branche et au niveau national interprofessionnel. Loi n\u00b0 2008-789 du 20 ao\u00fbt 2008. L&rsquo;audience fait partie des 7 crit\u00e8res retenus pour mesurer la repr\u00e9sentativit\u00e9 d&rsquo;une organisation syndicale (Code du travail, art. L. 2121-1). [&hellip;]\" \/>\n<meta property=\"og:url\" content=\"https:\/\/www.gereso.com\/actualites\/2010\/03\/10\/elections-professionnelles-attention-nouvelle-adresse-pour-les-resultats\/\" \/>\n<meta property=\"og:site_name\" content=\"Le Blog GERESO\" \/>\n<meta property=\"article:published_time\" content=\"2010-03-09T22:00:00+00:00\" \/>\n<meta name=\"author\" content=\"\u00c9quipe GERESO\" \/>\n<meta name=\"twitter:card\" content=\"summary_large_image\" \/>\n<script type=\"application\/ld+json\" class=\"yoast-schema-graph\">{\"@context\":\"https:\/\/schema.org\",\"@graph\":[{\"@type\":\"WebPage\",\"@id\":\"https:\/\/www.gereso.com\/actualites\/2010\/03\/10\/elections-professionnelles-attention-nouvelle-adresse-pour-les-resultats\/\",\"url\":\"https:\/\/www.gereso.com\/actualites\/2010\/03\/10\/elections-professionnelles-attention-nouvelle-adresse-pour-les-resultats\/\",\"name\":\"Elections professionnelles : attention ! Nouvelle adresse pour les r\u00e9sultats - Le Blog GERESO\",\"isPartOf\":{\"@id\":\"https:\/\/www.gereso.com\/actualites\/#website\"},\"datePublished\":\"2010-03-09T22:00:00+00:00\",\"dateModified\":\"2010-03-09T22:00:00+00:00\",\"author\":{\"@id\":\"https:\/\/www.gereso.com\/actualites\/#\/schema\/person\/197d8aef40cb4ae3f6a0aa9e1d3df2a6\"},\"breadcrumb\":{\"@id\":\"https:\/\/www.gereso.com\/actualites\/2010\/03\/10\/elections-professionnelles-attention-nouvelle-adresse-pour-les-resultats\/#breadcrumb\"},\"inLanguage\":\"fr-FR\",\"potentialAction\":[{\"@type\":\"ReadAction\",\"target\":[\"https:\/\/www.gereso.com\/actualites\/2010\/03\/10\/elections-professionnelles-attention-nouvelle-adresse-pour-les-resultats\/\"]}]},{\"@type\":\"BreadcrumbList\",\"@id\":\"https:\/\/www.gereso.com\/actualites\/2010\/03\/10\/elections-professionnelles-attention-nouvelle-adresse-pour-les-resultats\/#breadcrumb\",\"itemListElement\":[{\"@type\":\"ListItem\",\"position\":1,\"name\":\"Home\",\"item\":\"https:\/\/www.gereso.com\/actualites\/\"},{\"@type\":\"ListItem\",\"position\":2,\"name\":\"Elections professionnelles : attention ! Nouvelle adresse pour les r\u00e9sultats\"}]},{\"@type\":\"WebSite\",\"@id\":\"https:\/\/www.gereso.com\/actualites\/#website\",\"url\":\"https:\/\/www.gereso.com\/actualites\/\",\"name\":\"Le Blog GERESO\",\"description\":\"Toute l&#039;actu RH, Finance, Fonction Publique, Management...\",\"potentialAction\":[{\"@type\":\"SearchAction\",\"target\":{\"@type\":\"EntryPoint\",\"urlTemplate\":\"https:\/\/www.gereso.com\/actualites\/?s={search_term_string}\"},\"query-input\":{\"@type\":\"PropertyValueSpecification\",\"valueRequired\":true,\"valueName\":\"search_term_string\"}}],\"inLanguage\":\"fr-FR\"},{\"@type\":\"Person\",\"@id\":\"https:\/\/www.gereso.com\/actualites\/#\/schema\/person\/197d8aef40cb4ae3f6a0aa9e1d3df2a6\",\"name\":\"\u00c9quipe GERESO\",\"image\":{\"@type\":\"ImageObject\",\"inLanguage\":\"fr-FR\",\"@id\":\"https:\/\/www.gereso.com\/actualites\/#\/schema\/person\/image\/\",\"url\":\"https:\/\/www.gereso.com\/actualites\/wp-content\/uploads\/2013\/12\/avatar-gereso-1.png\",\"contentUrl\":\"https:\/\/www.gereso.com\/actualites\/wp-content\/uploads\/2013\/12\/avatar-gereso-1.png\",\"caption\":\"\u00c9quipe GERESO\"},\"url\":\"https:\/\/www.gereso.com\/actualites\/author\/gereso\/\"}]}<\/script>\n<!-- \/ Yoast SEO plugin. -->","yoast_head_json":{"title":"Elections professionnelles : attention ! Nouvelle adresse pour les r\u00e9sultats - Le Blog GERESO","robots":{"index":"index","follow":"follow","max-snippet":"max-snippet:-1","max-image-preview":"max-image-preview:large","max-video-preview":"max-video-preview:-1"},"canonical":"https:\/\/www.gereso.com\/actualites\/2010\/03\/10\/elections-professionnelles-attention-nouvelle-adresse-pour-les-resultats\/","og_locale":"fr_FR","og_type":"article","og_title":"Elections professionnelles : attention ! Nouvelle adresse pour les r\u00e9sultats - Le Blog GERESO","og_description":"Rappel La loi portant r\u00e9novation de la d\u00e9mocratie sociale a modifi\u00e9 les crit\u00e8res relatifs \u00e0 la repr\u00e9sentativit\u00e9 des syndicats au niveau d&rsquo;une branche et au niveau national interprofessionnel. Loi n\u00b0 2008-789 du 20 ao\u00fbt 2008. L&rsquo;audience fait partie des 7 crit\u00e8res retenus pour mesurer la repr\u00e9sentativit\u00e9 d&rsquo;une organisation syndicale (Code du travail, art. L. 2121-1). [&hellip;]","og_url":"https:\/\/www.gereso.com\/actualites\/2010\/03\/10\/elections-professionnelles-attention-nouvelle-adresse-pour-les-resultats\/","og_site_name":"Le Blog GERESO","article_published_time":"2010-03-09T22:00:00+00:00","author":"\u00c9quipe GERESO","twitter_card":"summary_large_image","schema":{"@context":"https:\/\/schema.org","@graph":[{"@type":"WebPage","@id":"https:\/\/www.gereso.com\/actualites\/2010\/03\/10\/elections-professionnelles-attention-nouvelle-adresse-pour-les-resultats\/","url":"https:\/\/www.gereso.com\/actualites\/2010\/03\/10\/elections-professionnelles-attention-nouvelle-adresse-pour-les-resultats\/","name":"Elections professionnelles : attention ! Nouvelle adresse pour les r\u00e9sultats - Le Blog GERESO","isPartOf":{"@id":"https:\/\/www.gereso.com\/actualites\/#website"},"datePublished":"2010-03-09T22:00:00+00:00","dateModified":"2010-03-09T22:00:00+00:00","author":{"@id":"https:\/\/www.gereso.com\/actualites\/#\/schema\/person\/197d8aef40cb4ae3f6a0aa9e1d3df2a6"},"breadcrumb":{"@id":"https:\/\/www.gereso.com\/actualites\/2010\/03\/10\/elections-professionnelles-attention-nouvelle-adresse-pour-les-resultats\/#breadcrumb"},"inLanguage":"fr-FR","potentialAction":[{"@type":"ReadAction","target":["https:\/\/www.gereso.com\/actualites\/2010\/03\/10\/elections-professionnelles-attention-nouvelle-adresse-pour-les-resultats\/"]}]},{"@type":"BreadcrumbList","@id":"https:\/\/www.gereso.com\/actualites\/2010\/03\/10\/elections-professionnelles-attention-nouvelle-adresse-pour-les-resultats\/#breadcrumb","itemListElement":[{"@type":"ListItem","position":1,"name":"Home","item":"https:\/\/www.gereso.com\/actualites\/"},{"@type":"ListItem","position":2,"name":"Elections professionnelles : attention ! Nouvelle adresse pour les r\u00e9sultats"}]},{"@type":"WebSite","@id":"https:\/\/www.gereso.com\/actualites\/#website","url":"https:\/\/www.gereso.com\/actualites\/","name":"Le Blog GERESO","description":"Toute l&#039;actu RH, Finance, Fonction Publique, Management...","potentialAction":[{"@type":"SearchAction","target":{"@type":"EntryPoint","urlTemplate":"https:\/\/www.gereso.com\/actualites\/?s={search_term_string}"},"query-input":{"@type":"PropertyValueSpecification","valueRequired":true,"valueName":"search_term_string"}}],"inLanguage":"fr-FR"},{"@type":"Person","@id":"https:\/\/www.gereso.com\/actualites\/#\/schema\/person\/197d8aef40cb4ae3f6a0aa9e1d3df2a6","name":"\u00c9quipe GERESO","image":{"@type":"ImageObject","inLanguage":"fr-FR","@id":"https:\/\/www.gereso.com\/actualites\/#\/schema\/person\/image\/","url":"https:\/\/www.gereso.com\/actualites\/wp-content\/uploads\/2013\/12\/avatar-gereso-1.png","contentUrl":"https:\/\/www.gereso.com\/actualites\/wp-content\/uploads\/2013\/12\/avatar-gereso-1.png","caption":"\u00c9quipe GERESO"},"url":"https:\/\/www.gereso.com\/actualites\/author\/gereso\/"}]}},"_links":{"self":[{"href":"https:\/\/www.gereso.com\/actualites\/wp-json\/wp\/v2\/posts\/1848","targetHints":{"allow":["GET"]}}],"collection":[{"href":"https:\/\/www.gereso.com\/actualites\/wp-json\/wp\/v2\/posts"}],"about":[{"href":"https:\/\/www.gereso.com\/actualites\/wp-json\/wp\/v2\/types\/post"}],"author":[{"embeddable":true,"href":"https:\/\/www.gereso.com\/actualites\/wp-json\/wp\/v2\/users\/32"}],"replies":[{"embeddable":true,"href":"https:\/\/www.gereso.com\/actualites\/wp-json\/wp\/v2\/comments?post=1848"}],"version-history":[{"count":0,"href":"https:\/\/www.gereso.com\/actualites\/wp-json\/wp\/v2\/posts\/1848\/revisions"}],"wp:attachment":[{"href":"https:\/\/www.gereso.com\/actualites\/wp-json\/wp\/v2\/media?parent=1848"}],"wp:term":[{"taxonomy":"category","embeddable":true,"href":"https:\/\/www.gereso.com\/actualites\/wp-json\/wp\/v2\/categories?post=1848"},{"taxonomy":"post_tag","embeddable":true,"href":"https:\/\/www.gereso.com\/actualites\/wp-json\/wp\/v2\/tags?post=1848"}],"curies":[{"name":"wp","href":"https:\/\/api.w.org\/{rel}","templated":true}]}}