{"id":1851,"date":"2010-04-12T00:00:00","date_gmt":"2010-04-11T22:00:00","guid":{"rendered":"https:\/\/www.gereso.com\/actualites\/2010\/04\/actualite-juridique-et-sociale-ce-que-vous-devez-savoir\/"},"modified":"2010-04-12T00:00:00","modified_gmt":"2010-04-11T22:00:00","slug":"actualite-juridique-et-sociale-ce-que-vous-devez-savoir","status":"publish","type":"post","link":"https:\/\/www.gereso.com\/actualites\/2010\/04\/12\/actualite-juridique-et-sociale-ce-que-vous-devez-savoir\/","title":{"rendered":"Actualit\u00e9 juridique et sociale : ce que vous devez savoir !"},"content":{"rendered":"\n<p>Arr\u00eats detravail pour maladie ne pouvant justifier un retard de carri\u00e8re,licenciement pour faute grave suite au refus d&rsquo;un salari\u00e9 d&rsquo;ex\u00e9cuter certaines t\u00e2chesde travail, heures compl\u00e9mentaires devant \u00eatre pay\u00e9es et non compens\u00e9es par durepos&#8230; Parce que l&rsquo;actualit\u00e9 sociale ne vous attend pas mais qu&rsquo;elle p\u00e8se survotre activit\u00e9, Amandine LECOMTE, consultante en paie et droit social met lecurseur sur les derni\u00e8res \u00e9volutions jurisprudentielles. FOCUS.<\/p>\n<p style=\"font-weight: bold;\">DROIT DU TRAVAIL<\/p>\n<li>Des retards, m\u00eame r\u00e9p\u00e9t\u00e9s, ne justifient pas toujours un licenciement !<\/li>\n<li>P\u00e9nalit\u00e9s seniors<\/li>\n<li>Prise d&rsquo;acte requalifi\u00e9e en licenciement sans cause r\u00e9elle et s\u00e9rieuse : l&rsquo;indemnit\u00e9 compensatrice de pr\u00e9avis peut \u00eatre due<\/li>\n<li>Des arr\u00eats de travail pour maladie ne peuvent pas justifier un retard de carri\u00e8re<\/li>\n<li>P\u00e9riode d&rsquo;essai<\/li>\n<li>Face aux refus d&rsquo;ex\u00e9cuter certaines t\u00e2ches de travail, l&#8217;employeur peut licencier pour faute grave<\/li>\n<li>Le CV anonyme en phase d&rsquo;exp\u00e9rimentation<\/li>\n<p style=\"font-weight: bold;\">PAIE<\/p>\n<li>Habillage dans l&rsquo;entreprise non obligatoire : pas de contrepartie \u00e0 verser !<\/li>\n<li>Les heures compl\u00e9mentaires doivent \u00eatre pay\u00e9es et non compens\u00e9es par du repos<\/li>\n<li>Bons d&rsquo;achat<\/li>\n<li>Identifier les primes n&rsquo;entrant pas dans l&rsquo;assiette de calcul de diverses indemnit\u00e9s<\/li>\n<li>L&#8217;employeur peut fixer par note de service un d\u00e9lai de production des justificatifs de frais professionnels <\/li>\n<li>Pas de fixation unilat\u00e9rale des conditions de prise en charge des frais professionnels en de\u00e7\u00e0 de leur co\u00fbt r\u00e9el<\/li>\n<p><span style=\"font-weight: bold;\">PROTECTION SOCIALE<\/span><\/p>\n<li>Impossibilit\u00e9 de maintenir un contrat : le motif \u00e9conomique ne la caract\u00e9rise pas n\u00e9cessairement<\/li>\n<h3><b>DROIT DU TRAVAIL<\/b><\/h3>\n<h4><b>Des retards,m\u00eame r\u00e9p\u00e9t\u00e9s, ne justifient pas toujours un licenciement\u00a0!<\/b><\/h4>\n<p>Un salari\u00e9 avait \u00e9t\u00e9 licenci\u00e9 pour faute grave au motifqu&rsquo;il \u00e9tait arriv\u00e9 un matin \u00e0 son poste avec quelques minutes de retard, alorsqu&rsquo;il avait d\u00e9j\u00e0 re\u00e7u un avertissement dix-huit mois plus t\u00f4t pour plusieursretards au cours du mois d&rsquo;octobre 2004.<br \/>Les juges estiment que les faits reproch\u00e9s au salari\u00e9 ne sont pas constitutifsd&rsquo;une faute grave et d\u00e9clarent m\u00eame le licenciement sans cause r\u00e9elle ets\u00e9rieuse.<\/p>\n<p>Cass. soc. 2 mars 2010, n\u00b0 08-44457 D<\/p>\n<h4><b>P\u00e9nalit\u00e9s seniors<\/b><\/h4>\n<p>L&rsquo; Acoss revientsur les r\u00e8gles de versement de la p\u00e9nalit\u00e9 de 1 % pour les entreprises noncouvertes par un accord ou un plan d&rsquo;action en faveur de l&#8217;emploi des seniors. <br \/>Elle pr\u00e9cise qu&rsquo;en cas de franchissement des seuils de 50 et 300 salari\u00e9s aucours d&rsquo;une ann\u00e9e, l&rsquo;entreprise ne sera assujettie \u00e0 la p\u00e9nalit\u00e9 qu&rsquo;\u00e0 compterdu 1er avril de l&rsquo;ann\u00e9e suivante si elle n&rsquo;est pas couverte par un accord ou unplan d&rsquo;action \u00e0 la fin de ce m\u00eame mois. <br \/>Sur un plan pratique, l&rsquo;ACOSS pr\u00e9cise \u00e9galement que l&rsquo;assiette, le taux et lemontant de la p\u00e9nalit\u00e9 doivent figurer sur le bordereau r\u00e9capitulatif descotisations et le tableau annuel sous le code de type de personnel 770.<\/p>\n<p>Lettre-circ. ACOSS 2010-32 du 8 f\u00e9vrier 2010<\/p>\n<h4>\u00a0<b>Prise d&rsquo;acterequalifi\u00e9e en licenciement sans cause r\u00e9elle et s\u00e9rieuse : l&rsquo;indemnit\u00e9compensatrice de pr\u00e9avis peut \u00eatre due<\/b><\/h4>\n<p>Un salari\u00e9 avait d\u00e9missionn\u00e9 en reprochant certainesmodifications de son contrat \u00e0 l&#8217;employeur et avait \u00e9t\u00e9 dispens\u00e9, \u00e0 sa demande,d&rsquo;effectuer son pr\u00e9avis. Cette d\u00e9mission, qui s&rsquo;analysait en une prise d&rsquo;actede la rupture du contrat, a \u00e9t\u00e9 reconnue comme produisant les effets d&rsquo;unlicenciement sans cause r\u00e9elle et s\u00e9rieuse : le salari\u00e9 demandait alors lepaiement de diverses indemnit\u00e9s.<br \/>Lorsque la prise d&rsquo;acte de la rupture produit les effets d&rsquo;un licenciement sanscause r\u00e9elle et s\u00e9rieuse, le salari\u00e9 a droit a une indemnit\u00e9 compensatrice depr\u00e9avis, peu important qu&rsquo;il ait, \u00e0 sa demande, \u00e9t\u00e9 dispens\u00e9 par l&#8217;employeurd&rsquo;ex\u00e9cuter son pr\u00e9avis ou qu&rsquo;il ait \u00e9t\u00e9 en arr\u00eat de travail pour maladie aucours de cette p\u00e9riode.<\/p>\n<p>Cass. soc. 20 janvier 2010, n\u00b0 08-43471 FSPB<\/p>\n<h4>\u00a0<b>Des arr\u00eats detravail pour maladie ne peuvent pas justifier un retard de carri\u00e8re<\/b><\/h4>\n<p>Dans sa gestion du personnel, qu&rsquo;il s&rsquo;agisse der\u00e9mun\u00e9ration, de promotion, de sanction disciplinaire ou encore delicenciement, l&#8217;employeur ne doit pas prendre en consid\u00e9ration l&rsquo;\u00e9tat de sant\u00e9des salari\u00e9s.<\/p>\n<p>En effet, \u00e0 moins de reposer sur des \u00e9l\u00e9ments objectifs,\u00e9trangers \u00e0 toute discrimination, une d\u00e9cision fond\u00e9e sur l&rsquo;\u00e9tat de sant\u00e9 estnulle (c. trav. art. L. 1132-1).<br \/>L&rsquo;interdiction de toute mesure discriminatoire fond\u00e9e sur l&rsquo;\u00e9tat de sant\u00e9englobe les questions de classification et de promotion professionnelle. <\/p>\n<p>Ainsi, une soci\u00e9t\u00e9 de transport maritime ne peut pasexpliquer la titularisation tardive d&rsquo;un matelot par de \u00ab fr\u00e9quents arr\u00eats detravail pour maladie \u00bb. Une telle justification \u00e9tant discriminatoire, carfond\u00e9e sur l&rsquo;\u00e9tat de sant\u00e9 du salari\u00e9, l&#8217;employeur devait d\u00e8s lors faireb\u00e9n\u00e9ficier l&rsquo;int\u00e9ress\u00e9 d&rsquo;un rattrapage de carri\u00e8re.<\/p>\n<p>Cass. soc. 28 janvier 2010, n\u00b0 08-44486 FSPB<\/p>\n<h4><b>P\u00e9rioded&rsquo;essai<\/b><\/h4>\n<p>Le salari\u00e9 doit avoir explicitement accept\u00e9 lerenouvellement de la p\u00e9riode d&rsquo;essai<\/p>\n<p>L&#8217;employeur peut renouveler une fois la p\u00e9riode d&rsquo;essaid&rsquo;un salari\u00e9 \u00e0 la double condition que cette possibilit\u00e9 de renouvellement soitpr\u00e9vue :<\/p>\n<li>par le contrat de travail ou la lettre d&#8217;embauche (c. trav. art. L. 1221-23);<\/li>\n<li>par un accord de branche \u00e9tendu qui en fixe les conditions et les dur\u00e9es (c.trav. art. L. 1221-21).<\/li>\n<p>Il est aussi n\u00e9cessaire que le salari\u00e9 ait express\u00e9mentaccept\u00e9 le renouvellement de sa p\u00e9riode d&rsquo;essai. La manifestation de volont\u00e9 dusalari\u00e9 doit \u00eatre claire et non \u00e9quivoque. \u00c0 ce titre, elle ne peut \u00eatred\u00e9duite de la seule apposition de sa signature sur un document \u00e9tabli parl&#8217;employeur.<\/p>\n<p>Cass. soc. 25 novembre 2009, n\u00b0 08-43008 FPB<\/p>\n<h4><b>Face aux refusd&rsquo;ex\u00e9cuter certaines t\u00e2ches de travail, l&#8217;employeur peut licencier pour faute grave<\/b><\/h4>\n<p>Un employeur avait licenci\u00e9 pour faute grave un salari\u00e9qui avait plusieurs fois refus\u00e9 d&rsquo;accomplir certaines t\u00e2ches qu&rsquo;il ex\u00e9cutaitpourtant depuis son embauche et qui relevaient, selon l&#8217;employeur, de sonposte. D&rsquo;apr\u00e8s le salari\u00e9, il pouvait tout \u00e0 fait refuser d&rsquo;accomplir cest\u00e2ches, car elles n&rsquo;entraient pas dans ses attributions au regard de soncontrat de travail. Par ailleurs, il soutenait qu&rsquo;il importait peu qu&rsquo;il en aitaccompli certaines par le pass\u00e9.<\/p>\n<p>Or, dans cette affaire, le travail que le salari\u00e9 avait refus\u00e9 d&rsquo;ex\u00e9cuter \u00e0plusieurs reprises correspondait \u00e0 sa qualification. Par cons\u00e9quent, ces refusinjustifi\u00e9s, exprim\u00e9s en pr\u00e9sence d&rsquo;autres salari\u00e9s, rendaient impossible lapoursuite de son contrat de travail et constituaient une faute grave.L&#8217;employeur avait donc pu licencier le salari\u00e9 pour une telle faute.<\/p>\n<p>Cass. soc. 21 octobre 2009, n\u00b0 08-43219 D <\/p>\n<h4><b>Le CV anonymeen phase d&rsquo;exp\u00e9rimentation<\/b><\/h4>\n<p>En th\u00e9orie, depuis plus de trois ans dans les entreprisesde 50 salari\u00e9s et plus, les informations demand\u00e9es \u00e0 un candidat \u00e0 un emploilors d&rsquo;une proc\u00e9dure de recrutement et celles communiqu\u00e9es par \u00e9crit par cecandidat doit \u00eatre examin\u00e9es dans des conditions pr\u00e9servant son anonymat (c.trav. art. L. 1221-7 issu de la loi 2006-396 du 31 mars 2006).<\/p>\n<p>Malgr\u00e9 ce texte, l&rsquo;exigence du CV anonyme dans les entreprises concern\u00e9es n&rsquo;esttoujours pas entr\u00e9e en pratique faute de d\u00e9cret d&rsquo;application.<\/p>\n<p>A d\u00e9faut de rem\u00e9dier \u00e0 ce manque par la publication d&rsquo;un d\u00e9cret, legouvernement vient d&rsquo;opter pour une \u00ab exp\u00e9rimentation \u00bb de ce m\u00e9canisme fond\u00e9esur le volontariat. Si cela s&rsquo;av\u00e8re concluant, un d\u00e9cret verra peut-\u00eatre enfinle jour \u00e0 la rentr\u00e9e 2010.<\/p>\n<p>Communiqu\u00e9 du 3 novembre 2009<\/p>\n<h3><b>PAIE<\/b><\/h3>\n<h4>\u00a0<b>Habillage dansl&rsquo;entreprise non obligatoire : pas de contrepartie \u00e0 verser\u00a0!<\/b><\/\nh4> <\/p>\n<p>Un employeur avait \u00e9t\u00e9 condamn\u00e9 pour ne pas avoir accord\u00e9de contreparties \u00e0 ses salari\u00e9s en compensation du temps n\u00e9cessaire auxop\u00e9rations d&rsquo;habillage et de d\u00e9shabillage de leur tenue de service obligatoire.<br \/>Pour rappel, si les temps d&rsquo;habillage et de d\u00e9shabillage doivent donner lieu \u00e0des contreparties (financi\u00e8res ou sous forme de repos), deux conditionscumulatives doivent \u00eatre r\u00e9unies :<\/p>\n<li>le port de la tenue de service doit \u00eatre obligatoire (c. trav. art. L.3121-3) ;<\/li>\n<li>l&rsquo;habillage et le d\u00e9shabillage dans l&rsquo;entreprise ou sur le lieu de travaildoivent \u00eatre impos\u00e9s<\/li>\n<p>Or dans cette affaire, si la premi\u00e8re condition \u00e9tait remplie, la secondefaisait d\u00e9faut. <br \/>Les salari\u00e9s, libres de choisir de rev\u00eatir et d&rsquo;\u00f4ter leur tenue, ou non, sur lelieu de travail, ne pouvaient donc demander le versement de contreparties.<\/p>\n<p>Cass. soc. 17 f\u00e9vrier 2010, n\u00b0 08-44343 D <\/p>\n<h4><b>Les heurescompl\u00e9mentaires doivent \u00eatre pay\u00e9es et non compens\u00e9es par du repos<\/b><\/h4>\n<p>Un salari\u00e9 r\u00e9clamait la r\u00e9mun\u00e9ration des heurescompl\u00e9mentaires que l&#8217;employeur ne lui avait pas pay\u00e9es mais qu&rsquo;il avaitremplac\u00e9es par un pr\u00e9avis non effectu\u00e9 mais pay\u00e9. <\/p>\n<p>Or aucune disposition l\u00e9gale ne pr\u00e9voit la possibilit\u00e9 deremplacer le paiement des heures compl\u00e9mentaires qu&rsquo;un salari\u00e9 \u00e0 temps partiela effectu\u00e9 par un repos. L&rsquo;administration s&rsquo;est d&rsquo;ailleurs d\u00e9j\u00e0 prononc\u00e9e dansce sens (circ. DRT 2000-7 du 6 d\u00e9cembre 2000).<br \/>En pratique, l&#8217;employeur est donc tenu de payer ces heures (au taux normal,sauf disposition contractuelle ou usage plus avantageux).<\/p>\n<p>Cass. soc. 17 f\u00e9vrier 2010, n\u00b0 08-42828 FSPB<\/p>\n<h4><b>Bons d&rsquo;achat<\/b><\/h4>\n<p>La revalorisation du plafond de s\u00e9curit\u00e9 sociale 2 885 &euro; parmois au 1er janvier 2010 entra\u00eene celle du seuil de la pr\u00e9somption de nonassujettissement des bons d&rsquo;achat et des cadeaux attribu\u00e9s par le comit\u00e9d&rsquo;entreprise ou l&rsquo;entreprise \u00e0 d\u00e9faut de comit\u00e9 d&rsquo;entreprise \u00e0 144 &euro; pour 2010.L&rsquo;ACOSS rappelle que ce plafond s&rsquo;entend par salari\u00e9 et par ann\u00e9e civile.<\/p>\n<p>Lettre-circ. ACOSS 2010-11 du 21 janvier 2010<\/p>\n<h4>\u00a0<b>Identifier lesprimes n&rsquo;entrant pas dans l&rsquo;assiette de calcul de diverses indemnit\u00e9s<\/b><\/h4>\n<p>\u00c0 la diff\u00e9rence des primes obligatoires pr\u00e9vues notammentpar la loi ou la convention collective, les primes facultatives ou b\u00e9n\u00e9volesn&rsquo;entrent pas dans l&rsquo;assiette de calcul des indemnit\u00e9s de rupture. Encons\u00e9quence, l&#8217;employeur ne doit pas les int\u00e9grer \u00e0 l&rsquo;assiette de calcul del&rsquo;indemnit\u00e9 de licenciement, de l&rsquo;indemnit\u00e9 minimale pour licenciement sanscause r\u00e9elle et s\u00e9rieuse, de l&rsquo;indemnit\u00e9 compensatrice de pr\u00e9avis et del&rsquo;indemnit\u00e9 de cong\u00e9s pay\u00e9s (ou compensatrice).<br \/>En pratique, une prime est consid\u00e9r\u00e9e comme facultative d\u00e8s lors quel&#8217;employeur en fixe discr\u00e9tionnairement les montants et les b\u00e9n\u00e9ficiaires etqu&rsquo;il l&rsquo;attribue \u00e0 l&rsquo;occasion d&rsquo;un \u00e9v\u00e9nement unique.<br \/>A titre d&rsquo;exemple, un bonus exceptionnel de 75 000 &euro; vers\u00e9 aux dirigeants etaux cadres du groupe \u00e0 l&rsquo;occasion d&rsquo;une cession de capital n&rsquo;a pas \u00e9t\u00e9 int\u00e9gr\u00e9\u00e0 l&rsquo;assiette de calcul des indemnit\u00e9s de rupture en raison de son caract\u00e8reb\u00e9n\u00e9vole.<\/p>\n<p>Cass. soc. 14 octobre 2009, n\u00b0 07-45587 FPPBR<\/p>\n<h4><b>L&#8217;employeurpeut fixer par note de service un d\u00e9lai de production des justificatifs defrais professionnels<\/b><b>\u00a0<\/b><\/h4>\n<p>Ainsi, l&#8217;employeur, qui avait fix\u00e9 par note de service \u00e0un mois le d\u00e9lai de production des justificatifs de frais professionnels,n&rsquo;\u00e9tait pas dans l&rsquo;obligation de rembourser les frais pour lesquels le salari\u00e9n&rsquo;avait pas respect\u00e9 ce d\u00e9lai.<\/p>\n<p>cass. soc. 29 septembre 2009, n\u00b0 07-45722 FD<\/p>\n<h4>\u00a0<b>Pas defixation unilat\u00e9rale des conditions de prise en charge des frais professionnelsen de\u00e7\u00e0 de leur co\u00fbt r\u00e9el<\/b><b>\u00a0<\/b><\/h4>\n<p>Les frais professionnels d&rsquo;un salari\u00e9 doivent \u00eatrerembours\u00e9s sans qu&rsquo;ils ne puissent \u00eatre imput\u00e9s sur la r\u00e9mun\u00e9ration qui lui estdue, \u00e0 moins qu&rsquo;il n&rsquo;ai \u00e9t\u00e9 pr\u00e9vu dans le contrat de travail ou dans laconvention collective qui lui est applicable qu&rsquo;il en conserve la chargemoyennant le versement d&rsquo;une somme forfaitaire et \u00e0 la condition que lar\u00e9mun\u00e9ration soit au moins \u00e9gale au SMIC.<\/p>\n<p>L&#8217;employeur ne peut fixer unilat\u00e9ralement les conditions de prise en charge desfrais professionnels en de\u00e7\u00e0 de leur co\u00fbt r\u00e9el.<\/p>\n<p>Dans cette hypoth\u00e8se, le salari\u00e9 est en droit de r\u00e9clamer un compl\u00e9ment deremboursement de frais professionnels calcul\u00e9 d&rsquo;apr\u00e8s le bar\u00e8me fiscal, plusfavorable ici que le bar\u00e8me fix\u00e9 unilat\u00e9ralement par l&#8217;employeur dans sonentreprise.<\/p>\n<p>Cass. soc. 23 septembre 2009, n\u00b0 07-44477 FSPB<\/p>\n<h3><b>PROTECTION SOCIALE<\/b><\/h3>\n<h4><b>Impossibilit\u00e9de maintenir un contrat : le motif \u00e9conomique ne la caract\u00e9rise pasn\u00e9cessairement<\/b><\/h4>\n<p>La lettre de licenciement pourimpossibilit\u00e9 de maintenir le contrat d&rsquo;un salari\u00e9 dont le contrat de travailest suspendu cons\u00e9cutivement \u00e0 une maladie professionnelle ou \u00e0 un accident dutravail doit \u00e9noncer le ou les motifs qui rendent impossible le maintien ducontrat de travail. \u00c0 d\u00e9faut, le licenciement est nul (c. trav. art. L. 1226-9et L. 1226-13).<\/p>\n<p>Le seul \u00e9nonc\u00e9 des difficult\u00e9s \u00e9conomiques et la mention de la suppression duposte de travail ne suffisent pas en soi \u00e0 caract\u00e9riser l&rsquo;impossibilit\u00e9 demaintenir le contrat de travail du salari\u00e9 victime d&rsquo;un accident du travail oud&rsquo;une maladie professionnelle<\/p>\n<p>En l&rsquo;esp\u00e8ce, si la lettre de rupture comportait bien l&rsquo;\u00e9nonc\u00e9 d&rsquo;un motif\u00e9conomique de licenciement, elle ne pr\u00e9cisait pas en quoi l&#8217;employeur avait \u00e9t\u00e9dans l&rsquo;impossibilit\u00e9 de maintenir le contrat de travail de la salari\u00e9e pendantla p\u00e9riode de suspension.<\/p>\n<p>Cass. soc. 17 f\u00e9vrier 2010, n\u00b0 08-45173 D<\/p>\n","protected":false},"excerpt":{"rendered":"<p>Arr\u00eats detravail pour maladie ne pouvant justifier un retard de carri\u00e8re,licenciement pour faute grave suite au refus d&rsquo;un salari\u00e9 d&rsquo;ex\u00e9cuter certaines t\u00e2chesde travail, heures compl\u00e9mentaires devant \u00eatre pay\u00e9es et non compens\u00e9es par durepos&#8230; Parce que l&rsquo;actualit\u00e9 sociale ne vous attend pas mais qu&rsquo;elle p\u00e8se survotre activit\u00e9, Amandine LECOMTE, consultante en paie et droit social met [&hellip;]<\/p>\n","protected":false},"author":32,"featured_media":0,"comment_status":"open","ping_status":"open","sticky":false,"template":"","format":"standard","meta":{"_acf_changed":false,"_mi_skip_tracking":false,"footnotes":""},"categories":[5],"tags":[],"class_list":["post-1851","post","type-post","status-publish","format-standard","hentry","category-droit-du-travail"],"acf":[],"yoast_head":"<!-- This site is optimized with the Yoast SEO plugin v23.4 - https:\/\/yoast.com\/wordpress\/plugins\/seo\/ -->\n<title>Actualit\u00e9 juridique et sociale : ce que vous devez savoir ! - Le Blog GERESO<\/title>\n<meta name=\"robots\" content=\"index, follow, max-snippet:-1, max-image-preview:large, max-video-preview:-1\" \/>\n<link rel=\"canonical\" href=\"https:\/\/www.gereso.com\/actualites\/2010\/04\/12\/actualite-juridique-et-sociale-ce-que-vous-devez-savoir\/\" \/>\n<meta property=\"og:locale\" content=\"fr_FR\" \/>\n<meta property=\"og:type\" content=\"article\" \/>\n<meta property=\"og:title\" content=\"Actualit\u00e9 juridique et sociale : ce que vous devez savoir ! - Le Blog GERESO\" \/>\n<meta property=\"og:description\" content=\"Arr\u00eats detravail pour maladie ne pouvant justifier un retard de carri\u00e8re,licenciement pour faute grave suite au refus d&rsquo;un salari\u00e9 d&rsquo;ex\u00e9cuter certaines t\u00e2chesde travail, heures compl\u00e9mentaires devant \u00eatre pay\u00e9es et non compens\u00e9es par durepos&#8230; Parce que l&rsquo;actualit\u00e9 sociale ne vous attend pas mais qu&rsquo;elle p\u00e8se survotre activit\u00e9, Amandine LECOMTE, consultante en paie et droit social met [&hellip;]\" \/>\n<meta property=\"og:url\" content=\"https:\/\/www.gereso.com\/actualites\/2010\/04\/12\/actualite-juridique-et-sociale-ce-que-vous-devez-savoir\/\" \/>\n<meta property=\"og:site_name\" content=\"Le Blog GERESO\" \/>\n<meta property=\"article:published_time\" content=\"2010-04-11T22:00:00+00:00\" \/>\n<meta name=\"author\" content=\"\u00c9quipe GERESO\" \/>\n<meta name=\"twitter:card\" content=\"summary_large_image\" \/>\n<script type=\"application\/ld+json\" class=\"yoast-schema-graph\">{\"@context\":\"https:\/\/schema.org\",\"@graph\":[{\"@type\":\"WebPage\",\"@id\":\"https:\/\/www.gereso.com\/actualites\/2010\/04\/12\/actualite-juridique-et-sociale-ce-que-vous-devez-savoir\/\",\"url\":\"https:\/\/www.gereso.com\/actualites\/2010\/04\/12\/actualite-juridique-et-sociale-ce-que-vous-devez-savoir\/\",\"name\":\"Actualit\u00e9 juridique et sociale : ce que vous devez savoir ! - Le Blog GERESO\",\"isPartOf\":{\"@id\":\"https:\/\/www.gereso.com\/actualites\/#website\"},\"datePublished\":\"2010-04-11T22:00:00+00:00\",\"dateModified\":\"2010-04-11T22:00:00+00:00\",\"author\":{\"@id\":\"https:\/\/www.gereso.com\/actualites\/#\/schema\/person\/197d8aef40cb4ae3f6a0aa9e1d3df2a6\"},\"breadcrumb\":{\"@id\":\"https:\/\/www.gereso.com\/actualites\/2010\/04\/12\/actualite-juridique-et-sociale-ce-que-vous-devez-savoir\/#breadcrumb\"},\"inLanguage\":\"fr-FR\",\"potentialAction\":[{\"@type\":\"ReadAction\",\"target\":[\"https:\/\/www.gereso.com\/actualites\/2010\/04\/12\/actualite-juridique-et-sociale-ce-que-vous-devez-savoir\/\"]}]},{\"@type\":\"BreadcrumbList\",\"@id\":\"https:\/\/www.gereso.com\/actualites\/2010\/04\/12\/actualite-juridique-et-sociale-ce-que-vous-devez-savoir\/#breadcrumb\",\"itemListElement\":[{\"@type\":\"ListItem\",\"position\":1,\"name\":\"Home\",\"item\":\"https:\/\/www.gereso.com\/actualites\/\"},{\"@type\":\"ListItem\",\"position\":2,\"name\":\"Actualit\u00e9 juridique et sociale : ce que vous devez savoir !\"}]},{\"@type\":\"WebSite\",\"@id\":\"https:\/\/www.gereso.com\/actualites\/#website\",\"url\":\"https:\/\/www.gereso.com\/actualites\/\",\"name\":\"Le Blog GERESO\",\"description\":\"Toute l&#039;actu RH, Finance, Fonction Publique, Management...\",\"potentialAction\":[{\"@type\":\"SearchAction\",\"target\":{\"@type\":\"EntryPoint\",\"urlTemplate\":\"https:\/\/www.gereso.com\/actualites\/?s={search_term_string}\"},\"query-input\":{\"@type\":\"PropertyValueSpecification\",\"valueRequired\":true,\"valueName\":\"search_term_string\"}}],\"inLanguage\":\"fr-FR\"},{\"@type\":\"Person\",\"@id\":\"https:\/\/www.gereso.com\/actualites\/#\/schema\/person\/197d8aef40cb4ae3f6a0aa9e1d3df2a6\",\"name\":\"\u00c9quipe GERESO\",\"image\":{\"@type\":\"ImageObject\",\"inLanguage\":\"fr-FR\",\"@id\":\"https:\/\/www.gereso.com\/actualites\/#\/schema\/person\/image\/\",\"url\":\"https:\/\/www.gereso.com\/actualites\/wp-content\/uploads\/2013\/12\/avatar-gereso-1.png\",\"contentUrl\":\"https:\/\/www.gereso.com\/actualites\/wp-content\/uploads\/2013\/12\/avatar-gereso-1.png\",\"caption\":\"\u00c9quipe GERESO\"},\"url\":\"https:\/\/www.gereso.com\/actualites\/author\/gereso\/\"}]}<\/script>\n<!-- \/ Yoast SEO plugin. -->","yoast_head_json":{"title":"Actualit\u00e9 juridique et sociale : ce que vous devez savoir ! - Le Blog GERESO","robots":{"index":"index","follow":"follow","max-snippet":"max-snippet:-1","max-image-preview":"max-image-preview:large","max-video-preview":"max-video-preview:-1"},"canonical":"https:\/\/www.gereso.com\/actualites\/2010\/04\/12\/actualite-juridique-et-sociale-ce-que-vous-devez-savoir\/","og_locale":"fr_FR","og_type":"article","og_title":"Actualit\u00e9 juridique et sociale : ce que vous devez savoir ! - Le Blog GERESO","og_description":"Arr\u00eats detravail pour maladie ne pouvant justifier un retard de carri\u00e8re,licenciement pour faute grave suite au refus d&rsquo;un salari\u00e9 d&rsquo;ex\u00e9cuter certaines t\u00e2chesde travail, heures compl\u00e9mentaires devant \u00eatre pay\u00e9es et non compens\u00e9es par durepos&#8230; Parce que l&rsquo;actualit\u00e9 sociale ne vous attend pas mais qu&rsquo;elle p\u00e8se survotre activit\u00e9, Amandine LECOMTE, consultante en paie et droit social met [&hellip;]","og_url":"https:\/\/www.gereso.com\/actualites\/2010\/04\/12\/actualite-juridique-et-sociale-ce-que-vous-devez-savoir\/","og_site_name":"Le Blog GERESO","article_published_time":"2010-04-11T22:00:00+00:00","author":"\u00c9quipe GERESO","twitter_card":"summary_large_image","schema":{"@context":"https:\/\/schema.org","@graph":[{"@type":"WebPage","@id":"https:\/\/www.gereso.com\/actualites\/2010\/04\/12\/actualite-juridique-et-sociale-ce-que-vous-devez-savoir\/","url":"https:\/\/www.gereso.com\/actualites\/2010\/04\/12\/actualite-juridique-et-sociale-ce-que-vous-devez-savoir\/","name":"Actualit\u00e9 juridique et sociale : ce que vous devez savoir ! - Le Blog GERESO","isPartOf":{"@id":"https:\/\/www.gereso.com\/actualites\/#website"},"datePublished":"2010-04-11T22:00:00+00:00","dateModified":"2010-04-11T22:00:00+00:00","author":{"@id":"https:\/\/www.gereso.com\/actualites\/#\/schema\/person\/197d8aef40cb4ae3f6a0aa9e1d3df2a6"},"breadcrumb":{"@id":"https:\/\/www.gereso.com\/actualites\/2010\/04\/12\/actualite-juridique-et-sociale-ce-que-vous-devez-savoir\/#breadcrumb"},"inLanguage":"fr-FR","potentialAction":[{"@type":"ReadAction","target":["https:\/\/www.gereso.com\/actualites\/2010\/04\/12\/actualite-juridique-et-sociale-ce-que-vous-devez-savoir\/"]}]},{"@type":"BreadcrumbList","@id":"https:\/\/www.gereso.com\/actualites\/2010\/04\/12\/actualite-juridique-et-sociale-ce-que-vous-devez-savoir\/#breadcrumb","itemListElement":[{"@type":"ListItem","position":1,"name":"Home","item":"https:\/\/www.gereso.com\/actualites\/"},{"@type":"ListItem","position":2,"name":"Actualit\u00e9 juridique et sociale : ce que vous devez savoir !"}]},{"@type":"WebSite","@id":"https:\/\/www.gereso.com\/actualites\/#website","url":"https:\/\/www.gereso.com\/actualites\/","name":"Le Blog GERESO","description":"Toute l&#039;actu RH, Finance, Fonction Publique, Management...","potentialAction":[{"@type":"SearchAction","target":{"@type":"EntryPoint","urlTemplate":"https:\/\/www.gereso.com\/actualites\/?s={search_term_string}"},"query-input":{"@type":"PropertyValueSpecification","valueRequired":true,"valueName":"search_term_string"}}],"inLanguage":"fr-FR"},{"@type":"Person","@id":"https:\/\/www.gereso.com\/actualites\/#\/schema\/person\/197d8aef40cb4ae3f6a0aa9e1d3df2a6","name":"\u00c9quipe GERESO","image":{"@type":"ImageObject","inLanguage":"fr-FR","@id":"https:\/\/www.gereso.com\/actualites\/#\/schema\/person\/image\/","url":"https:\/\/www.gereso.com\/actualites\/wp-content\/uploads\/2013\/12\/avatar-gereso-1.png","contentUrl":"https:\/\/www.gereso.com\/actualites\/wp-content\/uploads\/2013\/12\/avatar-gereso-1.png","caption":"\u00c9quipe GERESO"},"url":"https:\/\/www.gereso.com\/actualites\/author\/gereso\/"}]}},"_links":{"self":[{"href":"https:\/\/www.gereso.com\/actualites\/wp-json\/wp\/v2\/posts\/1851","targetHints":{"allow":["GET"]}}],"collection":[{"href":"https:\/\/www.gereso.com\/actualites\/wp-json\/wp\/v2\/posts"}],"about":[{"href":"https:\/\/www.gereso.com\/actualites\/wp-json\/wp\/v2\/types\/post"}],"author":[{"embeddable":true,"href":"https:\/\/www.gereso.com\/actualites\/wp-json\/wp\/v2\/users\/32"}],"replies":[{"embeddable":true,"href":"https:\/\/www.gereso.com\/actualites\/wp-json\/wp\/v2\/comments?post=1851"}],"version-history":[{"count":0,"href":"https:\/\/www.gereso.com\/actualites\/wp-json\/wp\/v2\/posts\/1851\/revisions"}],"wp:attachment":[{"href":"https:\/\/www.gereso.com\/actualites\/wp-json\/wp\/v2\/media?parent=1851"}],"wp:term":[{"taxonomy":"category","embeddable":true,"href":"https:\/\/www.gereso.com\/actualites\/wp-json\/wp\/v2\/categories?post=1851"},{"taxonomy":"post_tag","embeddable":true,"href":"https:\/\/www.gereso.com\/actualites\/wp-json\/wp\/v2\/tags?post=1851"}],"curies":[{"name":"wp","href":"https:\/\/api.w.org\/{rel}","templated":true}]}}