{"id":1852,"date":"2010-04-12T00:00:00","date_gmt":"2010-04-11T22:00:00","guid":{"rendered":"https:\/\/www.gereso.com\/actualites\/2010\/04\/cdd-le-souhait-du-legislateur-est-une-chose-la-realite-en-est-une-autre\/"},"modified":"2010-04-12T00:00:00","modified_gmt":"2010-04-11T22:00:00","slug":"cdd-le-souhait-du-legislateur-est-une-chose-la-realite-en-est-une-autre","status":"publish","type":"post","link":"https:\/\/www.gereso.com\/actualites\/2010\/04\/12\/cdd-le-souhait-du-legislateur-est-une-chose-la-realite-en-est-une-autre\/","title":{"rendered":"CDD : &quot;Le souhait du l\u00e9gislateur est une chose, la r\u00e9alit\u00e9 en est une autre&#8230;&quot;"},"content":{"rendered":"<p><b><\/b> <\/p>\n<p>Strictement r\u00e9glement\u00e9, le contrat \u00e0dur\u00e9e d\u00e9termin\u00e9 a connu une forte augmentation des intentionsd&#8217;embauche en 2009 (+ 4% en moyenne selon les derni\u00e8res donn\u00e9es del&rsquo;Acoss, la f\u00e9d\u00e9ration des Urssaf). Le CDI, lui est \u00e0 la traine.Marie Dominique Dubrac, juriste et formatrice en droit social dontl&rsquo;ouvrage Le contrat \u00e0 dur\u00e9ed\u00e9termin\u00e9e &#8211; conclure et g\u00e9rer vient de para\u00eetre aux \u00e9ditions GERESO, apporte un \u00e9clairage pr\u00e9cissur ce type de contrat.<\/p>\n<h4><b>GERESO\u00a0: Le contrat\u00e0 dur\u00e9e d\u00e9termin\u00e9e a connu un vrai boom en 2009 au niveau desintentions d&#8217;embauche? N&rsquo;est-ce pas contradictoire avec la r\u00e9glementation qui leconsid\u00e8re comme un contrat d&rsquo;exception&nbsp;?<\/b><\/h4>\n<p><b>Marie-Dominique DUBRAC\u00a0:<\/b> Pour le l\u00e9gislateur, le CDI est lecontrat de droit commun et de ce fait, le CDD est un contratd&rsquo;exception. Sa forte progression en 2009 d\u00e9montre que le souhaitdu l\u00e9gislateur est une chose et que la r\u00e9alit\u00e9 en est une autre&#8230;<\/p>\n<h4><b>Le CDD est extr\u00eamementr\u00e9glement\u00e9? Quelles sont les bonnes questions \u00e0 se poser avantd&rsquo;y recourir\u00a0<\/b>?<\/h4>\n<p>Pour \u00e9viter les \u00e9cueils,il faut avoir une m\u00e9thodologie d&rsquo;approche de la l\u00e9gislation desCDD. Avant de r\u00e9diger ce type de contrat, l&#8217;employeur doit d&rsquo;abordse demander s&rsquo;il est autoris\u00e9 par la loi \u00e0 y recourir. Si lar\u00e9ponse est n\u00e9gative, ce n&rsquo;est pas la peine d&rsquo;aller plus loin,sauf \u00e0 prendre le risque de r\u00e9diger un CDD qui pourra \u00eatrerequalifi\u00e9 automatiquement en CDI devant le Conseil des Prud&rsquo;hommes.S&rsquo;il se trouve dans un cas de recours autoris\u00e9 par la loi, ildevra alors se poser la question suivante\u00a0: a-t-il le choixentre conclure un contrat \u00e0 date fixe ou sans terme pr\u00e9cis\u00a0?Le principe est que le CDD doit \u00eatre conclu \u00e0 date fixe sauf dansles cas o\u00f9 l&#8217;employeur est express\u00e9ment autoris\u00e9 par la loi \u00e0choisir entre un contrat fixe ou sans terme pr\u00e9cis. <\/p>\n<p>Si le CDD est conclu \u00e0 datefixe, une dur\u00e9e maximale est pr\u00e9vue. Celle-ci est variable selonles cas de recours. <\/p>\n<p>Si le contrat est sans termepr\u00e9cis, il n&rsquo;y a pas de dur\u00e9e maximale. La fin du CDD estconstitu\u00e9e par la r\u00e9alisation de l&rsquo;objet du contrat :le retour dusalari\u00e9 absent pour maladie, par exemple. En revanche, le CDD sansterme pr\u00e9cis doit pr\u00e9voir une dur\u00e9e minimale.<\/p>\n<h4>Quellessont les principales mentions qui doivent obligatoirement figurer surle contrat\u00a0?<\/h4>\n<p>Il faut distinguer lesmentions obligatoires, quel que soit le motif de recours, de cellesqui sont sp\u00e9cifiques \u00e0 certains motifs pr\u00e9cis de recours. <\/p>\n<p>Tout CDD, quel que soit lemotif doit pr\u00e9ciser notamment\u00a0:<\/p>\n<li> La d\u00e9finition pr\u00e9cise du motif,<\/li>\n<li> Le montant de la r\u00e9mun\u00e9ration et ses diff\u00e9rentes composantes,<\/li>\n<li> La d\u00e9signation du poste de travail occup\u00e9 par le salari\u00e9 en pr\u00e9cisant s&rsquo;il figure sur la liste des postes pr\u00e9sentant des risques particuliers pour la sant\u00e9 et la s\u00e9curit\u00e9 du salari\u00e9,<\/li>\n<li> L&rsquo;intitul\u00e9 de la convention collective applicable \u00e0 l&rsquo;entreprise,<\/li>\n<li> Le nom et l&rsquo;adresse de la caisse de retraite et le cas \u00e9ch\u00e9ant, ceux de l&rsquo;organismede pr\u00e9voyance .<\/li>\n<p>D&rsquo;autres mentionsconcernent un cas de recours sp\u00e9cifique tel que le remplacementdu salari\u00e9 absent \u00a0: le nom et la qualification du salari\u00e9remplac\u00e9.<\/p>\n<p>\u00c0 ces mentions l\u00e9galesdoivent s&rsquo;ajouter les mentions pr\u00e9vues par les dispositionsconventionnelles\u00a0: convention collective ou accord d&rsquo;entreprise.<\/p>\n<p>Peut \u00e9galement y figurerune mention facultative\u00a0: la p\u00e9riode d&rsquo;essai dans l&rsquo;hypoth\u00e8seo\u00f9 l&#8217;employeur d\u00e9cide d&rsquo;y recourir. <\/p>\n<p>Pour une liste exhaustive etplus pr\u00e9cise , il faut se r\u00e9f\u00e9rer \u00e0 l&rsquo;article L 1242-12 du codedu travail.<\/p>\n<h4><b>De nouvelles p\u00e9riodesd&rsquo;essai sont entr\u00e9es en vigueur en juin 2008 avec la loi demodernisation du march\u00e9 du travail&#8230; S&rsquo;appliquent- elles au CDD\u00a0?<\/b><\/h4>\n<p>Non, ces nouvellesdispositions ne sont pas applicables aux CDD. La l\u00e9gislation dans lecadre des CDD continue de s&rsquo;appliquer sur la base d&rsquo;un jour parsemaine sans pouvoir exc\u00e9der deux semaines lorsque le CDD est d&rsquo;unedur\u00e9e au plus \u00e9gale \u00e0 six mois. La p\u00e9riode d&rsquo;essai estplafonn\u00e9e \u00e0 un mois pour tous les CDD de plus de six mois. Cesdur\u00e9es sont applicables quelle que soit la cat\u00e9gorieprofessionnelle du salari\u00e9\u00a0: ouvriers, employ\u00e9s, technicienset agents de ma\u00eetrise, cadres. <\/p>\n<h4><b>Vous estimez que le CDD n&rsquo;est pasuniquement synonyme de pr\u00e9carit\u00e9 pour le salari\u00e9 puisqu&rsquo;il luipermet notamment d&rsquo;aff\u00fbter ses comp\u00e9tences et de d\u00e9montrer sonadaptabilit\u00e9. Quels sont les droits individuels des salari\u00e9s encontrat \u00e0 dur\u00e9e d\u00e9termin\u00e9e&nbsp;?<\/b><\/h4>\n<p>Leurs droits sont les m\u00eamesque ceux des salari\u00e9s en CDI puisque la loi pose le principe del&rsquo;\u00e9galit\u00e9 de traitement. Par cons\u00e9quent, il b\u00e9n\u00e9ficie des m\u00eamedroits que les salari\u00e9s en CDI tant pour les dispositions l\u00e9galesque conventionnelles, sous r\u00e9serve cependant de remplir lesconditions exig\u00e9es par certains droits : l&rsquo; anciennet\u00e9 requisepour b\u00e9n\u00e9ficier d&rsquo;une prime d&rsquo;anciennet\u00e9, par exemple.<\/p>\n<h4><b>Lorsque l&#8217;employeurconclu plusieurs CDD successifs, doit-il toujours respecter un d\u00e9laientre les diff\u00e9rents contrats\u00a0?<\/b><\/h4>\n<p>\u00c7a d\u00e9pend\u00a0! Leprincipe l\u00e9gal est qu&rsquo;il y a un d\u00e9lai \u00e0 respecter entre deux CDDsuccessifs, sauf dans les cas o\u00f9 la loi autorise express\u00e9ment \u00e0 yrecourir sans d\u00e9lai entre les deux. Il convient de se r\u00e9f\u00e9rer dansla loi \u00e0 chaque cas pr\u00e9cis pour avoir une r\u00e9ponse fiable.<\/p>\n<h4>Dansquel cas l&#8217;employeur encourt-il des sanctions\u00a0?<\/h4>\n<p>D\u00e8s qu&rsquo;il n&rsquo;appliquepas la l\u00e9gislation\u00a0! Il encourt alors des sanctions civiles etp\u00e9nales, y compris pour des formalit\u00e9s que l&#8217;employeur ne prendpas toujours le temps d&rsquo;accomplir dans les d\u00e9lais pr\u00e9vus par laloi. Exemple : la transmission du CDD obligatoire au plus tard dansles deux jours qui suivent l&#8217;embauche. S&rsquo;il transmet le CDDau-del\u00e0 de ce d\u00e9lai, il encourt la requalification du contrat enCDI et une amende de 3750 euros\u00a0!<<\/p>\n","protected":false},"excerpt":{"rendered":"<p>Strictement r\u00e9glement\u00e9, le contrat \u00e0dur\u00e9e d\u00e9termin\u00e9 a connu une forte augmentation des intentionsd&#8217;embauche en 2009 (+ 4% en moyenne selon les derni\u00e8res donn\u00e9es del&rsquo;Acoss, la f\u00e9d\u00e9ration des Urssaf). Le CDI, lui est \u00e0 la traine.Marie Dominique Dubrac, juriste et formatrice en droit social dontl&rsquo;ouvrage Le contrat \u00e0 dur\u00e9ed\u00e9termin\u00e9e &#8211; conclure et g\u00e9rer vient de para\u00eetre [&hellip;]<\/p>\n","protected":false},"author":32,"featured_media":0,"comment_status":"open","ping_status":"open","sticky":false,"template":"","format":"standard","meta":{"_acf_changed":false,"_mi_skip_tracking":false,"footnotes":""},"categories":[5],"tags":[],"class_list":["post-1852","post","type-post","status-publish","format-standard","hentry","category-droit-du-travail"],"acf":[],"yoast_head":"<!-- This site is optimized with the Yoast SEO plugin v23.4 - https:\/\/yoast.com\/wordpress\/plugins\/seo\/ -->\n<title>CDD : &quot;Le souhait du l\u00e9gislateur est une chose, la r\u00e9alit\u00e9 en est une autre...&quot; - Le Blog GERESO<\/title>\n<meta name=\"robots\" content=\"index, follow, max-snippet:-1, max-image-preview:large, max-video-preview:-1\" \/>\n<link rel=\"canonical\" href=\"https:\/\/www.gereso.com\/actualites\/2010\/04\/12\/cdd-le-souhait-du-legislateur-est-une-chose-la-realite-en-est-une-autre\/\" \/>\n<meta property=\"og:locale\" content=\"fr_FR\" \/>\n<meta property=\"og:type\" content=\"article\" \/>\n<meta property=\"og:title\" content=\"CDD : &quot;Le souhait du l\u00e9gislateur est une chose, la r\u00e9alit\u00e9 en est une autre...&quot; - Le Blog GERESO\" \/>\n<meta property=\"og:description\" content=\"Strictement r\u00e9glement\u00e9, le contrat \u00e0dur\u00e9e d\u00e9termin\u00e9 a connu une forte augmentation des intentionsd&#8217;embauche en 2009 (+ 4% en moyenne selon les derni\u00e8res donn\u00e9es del&rsquo;Acoss, la f\u00e9d\u00e9ration des Urssaf). Le CDI, lui est \u00e0 la traine.Marie Dominique Dubrac, juriste et formatrice en droit social dontl&rsquo;ouvrage Le contrat \u00e0 dur\u00e9ed\u00e9termin\u00e9e &#8211; conclure et g\u00e9rer vient de para\u00eetre [&hellip;]\" \/>\n<meta property=\"og:url\" content=\"https:\/\/www.gereso.com\/actualites\/2010\/04\/12\/cdd-le-souhait-du-legislateur-est-une-chose-la-realite-en-est-une-autre\/\" \/>\n<meta property=\"og:site_name\" content=\"Le Blog GERESO\" \/>\n<meta property=\"article:published_time\" content=\"2010-04-11T22:00:00+00:00\" \/>\n<meta name=\"author\" content=\"\u00c9quipe GERESO\" \/>\n<meta name=\"twitter:card\" content=\"summary_large_image\" \/>\n<script type=\"application\/ld+json\" class=\"yoast-schema-graph\">{\"@context\":\"https:\/\/schema.org\",\"@graph\":[{\"@type\":\"WebPage\",\"@id\":\"https:\/\/www.gereso.com\/actualites\/2010\/04\/12\/cdd-le-souhait-du-legislateur-est-une-chose-la-realite-en-est-une-autre\/\",\"url\":\"https:\/\/www.gereso.com\/actualites\/2010\/04\/12\/cdd-le-souhait-du-legislateur-est-une-chose-la-realite-en-est-une-autre\/\",\"name\":\"CDD : &quot;Le souhait du l\u00e9gislateur est une chose, la r\u00e9alit\u00e9 en est une autre...&quot; - Le Blog GERESO\",\"isPartOf\":{\"@id\":\"https:\/\/www.gereso.com\/actualites\/#website\"},\"datePublished\":\"2010-04-11T22:00:00+00:00\",\"dateModified\":\"2010-04-11T22:00:00+00:00\",\"author\":{\"@id\":\"https:\/\/www.gereso.com\/actualites\/#\/schema\/person\/197d8aef40cb4ae3f6a0aa9e1d3df2a6\"},\"breadcrumb\":{\"@id\":\"https:\/\/www.gereso.com\/actualites\/2010\/04\/12\/cdd-le-souhait-du-legislateur-est-une-chose-la-realite-en-est-une-autre\/#breadcrumb\"},\"inLanguage\":\"fr-FR\",\"potentialAction\":[{\"@type\":\"ReadAction\",\"target\":[\"https:\/\/www.gereso.com\/actualites\/2010\/04\/12\/cdd-le-souhait-du-legislateur-est-une-chose-la-realite-en-est-une-autre\/\"]}]},{\"@type\":\"BreadcrumbList\",\"@id\":\"https:\/\/www.gereso.com\/actualites\/2010\/04\/12\/cdd-le-souhait-du-legislateur-est-une-chose-la-realite-en-est-une-autre\/#breadcrumb\",\"itemListElement\":[{\"@type\":\"ListItem\",\"position\":1,\"name\":\"Home\",\"item\":\"https:\/\/www.gereso.com\/actualites\/\"},{\"@type\":\"ListItem\",\"position\":2,\"name\":\"CDD : &quot;Le souhait du l\u00e9gislateur est une chose, la r\u00e9alit\u00e9 en est une autre&#8230;&quot;\"}]},{\"@type\":\"WebSite\",\"@id\":\"https:\/\/www.gereso.com\/actualites\/#website\",\"url\":\"https:\/\/www.gereso.com\/actualites\/\",\"name\":\"Le Blog GERESO\",\"description\":\"Toute l&#039;actu RH, Finance, Fonction Publique, Management...\",\"potentialAction\":[{\"@type\":\"SearchAction\",\"target\":{\"@type\":\"EntryPoint\",\"urlTemplate\":\"https:\/\/www.gereso.com\/actualites\/?s={search_term_string}\"},\"query-input\":{\"@type\":\"PropertyValueSpecification\",\"valueRequired\":true,\"valueName\":\"search_term_string\"}}],\"inLanguage\":\"fr-FR\"},{\"@type\":\"Person\",\"@id\":\"https:\/\/www.gereso.com\/actualites\/#\/schema\/person\/197d8aef40cb4ae3f6a0aa9e1d3df2a6\",\"name\":\"\u00c9quipe GERESO\",\"image\":{\"@type\":\"ImageObject\",\"inLanguage\":\"fr-FR\",\"@id\":\"https:\/\/www.gereso.com\/actualites\/#\/schema\/person\/image\/\",\"url\":\"https:\/\/www.gereso.com\/actualites\/wp-content\/uploads\/2013\/12\/avatar-gereso-1.png\",\"contentUrl\":\"https:\/\/www.gereso.com\/actualites\/wp-content\/uploads\/2013\/12\/avatar-gereso-1.png\",\"caption\":\"\u00c9quipe GERESO\"},\"url\":\"https:\/\/www.gereso.com\/actualites\/author\/gereso\/\"}]}<\/script>\n<!-- \/ Yoast SEO plugin. -->","yoast_head_json":{"title":"CDD : &quot;Le souhait du l\u00e9gislateur est une chose, la r\u00e9alit\u00e9 en est une autre...&quot; - Le Blog GERESO","robots":{"index":"index","follow":"follow","max-snippet":"max-snippet:-1","max-image-preview":"max-image-preview:large","max-video-preview":"max-video-preview:-1"},"canonical":"https:\/\/www.gereso.com\/actualites\/2010\/04\/12\/cdd-le-souhait-du-legislateur-est-une-chose-la-realite-en-est-une-autre\/","og_locale":"fr_FR","og_type":"article","og_title":"CDD : &quot;Le souhait du l\u00e9gislateur est une chose, la r\u00e9alit\u00e9 en est une autre...&quot; - Le Blog GERESO","og_description":"Strictement r\u00e9glement\u00e9, le contrat \u00e0dur\u00e9e d\u00e9termin\u00e9 a connu une forte augmentation des intentionsd&#8217;embauche en 2009 (+ 4% en moyenne selon les derni\u00e8res donn\u00e9es del&rsquo;Acoss, la f\u00e9d\u00e9ration des Urssaf). Le CDI, lui est \u00e0 la traine.Marie Dominique Dubrac, juriste et formatrice en droit social dontl&rsquo;ouvrage Le contrat \u00e0 dur\u00e9ed\u00e9termin\u00e9e &#8211; conclure et g\u00e9rer vient de para\u00eetre [&hellip;]","og_url":"https:\/\/www.gereso.com\/actualites\/2010\/04\/12\/cdd-le-souhait-du-legislateur-est-une-chose-la-realite-en-est-une-autre\/","og_site_name":"Le Blog GERESO","article_published_time":"2010-04-11T22:00:00+00:00","author":"\u00c9quipe GERESO","twitter_card":"summary_large_image","schema":{"@context":"https:\/\/schema.org","@graph":[{"@type":"WebPage","@id":"https:\/\/www.gereso.com\/actualites\/2010\/04\/12\/cdd-le-souhait-du-legislateur-est-une-chose-la-realite-en-est-une-autre\/","url":"https:\/\/www.gereso.com\/actualites\/2010\/04\/12\/cdd-le-souhait-du-legislateur-est-une-chose-la-realite-en-est-une-autre\/","name":"CDD : &quot;Le souhait du l\u00e9gislateur est une chose, la r\u00e9alit\u00e9 en est une autre...&quot; - Le Blog GERESO","isPartOf":{"@id":"https:\/\/www.gereso.com\/actualites\/#website"},"datePublished":"2010-04-11T22:00:00+00:00","dateModified":"2010-04-11T22:00:00+00:00","author":{"@id":"https:\/\/www.gereso.com\/actualites\/#\/schema\/person\/197d8aef40cb4ae3f6a0aa9e1d3df2a6"},"breadcrumb":{"@id":"https:\/\/www.gereso.com\/actualites\/2010\/04\/12\/cdd-le-souhait-du-legislateur-est-une-chose-la-realite-en-est-une-autre\/#breadcrumb"},"inLanguage":"fr-FR","potentialAction":[{"@type":"ReadAction","target":["https:\/\/www.gereso.com\/actualites\/2010\/04\/12\/cdd-le-souhait-du-legislateur-est-une-chose-la-realite-en-est-une-autre\/"]}]},{"@type":"BreadcrumbList","@id":"https:\/\/www.gereso.com\/actualites\/2010\/04\/12\/cdd-le-souhait-du-legislateur-est-une-chose-la-realite-en-est-une-autre\/#breadcrumb","itemListElement":[{"@type":"ListItem","position":1,"name":"Home","item":"https:\/\/www.gereso.com\/actualites\/"},{"@type":"ListItem","position":2,"name":"CDD : &quot;Le souhait du l\u00e9gislateur est une chose, la r\u00e9alit\u00e9 en est une autre&#8230;&quot;"}]},{"@type":"WebSite","@id":"https:\/\/www.gereso.com\/actualites\/#website","url":"https:\/\/www.gereso.com\/actualites\/","name":"Le Blog GERESO","description":"Toute l&#039;actu RH, Finance, Fonction Publique, Management...","potentialAction":[{"@type":"SearchAction","target":{"@type":"EntryPoint","urlTemplate":"https:\/\/www.gereso.com\/actualites\/?s={search_term_string}"},"query-input":{"@type":"PropertyValueSpecification","valueRequired":true,"valueName":"search_term_string"}}],"inLanguage":"fr-FR"},{"@type":"Person","@id":"https:\/\/www.gereso.com\/actualites\/#\/schema\/person\/197d8aef40cb4ae3f6a0aa9e1d3df2a6","name":"\u00c9quipe GERESO","image":{"@type":"ImageObject","inLanguage":"fr-FR","@id":"https:\/\/www.gereso.com\/actualites\/#\/schema\/person\/image\/","url":"https:\/\/www.gereso.com\/actualites\/wp-content\/uploads\/2013\/12\/avatar-gereso-1.png","contentUrl":"https:\/\/www.gereso.com\/actualites\/wp-content\/uploads\/2013\/12\/avatar-gereso-1.png","caption":"\u00c9quipe GERESO"},"url":"https:\/\/www.gereso.com\/actualites\/author\/gereso\/"}]}},"_links":{"self":[{"href":"https:\/\/www.gereso.com\/actualites\/wp-json\/wp\/v2\/posts\/1852","targetHints":{"allow":["GET"]}}],"collection":[{"href":"https:\/\/www.gereso.com\/actualites\/wp-json\/wp\/v2\/posts"}],"about":[{"href":"https:\/\/www.gereso.com\/actualites\/wp-json\/wp\/v2\/types\/post"}],"author":[{"embeddable":true,"href":"https:\/\/www.gereso.com\/actualites\/wp-json\/wp\/v2\/users\/32"}],"replies":[{"embeddable":true,"href":"https:\/\/www.gereso.com\/actualites\/wp-json\/wp\/v2\/comments?post=1852"}],"version-history":[{"count":0,"href":"https:\/\/www.gereso.com\/actualites\/wp-json\/wp\/v2\/posts\/1852\/revisions"}],"wp:attachment":[{"href":"https:\/\/www.gereso.com\/actualites\/wp-json\/wp\/v2\/media?parent=1852"}],"wp:term":[{"taxonomy":"category","embeddable":true,"href":"https:\/\/www.gereso.com\/actualites\/wp-json\/wp\/v2\/categories?post=1852"},{"taxonomy":"post_tag","embeddable":true,"href":"https:\/\/www.gereso.com\/actualites\/wp-json\/wp\/v2\/tags?post=1852"}],"curies":[{"name":"wp","href":"https:\/\/api.w.org\/{rel}","templated":true}]}}