{"id":18548,"date":"2020-12-30T06:00:03","date_gmt":"2020-12-30T04:00:03","guid":{"rendered":"https:\/\/www.gereso.com\/actualites\/?p=18548"},"modified":"2020-12-29T22:03:07","modified_gmt":"2020-12-29T20:03:07","slug":"plf-2021-le-conseil-constitutionnel-valide-le-texte","status":"publish","type":"post","link":"https:\/\/www.gereso.com\/actualites\/2020\/12\/30\/plf-2021-le-conseil-constitutionnel-valide-le-texte\/","title":{"rendered":"PLF 2021 : le Conseil constitutionnel valide le texte"},"content":{"rendered":"\n<p>Examin\u00e9 par le <strong><a href=\"https:\/\/www.conseil-constitutionnel.fr\/actualites\/communique\/decision-n-2020-813-dc-du-28-decembre-2020-communique-de-presse\">Conseil constitutionne<\/a>l<\/strong>, le <strong>PLF 2021<\/strong> (projet de loi de finances) a \u00e9t\u00e9 valid\u00e9 pour l\u2019essentiel. 7 mesures, qualifi\u00e9es de \u00ab\u00a0<strong>cavaliers budg\u00e9taires<\/strong>\u00a0\u00bb ont \u00e9t\u00e9 censur\u00e9es.<\/p>\n\n\n\n<h2 class=\"wp-block-heading\"><strong>Les v\u00e9hicules lourds seront tax\u00e9s<\/strong><\/h2>\n\n\n\n<p>Valid\u00e9 en derni\u00e8re lecture par l\u2019Assembl\u00e9e nationale le 17\nd\u00e9cembre, 60 d\u00e9put\u00e9s ainsi que 60 s\u00e9nateurs avaient saisi le <strong>Conseil constitutionnel<\/strong>\nsur plusieurs mesures du projet de loi de finances pour 2021. Les Sages, dans\nleur d\u00e9cision rendue le 28 d\u00e9cembre, ont adopt\u00e9 la majorit\u00e9 des mesures vot\u00e9es\ntel l\u2019article 171 pourtant contest\u00e9 par ces parlementaires, relatif \u00e0 la\ncr\u00e9ation d\u2019une taxe appel\u00e9e \u00ab&nbsp;la masse en ordre de marche&nbsp;\u00bb. <\/p>\n\n\n\n<p>Ainsi \u00e0 compter de 2022, les <strong>v\u00e9hicules<\/strong> de tourisme\nexc\u00e9dant <strong>1.800 kg<\/strong> seront soumis \u00e0 une taxe de 10 \u20ac par kg (pour le poids\nexc\u00e9dant 1.800 kg) qui sera acquitt\u00e9e lors de la premi\u00e8re immatriculation par\nson propri\u00e9taire. Seuls les v\u00e9hicules \u00e9lectriques ou \u00e0 hydrog\u00e8ne \u00e9chapperont \u00e0\ncette taxe. <\/p>\n\n\n\n<p>Cette nouvelle ressource budg\u00e9taire a \u00e9t\u00e9 jug\u00e9e\nsatisfaisante au regard des impacts environnementaux caus\u00e9s par ces types de\nv\u00e9hicules. Selon le Conseil, elle respecte le principe d\u2019\u00e9galit\u00e9 devant les\ncharges publiques. <\/p>\n\n\n\n<h2 class=\"wp-block-heading\"><strong>L\u2019\u00e9lectricit\u00e9 achet\u00e9e moins ch\u00e8re aux producteurs <\/strong><\/h2>\n\n\n\n<p>\u00c9galement contest\u00e9e par les parlementaires, l\u2019article 225 de\nla loi de finances pour 2021 est a \u00e9t\u00e9 valid\u00e9e par le Conseil constitutionnel.\nIl pr\u00e9voit une r\u00e9duction pour les <strong>contrats conclus entre 2006 et 2010<\/strong>,\ndu tarif d&rsquo;achat de <strong>l&rsquo;\u00e9lectricit\u00e9 <\/strong>produite par certaines installations\nutilisant les technologies photovolta\u00efques ou thermodynamiques. <\/p>\n\n\n\n<p>En effet, la mauvaise anticipation de la baisse des co\u00fbts de\nproduction de ces installations a eu pour cons\u00e9quence une forte croissance du\nb\u00e9n\u00e9fice de certains producteurs au d\u00e9triment des finances publiques. Les Sages\nont donc valid\u00e9 la fin de l\u2019effet d\u2019aubaine qui a pu profiter \u00e0 certains\nproducteurs. L\u2019atteinte aux contrats d\u00e9j\u00e0 conclus est ainsi justifi\u00e9e par un\nmotif d\u2019int\u00e9r\u00eat g\u00e9n\u00e9ral suffisant.<\/p>\n\n\n\n<h2 class=\"wp-block-heading\"><strong>Sept mesures annul\u00e9es <\/strong><\/h2>\n\n\n\n<p>Sur les 271 articles que contenait le PLF pour 2021, le\nConseil constitutionnel en a censur\u00e9 7. Consid\u00e9r\u00e9 comme des <strong>\u00ab&nbsp;cavaliers\nbudg\u00e9taires<\/strong>&nbsp;\u00bb, il s\u2019agit des articles 163, 165, 176, 177, 243, 263 et\n269.<\/p>\n","protected":false},"excerpt":{"rendered":"<p>Examin\u00e9 par le Conseil constitutionnel, le PLF 2021 (projet de loi de finances) a \u00e9t\u00e9 valid\u00e9 pour l\u2019essentiel. 7 mesures, qualifi\u00e9es de \u00ab\u00a0cavaliers budg\u00e9taires\u00a0\u00bb ont \u00e9t\u00e9 censur\u00e9es. Les v\u00e9hicules lourds seront tax\u00e9s Valid\u00e9 en derni\u00e8re lecture par l\u2019Assembl\u00e9e nationale le 17 d\u00e9cembre, 60 d\u00e9put\u00e9s ainsi que 60 s\u00e9nateurs avaient saisi le Conseil constitutionnel sur plusieurs [&hellip;]<\/p>\n","protected":false},"author":45,"featured_media":0,"comment_status":"open","ping_status":"open","sticky":false,"template":"","format":"quote","meta":{"_acf_changed":false,"_mi_skip_tracking":false,"footnotes":""},"categories":[3],"tags":[1932],"class_list":["post-18548","post","type-post","status-publish","format-quote","hentry","category-comptabilite-fiscalite-et-gestion-financiere","tag-projet-de-loi-de-finances","post_format-post-format-quote"],"acf":[],"yoast_head":"<!-- This site is optimized with the Yoast SEO plugin v23.4 - https:\/\/yoast.com\/wordpress\/plugins\/seo\/ -->\n<title>PLF 2021 : le Conseil constitutionnel valide le texte - Le Blog GERESO<\/title>\n<meta name=\"robots\" content=\"index, follow, max-snippet:-1, max-image-preview:large, max-video-preview:-1\" \/>\n<link rel=\"canonical\" href=\"https:\/\/www.gereso.com\/actualites\/2020\/12\/30\/plf-2021-le-conseil-constitutionnel-valide-le-texte\/\" \/>\n<meta property=\"og:locale\" content=\"fr_FR\" \/>\n<meta property=\"og:type\" content=\"article\" \/>\n<meta property=\"og:title\" content=\"PLF 2021 : le Conseil constitutionnel valide le texte - Le Blog GERESO\" \/>\n<meta property=\"og:description\" content=\"Examin\u00e9 par le Conseil constitutionnel, le PLF 2021 (projet de loi de finances) a \u00e9t\u00e9 valid\u00e9 pour l\u2019essentiel. 7 mesures, qualifi\u00e9es de \u00ab\u00a0cavaliers budg\u00e9taires\u00a0\u00bb ont \u00e9t\u00e9 censur\u00e9es. Les v\u00e9hicules lourds seront tax\u00e9s Valid\u00e9 en derni\u00e8re lecture par l\u2019Assembl\u00e9e nationale le 17 d\u00e9cembre, 60 d\u00e9put\u00e9s ainsi que 60 s\u00e9nateurs avaient saisi le Conseil constitutionnel sur plusieurs [&hellip;]\" \/>\n<meta property=\"og:url\" content=\"https:\/\/www.gereso.com\/actualites\/2020\/12\/30\/plf-2021-le-conseil-constitutionnel-valide-le-texte\/\" \/>\n<meta property=\"og:site_name\" content=\"Le Blog GERESO\" \/>\n<meta property=\"article:published_time\" content=\"2020-12-30T04:00:03+00:00\" \/>\n<meta property=\"article:modified_time\" content=\"2020-12-29T20:03:07+00:00\" \/>\n<meta name=\"author\" content=\"Damien P\u00e9an\" \/>\n<meta name=\"twitter:card\" content=\"summary_large_image\" \/>\n<script type=\"application\/ld+json\" class=\"yoast-schema-graph\">{\"@context\":\"https:\/\/schema.org\",\"@graph\":[{\"@type\":\"WebPage\",\"@id\":\"https:\/\/www.gereso.com\/actualites\/2020\/12\/30\/plf-2021-le-conseil-constitutionnel-valide-le-texte\/\",\"url\":\"https:\/\/www.gereso.com\/actualites\/2020\/12\/30\/plf-2021-le-conseil-constitutionnel-valide-le-texte\/\",\"name\":\"PLF 2021 : le Conseil constitutionnel valide le texte - Le Blog GERESO\",\"isPartOf\":{\"@id\":\"https:\/\/www.gereso.com\/actualites\/#website\"},\"datePublished\":\"2020-12-30T04:00:03+00:00\",\"dateModified\":\"2020-12-29T20:03:07+00:00\",\"author\":{\"@id\":\"https:\/\/www.gereso.com\/actualites\/#\/schema\/person\/c91814f92d627ed4715993fbbf7c7e8d\"},\"breadcrumb\":{\"@id\":\"https:\/\/www.gereso.com\/actualites\/2020\/12\/30\/plf-2021-le-conseil-constitutionnel-valide-le-texte\/#breadcrumb\"},\"inLanguage\":\"fr-FR\",\"potentialAction\":[{\"@type\":\"ReadAction\",\"target\":[\"https:\/\/www.gereso.com\/actualites\/2020\/12\/30\/plf-2021-le-conseil-constitutionnel-valide-le-texte\/\"]}]},{\"@type\":\"BreadcrumbList\",\"@id\":\"https:\/\/www.gereso.com\/actualites\/2020\/12\/30\/plf-2021-le-conseil-constitutionnel-valide-le-texte\/#breadcrumb\",\"itemListElement\":[{\"@type\":\"ListItem\",\"position\":1,\"name\":\"Home\",\"item\":\"https:\/\/www.gereso.com\/actualites\/\"},{\"@type\":\"ListItem\",\"position\":2,\"name\":\"PLF 2021 : le Conseil constitutionnel valide le texte\"}]},{\"@type\":\"WebSite\",\"@id\":\"https:\/\/www.gereso.com\/actualites\/#website\",\"url\":\"https:\/\/www.gereso.com\/actualites\/\",\"name\":\"Le Blog GERESO\",\"description\":\"Toute l&#039;actu RH, Finance, Fonction Publique, Management...\",\"potentialAction\":[{\"@type\":\"SearchAction\",\"target\":{\"@type\":\"EntryPoint\",\"urlTemplate\":\"https:\/\/www.gereso.com\/actualites\/?s={search_term_string}\"},\"query-input\":{\"@type\":\"PropertyValueSpecification\",\"valueRequired\":true,\"valueName\":\"search_term_string\"}}],\"inLanguage\":\"fr-FR\"},{\"@type\":\"Person\",\"@id\":\"https:\/\/www.gereso.com\/actualites\/#\/schema\/person\/c91814f92d627ed4715993fbbf7c7e8d\",\"name\":\"Damien P\u00e9an\",\"image\":{\"@type\":\"ImageObject\",\"inLanguage\":\"fr-FR\",\"@id\":\"https:\/\/www.gereso.com\/actualites\/#\/schema\/person\/image\/\",\"url\":\"https:\/\/www.gereso.com\/actualites\/wp-content\/uploads\/2016\/03\/damien-pean.jpg\",\"contentUrl\":\"https:\/\/www.gereso.com\/actualites\/wp-content\/uploads\/2016\/03\/damien-pean.jpg\",\"caption\":\"Damien P\u00e9an\"},\"description\":\"Damien P\u00c9AN est titulaire du Dipl\u00f4me d'\u00e9tudes sup\u00e9rieures comptables et financi\u00e8res (DESCF). Il intervient depuis plusieurs ann\u00e9es aupr\u00e8s d'\u00e9tudiants en licence de comptabilit\u00e9 et de gestion, \u00e0 qui il enseigne le contr\u00f4le de gestion, la comptabilit\u00e9 approfondie, le management, la fiscalit\u00e9, le droit des soci\u00e9t\u00e9s et le droit du travail. Il intervient \u00e9galement en formation continue pour le compte de divers organismes de formation sur des th\u00e9matiques techniques en comptabilit\u00e9 et fiscalit\u00e9. Il forme aussi un public de non-initi\u00e9s aux fondamentaux de la finance.\",\"url\":\"https:\/\/www.gereso.com\/actualites\/author\/d-pean\/\"}]}<\/script>\n<!-- \/ Yoast SEO plugin. -->","yoast_head_json":{"title":"PLF 2021 : le Conseil constitutionnel valide le texte - Le Blog GERESO","robots":{"index":"index","follow":"follow","max-snippet":"max-snippet:-1","max-image-preview":"max-image-preview:large","max-video-preview":"max-video-preview:-1"},"canonical":"https:\/\/www.gereso.com\/actualites\/2020\/12\/30\/plf-2021-le-conseil-constitutionnel-valide-le-texte\/","og_locale":"fr_FR","og_type":"article","og_title":"PLF 2021 : le Conseil constitutionnel valide le texte - Le Blog GERESO","og_description":"Examin\u00e9 par le Conseil constitutionnel, le PLF 2021 (projet de loi de finances) a \u00e9t\u00e9 valid\u00e9 pour l\u2019essentiel. 7 mesures, qualifi\u00e9es de \u00ab\u00a0cavaliers budg\u00e9taires\u00a0\u00bb ont \u00e9t\u00e9 censur\u00e9es. Les v\u00e9hicules lourds seront tax\u00e9s Valid\u00e9 en derni\u00e8re lecture par l\u2019Assembl\u00e9e nationale le 17 d\u00e9cembre, 60 d\u00e9put\u00e9s ainsi que 60 s\u00e9nateurs avaient saisi le Conseil constitutionnel sur plusieurs [&hellip;]","og_url":"https:\/\/www.gereso.com\/actualites\/2020\/12\/30\/plf-2021-le-conseil-constitutionnel-valide-le-texte\/","og_site_name":"Le Blog GERESO","article_published_time":"2020-12-30T04:00:03+00:00","article_modified_time":"2020-12-29T20:03:07+00:00","author":"Damien P\u00e9an","twitter_card":"summary_large_image","schema":{"@context":"https:\/\/schema.org","@graph":[{"@type":"WebPage","@id":"https:\/\/www.gereso.com\/actualites\/2020\/12\/30\/plf-2021-le-conseil-constitutionnel-valide-le-texte\/","url":"https:\/\/www.gereso.com\/actualites\/2020\/12\/30\/plf-2021-le-conseil-constitutionnel-valide-le-texte\/","name":"PLF 2021 : le Conseil constitutionnel valide le texte - Le Blog GERESO","isPartOf":{"@id":"https:\/\/www.gereso.com\/actualites\/#website"},"datePublished":"2020-12-30T04:00:03+00:00","dateModified":"2020-12-29T20:03:07+00:00","author":{"@id":"https:\/\/www.gereso.com\/actualites\/#\/schema\/person\/c91814f92d627ed4715993fbbf7c7e8d"},"breadcrumb":{"@id":"https:\/\/www.gereso.com\/actualites\/2020\/12\/30\/plf-2021-le-conseil-constitutionnel-valide-le-texte\/#breadcrumb"},"inLanguage":"fr-FR","potentialAction":[{"@type":"ReadAction","target":["https:\/\/www.gereso.com\/actualites\/2020\/12\/30\/plf-2021-le-conseil-constitutionnel-valide-le-texte\/"]}]},{"@type":"BreadcrumbList","@id":"https:\/\/www.gereso.com\/actualites\/2020\/12\/30\/plf-2021-le-conseil-constitutionnel-valide-le-texte\/#breadcrumb","itemListElement":[{"@type":"ListItem","position":1,"name":"Home","item":"https:\/\/www.gereso.com\/actualites\/"},{"@type":"ListItem","position":2,"name":"PLF 2021 : le Conseil constitutionnel valide le texte"}]},{"@type":"WebSite","@id":"https:\/\/www.gereso.com\/actualites\/#website","url":"https:\/\/www.gereso.com\/actualites\/","name":"Le Blog GERESO","description":"Toute l&#039;actu RH, Finance, Fonction Publique, Management...","potentialAction":[{"@type":"SearchAction","target":{"@type":"EntryPoint","urlTemplate":"https:\/\/www.gereso.com\/actualites\/?s={search_term_string}"},"query-input":{"@type":"PropertyValueSpecification","valueRequired":true,"valueName":"search_term_string"}}],"inLanguage":"fr-FR"},{"@type":"Person","@id":"https:\/\/www.gereso.com\/actualites\/#\/schema\/person\/c91814f92d627ed4715993fbbf7c7e8d","name":"Damien P\u00e9an","image":{"@type":"ImageObject","inLanguage":"fr-FR","@id":"https:\/\/www.gereso.com\/actualites\/#\/schema\/person\/image\/","url":"https:\/\/www.gereso.com\/actualites\/wp-content\/uploads\/2016\/03\/damien-pean.jpg","contentUrl":"https:\/\/www.gereso.com\/actualites\/wp-content\/uploads\/2016\/03\/damien-pean.jpg","caption":"Damien P\u00e9an"},"description":"Damien P\u00c9AN est titulaire du Dipl\u00f4me d'\u00e9tudes sup\u00e9rieures comptables et financi\u00e8res (DESCF). Il intervient depuis plusieurs ann\u00e9es aupr\u00e8s d'\u00e9tudiants en licence de comptabilit\u00e9 et de gestion, \u00e0 qui il enseigne le contr\u00f4le de gestion, la comptabilit\u00e9 approfondie, le management, la fiscalit\u00e9, le droit des soci\u00e9t\u00e9s et le droit du travail. Il intervient \u00e9galement en formation continue pour le compte de divers organismes de formation sur des th\u00e9matiques techniques en comptabilit\u00e9 et fiscalit\u00e9. Il forme aussi un public de non-initi\u00e9s aux fondamentaux de la finance.","url":"https:\/\/www.gereso.com\/actualites\/author\/d-pean\/"}]}},"_links":{"self":[{"href":"https:\/\/www.gereso.com\/actualites\/wp-json\/wp\/v2\/posts\/18548","targetHints":{"allow":["GET"]}}],"collection":[{"href":"https:\/\/www.gereso.com\/actualites\/wp-json\/wp\/v2\/posts"}],"about":[{"href":"https:\/\/www.gereso.com\/actualites\/wp-json\/wp\/v2\/types\/post"}],"author":[{"embeddable":true,"href":"https:\/\/www.gereso.com\/actualites\/wp-json\/wp\/v2\/users\/45"}],"replies":[{"embeddable":true,"href":"https:\/\/www.gereso.com\/actualites\/wp-json\/wp\/v2\/comments?post=18548"}],"version-history":[{"count":1,"href":"https:\/\/www.gereso.com\/actualites\/wp-json\/wp\/v2\/posts\/18548\/revisions"}],"predecessor-version":[{"id":18549,"href":"https:\/\/www.gereso.com\/actualites\/wp-json\/wp\/v2\/posts\/18548\/revisions\/18549"}],"wp:attachment":[{"href":"https:\/\/www.gereso.com\/actualites\/wp-json\/wp\/v2\/media?parent=18548"}],"wp:term":[{"taxonomy":"category","embeddable":true,"href":"https:\/\/www.gereso.com\/actualites\/wp-json\/wp\/v2\/categories?post=18548"},{"taxonomy":"post_tag","embeddable":true,"href":"https:\/\/www.gereso.com\/actualites\/wp-json\/wp\/v2\/tags?post=18548"}],"curies":[{"name":"wp","href":"https:\/\/api.w.org\/{rel}","templated":true}]}}