{"id":18566,"date":"2021-01-05T00:09:10","date_gmt":"2021-01-04T22:09:10","guid":{"rendered":"https:\/\/www.gereso.com\/actualites\/?p=18566"},"modified":"2021-01-05T00:09:11","modified_gmt":"2021-01-04T22:09:11","slug":"professionnels-ce-qui-change-en-2021","status":"publish","type":"post","link":"https:\/\/www.gereso.com\/actualites\/2021\/01\/05\/professionnels-ce-qui-change-en-2021\/","title":{"rendered":"Professionnels : ce qui change en 2021"},"content":{"rendered":"\n<p>Les professionnels vont b\u00e9n\u00e9ficier en 2021 de la <strong>baisse\nde plusieurs imp\u00f4ts<\/strong>. Nous faisons l\u2019inventaire dans cet article des\nprochains changements.<\/p>\n\n\n\n<h2 class=\"wp-block-heading\"><strong>L\u2019imp\u00f4t sur les soci\u00e9t\u00e9s continue sa r\u00e9duction<\/strong><\/h2>\n\n\n\n<p>Act\u00e9e par la loi de finances pour 2018, la <strong>baisse\nprogressive du taux d\u2019imposition de l\u2019imp\u00f4t sur les soci\u00e9t\u00e9s <\/strong>se poursuivra.\nAinsi pour les exercices ouverts en 2021, le taux d\u2019IS passera de 28% \u00e0 <strong>26,5%<\/strong>\npour les soci\u00e9t\u00e9s r\u00e9alisant jusqu\u2019\u00e0 250 millions de chiffre d\u2019affaires. Les\nentit\u00e9s plus importantes verront l\u2019ensemble de leur r\u00e9sultat impos\u00e9 \u00e0 27,5%\ncontre 28% jusqu\u2019\u00e0 500&nbsp;000 euros et 31% au-del\u00e0 en 2020.<\/p>\n\n\n\n<p>\u00c0 partir de 2022, le taux uniforme de <strong>25% <\/strong>s\u2019appliquera\n\u00e0 l\u2019ensemble des r\u00e9sultats des soci\u00e9t\u00e9s soumises \u00e0 l\u2019IS quelle que soit leur\ntaille.<\/p>\n\n\n\n<p>Autre nouveaut\u00e9 apport\u00e9e par la loi de finances pour 2021,\nle seuil de chiffre d\u2019affaires permettant d\u2019obtenir l\u2019imposition du r\u00e9sultat \u00e0 <strong>15%\njusqu\u2019\u00e0 38.120 \u20ac<\/strong> de r\u00e9sultat a \u00e9t\u00e9 relev\u00e9 de 7,63 millions \u00e0 <strong>10 millions\nd\u2019euros<\/strong>. Cet avantage fiscal est toutefois soumis \u00e0 la condition de\nd\u00e9tention de la soci\u00e9t\u00e9 par des personnes physiques \u00e0 hauteur de \u00be au moins du\ncapital.<\/p>\n\n\n\n<h2 class=\"wp-block-heading\"><strong>Baisse drastique des imp\u00f4ts de production <\/strong><\/h2>\n\n\n\n<p>Souhait\u00e9e par le Gouvernement afin de se rapprocher de la\nmoyenne europ\u00e9enne, la loi de finances pour 2021 pr\u00e9voit la diminution des\nimp\u00f4ts de production. Ces imp\u00f4ts assis en partie sur la valeur cr\u00e9\u00e9e par les\nentreprises p\u00e8sent pour presque le double en proportion des entreprises\ninstall\u00e9es en Allemagne. <\/p>\n\n\n\n<p>La <strong>CVAE<\/strong> (cotisations sur la valeur ajout\u00e9e des\nentreprises) sera <strong>r\u00e9duite de moiti\u00e9<\/strong>. La part revenant aux r\u00e9gions sera\nsupprim\u00e9e. Les pertes de budget de ces derni\u00e8res seront couvertes par l\u2019\u00c9tat par\nl\u2019attribution d\u2019une partie des recettes de TVA. En outre, le plafond de la contribution\n\u00e9conomique territoriale (<strong>CET<\/strong>) est abaiss\u00e9 de <strong>3% \u00e0 2% de la valeur\najout\u00e9e cr\u00e9\u00e9e<\/strong>.<\/p>\n\n\n\n<h2 class=\"wp-block-heading\"><strong>R\u00e9cup\u00e9ration de la TVA sur l\u2019essence<\/strong><\/h2>\n\n\n\n<p>De mani\u00e8re progressive, les r\u00e8gles de r\u00e9cup\u00e9ration de r\u00e9cup\u00e9ration\nde la <strong>TVA sur l\u2019essence<\/strong> s\u2019alignent sur celles du gazole. Instaur\u00e9 par la\nloi de finances pour 2017, le texte pr\u00e9voit une r\u00e9cup\u00e9ration de la TVA sur l\u2019essence\n\u00e0 hauteur de <strong>80% pour 2021<\/strong> pour l\u2019ensemble des v\u00e9hicules. Cette\nproportion passera \u00e0 100% en 2022, mais uniquement pour les v\u00e9hicules\nutilitaires. <\/p>\n\n\n\n<p>Les r\u00e8gles seront ainsi identiques qu\u2019il s\u2019agisse du gazole\nou de l\u2019essence&nbsp;: 80% pour les v\u00e9hicules particuliers (VP) et 100% pour\nles utilitaires (VU).<\/p>\n","protected":false},"excerpt":{"rendered":"<p>Les professionnels vont b\u00e9n\u00e9ficier en 2021 de la baisse de plusieurs imp\u00f4ts. Nous faisons l\u2019inventaire dans cet article des prochains changements. L\u2019imp\u00f4t sur les soci\u00e9t\u00e9s continue sa r\u00e9duction Act\u00e9e par la loi de finances pour 2018, la baisse progressive du taux d\u2019imposition de l\u2019imp\u00f4t sur les soci\u00e9t\u00e9s se poursuivra. Ainsi pour les exercices ouverts en [&hellip;]<\/p>\n","protected":false},"author":45,"featured_media":0,"comment_status":"open","ping_status":"open","sticky":false,"template":"","format":"quote","meta":{"_acf_changed":false,"_mi_skip_tracking":false,"footnotes":""},"categories":[12,3],"tags":[1102,874,1047,1605],"class_list":["post-18566","post","type-post","status-publish","format-quote","hentry","category-actualites","category-comptabilite-fiscalite-et-gestion-financiere","tag-cvae","tag-impot-sur-les-societes","tag-tva","tag-tva-deductible","post_format-post-format-quote"],"acf":[],"yoast_head":"<!-- This site is optimized with the Yoast SEO plugin v23.4 - https:\/\/yoast.com\/wordpress\/plugins\/seo\/ -->\n<title>Professionnels : ce qui change en 2021 - Le Blog GERESO<\/title>\n<meta name=\"robots\" content=\"index, follow, max-snippet:-1, max-image-preview:large, max-video-preview:-1\" \/>\n<link rel=\"canonical\" href=\"https:\/\/www.gereso.com\/actualites\/2021\/01\/05\/professionnels-ce-qui-change-en-2021\/\" \/>\n<meta property=\"og:locale\" content=\"fr_FR\" \/>\n<meta property=\"og:type\" content=\"article\" \/>\n<meta property=\"og:title\" content=\"Professionnels : ce qui change en 2021 - Le Blog GERESO\" \/>\n<meta property=\"og:description\" content=\"Les professionnels vont b\u00e9n\u00e9ficier en 2021 de la baisse de plusieurs imp\u00f4ts. Nous faisons l\u2019inventaire dans cet article des prochains changements. L\u2019imp\u00f4t sur les soci\u00e9t\u00e9s continue sa r\u00e9duction Act\u00e9e par la loi de finances pour 2018, la baisse progressive du taux d\u2019imposition de l\u2019imp\u00f4t sur les soci\u00e9t\u00e9s se poursuivra. Ainsi pour les exercices ouverts en [&hellip;]\" \/>\n<meta property=\"og:url\" content=\"https:\/\/www.gereso.com\/actualites\/2021\/01\/05\/professionnels-ce-qui-change-en-2021\/\" \/>\n<meta property=\"og:site_name\" content=\"Le Blog GERESO\" \/>\n<meta property=\"article:published_time\" content=\"2021-01-04T22:09:10+00:00\" \/>\n<meta property=\"article:modified_time\" content=\"2021-01-04T22:09:11+00:00\" \/>\n<meta name=\"author\" content=\"Damien P\u00e9an\" \/>\n<meta name=\"twitter:card\" content=\"summary_large_image\" \/>\n<script type=\"application\/ld+json\" class=\"yoast-schema-graph\">{\"@context\":\"https:\/\/schema.org\",\"@graph\":[{\"@type\":\"WebPage\",\"@id\":\"https:\/\/www.gereso.com\/actualites\/2021\/01\/05\/professionnels-ce-qui-change-en-2021\/\",\"url\":\"https:\/\/www.gereso.com\/actualites\/2021\/01\/05\/professionnels-ce-qui-change-en-2021\/\",\"name\":\"Professionnels : ce qui change en 2021 - Le Blog GERESO\",\"isPartOf\":{\"@id\":\"https:\/\/www.gereso.com\/actualites\/#website\"},\"datePublished\":\"2021-01-04T22:09:10+00:00\",\"dateModified\":\"2021-01-04T22:09:11+00:00\",\"author\":{\"@id\":\"https:\/\/www.gereso.com\/actualites\/#\/schema\/person\/c91814f92d627ed4715993fbbf7c7e8d\"},\"breadcrumb\":{\"@id\":\"https:\/\/www.gereso.com\/actualites\/2021\/01\/05\/professionnels-ce-qui-change-en-2021\/#breadcrumb\"},\"inLanguage\":\"fr-FR\",\"potentialAction\":[{\"@type\":\"ReadAction\",\"target\":[\"https:\/\/www.gereso.com\/actualites\/2021\/01\/05\/professionnels-ce-qui-change-en-2021\/\"]}]},{\"@type\":\"BreadcrumbList\",\"@id\":\"https:\/\/www.gereso.com\/actualites\/2021\/01\/05\/professionnels-ce-qui-change-en-2021\/#breadcrumb\",\"itemListElement\":[{\"@type\":\"ListItem\",\"position\":1,\"name\":\"Home\",\"item\":\"https:\/\/www.gereso.com\/actualites\/\"},{\"@type\":\"ListItem\",\"position\":2,\"name\":\"Professionnels : ce qui change en 2021\"}]},{\"@type\":\"WebSite\",\"@id\":\"https:\/\/www.gereso.com\/actualites\/#website\",\"url\":\"https:\/\/www.gereso.com\/actualites\/\",\"name\":\"Le Blog GERESO\",\"description\":\"Toute l&#039;actu RH, Finance, Fonction Publique, Management...\",\"potentialAction\":[{\"@type\":\"SearchAction\",\"target\":{\"@type\":\"EntryPoint\",\"urlTemplate\":\"https:\/\/www.gereso.com\/actualites\/?s={search_term_string}\"},\"query-input\":{\"@type\":\"PropertyValueSpecification\",\"valueRequired\":true,\"valueName\":\"search_term_string\"}}],\"inLanguage\":\"fr-FR\"},{\"@type\":\"Person\",\"@id\":\"https:\/\/www.gereso.com\/actualites\/#\/schema\/person\/c91814f92d627ed4715993fbbf7c7e8d\",\"name\":\"Damien P\u00e9an\",\"image\":{\"@type\":\"ImageObject\",\"inLanguage\":\"fr-FR\",\"@id\":\"https:\/\/www.gereso.com\/actualites\/#\/schema\/person\/image\/\",\"url\":\"https:\/\/www.gereso.com\/actualites\/wp-content\/uploads\/2016\/03\/damien-pean.jpg\",\"contentUrl\":\"https:\/\/www.gereso.com\/actualites\/wp-content\/uploads\/2016\/03\/damien-pean.jpg\",\"caption\":\"Damien P\u00e9an\"},\"description\":\"Damien P\u00c9AN est titulaire du Dipl\u00f4me d'\u00e9tudes sup\u00e9rieures comptables et financi\u00e8res (DESCF). Il intervient depuis plusieurs ann\u00e9es aupr\u00e8s d'\u00e9tudiants en licence de comptabilit\u00e9 et de gestion, \u00e0 qui il enseigne le contr\u00f4le de gestion, la comptabilit\u00e9 approfondie, le management, la fiscalit\u00e9, le droit des soci\u00e9t\u00e9s et le droit du travail. Il intervient \u00e9galement en formation continue pour le compte de divers organismes de formation sur des th\u00e9matiques techniques en comptabilit\u00e9 et fiscalit\u00e9. Il forme aussi un public de non-initi\u00e9s aux fondamentaux de la finance.\",\"url\":\"https:\/\/www.gereso.com\/actualites\/author\/d-pean\/\"}]}<\/script>\n<!-- \/ Yoast SEO plugin. -->","yoast_head_json":{"title":"Professionnels : ce qui change en 2021 - Le Blog GERESO","robots":{"index":"index","follow":"follow","max-snippet":"max-snippet:-1","max-image-preview":"max-image-preview:large","max-video-preview":"max-video-preview:-1"},"canonical":"https:\/\/www.gereso.com\/actualites\/2021\/01\/05\/professionnels-ce-qui-change-en-2021\/","og_locale":"fr_FR","og_type":"article","og_title":"Professionnels : ce qui change en 2021 - Le Blog GERESO","og_description":"Les professionnels vont b\u00e9n\u00e9ficier en 2021 de la baisse de plusieurs imp\u00f4ts. Nous faisons l\u2019inventaire dans cet article des prochains changements. L\u2019imp\u00f4t sur les soci\u00e9t\u00e9s continue sa r\u00e9duction Act\u00e9e par la loi de finances pour 2018, la baisse progressive du taux d\u2019imposition de l\u2019imp\u00f4t sur les soci\u00e9t\u00e9s se poursuivra. Ainsi pour les exercices ouverts en [&hellip;]","og_url":"https:\/\/www.gereso.com\/actualites\/2021\/01\/05\/professionnels-ce-qui-change-en-2021\/","og_site_name":"Le Blog GERESO","article_published_time":"2021-01-04T22:09:10+00:00","article_modified_time":"2021-01-04T22:09:11+00:00","author":"Damien P\u00e9an","twitter_card":"summary_large_image","schema":{"@context":"https:\/\/schema.org","@graph":[{"@type":"WebPage","@id":"https:\/\/www.gereso.com\/actualites\/2021\/01\/05\/professionnels-ce-qui-change-en-2021\/","url":"https:\/\/www.gereso.com\/actualites\/2021\/01\/05\/professionnels-ce-qui-change-en-2021\/","name":"Professionnels : ce qui change en 2021 - Le Blog GERESO","isPartOf":{"@id":"https:\/\/www.gereso.com\/actualites\/#website"},"datePublished":"2021-01-04T22:09:10+00:00","dateModified":"2021-01-04T22:09:11+00:00","author":{"@id":"https:\/\/www.gereso.com\/actualites\/#\/schema\/person\/c91814f92d627ed4715993fbbf7c7e8d"},"breadcrumb":{"@id":"https:\/\/www.gereso.com\/actualites\/2021\/01\/05\/professionnels-ce-qui-change-en-2021\/#breadcrumb"},"inLanguage":"fr-FR","potentialAction":[{"@type":"ReadAction","target":["https:\/\/www.gereso.com\/actualites\/2021\/01\/05\/professionnels-ce-qui-change-en-2021\/"]}]},{"@type":"BreadcrumbList","@id":"https:\/\/www.gereso.com\/actualites\/2021\/01\/05\/professionnels-ce-qui-change-en-2021\/#breadcrumb","itemListElement":[{"@type":"ListItem","position":1,"name":"Home","item":"https:\/\/www.gereso.com\/actualites\/"},{"@type":"ListItem","position":2,"name":"Professionnels : ce qui change en 2021"}]},{"@type":"WebSite","@id":"https:\/\/www.gereso.com\/actualites\/#website","url":"https:\/\/www.gereso.com\/actualites\/","name":"Le Blog GERESO","description":"Toute l&#039;actu RH, Finance, Fonction Publique, Management...","potentialAction":[{"@type":"SearchAction","target":{"@type":"EntryPoint","urlTemplate":"https:\/\/www.gereso.com\/actualites\/?s={search_term_string}"},"query-input":{"@type":"PropertyValueSpecification","valueRequired":true,"valueName":"search_term_string"}}],"inLanguage":"fr-FR"},{"@type":"Person","@id":"https:\/\/www.gereso.com\/actualites\/#\/schema\/person\/c91814f92d627ed4715993fbbf7c7e8d","name":"Damien P\u00e9an","image":{"@type":"ImageObject","inLanguage":"fr-FR","@id":"https:\/\/www.gereso.com\/actualites\/#\/schema\/person\/image\/","url":"https:\/\/www.gereso.com\/actualites\/wp-content\/uploads\/2016\/03\/damien-pean.jpg","contentUrl":"https:\/\/www.gereso.com\/actualites\/wp-content\/uploads\/2016\/03\/damien-pean.jpg","caption":"Damien P\u00e9an"},"description":"Damien P\u00c9AN est titulaire du Dipl\u00f4me d'\u00e9tudes sup\u00e9rieures comptables et financi\u00e8res (DESCF). Il intervient depuis plusieurs ann\u00e9es aupr\u00e8s d'\u00e9tudiants en licence de comptabilit\u00e9 et de gestion, \u00e0 qui il enseigne le contr\u00f4le de gestion, la comptabilit\u00e9 approfondie, le management, la fiscalit\u00e9, le droit des soci\u00e9t\u00e9s et le droit du travail. Il intervient \u00e9galement en formation continue pour le compte de divers organismes de formation sur des th\u00e9matiques techniques en comptabilit\u00e9 et fiscalit\u00e9. Il forme aussi un public de non-initi\u00e9s aux fondamentaux de la finance.","url":"https:\/\/www.gereso.com\/actualites\/author\/d-pean\/"}]}},"_links":{"self":[{"href":"https:\/\/www.gereso.com\/actualites\/wp-json\/wp\/v2\/posts\/18566","targetHints":{"allow":["GET"]}}],"collection":[{"href":"https:\/\/www.gereso.com\/actualites\/wp-json\/wp\/v2\/posts"}],"about":[{"href":"https:\/\/www.gereso.com\/actualites\/wp-json\/wp\/v2\/types\/post"}],"author":[{"embeddable":true,"href":"https:\/\/www.gereso.com\/actualites\/wp-json\/wp\/v2\/users\/45"}],"replies":[{"embeddable":true,"href":"https:\/\/www.gereso.com\/actualites\/wp-json\/wp\/v2\/comments?post=18566"}],"version-history":[{"count":1,"href":"https:\/\/www.gereso.com\/actualites\/wp-json\/wp\/v2\/posts\/18566\/revisions"}],"predecessor-version":[{"id":18567,"href":"https:\/\/www.gereso.com\/actualites\/wp-json\/wp\/v2\/posts\/18566\/revisions\/18567"}],"wp:attachment":[{"href":"https:\/\/www.gereso.com\/actualites\/wp-json\/wp\/v2\/media?parent=18566"}],"wp:term":[{"taxonomy":"category","embeddable":true,"href":"https:\/\/www.gereso.com\/actualites\/wp-json\/wp\/v2\/categories?post=18566"},{"taxonomy":"post_tag","embeddable":true,"href":"https:\/\/www.gereso.com\/actualites\/wp-json\/wp\/v2\/tags?post=18566"}],"curies":[{"name":"wp","href":"https:\/\/api.w.org\/{rel}","templated":true}]}}