{"id":18576,"date":"2021-01-11T15:06:06","date_gmt":"2021-01-11T13:06:06","guid":{"rendered":"https:\/\/www.gereso.com\/actualites\/?p=18576"},"modified":"2021-01-11T15:06:51","modified_gmt":"2021-01-11T13:06:51","slug":"dirigeants-managers-associes-pourquoi-vous-devez-connaitre-les-fondamentaux-du-droit-des-societes","status":"publish","type":"post","link":"https:\/\/www.gereso.com\/actualites\/2021\/01\/11\/dirigeants-managers-associes-pourquoi-vous-devez-connaitre-les-fondamentaux-du-droit-des-societes\/","title":{"rendered":"Dirigeants, managers, associ\u00e9s&#8230; : pourquoi vous devez conna\u00eetre les fondamentaux du droit des soci\u00e9t\u00e9s"},"content":{"rendered":"\n<p>A ces questions, rapidement, il peut \u00eatre d\u00e9gag\u00e9 <strong>deux grandes cat\u00e9gories de personnes<\/strong> qui vont pouvoir tirer profit\nde cette connaissance : il s\u2019agit d\u2019une part des <strong>acteurs internes \u00e0 l\u2019entreprise<\/strong> (I), mais aussi des <strong>interlocuteurs externes<\/strong> \u00e0 celle-ci\n(II).<\/p>\n\n\n\n<p>Sans chercher \u00e0 \u00eatre exhaustif, nous examinerons, cat\u00e9gories par\ncat\u00e9gories, ce qu\u2019une <strong>formation en droit\ndes soci\u00e9t\u00e9s<\/strong> leur apportera; mais pr\u00e9cisons \u00e0 titre liminaire, que le\npremier apport attendu est celui d\u2019une <strong>connaissance\nglobale des textes et codes utiles<\/strong> en cas de questionnement sur la mati\u00e8re,\nmais \u00e9galement sur la primaut\u00e9 d\u2019une source sur une autre.<\/p>\n\n\n\n<h2 style=\"color:#d10016;\"><strong>Les\nacteurs internes, \u00e0 la recherche d\u2019une ma\u00eetrise des r\u00e8gles juridiques de\nfonctionnement de la soci\u00e9t\u00e9<\/strong><\/h2>\n\n\n\n<h3 class=\"wp-block-heading\"><strong>Vous \u00eates en charge\nd\u2019un projet de constitution de soci\u00e9t\u00e9 dans le cadre de vos fonctions (filiale\nou non)<\/strong><\/h3>\n\n\n\n<p>Votre int\u00e9r\u00eat en tant que fondateur est bien \u00e9videmment de <strong>choisir la forme de soci\u00e9t\u00e9<\/strong> la plus\nappropri\u00e9e \u00e0 votre projet.<\/p>\n\n\n\n<p>A ce titre, avant d\u2019arbitrer, vous devez ma\u00eetriser les <strong>rapports entre avantages et inconv\u00e9nients<\/strong> sur des plans vari\u00e9es des\n<strong>diff\u00e9rentes structures juridiques<\/strong> :\ncadre juridique d\u2019organisation (Libert\u00e9 vs r\u00e8gles plus strictes), syst\u00e8me d\u2019imposition\n(Imp\u00f4t sur les soci\u00e9t\u00e9s vs imp\u00f4t sur les revenus), syst\u00e8me de protection\nsociale du dirigeant (Travailleur non Salari\u00e9 vs R\u00e9gime G\u00e9n\u00e9ral),\nResponsabilit\u00e9 financi\u00e8re des associ\u00e9s, etc&#8230;<\/p>\n\n\n\n<p>Plus globalement, vous avez un grand int\u00e9r\u00eat \u00e0 conna\u00eetre les <strong>principes qui fondent le droit des\nsoci\u00e9t\u00e9s,<\/strong> et notamment :<\/p>\n\n\n\n<p><strong>&#8211; L\u2019existence d\u2019une libert\u00e9\ncontractuelle,<\/strong> qui se\nconcr\u00e9tisera dans les statuts (cf. Infra), et ses limites<\/p>\n\n\n\n<p><strong>&#8211; Les \u00e9l\u00e9ments fondamentaux qui\ncaract\u00e9risent une soci\u00e9t\u00e9<\/strong>, mais\naussi la fa\u00e7on dont ceux-ci sont appr\u00e9ci\u00e9es par la Jurisprudence (c\u2019est \u00e0 dire\nles d\u00e9cisions judiciaires interpr\u00e9tant et solutionnant une situation donn\u00e9e) <\/p>\n\n\n\n<p><strong>&#8211; Les d\u00e9marches \u00e0 r\u00e9aliser pour cr\u00e9er la soci\u00e9t\u00e9<\/strong><br>Sur ce dernier point, la r\u00e9daction des statuts de la soci\u00e9t\u00e9 sera une \u00e9tape cruciale, non seulement parce qu\u2019elle mat\u00e9rialisera l\u2019accord des fondateurs, mais aussi parce qu\u2019elle d\u00e9finir l\u2019organisation qu\u2019auront voulu mettre en \u0153uvre ces derniers.<\/p>\n\n\n\n<p>Ainsi, au-del\u00e0 des mentions obligatoires (article L210-2 du Code de\nCommerce pour les soci\u00e9t\u00e9s commerciales), il faudra examiner les dispositions \u00e0\nint\u00e9grer \u00e0 ce document; en effet, si le <strong>principe\nde statuts simplifi\u00e9s,<\/strong> c\u2019est \u00e0 dire se reposant largement sur les\ndispositions l\u00e9gislatives, est une pratique courante, il convient n\u00e9anmoins de\ns\u2019interroger sur les risques li\u00e9s \u00e0 de tels documents et les opportunit\u00e9s\nattach\u00e9es \u00e0 des statuts complets. Sur ce dernier point, la <strong>connaissance des clauses sp\u00e9cifiques<\/strong> pouvant \u00eatre int\u00e9gr\u00e9es (clause\nd\u2019agr\u00e9ment, de litiges, de r\u00e9partition des b\u00e9n\u00e9fices&#8230;) s\u2019av\u00e9rera utile.<\/p>\n\n\n\n<p>Enfin, le droit des soci\u00e9t\u00e9s vient \u00e9galement r\u00e9pondre \u00e0 la question de la <strong>phase de lancement de l\u2019activit\u00e9 de\nl\u2019entreprise<\/strong> et notamment celle de la ratification des actes pass\u00e9s au nom\nde la soci\u00e9t\u00e9 en formation. L\u00e0 aussi, l\u2019anticipation sera la meilleure strat\u00e9gie\npour les fondateurs de la structure.<\/p>\n\n\n\n<h3 class=\"wp-block-heading\"><strong>Vous \u00eates associ\u00e9(e)\nd\u2019une soci\u00e9t\u00e9<\/strong><\/h3>\n\n\n\n<p>La soci\u00e9t\u00e9 est maintenant lanc\u00e9e ; ce qui ne veut pas dire que le diable ne r\u00e9side pas dans les d\u00e9tails (et leur ma\u00eetrise), surtout pour les associ\u00e9s soucieux du bon fonctionnement de la structure.<\/p>\n\n\n\n<p>Rappelons que <strong>les associ\u00e9s<\/strong>,\nparfois maladroitement appel\u00e9 actionnaires, sont ceux qui, ayant investi dans\nla soci\u00e9t\u00e9, en poss\u00e8dent des parts sociales, et en cons\u00e9quence <strong>une partie du pouvoir de contr\u00f4le et de\nd\u00e9cision.<\/strong><\/p>\n\n\n\n<p>On l\u2019a vu, la relation entre associ\u00e9s va \u00eatre en partie r\u00e9gl\u00e9e par <strong>les statuts<\/strong>, mais aussi via d\u2019autres\nm\u00e9canismes, issus du corpus l\u00e9gislatif ou purement contractuel.<\/p>\n\n\n\n<p>Parmi les premiers, on peut citer <strong>l\u2019Assembl\u00e9e G\u00e9n\u00e9rale<\/strong> qui par son r\u00f4le d\u2019organe de d\u00e9cision va cristalliser les consensus ou dissensions entre les associ\u00e9s ; dans cette derni\u00e8re hypoth\u00e8se, il est utile pour les associ\u00e9s de conna\u00eetre quelles sont les <strong>limites pos\u00e9es par la Jurisprudence<\/strong> aux pouvoirs de nuisance de certains participants ; de nombreuses d\u00e9cisions sont en effet venues sanctionner les abus du droit de vote des associ\u00e9s, qui iraient \u00e0 l\u2019encontre de l\u2019int\u00e9r\u00eat de la soci\u00e9t\u00e9.<\/p>\n\n\n\n<p>En ce qui concerne les <strong>m\u00e9canismes contractuels<\/strong>, le principal est ce qu\u2019on appelle le <strong>pacte d\u2019associ\u00e9s <\/strong>; il s\u2019agit d\u2019un contrat, pass\u00e9 en parall\u00e8le du pacte de base que constituent les statuts, entre une partie ou la totalit\u00e9 des associ\u00e9s ; il a pour vocation, de fa\u00e7on secr\u00e8te (par rapport aux\u00a0 autres associ\u00e9s ou aux tiers de l\u2019entreprise), de <strong>r\u00e9gir diff\u00e9rents points de fonctionnement de la soci\u00e9t\u00e9<\/strong> (g\u00e9n\u00e9ralement, les votes en Assembl\u00e9e, la nomination des dirigeants ou encore la possession et la transmission de parts sociales). Le caract\u00e8re secret est assur\u00e9 par le fait que contrairement aux statuts, ce pacte ne fait pas l\u2019objet d\u2019un d\u00e9p\u00f4t aupr\u00e8s du Greffe du Tribunal.<\/p>\n\n\n\n<h3 class=\"wp-block-heading\"><strong>L\u2019int\u00e9r\u00eat de conna\u00eetre\nle droit des soci\u00e9t\u00e9s pour les dirigeants <\/strong><\/h3>\n\n\n\n<p>Contrairement \u00e0 une id\u00e9e commun\u00e9ment r\u00e9pandue, le dirigeant d\u2019une soci\u00e9t\u00e9\nn\u2019a pas forc\u00e9ment le <strong>statut d\u2019associ\u00e9.<\/strong>\nIl ne peut donc avoir qu\u2019une <strong>vision\npartielle de la vie sociale<\/strong>, qu\u2019il peut souhaiter renforcer via une <strong>premi\u00e8re approche juridique<\/strong> : ainsi,\ncomprendre le fonctionnement des <strong>Assembl\u00e9es\nG\u00e9n\u00e9rales<\/strong>, les <strong>r\u00e8gles de majorit\u00e9<\/strong>,\npour pouvoir anticiper les d\u00e9cisions \u00e0 venir, notamment en cas de changements\ncapitalistiques.<\/p>\n\n\n\n<p>De plus, il consolidera ses connaissances sur le <strong>statut du dirigeant<\/strong>, tant au <strong>niveau\nsocial, fiscal<\/strong> que sur ses <strong>possibilit\u00e9s\nde r\u00e9mun\u00e9ration<\/strong> (et la possibilit\u00e9 de cumuler celle-ci avec un salaire issu\nd\u2019un contrat de travail ou non).<\/p>\n\n\n\n<p>Mais il pourra \u00e9galement renforcer ses <strong>connaissances sur ses pouvoirs<\/strong> en tant que dirigeant et repr\u00e9sentant l\u00e9gal, ainsi que leurs limites ; \u00e0 ce sujet, la <strong>diff\u00e9rence entre d\u00e9l\u00e9gations de signature ou de pouvoir<\/strong> lui permettra de dresser le bon document dans une situation donn\u00e9e et conna\u00eetre la port\u00e9e de cet acte.<\/p>\n\n\n\n<p>Une premi\u00e8re approche des <strong>conventions r\u00e9glement\u00e9es<\/strong> lui permettra \u00e9galement de comprendre quels actes doivent \u00eatre ratifi\u00e9s par l\u2019Assembl\u00e9e G\u00e9n\u00e9rale ; en effet, un certain nombre de contrats pass\u00e9s entre la soci\u00e9t\u00e9 et des tiers \u00abproches\u00bb (dirigeants, associ\u00e9s,&#8230;) doivent \u00eatre valid\u00e9s par le biais d\u2019une proc\u00e9dure strictement d\u00e9finie.<br><\/p>\n\n\n\n<p>Enfin, il pourra se <strong>pr\u00e9munir des\nrisques li\u00e9s \u00e0 sa responsabilit\u00e9 \u00e9ventuelle<\/strong> dans le cadre de son action de\ndirigeants et envisager les situations dans lesquelles sa gestion pourrait \u00eatre\nremise en cause, que ce soit en interne, par les associ\u00e9s, ou par des tiers.<\/p>\n\n\n\n<h3 class=\"wp-block-heading\"><strong>Le droit des\nsoci\u00e9t\u00e9s pour les cadres et managers de l\u2019entreprise<\/strong><\/h3>\n\n\n\n<p>Leur situation est relativement <strong>proche\nde celle du g\u00e9rant<\/strong> et leurs attentes concernant le droit des soci\u00e9t\u00e9s peut\nl\u2019\u00eatre aussi, m\u00eame si leur <strong>exposition\naux risques<\/strong> li\u00e9s est en principe moindre.<\/p>\n\n\n\n<p>Il sera n\u00e9anmoins int\u00e9ressant pour eux de prendre en compte <strong>les cons\u00e9quences et la validit\u00e9 d\u2019une\nd\u00e9l\u00e9gation de signature ou de pouvoir.<\/strong><\/p>\n\n\n\n<p>Certaines situations particuli\u00e8res peuvent \u00e9galement vous amener \u00e0 cette <strong>premi\u00e8re approche du droit des soci\u00e9t\u00e9s ;<\/strong> ainsi, si vous \u00eates<strong> Directeur\/trice Administratif et Financier (DAF), Responsable Comptabilit\u00e9, Assistant(e) de Direction<\/strong>, vous \u00eates souvent en contact avec cette r\u00e9glementation ; on pourra citer entre autres enjeux : les <strong>formalit\u00e9s de publicit\u00e9<\/strong> li\u00e9es aux \u00e9volutions de la soci\u00e9t\u00e9, le <strong>r\u00f4le et les pouvoirs du Commissaire Aux Comptes<\/strong>, les enjeux li\u00e9s aux <strong>conventions r\u00e9glement\u00e9es<\/strong> dans le cadre des contrats conclus par l\u2019entreprise,&#8230;<br><\/p>\n\n\n\n<p>Pour les fonctions dites \u00ab Chiffres \u00bb, il faudra citer \u00e9galement l\u2019int\u00e9r\u00eat de conna\u00eetre les fondamentaux dans le cadre de la <strong>surveillance du portefeuille clients de l\u2019entreprise<\/strong>, notamment dans l\u2019optique d\u2019une <strong>pr\u00e9vention des impay\u00e9s.<\/strong><\/p>\n\n\n\n<p>Dans ce cadre, les points qui retiendront le plus votre attention se\nrapprocheront de ceux qui concernent les acteurs externes (cf. Infra).<\/p>\n\n\n\n<h3 class=\"wp-block-heading\"><strong>Repr\u00e9sentants du\npersonnel&nbsp;: pourquoi conna\u00eetre le droit des soci\u00e9t\u00e9s&nbsp;?<\/strong><\/h3>\n\n\n\n<p>Les membres des <strong>Instances Repr\u00e9sentatives du Personnel (IRP)<\/strong> seront l\u00e0 aussi int\u00e9ress\u00e9s par une connaissance basique du droit des soci\u00e9t\u00e9s ; en effet, dans leur r\u00f4le de d\u00e9fense des salari\u00e9s, mais aussi dans le cadre de leur fonction consultative, ils peuvent \u00eatre amen\u00e9s \u00e0 prendre en compte certains aspects de la r\u00e9glementation.<\/p>\n\n\n\n<p>A titre d\u2019exemple, Le <strong>Comit\u00e9 Social et Economique (CSE) <\/strong>doit \u00eatre consult\u00e9 sur la <strong>modification juridique de l\u2019entreprise ;<\/strong> il est certain que pour donner un avis \u00e9clair\u00e9 sur la question, les membres du CSE doivent avoir une connaissance minimale des r\u00e8gles encadrant le fonctionnement de la soci\u00e9t\u00e9 en tant qu\u2019<strong>objet juridique.<\/strong><\/p>\n\n\n\n<p>Citons \u00e9galement le cas des <strong>Soci\u00e9t\u00e9s Anonymes et SAS<\/strong>, dans lesquels les repr\u00e9sentants des salari\u00e9s ne s\u2019arr\u00eatent pas aux IRP ; en effet, si le CSE doit \u00eatre pr\u00e9sent au Conseil d\u2019administration ou de surveillance pour les entreprises d\u2019au moins 50 salari\u00e9s, si on d\u00e9passe le seuil de 1.000 (en France) ou 5.000 salari\u00e9s (France et \u00e9tranger), <strong>des repr\u00e9sentants des salari\u00e9s doivent en principe si\u00e9ger dans cette instance<\/strong>; or, si pour le CSE, la pr\u00e9sence n\u2019est que consultative, dans cette derni\u00e8re hypoth\u00e8se, les repr\u00e9sentants seront <strong>administrateurs<\/strong> avec toutes les pr\u00e9rogatives li\u00e9es \u00e0 cette fonction.<\/p>\n\n\n\n<h3 class=\"wp-block-heading\"><strong>Le droit des soci\u00e9t\u00e9s\npour les acteurs externes et la qu\u00eate d\u2019une visibilit\u00e9 sur le fonctionnement de\nl\u2019entreprise <\/strong><\/h3>\n\n\n\n<p>Il s\u2019agit de toute personne ayant un <strong>int\u00e9r\u00eat\n\u00e0 \u00e9valuer la situation d\u2019une entreprise<\/strong> : comptable clients, charg\u00e9 de client\u00e8le\nprofessionnel, analyste cr\u00e9dit ou financier, credit manager, responsable\nrecouvrement, investisseurs&#8230;<\/p>\n\n\n\n<p>Ces fonctions auront un int\u00e9r\u00eat \u00e0 conna\u00eetre les <strong>modalit\u00e9s de fonctionnement, de responsabilit\u00e9 et de croissance <\/strong>au sein de ces diff\u00e9rents types de soci\u00e9t\u00e9s, mais aussi \u00e0 <strong>comprendre et \u00eatre en mesure d\u2019analyser les \u00e9v\u00e9nements de la vie de ces structures<\/strong>, telles qu\u2019ils sont notamment publi\u00e9s au Bodacc (Bulletin Officiel des Annonces Civiles et Commerciales) ; parmi les questions qui sont abord\u00e9es directement ou non :<\/p>\n\n\n\n<ul class=\"wp-block-list\"><li>Quelle diff\u00e9rence entre liquidation amiable et judiciaire ?<\/li><li>Qu\u2019implique ce qu\u2019on appelle l\u2019\u00e9cran de la personnalit\u00e9 morale, notamment en terme de responsabilit\u00e9 des associ\u00e9s\/dirigeants ?<\/li><li>La diminution du capital social doit-elle toujours \u00eatre interpr\u00e9t\u00e9e n\u00e9gativement ?<\/li><li>&#8230; <\/li><\/ul>\n\n\n\n<p>Toutes ces questions et bien entendu bien d\u2019autres trouvent leur r\u00e9ponse\ndans le <strong>droit des soci\u00e9t\u00e9s !<\/strong><\/p>\n","protected":false},"excerpt":{"rendered":"<p>A ces questions, rapidement, il peut \u00eatre d\u00e9gag\u00e9 deux grandes cat\u00e9gories de personnes qui vont pouvoir tirer profit de cette connaissance : il s\u2019agit d\u2019une part des acteurs internes \u00e0 l\u2019entreprise (I), mais aussi des interlocuteurs externes \u00e0 celle-ci (II). Sans chercher \u00e0 \u00eatre exhaustif, nous examinerons, cat\u00e9gories par cat\u00e9gories, ce qu\u2019une formation en droit [&hellip;]<\/p>\n","protected":false},"author":80,"featured_media":18585,"comment_status":"open","ping_status":"open","sticky":false,"template":"","format":"standard","meta":{"_acf_changed":false,"_mi_skip_tracking":false,"footnotes":""},"categories":[776],"tags":[1973,1974,1972,1971,1966,1968,1967,1305],"class_list":["post-18576","post","type-post","status-publish","format-standard","has-post-thumbnail","hentry","category-droit-des-affaires","tag-associes","tag-conventions","tag-creation-de-societe","tag-dirigeants","tag-droit-des-societes","tag-fonctionnement-de-la-societe","tag-regles-juridiques","tag-representants-du-personnel"],"acf":[],"yoast_head":"<!-- This site is optimized with the Yoast SEO plugin v23.4 - https:\/\/yoast.com\/wordpress\/plugins\/seo\/ -->\n<title>Dirigeants, managers, associ\u00e9s... : pourquoi vous devez conna\u00eetre les fondamentaux du droit des soci\u00e9t\u00e9s - Le Blog GERESO<\/title>\n<meta name=\"robots\" content=\"index, follow, max-snippet:-1, max-image-preview:large, max-video-preview:-1\" \/>\n<link rel=\"canonical\" href=\"https:\/\/www.gereso.com\/actualites\/2021\/01\/11\/dirigeants-managers-associes-pourquoi-vous-devez-connaitre-les-fondamentaux-du-droit-des-societes\/\" \/>\n<meta property=\"og:locale\" content=\"fr_FR\" \/>\n<meta property=\"og:type\" content=\"article\" \/>\n<meta property=\"og:title\" content=\"Dirigeants, managers, associ\u00e9s... : pourquoi vous devez conna\u00eetre les fondamentaux du droit des soci\u00e9t\u00e9s - Le Blog GERESO\" \/>\n<meta property=\"og:description\" content=\"A ces questions, rapidement, il peut \u00eatre d\u00e9gag\u00e9 deux grandes cat\u00e9gories de personnes qui vont pouvoir tirer profit de cette connaissance : il s\u2019agit d\u2019une part des acteurs internes \u00e0 l\u2019entreprise (I), mais aussi des interlocuteurs externes \u00e0 celle-ci (II). Sans chercher \u00e0 \u00eatre exhaustif, nous examinerons, cat\u00e9gories par cat\u00e9gories, ce qu\u2019une formation en droit [&hellip;]\" \/>\n<meta property=\"og:url\" content=\"https:\/\/www.gereso.com\/actualites\/2021\/01\/11\/dirigeants-managers-associes-pourquoi-vous-devez-connaitre-les-fondamentaux-du-droit-des-societes\/\" \/>\n<meta property=\"og:site_name\" content=\"Le Blog GERESO\" \/>\n<meta property=\"article:published_time\" content=\"2021-01-11T13:06:06+00:00\" \/>\n<meta property=\"article:modified_time\" content=\"2021-01-11T13:06:51+00:00\" \/>\n<meta property=\"og:image\" content=\"https:\/\/www.gereso.com\/actualites\/wp-content\/uploads\/2021\/01\/droit-des-societes-min.jpg\" \/>\n\t<meta property=\"og:image:width\" content=\"600\" \/>\n\t<meta property=\"og:image:height\" content=\"400\" \/>\n\t<meta property=\"og:image:type\" content=\"image\/jpeg\" \/>\n<meta name=\"author\" content=\"J\u00e9r\u00f4me Lecleire\" \/>\n<meta name=\"twitter:card\" content=\"summary_large_image\" \/>\n<script type=\"application\/ld+json\" class=\"yoast-schema-graph\">{\"@context\":\"https:\/\/schema.org\",\"@graph\":[{\"@type\":\"WebPage\",\"@id\":\"https:\/\/www.gereso.com\/actualites\/2021\/01\/11\/dirigeants-managers-associes-pourquoi-vous-devez-connaitre-les-fondamentaux-du-droit-des-societes\/\",\"url\":\"https:\/\/www.gereso.com\/actualites\/2021\/01\/11\/dirigeants-managers-associes-pourquoi-vous-devez-connaitre-les-fondamentaux-du-droit-des-societes\/\",\"name\":\"Dirigeants, managers, associ\u00e9s... : pourquoi vous devez conna\u00eetre les fondamentaux du droit des soci\u00e9t\u00e9s - Le Blog GERESO\",\"isPartOf\":{\"@id\":\"https:\/\/www.gereso.com\/actualites\/#website\"},\"primaryImageOfPage\":{\"@id\":\"https:\/\/www.gereso.com\/actualites\/2021\/01\/11\/dirigeants-managers-associes-pourquoi-vous-devez-connaitre-les-fondamentaux-du-droit-des-societes\/#primaryimage\"},\"image\":{\"@id\":\"https:\/\/www.gereso.com\/actualites\/2021\/01\/11\/dirigeants-managers-associes-pourquoi-vous-devez-connaitre-les-fondamentaux-du-droit-des-societes\/#primaryimage\"},\"thumbnailUrl\":\"https:\/\/www.gereso.com\/actualites\/wp-content\/uploads\/2021\/01\/droit-des-societes-min.jpg\",\"datePublished\":\"2021-01-11T13:06:06+00:00\",\"dateModified\":\"2021-01-11T13:06:51+00:00\",\"author\":{\"@id\":\"https:\/\/www.gereso.com\/actualites\/#\/schema\/person\/6ba93eb42bf53d374ddc7beaa01e2afc\"},\"breadcrumb\":{\"@id\":\"https:\/\/www.gereso.com\/actualites\/2021\/01\/11\/dirigeants-managers-associes-pourquoi-vous-devez-connaitre-les-fondamentaux-du-droit-des-societes\/#breadcrumb\"},\"inLanguage\":\"fr-FR\",\"potentialAction\":[{\"@type\":\"ReadAction\",\"target\":[\"https:\/\/www.gereso.com\/actualites\/2021\/01\/11\/dirigeants-managers-associes-pourquoi-vous-devez-connaitre-les-fondamentaux-du-droit-des-societes\/\"]}]},{\"@type\":\"ImageObject\",\"inLanguage\":\"fr-FR\",\"@id\":\"https:\/\/www.gereso.com\/actualites\/2021\/01\/11\/dirigeants-managers-associes-pourquoi-vous-devez-connaitre-les-fondamentaux-du-droit-des-societes\/#primaryimage\",\"url\":\"https:\/\/www.gereso.com\/actualites\/wp-content\/uploads\/2021\/01\/droit-des-societes-min.jpg\",\"contentUrl\":\"https:\/\/www.gereso.com\/actualites\/wp-content\/uploads\/2021\/01\/droit-des-societes-min.jpg\",\"width\":600,\"height\":400,\"caption\":\"Dirigeants, managers, associ\u00e9s... : pourquoi vous devez conna\u00eetre les fondamentaux du droit des soci\u00e9t\u00e9s\"},{\"@type\":\"BreadcrumbList\",\"@id\":\"https:\/\/www.gereso.com\/actualites\/2021\/01\/11\/dirigeants-managers-associes-pourquoi-vous-devez-connaitre-les-fondamentaux-du-droit-des-societes\/#breadcrumb\",\"itemListElement\":[{\"@type\":\"ListItem\",\"position\":1,\"name\":\"Home\",\"item\":\"https:\/\/www.gereso.com\/actualites\/\"},{\"@type\":\"ListItem\",\"position\":2,\"name\":\"Dirigeants, managers, associ\u00e9s&#8230; : pourquoi vous devez conna\u00eetre les fondamentaux du droit des soci\u00e9t\u00e9s\"}]},{\"@type\":\"WebSite\",\"@id\":\"https:\/\/www.gereso.com\/actualites\/#website\",\"url\":\"https:\/\/www.gereso.com\/actualites\/\",\"name\":\"Le Blog GERESO\",\"description\":\"Toute l&#039;actu RH, Finance, Fonction Publique, Management...\",\"potentialAction\":[{\"@type\":\"SearchAction\",\"target\":{\"@type\":\"EntryPoint\",\"urlTemplate\":\"https:\/\/www.gereso.com\/actualites\/?s={search_term_string}\"},\"query-input\":{\"@type\":\"PropertyValueSpecification\",\"valueRequired\":true,\"valueName\":\"search_term_string\"}}],\"inLanguage\":\"fr-FR\"},{\"@type\":\"Person\",\"@id\":\"https:\/\/www.gereso.com\/actualites\/#\/schema\/person\/6ba93eb42bf53d374ddc7beaa01e2afc\",\"name\":\"J\u00e9r\u00f4me Lecleire\",\"image\":{\"@type\":\"ImageObject\",\"inLanguage\":\"fr-FR\",\"@id\":\"https:\/\/www.gereso.com\/actualites\/#\/schema\/person\/image\/\",\"url\":\"https:\/\/www.gereso.com\/actualites\/wp-content\/uploads\/2020\/11\/Jerome-lecleire-144x144.jpg\",\"contentUrl\":\"https:\/\/www.gereso.com\/actualites\/wp-content\/uploads\/2020\/11\/Jerome-lecleire-144x144.jpg\",\"caption\":\"J\u00e9r\u00f4me Lecleire\"},\"description\":\"Issu d'un cursus juridique, J\u00e9r\u00f4me LECLEIRE a exerc\u00e9 des fonctions dans ce domaine, notamment en tant que directeur juridique, avec une dominante sur les axes financiers et contentieux de l'entreprise. Passionn\u00e9 par la transmission des connaissances et la progression des comp\u00e9tences, il s'est naturellement orient\u00e9 vers la fonction de consultant formateur.\",\"url\":\"https:\/\/www.gereso.com\/actualites\/author\/j-lecleire\/\"}]}<\/script>\n<!-- \/ Yoast SEO plugin. -->","yoast_head_json":{"title":"Dirigeants, managers, associ\u00e9s... : pourquoi vous devez conna\u00eetre les fondamentaux du droit des soci\u00e9t\u00e9s - Le Blog GERESO","robots":{"index":"index","follow":"follow","max-snippet":"max-snippet:-1","max-image-preview":"max-image-preview:large","max-video-preview":"max-video-preview:-1"},"canonical":"https:\/\/www.gereso.com\/actualites\/2021\/01\/11\/dirigeants-managers-associes-pourquoi-vous-devez-connaitre-les-fondamentaux-du-droit-des-societes\/","og_locale":"fr_FR","og_type":"article","og_title":"Dirigeants, managers, associ\u00e9s... : pourquoi vous devez conna\u00eetre les fondamentaux du droit des soci\u00e9t\u00e9s - Le Blog GERESO","og_description":"A ces questions, rapidement, il peut \u00eatre d\u00e9gag\u00e9 deux grandes cat\u00e9gories de personnes qui vont pouvoir tirer profit de cette connaissance : il s\u2019agit d\u2019une part des acteurs internes \u00e0 l\u2019entreprise (I), mais aussi des interlocuteurs externes \u00e0 celle-ci (II). Sans chercher \u00e0 \u00eatre exhaustif, nous examinerons, cat\u00e9gories par cat\u00e9gories, ce qu\u2019une formation en droit [&hellip;]","og_url":"https:\/\/www.gereso.com\/actualites\/2021\/01\/11\/dirigeants-managers-associes-pourquoi-vous-devez-connaitre-les-fondamentaux-du-droit-des-societes\/","og_site_name":"Le Blog GERESO","article_published_time":"2021-01-11T13:06:06+00:00","article_modified_time":"2021-01-11T13:06:51+00:00","og_image":[{"width":600,"height":400,"url":"https:\/\/www.gereso.com\/actualites\/wp-content\/uploads\/2021\/01\/droit-des-societes-min.jpg","type":"image\/jpeg"}],"author":"J\u00e9r\u00f4me Lecleire","twitter_card":"summary_large_image","schema":{"@context":"https:\/\/schema.org","@graph":[{"@type":"WebPage","@id":"https:\/\/www.gereso.com\/actualites\/2021\/01\/11\/dirigeants-managers-associes-pourquoi-vous-devez-connaitre-les-fondamentaux-du-droit-des-societes\/","url":"https:\/\/www.gereso.com\/actualites\/2021\/01\/11\/dirigeants-managers-associes-pourquoi-vous-devez-connaitre-les-fondamentaux-du-droit-des-societes\/","name":"Dirigeants, managers, associ\u00e9s... : pourquoi vous devez conna\u00eetre les fondamentaux du droit des soci\u00e9t\u00e9s - Le Blog GERESO","isPartOf":{"@id":"https:\/\/www.gereso.com\/actualites\/#website"},"primaryImageOfPage":{"@id":"https:\/\/www.gereso.com\/actualites\/2021\/01\/11\/dirigeants-managers-associes-pourquoi-vous-devez-connaitre-les-fondamentaux-du-droit-des-societes\/#primaryimage"},"image":{"@id":"https:\/\/www.gereso.com\/actualites\/2021\/01\/11\/dirigeants-managers-associes-pourquoi-vous-devez-connaitre-les-fondamentaux-du-droit-des-societes\/#primaryimage"},"thumbnailUrl":"https:\/\/www.gereso.com\/actualites\/wp-content\/uploads\/2021\/01\/droit-des-societes-min.jpg","datePublished":"2021-01-11T13:06:06+00:00","dateModified":"2021-01-11T13:06:51+00:00","author":{"@id":"https:\/\/www.gereso.com\/actualites\/#\/schema\/person\/6ba93eb42bf53d374ddc7beaa01e2afc"},"breadcrumb":{"@id":"https:\/\/www.gereso.com\/actualites\/2021\/01\/11\/dirigeants-managers-associes-pourquoi-vous-devez-connaitre-les-fondamentaux-du-droit-des-societes\/#breadcrumb"},"inLanguage":"fr-FR","potentialAction":[{"@type":"ReadAction","target":["https:\/\/www.gereso.com\/actualites\/2021\/01\/11\/dirigeants-managers-associes-pourquoi-vous-devez-connaitre-les-fondamentaux-du-droit-des-societes\/"]}]},{"@type":"ImageObject","inLanguage":"fr-FR","@id":"https:\/\/www.gereso.com\/actualites\/2021\/01\/11\/dirigeants-managers-associes-pourquoi-vous-devez-connaitre-les-fondamentaux-du-droit-des-societes\/#primaryimage","url":"https:\/\/www.gereso.com\/actualites\/wp-content\/uploads\/2021\/01\/droit-des-societes-min.jpg","contentUrl":"https:\/\/www.gereso.com\/actualites\/wp-content\/uploads\/2021\/01\/droit-des-societes-min.jpg","width":600,"height":400,"caption":"Dirigeants, managers, associ\u00e9s... : pourquoi vous devez conna\u00eetre les fondamentaux du droit des soci\u00e9t\u00e9s"},{"@type":"BreadcrumbList","@id":"https:\/\/www.gereso.com\/actualites\/2021\/01\/11\/dirigeants-managers-associes-pourquoi-vous-devez-connaitre-les-fondamentaux-du-droit-des-societes\/#breadcrumb","itemListElement":[{"@type":"ListItem","position":1,"name":"Home","item":"https:\/\/www.gereso.com\/actualites\/"},{"@type":"ListItem","position":2,"name":"Dirigeants, managers, associ\u00e9s&#8230; : pourquoi vous devez conna\u00eetre les fondamentaux du droit des soci\u00e9t\u00e9s"}]},{"@type":"WebSite","@id":"https:\/\/www.gereso.com\/actualites\/#website","url":"https:\/\/www.gereso.com\/actualites\/","name":"Le Blog GERESO","description":"Toute l&#039;actu RH, Finance, Fonction Publique, Management...","potentialAction":[{"@type":"SearchAction","target":{"@type":"EntryPoint","urlTemplate":"https:\/\/www.gereso.com\/actualites\/?s={search_term_string}"},"query-input":{"@type":"PropertyValueSpecification","valueRequired":true,"valueName":"search_term_string"}}],"inLanguage":"fr-FR"},{"@type":"Person","@id":"https:\/\/www.gereso.com\/actualites\/#\/schema\/person\/6ba93eb42bf53d374ddc7beaa01e2afc","name":"J\u00e9r\u00f4me Lecleire","image":{"@type":"ImageObject","inLanguage":"fr-FR","@id":"https:\/\/www.gereso.com\/actualites\/#\/schema\/person\/image\/","url":"https:\/\/www.gereso.com\/actualites\/wp-content\/uploads\/2020\/11\/Jerome-lecleire-144x144.jpg","contentUrl":"https:\/\/www.gereso.com\/actualites\/wp-content\/uploads\/2020\/11\/Jerome-lecleire-144x144.jpg","caption":"J\u00e9r\u00f4me Lecleire"},"description":"Issu d'un cursus juridique, J\u00e9r\u00f4me LECLEIRE a exerc\u00e9 des fonctions dans ce domaine, notamment en tant que directeur juridique, avec une dominante sur les axes financiers et contentieux de l'entreprise. Passionn\u00e9 par la transmission des connaissances et la progression des comp\u00e9tences, il s'est naturellement orient\u00e9 vers la fonction de consultant formateur.","url":"https:\/\/www.gereso.com\/actualites\/author\/j-lecleire\/"}]}},"_links":{"self":[{"href":"https:\/\/www.gereso.com\/actualites\/wp-json\/wp\/v2\/posts\/18576","targetHints":{"allow":["GET"]}}],"collection":[{"href":"https:\/\/www.gereso.com\/actualites\/wp-json\/wp\/v2\/posts"}],"about":[{"href":"https:\/\/www.gereso.com\/actualites\/wp-json\/wp\/v2\/types\/post"}],"author":[{"embeddable":true,"href":"https:\/\/www.gereso.com\/actualites\/wp-json\/wp\/v2\/users\/80"}],"replies":[{"embeddable":true,"href":"https:\/\/www.gereso.com\/actualites\/wp-json\/wp\/v2\/comments?post=18576"}],"version-history":[{"count":11,"href":"https:\/\/www.gereso.com\/actualites\/wp-json\/wp\/v2\/posts\/18576\/revisions"}],"predecessor-version":[{"id":18588,"href":"https:\/\/www.gereso.com\/actualites\/wp-json\/wp\/v2\/posts\/18576\/revisions\/18588"}],"wp:featuredmedia":[{"embeddable":true,"href":"https:\/\/www.gereso.com\/actualites\/wp-json\/wp\/v2\/media\/18585"}],"wp:attachment":[{"href":"https:\/\/www.gereso.com\/actualites\/wp-json\/wp\/v2\/media?parent=18576"}],"wp:term":[{"taxonomy":"category","embeddable":true,"href":"https:\/\/www.gereso.com\/actualites\/wp-json\/wp\/v2\/categories?post=18576"},{"taxonomy":"post_tag","embeddable":true,"href":"https:\/\/www.gereso.com\/actualites\/wp-json\/wp\/v2\/tags?post=18576"}],"curies":[{"name":"wp","href":"https:\/\/api.w.org\/{rel}","templated":true}]}}