{"id":18787,"date":"2021-01-28T13:10:38","date_gmt":"2021-01-28T11:10:38","guid":{"rendered":"https:\/\/www.gereso.com\/actualites\/?p=18787"},"modified":"2021-02-02T14:56:16","modified_gmt":"2021-02-02T12:56:16","slug":"teletravail-10-conseils-gerer-temps","status":"publish","type":"post","link":"https:\/\/www.gereso.com\/actualites\/2021\/01\/28\/teletravail-10-conseils-gerer-temps\/","title":{"rendered":"T\u00e9l\u00e9travail : 10 conseils pour bien g\u00e9rer son temps"},"content":{"rendered":"\n<p>Pourtant cette forme de travail, amen\u00e9e \u00e0 se p\u00e9renniser peut-\u00eatre un syst\u00e8me gagnant-gagnant pour l\u2019entreprise et ses salari\u00e9s. Apprendre \u00e0 bien <strong>g\u00e9rer son temps reste un enjeu de sant\u00e9 pour les t\u00e9l\u00e9travailleurs<\/strong> et permet un travail de qualit\u00e9 qui, lui, est un enjeu pour la <strong>performance des entreprises<\/strong>.<\/p>\n\n\n\n<h2 style=\"color:#d10016;\"><strong>1. Rendre visible la r\u00e9alit\u00e9 de son travail<\/strong><\/h2>\n\n\n\n<p>Le<strong> travail r\u00e9el<\/strong> est ce que le collaborateur met en \u0153uvre pour r\u00e9ussir \u00e0 r\u00e9aliser le <strong>travail prescrit<\/strong>, c\u2019est \u00e0 dire ce que l\u2019organisation lui demande de faire, <em>concr\u00e9tis\u00e9 par une fiche de poste, un  ordre de mission<\/em> &#8211; Ce travail r\u00e9el recouvre <strong>les moyens<\/strong> mis \u00e0 sa disposition mais aussi <strong>ses ressources personnelles<\/strong> (formation, qualifications, habilit\u00e9s\u2026) ainsi que les <strong>modes op\u00e9ratoires<\/strong> qu\u2019il peut d\u00e9ployer pour atteindre les objectifs fix\u00e9s par l\u2019organisation (par exemple, obtenir de l\u2019aide pour finir un dossier, la possibilit\u00e9 de d\u00e9caler les d\u00e9lais de livraison etc. \u2026). <strong>Mais tr\u00e8s souvent l\u2019estimation de la charge de travail s\u2019effectue par les managers ou encadrants qui n\u2019ont pas la connaissance de ce que cette charge de travail recouvre r\u00e9ellement. <\/strong>Ce qui peut amener les collaborateurs \u00e0 faire \u00ab\u00a0<em>des journ\u00e9es sans limites<\/em> \u00bb qui sont un risque important de d\u00e9gradation de leur sant\u00e9.  D\u00e8s que la charge de travail se r\u00e9v\u00e8le ou est ressentie comme trop intense, il ne faut pas h\u00e9siter \u00e0 alerter son manager afin de r\u00e9guler cette charge de travail. N\u2019attendez pas que la fatigue ou le stress s\u2019installe. <\/p>\n\n\n\n<h2 style=\"color:#d10016;\"><strong>2. Se fixer des limites de temps de t\u00e9l\u00e9travail<\/strong><\/h2>\n\n\n\n<p>Il est important de <strong>se fixer des horaires de travail qui peuvent \u00eatre cal\u00e9s sur ceux du bureau &#8211; <\/strong><em>par exemple de 9h \u00e0 18h <\/em>-. Les cadres notamment au forfait, plus \u00ab\u00a0<em>libres dans l\u2019organisation de leur temps de travail<\/em>\u00a0\u00bb ont, eux aussi, tout int\u00e9r\u00eat \u00e0 se fixer des temps limit\u00e9s de travail. Attention tant \u00e0 la <strong>procrastination<\/strong> qu\u2019\u00e0 la <strong>pr\u00e9crastination <\/strong>qui sont deux \u00e9cueils \u00e0 \u00e9viter. La procrastination est cette propension \u00e0 remettre toujours au lendemain ce qu\u2019on pourrait faire le jour m\u00eame, alors que la pr\u00e9crastination est le fait de se presser pour accomplir une tache pour \u00ab\u00a0s\u2019avancer pour le lendemain\u00a0\u00bb ou encore finir un dossier qui n\u2019est pas urgent. Ces deux pi\u00e8ges peuvent s\u2019accentuer en t\u00e9l\u00e9travail. Certes, des m\u00e9thodes ou outils existent pour apprendre \u00e0 r\u00e9guler sa charge de travail, mieux g\u00e9rer les priorit\u00e9s. Des salari\u00e9s sont d\u2019ailleurs devenus experts dans l\u2019application des <strong>\u00ab\u00a0to do list\u00a0\u00bb <\/strong>(liste de choses \u00e0 faire) ou en <strong>planification hebdomadaire<\/strong> ou encore maitrisent parfaitement la <strong>m\u00e9thode POMODORO <\/strong>(<em>d\u00e9coupage du temps en p\u00e9riodes de 25 minutes suivies de mini pause<\/em>). Mais ces outils, s\u2019ils sont mal maitris\u00e9s peuvent vite devenir <strong>chronophages <\/strong>et provoquer l\u2019effet inverse de ce qui est attendu en augmentant la charge de travail. Il est important de prendre en compte sa personnalit\u00e9 tout en tenant compte des attendus de l\u2019organisation. Et il reste n\u00e9cessaire de <strong>se fixer des temps de travail non d\u00e9passables <\/strong>&#8211; qu\u2019ils soient journaliers ou hebdomadaires &#8211; en fonction des objectifs \u00e0 r\u00e9aliser.<\/p>\n\n\n\n<h2 style=\"color:#d10016;\"><strong>3. Sortir de la tyrannie de la boite mail<\/strong><\/h2>\n\n\n\n<p>Aujourd\u2019hui, nous avons tous un t\u00e9l\u00e9phone portable o\u00f9 nous pouvons recevoir aussi bien des mails personnels que professionnels. Il est important de <strong>savoir d\u00e9connecter.<\/strong> Beaucoup d\u2019id\u00e9es et techniques fourmillent \u00e0 ce sujet pour apprendre \u00e0 se d\u00e9connecter. Retenons que <strong>les mails professionnels ne doivent \u00eatre lus que pendant le temps de travail, <\/strong>mais que nous avons tendance \u00e0 les lire d\u00e8s leur r\u00e9ception. Pendant votre temps de travail, d\u00e9connectez-vous de fa\u00e7on temporaire afin d\u2019\u00e9viter une sur-sollicitation. Pensez \u00e0 <strong>diff\u00e9rer l\u2019envoi d\u2019un courriel <\/strong>r\u00e9dig\u00e9 en dehors des horaires de travail pour vous assurer de sa r\u00e9ception pendant les horaires de travail. Evitez de solliciter des r\u00e9ponses ou des lectures imm\u00e9diates ou urgentes. Et <strong>mod\u00e9rez l\u2019utilisation des Cc ou\/et Cci<\/strong> et enfin pensez la r\u00e9daction de vos mails qui ne doivent pas \u00eatre trop longs \u2013 <em>sinon appelez la personne<\/em>. <\/p>\n\n\n\n<h2 style=\"color:#d10016;\"><strong>4. S\u2019octroyer des temps de pauses<\/strong><\/h2>\n\n\n\n<p>Lorsque nous sommes en entreprise, des temps de pause sont g\u00e9n\u00e9ralement pr\u00e9vus. Les b\u00e9n\u00e9fices de la pause sont bien connus tant sur le plan physique que psychique. Aussi quitter son ordinateur des yeux permet-il de lutter contre la fatigue visuelle\u00a0; bouger, marcher limitent les TMS (troubles Musculosquettiques)\u00a0; \u00e9changer avec des coll\u00e8gues cr\u00e9e des liens, aide \u00e0 la r\u00e9solution de probl\u00e8mes et, ainsi, participe \u00e0 la diminution du stress. En t\u00e9l\u00e9travail, <strong>ce rituel de la pause-caf\u00e9 s\u2019est souvent m\u00e9tamorphos\u00e9 en une pause-caf\u00e9 digitalis\u00e9e. <\/strong>Certes, il a l\u2019avantage de conserver un lien social mais peut s\u2019av\u00e9rer n\u00e9faste pour notre sant\u00e9 physique. Car ce type de pause se r\u00e9alise souvent en restant assis \u00e0 son poste de travail. Il est donc pr\u00e9f\u00e9rable de <strong>pr\u00e9voir de vraies coupures ou vous pourrez vous d\u00e9placer, vous \u00e9tirer. <\/strong>Si vous en avez la possibilit\u00e9, sortez \u00e0 l&rsquo;ext\u00e9rieur pour vous ressourcer et retrouver votre \u00e9nergie. Votre travail n&rsquo;en sera que plus productif. 5 \u00e0 10 minutes suffisent pour bien se ressourcer. Et ne pas oublier de faire <strong>une vraie pause pour le d\u00e9jeuner au moins 45 mn. <\/strong><\/p>\n\n\n\n<h2 style=\"color:#d10016;\"><strong>5. Essayer la micro-sieste<\/strong><\/h2>\n\n\n\n<p>La <strong>micro-sieste<\/strong> &#8211; lorsqu\u2019elle dure entre 10 et 20 mn &#8211; est un excellent moyen de r\u00e9cup\u00e9rer. Loin d\u2019\u00eatre une perte de temps, <strong>elle am\u00e9liore la concentration et la m\u00e9morisation, r\u00e9duit le stress, augmente la productivit\u00e9. <\/strong>En travaillant chez soi, elle est facile \u00e0 mettre en place, dans votre canap\u00e9 ou dans un fauteuil confortable. En revanche, \u00e9vitez de vous installer dans votre lit, car le risque de prolonger la sieste au-del\u00e0 des 20 mn n\u2019est pas loin. Faites une micro sieste en \u00e9teignant votre t\u00e9l\u00e9phone. Lors d\u2019une micro-sieste on entre dans un sommeil l\u00e9ger dont il est facile de sortir. Si vous avez peur de ne pas vous r\u00e9veiller, mettez un r\u00e9veil ou encore essayer la technique du stylo. Tenir un stylo dans la main, quand il tombe, c\u2019est le signe que la sieste est finie. Une autre technique est celle du peintre DALI nomm\u00e9e \u00ab\u00a0<em>le sommeil avec une cl\u00e9<\/em>\u00a0\u00bb. Placer une cl\u00e9 entre votre index et votre pouce et une assiette retourn\u00e9e au sol. Quand la cl\u00e9 tombe sur l\u2019assiette, le bruit vous r\u00e9veillera. <\/p>\n\n\n\n<h2 style=\"color:#d10016;\"><strong>6. Se lib\u00e9rer de biais cognitifs<\/strong><\/h2>\n\n\n\n<p>Beaucoup de t\u00e9l\u00e9travailleurs <strong>pensent \u00eatre surveill\u00e9s lors de leur journ\u00e9e de t\u00e9l\u00e9travail. <\/strong>6 personnes sur 10 pensent que les outils num\u00e9riques serviraient \u00e0 surveiller leur temps de connexion. Tr\u00e8s souvent il n\u2019en est rien. C\u2019est ce qu\u2019on appelle un <strong>biais cognitif,<\/strong> c\u2019est-\u00e0-dire <strong>un m\u00e9canisme de pens\u00e9e \u00e0 l\u2019origine d\u2019une alt\u00e9ration du jugement. <\/strong>Ces biais cognitifs nous emp\u00eachent parfois d\u2019agir ou de se donner des permissions, comme par exemple s\u2019octroyer une pause de 5 mn pour aller boire un caf\u00e9 ou discuter avec un coll\u00e8gue ou encore \u00e9teindre son t\u00e9l\u00e9phone portable pour ne pas \u00eatre joignable pendant quelques temps. <\/p>\n\n\n\n<h2 style=\"color:#d10016;\"><strong>7. Organiser ses journ\u00e9es de travail en se mettant des limites claires<\/strong><\/h2>\n\n\n\n<p>Lorsqu\u2019on est au bureau, le fait de rentrer chez soi nous oblige \u00e0 d\u00e9connecter. De fait, la journ\u00e9e est bien finie. En t\u00e9l\u00e9travail, la journ\u00e9e peut s\u2019\u00e9terniser. Savoir s\u2019arr\u00eater, d\u00e9crocher n\u2019est pas chose ais\u00e9e. Il est important de <strong>se donner une heure limite \u00e0 ne pas d\u00e9passer et de s\u2019y tenir. <\/strong>Mettez en place des <strong>petits rituels<\/strong> comme fermer son ordinateur et le ranger, \u00e9teindre son portable professionnel, etc. ou encore pr\u00e9voir un moment d\u2019\u00e9change particulier avec un membre de votre famille, un ami, aller faire ses courses, lire, regarder un film\u2026 le t\u00e9l\u00e9travail ne rime pas avec allongement du temps de travail. Si vous pouvez d\u00e9marrer votre journ\u00e9e de travail plus t\u00f4t le matin, d\u00e9connectez plus t\u00f4t le soir. Il est important de <strong>ne pas culpabiliser d\u2019\u00eatre chez soi, <\/strong>de se dire que <strong>\u00ab\u00a0les temps gagn\u00e9s\u00a0\u00bb en \u00e9vitant les embouteillages ou dans les transports en commun ne justifient pas de travailler 12 \u00e0 14 heures par jour. <\/strong><\/p>\n\n\n\n<br>\n<table width=\"100%\" cellspacing=\"10\" cellpadding=\"10\" border=\"0\" bgcolor=\"#f6f6f6\">\n<tbody>\n<tr>\n<td style=\"border-left: 15px solid #f6f6f6; border-right: 15px solid #f6f6f6; border-top: 15px solid #f6f6f6;\" bgcolor=\"#f6f6f6\">\n\t<center>\n\t\t<span style=\"font-size: 18px; color: #d10016; font-family:Helvetica;\"><strong>Votre formation sur ce th\u00e8me<br>\n\t\t\t\u00ab&nbsp;GESTION DU TEMPS&nbsp;\u00bb<br>\n\t\t\t2 jours &#8211; \u00c0 distance ou en pr\u00e9sentiel<\/strong><\/span><br>\n\t<\/center>\n\t\t<br>\n<ul>\n\t<li><strong>Optimiser son temps et structurer son organisation<\/strong> pour d\u00e9velopper efficacit\u00e9 et r\u00e9activit\u00e9<\/li>\n\t<li><strong>D\u00e9jouer les pollueurs du temps<\/strong> (impr\u00e9vus, mails, interruptions\u2026) quotidiens<\/li>\n\t<li><strong>Traiter l&rsquo;urgent<\/strong> en pr\u00e9servant l&rsquo;important\u2026<\/li>\n<\/ul>\n\n<table width=\"100%\" border=\"0\">\n  <tbody>\n    <tr>\n\t\t<td ;=\"\" bgcolor=\"#d10016\"><center><a href=\"https:\/\/www.gereso.com\/GETP\" target=\"_blank\" style=\"text-decoration:none; color:#ffffff \" rel=\"noopener noreferrer\"><strong>&gt;&nbsp;En savoir plus\u2026<\/strong><\/a><\/center><\/td>\n\t\t<td ;=\"\" bgcolor=\"f6f6f6\"><center>&nbsp;<\/center><\/td>\n\t\t<td ;=\"\" bgcolor=\"#d10016\"><center><a href=\"https:\/\/www.gereso.com\/client\/programme-pdf\/GETP.pdf\" target=\"_blank\" style=\"text-decoration:none; color:#ffffff\" rel=\"noopener noreferrer\"><strong>&gt;&nbsp;T\u00e9l\u00e9charger le programme PDF<\/strong><\/a><\/center><\/td>\n    <\/tr>\n  <\/tbody>\n<\/table>\n\n<\/td>\n<\/tr>\n<\/tbody>\n<\/table>\n\n\n\n<h2 style=\"color:#d10016;\"><strong>8. Savoir dire non, relativiser l\u2019urgence<\/strong><\/h2>\n\n\n\n<p>En t\u00e9l\u00e9travail, <strong>il arrive qu\u2019on surr\u00e9agisse pour prouver qu\u2019on est bien l\u00e0, <\/strong>en train de travailler. C\u2019est ainsi qu\u2019\u00e0 la moindre sollicitation (appel t\u00e9l\u00e9phonique, mail, sms\u2026) nous r\u00e9pondons pr\u00e9sent. L\u00e0 aussi apprenez \u00e0 <strong>vous d\u00e9faire de ce biais cognitif.<\/strong> Ce n\u2019est pas parce que vous ne r\u00e9pondez pas dans la seconde qu\u2019on va penser que vous \u00eates parti vous promener. Un des avantages du t\u00e9l\u00e9travail est que <strong>vous pouvez justement mieux g\u00e9rer ces interruptions.<\/strong> Attention aux pi\u00e8ges de l\u2019urgence. Si une t\u00e2che est urgente ou n\u00e9cessite de la concentration, pr\u00e9venez votre responsable hi\u00e9rarchique mais aussi vos coll\u00e8gues, que vous ne r\u00e9pondrez ni au t\u00e9l\u00e9phone ni au mail. De m\u00eame si vous n\u2019\u00eates pas seul(e)chez vous, soyez ferme et dites clairement que vous ne voulez pas \u00eatre d\u00e9rang\u00e9. <\/p>\n\n\n\n<h2 style=\"color:#d10016;\"><strong>9. \u00catre vigilant au temps de r\u00e9union virtuelle et aux conf\u00e9rences en ligne<\/strong><\/h2>\n\n\n\n<p>En t\u00e9l\u00e9travail, les r\u00e9unions ont tendance \u00e0 se multiplier. SI une r\u00e9union de 2 heures en pr\u00e9sentiel est acceptable\u00a0; <strong>\u00e0 distance, elle peut apparaitre excessive car elle n\u00e9cessite une attention plus soutenue. L<\/strong>orsqu\u2019on est en t\u00e9l\u00e9travail, on passe beaucoup de temps en r\u00e9union par besoin de se rapprocher et de maintenir un lien social. Mais ces r\u00e9unions demandent une concentration intense sur le discours oral &#8211; en raison de l\u2019absence de signes non verbaux que nous avons l\u2019habitude de traiter lorsque nous sommes en face \u00e0 face. Si vous \u00eates \u00e0 l\u2019origine de ces r\u00e9unions, <strong>assurez-vous qu\u2019elles sont bien indispensables. <\/strong>N\u2019oubliez pas dans tous les cas d\u2019\u00e9tablir <strong>un ordre du jour<\/strong> et de vous y tenir. Quand vous n\u2019\u00eates pas \u00e0 l\u2019initiative des r\u00e9unions, n\u2019h\u00e9sitez pas \u00e0 demander \u00e0 vos responsables hi\u00e9rarchiques si vous devez obligatoirement assister \u00e0 toutes. <\/p>\n\n\n\n<h2 style=\"color:#d10016;\"><strong>10. Profitez du t\u00e9l\u00e9travail pour garder du temps pour vous<\/strong><\/h2>\n\n\n\n<p>N\u2019oubliez pas toutes les fois o\u00f9 vous vous \u00eates dit que vous aimeriez trouver du temps pour lire, ou pour regarder cette s\u00e9rie dont on vous parle tant ou encore pour vous mettre \u00e0 une activit\u00e9 manuelle\u00a0\/artistique\u00a0? <strong>Et si le t\u00e9l\u00e9travail vous autorisait ce temps-l\u00e0\u00a0? <\/strong>Les avantages du t\u00e9l\u00e9travail sont nombreux pour l\u2019entreprise. <strong>T\u00e9l\u00e9travailler permettrait d\u2019accroitre la productivit\u00e9 de 5 \u00e0 30 %<\/strong> selon le rapport sur le t\u00e9l\u00e9travail de la Direction G\u00e9n\u00e9rale des Entreprises. Les avantages du t\u00e9l\u00e9travail pour les collaborateurs peuvent \u00eatre un peu plus de temps libre pour les loisirs, se remettre \u00e0 une activit\u00e9 sportive, consacrer plus de temps \u00e0 la famille. Par exemple, pensez \u00e0 garder le temps pass\u00e9 dans les transports ou dans les embouteillages pour vous. <\/p>\n","protected":false},"excerpt":{"rendered":"<p>Pourtant cette forme de travail, amen\u00e9e \u00e0 se p\u00e9renniser peut-\u00eatre un syst\u00e8me gagnant-gagnant pour l\u2019entreprise et ses salari\u00e9s. Apprendre \u00e0 bien g\u00e9rer son temps reste un enjeu de sant\u00e9 pour les t\u00e9l\u00e9travailleurs et permet un travail de qualit\u00e9 qui, lui, est un enjeu pour la performance des entreprises. 1. Rendre visible la r\u00e9alit\u00e9 de son [&hellip;]<\/p>\n","protected":false},"author":82,"featured_media":18840,"comment_status":"open","ping_status":"open","sticky":false,"template":"","format":"standard","meta":{"_acf_changed":false,"_mi_skip_tracking":false,"footnotes":""},"categories":[9],"tags":[1040,935,425],"class_list":["post-18787","post","type-post","status-publish","format-standard","has-post-thumbnail","hentry","category-developpement-personnel-et-efficacite-professionnelle","tag-gestion-du-temps","tag-teletravail","tag-temps-de-travail"],"acf":[],"yoast_head":"<!-- This site is optimized with the Yoast SEO plugin v23.4 - https:\/\/yoast.com\/wordpress\/plugins\/seo\/ -->\n<title>T\u00e9l\u00e9travail : 10 conseils pour bien g\u00e9rer son temps - Le Blog GERESO<\/title>\n<meta name=\"robots\" content=\"index, follow, max-snippet:-1, max-image-preview:large, max-video-preview:-1\" \/>\n<link rel=\"canonical\" href=\"https:\/\/www.gereso.com\/actualites\/2021\/01\/28\/teletravail-10-conseils-gerer-temps\/\" \/>\n<meta property=\"og:locale\" content=\"fr_FR\" \/>\n<meta property=\"og:type\" content=\"article\" \/>\n<meta property=\"og:title\" content=\"T\u00e9l\u00e9travail : 10 conseils pour bien g\u00e9rer son temps - Le Blog GERESO\" \/>\n<meta property=\"og:description\" content=\"Pourtant cette forme de travail, amen\u00e9e \u00e0 se p\u00e9renniser peut-\u00eatre un syst\u00e8me gagnant-gagnant pour l\u2019entreprise et ses salari\u00e9s. Apprendre \u00e0 bien g\u00e9rer son temps reste un enjeu de sant\u00e9 pour les t\u00e9l\u00e9travailleurs et permet un travail de qualit\u00e9 qui, lui, est un enjeu pour la performance des entreprises. 1. Rendre visible la r\u00e9alit\u00e9 de son [&hellip;]\" \/>\n<meta property=\"og:url\" content=\"https:\/\/www.gereso.com\/actualites\/2021\/01\/28\/teletravail-10-conseils-gerer-temps\/\" \/>\n<meta property=\"og:site_name\" content=\"Le Blog GERESO\" \/>\n<meta property=\"article:published_time\" content=\"2021-01-28T11:10:38+00:00\" \/>\n<meta property=\"article:modified_time\" content=\"2021-02-02T12:56:16+00:00\" \/>\n<meta property=\"og:image\" content=\"https:\/\/www.gereso.com\/actualites\/wp-content\/uploads\/2021\/01\/Teletravail-gerer-temps.jpg\" \/>\n\t<meta property=\"og:image:width\" content=\"600\" \/>\n\t<meta property=\"og:image:height\" content=\"400\" \/>\n\t<meta property=\"og:image:type\" content=\"image\/jpeg\" \/>\n<meta name=\"author\" content=\"Nelly Quilichini\" \/>\n<meta name=\"twitter:card\" content=\"summary_large_image\" \/>\n<script type=\"application\/ld+json\" class=\"yoast-schema-graph\">{\"@context\":\"https:\/\/schema.org\",\"@graph\":[{\"@type\":\"WebPage\",\"@id\":\"https:\/\/www.gereso.com\/actualites\/2021\/01\/28\/teletravail-10-conseils-gerer-temps\/\",\"url\":\"https:\/\/www.gereso.com\/actualites\/2021\/01\/28\/teletravail-10-conseils-gerer-temps\/\",\"name\":\"T\u00e9l\u00e9travail : 10 conseils pour bien g\u00e9rer son temps - Le Blog GERESO\",\"isPartOf\":{\"@id\":\"https:\/\/www.gereso.com\/actualites\/#website\"},\"primaryImageOfPage\":{\"@id\":\"https:\/\/www.gereso.com\/actualites\/2021\/01\/28\/teletravail-10-conseils-gerer-temps\/#primaryimage\"},\"image\":{\"@id\":\"https:\/\/www.gereso.com\/actualites\/2021\/01\/28\/teletravail-10-conseils-gerer-temps\/#primaryimage\"},\"thumbnailUrl\":\"https:\/\/www.gereso.com\/actualites\/wp-content\/uploads\/2021\/01\/Teletravail-gerer-temps.jpg\",\"datePublished\":\"2021-01-28T11:10:38+00:00\",\"dateModified\":\"2021-02-02T12:56:16+00:00\",\"author\":{\"@id\":\"https:\/\/www.gereso.com\/actualites\/#\/schema\/person\/d43365a1d9d9c049617d676a2f5194c5\"},\"breadcrumb\":{\"@id\":\"https:\/\/www.gereso.com\/actualites\/2021\/01\/28\/teletravail-10-conseils-gerer-temps\/#breadcrumb\"},\"inLanguage\":\"fr-FR\",\"potentialAction\":[{\"@type\":\"ReadAction\",\"target\":[\"https:\/\/www.gereso.com\/actualites\/2021\/01\/28\/teletravail-10-conseils-gerer-temps\/\"]}]},{\"@type\":\"ImageObject\",\"inLanguage\":\"fr-FR\",\"@id\":\"https:\/\/www.gereso.com\/actualites\/2021\/01\/28\/teletravail-10-conseils-gerer-temps\/#primaryimage\",\"url\":\"https:\/\/www.gereso.com\/actualites\/wp-content\/uploads\/2021\/01\/Teletravail-gerer-temps.jpg\",\"contentUrl\":\"https:\/\/www.gereso.com\/actualites\/wp-content\/uploads\/2021\/01\/Teletravail-gerer-temps.jpg\",\"width\":600,\"height\":400,\"caption\":\"T\u00e9l\u00e9travailler ne signifie pas travailler plus, il faut respecter son temps de travail.\"},{\"@type\":\"BreadcrumbList\",\"@id\":\"https:\/\/www.gereso.com\/actualites\/2021\/01\/28\/teletravail-10-conseils-gerer-temps\/#breadcrumb\",\"itemListElement\":[{\"@type\":\"ListItem\",\"position\":1,\"name\":\"Home\",\"item\":\"https:\/\/www.gereso.com\/actualites\/\"},{\"@type\":\"ListItem\",\"position\":2,\"name\":\"T\u00e9l\u00e9travail : 10 conseils pour bien g\u00e9rer son temps\"}]},{\"@type\":\"WebSite\",\"@id\":\"https:\/\/www.gereso.com\/actualites\/#website\",\"url\":\"https:\/\/www.gereso.com\/actualites\/\",\"name\":\"Le Blog GERESO\",\"description\":\"Toute l&#039;actu RH, Finance, Fonction Publique, Management...\",\"potentialAction\":[{\"@type\":\"SearchAction\",\"target\":{\"@type\":\"EntryPoint\",\"urlTemplate\":\"https:\/\/www.gereso.com\/actualites\/?s={search_term_string}\"},\"query-input\":{\"@type\":\"PropertyValueSpecification\",\"valueRequired\":true,\"valueName\":\"search_term_string\"}}],\"inLanguage\":\"fr-FR\"},{\"@type\":\"Person\",\"@id\":\"https:\/\/www.gereso.com\/actualites\/#\/schema\/person\/d43365a1d9d9c049617d676a2f5194c5\",\"name\":\"Nelly Quilichini\",\"image\":{\"@type\":\"ImageObject\",\"inLanguage\":\"fr-FR\",\"@id\":\"https:\/\/www.gereso.com\/actualites\/#\/schema\/person\/image\/\",\"url\":\"https:\/\/www.gereso.com\/actualites\/wp-content\/uploads\/2021\/01\/nelly-quilichini-144x144.jpg\",\"contentUrl\":\"https:\/\/www.gereso.com\/actualites\/wp-content\/uploads\/2021\/01\/nelly-quilichini-144x144.jpg\",\"caption\":\"Nelly Quilichini\"},\"description\":\"Nelly intervient en entreprise comme psychologue du travail (missions de pr\u00e9vention RPS) et \u00e9tudes ergonomiques (espace de travail, pr\u00e9vention TMS). Elle forme en parall\u00e8le les managers et \u00e9lus.\",\"url\":\"https:\/\/www.gereso.com\/actualites\/author\/n-quilichini\/\"}]}<\/script>\n<!-- \/ Yoast SEO plugin. -->","yoast_head_json":{"title":"T\u00e9l\u00e9travail : 10 conseils pour bien g\u00e9rer son temps - Le Blog GERESO","robots":{"index":"index","follow":"follow","max-snippet":"max-snippet:-1","max-image-preview":"max-image-preview:large","max-video-preview":"max-video-preview:-1"},"canonical":"https:\/\/www.gereso.com\/actualites\/2021\/01\/28\/teletravail-10-conseils-gerer-temps\/","og_locale":"fr_FR","og_type":"article","og_title":"T\u00e9l\u00e9travail : 10 conseils pour bien g\u00e9rer son temps - Le Blog GERESO","og_description":"Pourtant cette forme de travail, amen\u00e9e \u00e0 se p\u00e9renniser peut-\u00eatre un syst\u00e8me gagnant-gagnant pour l\u2019entreprise et ses salari\u00e9s. Apprendre \u00e0 bien g\u00e9rer son temps reste un enjeu de sant\u00e9 pour les t\u00e9l\u00e9travailleurs et permet un travail de qualit\u00e9 qui, lui, est un enjeu pour la performance des entreprises. 1. Rendre visible la r\u00e9alit\u00e9 de son [&hellip;]","og_url":"https:\/\/www.gereso.com\/actualites\/2021\/01\/28\/teletravail-10-conseils-gerer-temps\/","og_site_name":"Le Blog GERESO","article_published_time":"2021-01-28T11:10:38+00:00","article_modified_time":"2021-02-02T12:56:16+00:00","og_image":[{"width":600,"height":400,"url":"https:\/\/www.gereso.com\/actualites\/wp-content\/uploads\/2021\/01\/Teletravail-gerer-temps.jpg","type":"image\/jpeg"}],"author":"Nelly Quilichini","twitter_card":"summary_large_image","schema":{"@context":"https:\/\/schema.org","@graph":[{"@type":"WebPage","@id":"https:\/\/www.gereso.com\/actualites\/2021\/01\/28\/teletravail-10-conseils-gerer-temps\/","url":"https:\/\/www.gereso.com\/actualites\/2021\/01\/28\/teletravail-10-conseils-gerer-temps\/","name":"T\u00e9l\u00e9travail : 10 conseils pour bien g\u00e9rer son temps - Le Blog GERESO","isPartOf":{"@id":"https:\/\/www.gereso.com\/actualites\/#website"},"primaryImageOfPage":{"@id":"https:\/\/www.gereso.com\/actualites\/2021\/01\/28\/teletravail-10-conseils-gerer-temps\/#primaryimage"},"image":{"@id":"https:\/\/www.gereso.com\/actualites\/2021\/01\/28\/teletravail-10-conseils-gerer-temps\/#primaryimage"},"thumbnailUrl":"https:\/\/www.gereso.com\/actualites\/wp-content\/uploads\/2021\/01\/Teletravail-gerer-temps.jpg","datePublished":"2021-01-28T11:10:38+00:00","dateModified":"2021-02-02T12:56:16+00:00","author":{"@id":"https:\/\/www.gereso.com\/actualites\/#\/schema\/person\/d43365a1d9d9c049617d676a2f5194c5"},"breadcrumb":{"@id":"https:\/\/www.gereso.com\/actualites\/2021\/01\/28\/teletravail-10-conseils-gerer-temps\/#breadcrumb"},"inLanguage":"fr-FR","potentialAction":[{"@type":"ReadAction","target":["https:\/\/www.gereso.com\/actualites\/2021\/01\/28\/teletravail-10-conseils-gerer-temps\/"]}]},{"@type":"ImageObject","inLanguage":"fr-FR","@id":"https:\/\/www.gereso.com\/actualites\/2021\/01\/28\/teletravail-10-conseils-gerer-temps\/#primaryimage","url":"https:\/\/www.gereso.com\/actualites\/wp-content\/uploads\/2021\/01\/Teletravail-gerer-temps.jpg","contentUrl":"https:\/\/www.gereso.com\/actualites\/wp-content\/uploads\/2021\/01\/Teletravail-gerer-temps.jpg","width":600,"height":400,"caption":"T\u00e9l\u00e9travailler ne signifie pas travailler plus, il faut respecter son temps de travail."},{"@type":"BreadcrumbList","@id":"https:\/\/www.gereso.com\/actualites\/2021\/01\/28\/teletravail-10-conseils-gerer-temps\/#breadcrumb","itemListElement":[{"@type":"ListItem","position":1,"name":"Home","item":"https:\/\/www.gereso.com\/actualites\/"},{"@type":"ListItem","position":2,"name":"T\u00e9l\u00e9travail : 10 conseils pour bien g\u00e9rer son temps"}]},{"@type":"WebSite","@id":"https:\/\/www.gereso.com\/actualites\/#website","url":"https:\/\/www.gereso.com\/actualites\/","name":"Le Blog GERESO","description":"Toute l&#039;actu RH, Finance, Fonction Publique, Management...","potentialAction":[{"@type":"SearchAction","target":{"@type":"EntryPoint","urlTemplate":"https:\/\/www.gereso.com\/actualites\/?s={search_term_string}"},"query-input":{"@type":"PropertyValueSpecification","valueRequired":true,"valueName":"search_term_string"}}],"inLanguage":"fr-FR"},{"@type":"Person","@id":"https:\/\/www.gereso.com\/actualites\/#\/schema\/person\/d43365a1d9d9c049617d676a2f5194c5","name":"Nelly Quilichini","image":{"@type":"ImageObject","inLanguage":"fr-FR","@id":"https:\/\/www.gereso.com\/actualites\/#\/schema\/person\/image\/","url":"https:\/\/www.gereso.com\/actualites\/wp-content\/uploads\/2021\/01\/nelly-quilichini-144x144.jpg","contentUrl":"https:\/\/www.gereso.com\/actualites\/wp-content\/uploads\/2021\/01\/nelly-quilichini-144x144.jpg","caption":"Nelly Quilichini"},"description":"Nelly intervient en entreprise comme psychologue du travail (missions de pr\u00e9vention RPS) et \u00e9tudes ergonomiques (espace de travail, pr\u00e9vention TMS). Elle forme en parall\u00e8le les managers et \u00e9lus.","url":"https:\/\/www.gereso.com\/actualites\/author\/n-quilichini\/"}]}},"_links":{"self":[{"href":"https:\/\/www.gereso.com\/actualites\/wp-json\/wp\/v2\/posts\/18787","targetHints":{"allow":["GET"]}}],"collection":[{"href":"https:\/\/www.gereso.com\/actualites\/wp-json\/wp\/v2\/posts"}],"about":[{"href":"https:\/\/www.gereso.com\/actualites\/wp-json\/wp\/v2\/types\/post"}],"author":[{"embeddable":true,"href":"https:\/\/www.gereso.com\/actualites\/wp-json\/wp\/v2\/users\/82"}],"replies":[{"embeddable":true,"href":"https:\/\/www.gereso.com\/actualites\/wp-json\/wp\/v2\/comments?post=18787"}],"version-history":[{"count":56,"href":"https:\/\/www.gereso.com\/actualites\/wp-json\/wp\/v2\/posts\/18787\/revisions"}],"predecessor-version":[{"id":19027,"href":"https:\/\/www.gereso.com\/actualites\/wp-json\/wp\/v2\/posts\/18787\/revisions\/19027"}],"wp:featuredmedia":[{"embeddable":true,"href":"https:\/\/www.gereso.com\/actualites\/wp-json\/wp\/v2\/media\/18840"}],"wp:attachment":[{"href":"https:\/\/www.gereso.com\/actualites\/wp-json\/wp\/v2\/media?parent=18787"}],"wp:term":[{"taxonomy":"category","embeddable":true,"href":"https:\/\/www.gereso.com\/actualites\/wp-json\/wp\/v2\/categories?post=18787"},{"taxonomy":"post_tag","embeddable":true,"href":"https:\/\/www.gereso.com\/actualites\/wp-json\/wp\/v2\/tags?post=18787"}],"curies":[{"name":"wp","href":"https:\/\/api.w.org\/{rel}","templated":true}]}}