{"id":1888,"date":"2011-06-09T00:00:00","date_gmt":"2011-06-08T22:00:00","guid":{"rendered":"https:\/\/www.gereso.com\/actualites\/2011\/06\/forfait-jour-le-point-sur-lactualite\/"},"modified":"2011-06-09T00:00:00","modified_gmt":"2011-06-08T22:00:00","slug":"forfait-jour-le-point-sur-lactualite","status":"publish","type":"post","link":"https:\/\/www.gereso.com\/actualites\/2011\/06\/09\/forfait-jour-le-point-sur-lactualite\/","title":{"rendered":"Forfait-jour : le point sur l&#039;actualit\u00e9"},"content":{"rendered":"<p>Le forfait-jour est sur la sellette ! Tous les m\u00e9dias se sont fait l&rsquo;\u00e9cho hier de l&rsquo;examen en cours, par la Cour de cassation du dossier d&rsquo;un commercial qui exige le paiement de ses heures suppl\u00e9mentaires apr\u00e8s son licenciement en 2006.<\/p>\n<p>D\u00e9bout\u00e9 jusqu&rsquo;ici par le Conseil des Prud&rsquo;hommes puis la Cour d&rsquo;Appel, la plus haute juridiction pourrait lui donner raison.<\/p>\n<p>Au final, pr\u00e8s de 1 500 000 salari\u00e9s pourraient r\u00e9clamer le paiement de leurs heures suppl\u00e9mentaires, et ce, jusqu&rsquo;au d\u00e9lai de prescription, soit au cours des 5 derni\u00e8res ann\u00e9es. Autant dire que les enjeux sont \u00e9normes !<\/p>\n<h3 class=\"body\"><strong>Un dispositif n\u00e9 des 35 heures <\/strong><\/h3>\n<div class=\"body\">\n<p>Le r\u00e9gime du forfait jour a \u00e9t\u00e9 cr\u00e9\u00e9 en 2000, au moment de la loi Aubry 2 sur les 35 heures.<\/p>\n<p>Il concerne les salari\u00e9s autonomes dans l&rsquo;organisation de leur travail, donc essentiellement les cadres, pour lesquels une dur\u00e9e quotidienne de travail n&rsquo;a pas de sens. Leur temps de travail n&rsquo;est donc pas calcul\u00e9 en heures mais en nombre de journ\u00e9es travaill\u00e9es \u00e0 l&rsquo;ann\u00e9e, d&rsquo;o\u00f9 le nom de forfait-jour. Cette clause doit \u00eatre clairement int\u00e9gr\u00e9e dans leur contrat de travail.<\/p>\n<h3><strong>Comment fonctionne le forfait-jour&nbsp;?<\/strong><\/h3>\n<p>En pratique, les salari\u00e9s au forfait-jour ne sont pas tenus de respecter des horaires stricts de travail. Mais ils ne sont pas concern\u00e9s par la dur\u00e9e maximale du travail autoris\u00e9e par le Code du Travail. Ils peuvent aussi travailler plus de 10 heures par jour, 44 heures par semaine. Ils doivent simplement respecter les dur\u00e9es minimales de repos : 11 heures par jour, et 35 heures cons\u00e9cutives par semaine. Au total, ils peuvent donc travailler jusqu&rsquo;\u00e0 78 heures par semaine sans que l&#8217;employeur ne paye d&rsquo;heures suppl\u00e9mentaires.<\/p>\n<p>Pour compenser ces journ\u00e9es \u00e0 rallonge, les cadres ne travaillent que 218 jours par an. Ils b\u00e9n\u00e9ficient donc d&rsquo;environ de 10 jours de cong\u00e9s de plus que les autres salari\u00e9s, voire plus selon l&rsquo;accord d&rsquo;entreprise ou la convention collective.<\/p>\n<h3><strong>Pourquoi est-il remis en cause&nbsp;?<\/strong><\/h3>\n<p>Pour la CGT et la CFE-CGC, ces contreparties sont in suffisantes. Les deux syndicats ont donc saisi le Comit\u00e9 europ\u00e9en des droits sociaux, qui a jug\u00e9 \u00e0 trois reprises le forfait-jour contraire aux droits europ\u00e9ens. Motif invoqu\u00e9 : une dur\u00e9e de travail de 78 heures par semaine n&rsquo;est pas \u00ab\u00a0raisonnable\u00a0\u00bb. Jusqu&rsquo;\u00e0 pr\u00e9sent, le gouvernement a fait la sourde oreille. Mais la Cour de Cassation pourrait s&rsquo;appuyer sur cet avis pour ordonner le paiement des heures suppl\u00e9mentaires dans ce dossier, qui ferait jurisprudence.<\/p>\n<h3><strong>Quelles cons\u00e9quences d&rsquo;une disparition du forfait-jour&nbsp;?<\/strong><\/h3>\n<p>En cas de remise en cause du forfait-jour, les contentieux risquent de se multiplier. Dans ce cas, il revient aux salari\u00e9s de prouver leurs heures suppl\u00e9mentaires. En cas de condamnation, les entreprises pourraient se retourner contre l&rsquo;Etat, qui leur a impos\u00e9 une loi contraire aux dispositions europ\u00e9ennes.<\/p>\n<\/div>\n<h3>Derni\u00e8re minute<\/h3>\n<p>La chambre sociale de la Cour de cassation a mis en d\u00e9lib\u00e9r\u00e9 au mercredi 29 juin sa d\u00e9cision dans l&rsquo;affaire du forfait-jour.<strong>\u00a0<\/strong><\/p>\n<p><strong> <\/strong>L&rsquo;audience, qui s&rsquo;est tenue en d\u00e9but d&rsquo;apr\u00e8s-midi mercredi 8 juin et \u00e0 laquelle \u00ab\u00a0Les dessous du social\u00a0\u00bb ont assist\u00e9, n&rsquo;aura dur\u00e9 en fait que 15 petites minutes, montre en main. Le rapporteur de la chambre sociale a expos\u00e9 les faits, non sans rappeler les multiples avis rendus par le Comit\u00e9 europ\u00e9en des droits sociaux contre le forfait-jour.<\/p>\n<p>Mani\u00e8re, \u00e0 peine d\u00e9guis\u00e9e, de sugg\u00e9rer \u00e0 la Cour de se saisir de la question de sa lic\u00e9it\u00e9 par rapport au droit europ\u00e9en.<\/p>\n<p>L&rsquo;avocat g\u00e9n\u00e9ral a quant \u00e0 lui sugg\u00e9r\u00e9 \u00e0 la chambre sociale de ne r\u00e9pondre qu&rsquo;aux questions qui lui \u00e9taient pos\u00e9es (le cas en l&rsquo;esp\u00e8ce) et surtout pas \u00e0 celle qui ne l&rsquo;\u00e9tait (la validit\u00e9 du forfait-jour), et ce malgr\u00e9 les articles de presse l&rsquo;invitant \u00e0 le faire. \u00ab\u00a0Il serait sage d&rsquo;en rester l\u00e0\u00a0\u00bb, a-t-il argu\u00e9. Et si jamais la chambre \u00e9tait tent\u00e9e de le faire, il lui a alors conseill\u00e9 de reporter le d\u00e9bat, ne serait-ce que parce que les parties pr\u00e9sentes n&rsquo;avaient pas \u00e9t\u00e9 invit\u00e9es \u00e0 r\u00e9pondre \u00e0 la question de la lic\u00e9it\u00e9 du forfait-jour.<\/p>\n<p>Les seuls m\u00e9moires qu&rsquo;il a re\u00e7us ces derniers jours, a-t-il pr\u00e9cis\u00e9 l\u00e9g\u00e8rement agac\u00e9, \u00e9manent de l&rsquo;entreprise IMV Technologies (l&rsquo;ex-employeur qui attaque en cassation) et du&#8230; Medef. La Cour s&rsquo;est ensuite r\u00e9unie \u00e0 huis-clos, pendant 45 minutes, pour d\u00e9battre du dossier&#8230;<\/p>\n<p> Au final, on saura donc le 29 juin si la chambre sociale se saisit ou non de la question de la lic\u00e9it\u00e9 du forfait-jour. Et si, dans le cas positif, elle rend son jugement sans attendre ou si elle reporte sa d\u00e9cision de plusieurs mois apr\u00e8s avoir demand\u00e9 leur avis aux parties prenantes. Le gouvernement va pouvoir souffler pendant trois semaines&#8230;<\/p>\n<p>Sources : Capital.fr et <\/p>\n<p>\u00a0<\/p>\n<p>Votre formation GERESO en intra sur ce th\u00e8me : Gestion des forfaits-jours<\/p>\n","protected":false},"excerpt":{"rendered":"<p>Le forfait-jour est sur la sellette ! Tous les m\u00e9dias se sont fait l&rsquo;\u00e9cho hier de l&rsquo;examen en cours, par la Cour de cassation du dossier d&rsquo;un commercial qui exige le paiement de ses heures suppl\u00e9mentaires apr\u00e8s son licenciement en 2006. D\u00e9bout\u00e9 jusqu&rsquo;ici par le Conseil des Prud&rsquo;hommes puis la Cour d&rsquo;Appel, la plus haute [&hellip;]<\/p>\n","protected":false},"author":32,"featured_media":0,"comment_status":"open","ping_status":"open","sticky":false,"template":"","format":"standard","meta":{"_acf_changed":false,"_mi_skip_tracking":false,"footnotes":""},"categories":[5],"tags":[],"class_list":["post-1888","post","type-post","status-publish","format-standard","hentry","category-droit-du-travail"],"acf":[],"yoast_head":"<!-- This site is optimized with the Yoast SEO plugin v23.4 - https:\/\/yoast.com\/wordpress\/plugins\/seo\/ -->\n<title>Forfait-jour : le point sur l&#039;actualit\u00e9 - Le Blog GERESO<\/title>\n<meta name=\"robots\" content=\"index, follow, max-snippet:-1, max-image-preview:large, max-video-preview:-1\" \/>\n<link rel=\"canonical\" href=\"https:\/\/www.gereso.com\/actualites\/2011\/06\/09\/forfait-jour-le-point-sur-lactualite\/\" \/>\n<meta property=\"og:locale\" content=\"fr_FR\" \/>\n<meta property=\"og:type\" content=\"article\" \/>\n<meta property=\"og:title\" content=\"Forfait-jour : le point sur l&#039;actualit\u00e9 - Le Blog GERESO\" \/>\n<meta property=\"og:description\" content=\"Le forfait-jour est sur la sellette ! Tous les m\u00e9dias se sont fait l&rsquo;\u00e9cho hier de l&rsquo;examen en cours, par la Cour de cassation du dossier d&rsquo;un commercial qui exige le paiement de ses heures suppl\u00e9mentaires apr\u00e8s son licenciement en 2006. D\u00e9bout\u00e9 jusqu&rsquo;ici par le Conseil des Prud&rsquo;hommes puis la Cour d&rsquo;Appel, la plus haute [&hellip;]\" \/>\n<meta property=\"og:url\" content=\"https:\/\/www.gereso.com\/actualites\/2011\/06\/09\/forfait-jour-le-point-sur-lactualite\/\" \/>\n<meta property=\"og:site_name\" content=\"Le Blog GERESO\" \/>\n<meta property=\"article:published_time\" content=\"2011-06-08T22:00:00+00:00\" \/>\n<meta name=\"author\" content=\"\u00c9quipe GERESO\" \/>\n<meta name=\"twitter:card\" content=\"summary_large_image\" \/>\n<script type=\"application\/ld+json\" class=\"yoast-schema-graph\">{\"@context\":\"https:\/\/schema.org\",\"@graph\":[{\"@type\":\"WebPage\",\"@id\":\"https:\/\/www.gereso.com\/actualites\/2011\/06\/09\/forfait-jour-le-point-sur-lactualite\/\",\"url\":\"https:\/\/www.gereso.com\/actualites\/2011\/06\/09\/forfait-jour-le-point-sur-lactualite\/\",\"name\":\"Forfait-jour : le point sur l&#039;actualit\u00e9 - Le Blog GERESO\",\"isPartOf\":{\"@id\":\"https:\/\/www.gereso.com\/actualites\/#website\"},\"datePublished\":\"2011-06-08T22:00:00+00:00\",\"dateModified\":\"2011-06-08T22:00:00+00:00\",\"author\":{\"@id\":\"https:\/\/www.gereso.com\/actualites\/#\/schema\/person\/197d8aef40cb4ae3f6a0aa9e1d3df2a6\"},\"breadcrumb\":{\"@id\":\"https:\/\/www.gereso.com\/actualites\/2011\/06\/09\/forfait-jour-le-point-sur-lactualite\/#breadcrumb\"},\"inLanguage\":\"fr-FR\",\"potentialAction\":[{\"@type\":\"ReadAction\",\"target\":[\"https:\/\/www.gereso.com\/actualites\/2011\/06\/09\/forfait-jour-le-point-sur-lactualite\/\"]}]},{\"@type\":\"BreadcrumbList\",\"@id\":\"https:\/\/www.gereso.com\/actualites\/2011\/06\/09\/forfait-jour-le-point-sur-lactualite\/#breadcrumb\",\"itemListElement\":[{\"@type\":\"ListItem\",\"position\":1,\"name\":\"Home\",\"item\":\"https:\/\/www.gereso.com\/actualites\/\"},{\"@type\":\"ListItem\",\"position\":2,\"name\":\"Forfait-jour : le point sur l&#039;actualit\u00e9\"}]},{\"@type\":\"WebSite\",\"@id\":\"https:\/\/www.gereso.com\/actualites\/#website\",\"url\":\"https:\/\/www.gereso.com\/actualites\/\",\"name\":\"Le Blog GERESO\",\"description\":\"Toute l&#039;actu RH, Finance, Fonction Publique, Management...\",\"potentialAction\":[{\"@type\":\"SearchAction\",\"target\":{\"@type\":\"EntryPoint\",\"urlTemplate\":\"https:\/\/www.gereso.com\/actualites\/?s={search_term_string}\"},\"query-input\":{\"@type\":\"PropertyValueSpecification\",\"valueRequired\":true,\"valueName\":\"search_term_string\"}}],\"inLanguage\":\"fr-FR\"},{\"@type\":\"Person\",\"@id\":\"https:\/\/www.gereso.com\/actualites\/#\/schema\/person\/197d8aef40cb4ae3f6a0aa9e1d3df2a6\",\"name\":\"\u00c9quipe GERESO\",\"image\":{\"@type\":\"ImageObject\",\"inLanguage\":\"fr-FR\",\"@id\":\"https:\/\/www.gereso.com\/actualites\/#\/schema\/person\/image\/\",\"url\":\"https:\/\/www.gereso.com\/actualites\/wp-content\/uploads\/2013\/12\/avatar-gereso-1.png\",\"contentUrl\":\"https:\/\/www.gereso.com\/actualites\/wp-content\/uploads\/2013\/12\/avatar-gereso-1.png\",\"caption\":\"\u00c9quipe GERESO\"},\"url\":\"https:\/\/www.gereso.com\/actualites\/author\/gereso\/\"}]}<\/script>\n<!-- \/ Yoast SEO plugin. -->","yoast_head_json":{"title":"Forfait-jour : le point sur l&#039;actualit\u00e9 - Le Blog GERESO","robots":{"index":"index","follow":"follow","max-snippet":"max-snippet:-1","max-image-preview":"max-image-preview:large","max-video-preview":"max-video-preview:-1"},"canonical":"https:\/\/www.gereso.com\/actualites\/2011\/06\/09\/forfait-jour-le-point-sur-lactualite\/","og_locale":"fr_FR","og_type":"article","og_title":"Forfait-jour : le point sur l&#039;actualit\u00e9 - Le Blog GERESO","og_description":"Le forfait-jour est sur la sellette ! Tous les m\u00e9dias se sont fait l&rsquo;\u00e9cho hier de l&rsquo;examen en cours, par la Cour de cassation du dossier d&rsquo;un commercial qui exige le paiement de ses heures suppl\u00e9mentaires apr\u00e8s son licenciement en 2006. D\u00e9bout\u00e9 jusqu&rsquo;ici par le Conseil des Prud&rsquo;hommes puis la Cour d&rsquo;Appel, la plus haute [&hellip;]","og_url":"https:\/\/www.gereso.com\/actualites\/2011\/06\/09\/forfait-jour-le-point-sur-lactualite\/","og_site_name":"Le Blog GERESO","article_published_time":"2011-06-08T22:00:00+00:00","author":"\u00c9quipe GERESO","twitter_card":"summary_large_image","schema":{"@context":"https:\/\/schema.org","@graph":[{"@type":"WebPage","@id":"https:\/\/www.gereso.com\/actualites\/2011\/06\/09\/forfait-jour-le-point-sur-lactualite\/","url":"https:\/\/www.gereso.com\/actualites\/2011\/06\/09\/forfait-jour-le-point-sur-lactualite\/","name":"Forfait-jour : le point sur l&#039;actualit\u00e9 - Le Blog GERESO","isPartOf":{"@id":"https:\/\/www.gereso.com\/actualites\/#website"},"datePublished":"2011-06-08T22:00:00+00:00","dateModified":"2011-06-08T22:00:00+00:00","author":{"@id":"https:\/\/www.gereso.com\/actualites\/#\/schema\/person\/197d8aef40cb4ae3f6a0aa9e1d3df2a6"},"breadcrumb":{"@id":"https:\/\/www.gereso.com\/actualites\/2011\/06\/09\/forfait-jour-le-point-sur-lactualite\/#breadcrumb"},"inLanguage":"fr-FR","potentialAction":[{"@type":"ReadAction","target":["https:\/\/www.gereso.com\/actualites\/2011\/06\/09\/forfait-jour-le-point-sur-lactualite\/"]}]},{"@type":"BreadcrumbList","@id":"https:\/\/www.gereso.com\/actualites\/2011\/06\/09\/forfait-jour-le-point-sur-lactualite\/#breadcrumb","itemListElement":[{"@type":"ListItem","position":1,"name":"Home","item":"https:\/\/www.gereso.com\/actualites\/"},{"@type":"ListItem","position":2,"name":"Forfait-jour : le point sur l&#039;actualit\u00e9"}]},{"@type":"WebSite","@id":"https:\/\/www.gereso.com\/actualites\/#website","url":"https:\/\/www.gereso.com\/actualites\/","name":"Le Blog GERESO","description":"Toute l&#039;actu RH, Finance, Fonction Publique, Management...","potentialAction":[{"@type":"SearchAction","target":{"@type":"EntryPoint","urlTemplate":"https:\/\/www.gereso.com\/actualites\/?s={search_term_string}"},"query-input":{"@type":"PropertyValueSpecification","valueRequired":true,"valueName":"search_term_string"}}],"inLanguage":"fr-FR"},{"@type":"Person","@id":"https:\/\/www.gereso.com\/actualites\/#\/schema\/person\/197d8aef40cb4ae3f6a0aa9e1d3df2a6","name":"\u00c9quipe GERESO","image":{"@type":"ImageObject","inLanguage":"fr-FR","@id":"https:\/\/www.gereso.com\/actualites\/#\/schema\/person\/image\/","url":"https:\/\/www.gereso.com\/actualites\/wp-content\/uploads\/2013\/12\/avatar-gereso-1.png","contentUrl":"https:\/\/www.gereso.com\/actualites\/wp-content\/uploads\/2013\/12\/avatar-gereso-1.png","caption":"\u00c9quipe GERESO"},"url":"https:\/\/www.gereso.com\/actualites\/author\/gereso\/"}]}},"_links":{"self":[{"href":"https:\/\/www.gereso.com\/actualites\/wp-json\/wp\/v2\/posts\/1888","targetHints":{"allow":["GET"]}}],"collection":[{"href":"https:\/\/www.gereso.com\/actualites\/wp-json\/wp\/v2\/posts"}],"about":[{"href":"https:\/\/www.gereso.com\/actualites\/wp-json\/wp\/v2\/types\/post"}],"author":[{"embeddable":true,"href":"https:\/\/www.gereso.com\/actualites\/wp-json\/wp\/v2\/users\/32"}],"replies":[{"embeddable":true,"href":"https:\/\/www.gereso.com\/actualites\/wp-json\/wp\/v2\/comments?post=1888"}],"version-history":[{"count":0,"href":"https:\/\/www.gereso.com\/actualites\/wp-json\/wp\/v2\/posts\/1888\/revisions"}],"wp:attachment":[{"href":"https:\/\/www.gereso.com\/actualites\/wp-json\/wp\/v2\/media?parent=1888"}],"wp:term":[{"taxonomy":"category","embeddable":true,"href":"https:\/\/www.gereso.com\/actualites\/wp-json\/wp\/v2\/categories?post=1888"},{"taxonomy":"post_tag","embeddable":true,"href":"https:\/\/www.gereso.com\/actualites\/wp-json\/wp\/v2\/tags?post=1888"}],"curies":[{"name":"wp","href":"https:\/\/api.w.org\/{rel}","templated":true}]}}