{"id":1889,"date":"2011-06-09T00:00:00","date_gmt":"2011-06-08T22:00:00","guid":{"rendered":"https:\/\/www.gereso.com\/actualites\/2011\/06\/les-decrets-et-les-arretes-applicables-aux-entreprises-feront-lobjet-dune-entree-en-vigueur-differee\/"},"modified":"2011-06-09T00:00:00","modified_gmt":"2011-06-08T22:00:00","slug":"les-decrets-et-les-arretes-applicables-aux-entreprises-feront-lobjet-dune-entree-en-vigueur-differee","status":"publish","type":"post","link":"https:\/\/www.gereso.com\/actualites\/2011\/06\/09\/les-decrets-et-les-arretes-applicables-aux-entreprises-feront-lobjet-dune-entree-en-vigueur-differee\/","title":{"rendered":"Les d\u00e9crets et les arr\u00eat\u00e9s applicables aux entreprises feront l&#039;objet d&#039;une entr\u00e9e en vigueur diff\u00e9r\u00e9e"},"content":{"rendered":"<p>Dans une circulaire du 23 mai dernier, le Premier Ministre annonce qu&rsquo;\u00e0 partir du 1er octobre 2011, les d\u00e9crets et les arr\u00eat\u00e9s concernant les entreprises se verront appliquer un m\u00e9canisme d&rsquo;entr\u00e9e en vigueur diff\u00e9r\u00e9e d&rsquo;au moins 2 mois \u00e0 compter de leur date de publication. L&rsquo;objectif est de permettre aux entreprises d&rsquo;avoir le temps de se pr\u00e9parer aux modifications r\u00e9glementaires \u00e0 venir.<\/p>\n<p> La dur\u00e9e de ce diff\u00e9r\u00e9 pourra m\u00eame \u00eatre bien sup\u00e9rieure \u00e0 2 mois pour les textes dont la mise en &oelig;uvre serait lourde en implications pour les entreprises.<\/p>\n<p> Au demeurant, les dates d&rsquo;entr\u00e9e en vigueur mentionn\u00e9es dans ces textes devront correspondre \u00e0 l&rsquo;une des deux \u00e9ch\u00e9ances suivantes : 1er janvier ou 1er juillet de chaque ann\u00e9e.<\/p>\n<p> Des d\u00e9rogations seront possibles, notamment pour permettre l&rsquo;entr\u00e9e en vigueur sans d\u00e9lai des mesures favorables aux entreprises.<\/p>\n<p> La liste des textes entrant \u00e0 vigueur \u00e0 chaque \u00e9ch\u00e9ance pr\u00e9d\u00e9termin\u00e9e sera publi\u00e9e et mise \u00e0 jour en continu sur L\u00e9gifrance.<\/p>\n<p>\u00a0<\/p>\n<p>Source : Circulaire du Premier Ministre du 23 mai 2011, JO du 24<\/p>\n","protected":false},"excerpt":{"rendered":"<p>Dans une circulaire du 23 mai dernier, le Premier Ministre annonce qu&rsquo;\u00e0 partir du 1er octobre 2011, les d\u00e9crets et les arr\u00eat\u00e9s concernant les entreprises se verront appliquer un m\u00e9canisme d&rsquo;entr\u00e9e en vigueur diff\u00e9r\u00e9e d&rsquo;au moins 2 mois \u00e0 compter de leur date de publication. L&rsquo;objectif est de permettre aux entreprises d&rsquo;avoir le temps de [&hellip;]<\/p>\n","protected":false},"author":32,"featured_media":0,"comment_status":"open","ping_status":"open","sticky":false,"template":"","format":"standard","meta":{"_acf_changed":false,"_mi_skip_tracking":false,"footnotes":""},"categories":[5],"tags":[],"class_list":["post-1889","post","type-post","status-publish","format-standard","hentry","category-droit-du-travail"],"acf":[],"yoast_head":"<!-- This site is optimized with the Yoast SEO plugin v23.4 - https:\/\/yoast.com\/wordpress\/plugins\/seo\/ -->\n<title>Les d\u00e9crets et les arr\u00eat\u00e9s applicables aux entreprises feront l&#039;objet d&#039;une entr\u00e9e en vigueur diff\u00e9r\u00e9e - Le Blog GERESO<\/title>\n<meta name=\"robots\" content=\"index, follow, max-snippet:-1, max-image-preview:large, max-video-preview:-1\" \/>\n<link rel=\"canonical\" href=\"https:\/\/www.gereso.com\/actualites\/2011\/06\/09\/les-decrets-et-les-arretes-applicables-aux-entreprises-feront-lobjet-dune-entree-en-vigueur-differee\/\" \/>\n<meta property=\"og:locale\" content=\"fr_FR\" \/>\n<meta property=\"og:type\" content=\"article\" \/>\n<meta property=\"og:title\" content=\"Les d\u00e9crets et les arr\u00eat\u00e9s applicables aux entreprises feront l&#039;objet d&#039;une entr\u00e9e en vigueur diff\u00e9r\u00e9e - Le Blog GERESO\" \/>\n<meta property=\"og:description\" content=\"Dans une circulaire du 23 mai dernier, le Premier Ministre annonce qu&rsquo;\u00e0 partir du 1er octobre 2011, les d\u00e9crets et les arr\u00eat\u00e9s concernant les entreprises se verront appliquer un m\u00e9canisme d&rsquo;entr\u00e9e en vigueur diff\u00e9r\u00e9e d&rsquo;au moins 2 mois \u00e0 compter de leur date de publication. L&rsquo;objectif est de permettre aux entreprises d&rsquo;avoir le temps de [&hellip;]\" \/>\n<meta property=\"og:url\" content=\"https:\/\/www.gereso.com\/actualites\/2011\/06\/09\/les-decrets-et-les-arretes-applicables-aux-entreprises-feront-lobjet-dune-entree-en-vigueur-differee\/\" \/>\n<meta property=\"og:site_name\" content=\"Le Blog GERESO\" \/>\n<meta property=\"article:published_time\" content=\"2011-06-08T22:00:00+00:00\" \/>\n<meta name=\"author\" content=\"\u00c9quipe GERESO\" \/>\n<meta name=\"twitter:card\" content=\"summary_large_image\" \/>\n<script type=\"application\/ld+json\" class=\"yoast-schema-graph\">{\"@context\":\"https:\/\/schema.org\",\"@graph\":[{\"@type\":\"WebPage\",\"@id\":\"https:\/\/www.gereso.com\/actualites\/2011\/06\/09\/les-decrets-et-les-arretes-applicables-aux-entreprises-feront-lobjet-dune-entree-en-vigueur-differee\/\",\"url\":\"https:\/\/www.gereso.com\/actualites\/2011\/06\/09\/les-decrets-et-les-arretes-applicables-aux-entreprises-feront-lobjet-dune-entree-en-vigueur-differee\/\",\"name\":\"Les d\u00e9crets et les arr\u00eat\u00e9s applicables aux entreprises feront l&#039;objet d&#039;une entr\u00e9e en vigueur diff\u00e9r\u00e9e - Le Blog GERESO\",\"isPartOf\":{\"@id\":\"https:\/\/www.gereso.com\/actualites\/#website\"},\"datePublished\":\"2011-06-08T22:00:00+00:00\",\"dateModified\":\"2011-06-08T22:00:00+00:00\",\"author\":{\"@id\":\"https:\/\/www.gereso.com\/actualites\/#\/schema\/person\/197d8aef40cb4ae3f6a0aa9e1d3df2a6\"},\"breadcrumb\":{\"@id\":\"https:\/\/www.gereso.com\/actualites\/2011\/06\/09\/les-decrets-et-les-arretes-applicables-aux-entreprises-feront-lobjet-dune-entree-en-vigueur-differee\/#breadcrumb\"},\"inLanguage\":\"fr-FR\",\"potentialAction\":[{\"@type\":\"ReadAction\",\"target\":[\"https:\/\/www.gereso.com\/actualites\/2011\/06\/09\/les-decrets-et-les-arretes-applicables-aux-entreprises-feront-lobjet-dune-entree-en-vigueur-differee\/\"]}]},{\"@type\":\"BreadcrumbList\",\"@id\":\"https:\/\/www.gereso.com\/actualites\/2011\/06\/09\/les-decrets-et-les-arretes-applicables-aux-entreprises-feront-lobjet-dune-entree-en-vigueur-differee\/#breadcrumb\",\"itemListElement\":[{\"@type\":\"ListItem\",\"position\":1,\"name\":\"Home\",\"item\":\"https:\/\/www.gereso.com\/actualites\/\"},{\"@type\":\"ListItem\",\"position\":2,\"name\":\"Les d\u00e9crets et les arr\u00eat\u00e9s applicables aux entreprises feront l&#039;objet d&#039;une entr\u00e9e en vigueur diff\u00e9r\u00e9e\"}]},{\"@type\":\"WebSite\",\"@id\":\"https:\/\/www.gereso.com\/actualites\/#website\",\"url\":\"https:\/\/www.gereso.com\/actualites\/\",\"name\":\"Le Blog GERESO\",\"description\":\"Toute l&#039;actu RH, Finance, Fonction Publique, Management...\",\"potentialAction\":[{\"@type\":\"SearchAction\",\"target\":{\"@type\":\"EntryPoint\",\"urlTemplate\":\"https:\/\/www.gereso.com\/actualites\/?s={search_term_string}\"},\"query-input\":{\"@type\":\"PropertyValueSpecification\",\"valueRequired\":true,\"valueName\":\"search_term_string\"}}],\"inLanguage\":\"fr-FR\"},{\"@type\":\"Person\",\"@id\":\"https:\/\/www.gereso.com\/actualites\/#\/schema\/person\/197d8aef40cb4ae3f6a0aa9e1d3df2a6\",\"name\":\"\u00c9quipe GERESO\",\"image\":{\"@type\":\"ImageObject\",\"inLanguage\":\"fr-FR\",\"@id\":\"https:\/\/www.gereso.com\/actualites\/#\/schema\/person\/image\/\",\"url\":\"https:\/\/www.gereso.com\/actualites\/wp-content\/uploads\/2013\/12\/avatar-gereso-1.png\",\"contentUrl\":\"https:\/\/www.gereso.com\/actualites\/wp-content\/uploads\/2013\/12\/avatar-gereso-1.png\",\"caption\":\"\u00c9quipe GERESO\"},\"url\":\"https:\/\/www.gereso.com\/actualites\/author\/gereso\/\"}]}<\/script>\n<!-- \/ Yoast SEO plugin. -->","yoast_head_json":{"title":"Les d\u00e9crets et les arr\u00eat\u00e9s applicables aux entreprises feront l&#039;objet d&#039;une entr\u00e9e en vigueur diff\u00e9r\u00e9e - Le Blog GERESO","robots":{"index":"index","follow":"follow","max-snippet":"max-snippet:-1","max-image-preview":"max-image-preview:large","max-video-preview":"max-video-preview:-1"},"canonical":"https:\/\/www.gereso.com\/actualites\/2011\/06\/09\/les-decrets-et-les-arretes-applicables-aux-entreprises-feront-lobjet-dune-entree-en-vigueur-differee\/","og_locale":"fr_FR","og_type":"article","og_title":"Les d\u00e9crets et les arr\u00eat\u00e9s applicables aux entreprises feront l&#039;objet d&#039;une entr\u00e9e en vigueur diff\u00e9r\u00e9e - Le Blog GERESO","og_description":"Dans une circulaire du 23 mai dernier, le Premier Ministre annonce qu&rsquo;\u00e0 partir du 1er octobre 2011, les d\u00e9crets et les arr\u00eat\u00e9s concernant les entreprises se verront appliquer un m\u00e9canisme d&rsquo;entr\u00e9e en vigueur diff\u00e9r\u00e9e d&rsquo;au moins 2 mois \u00e0 compter de leur date de publication. L&rsquo;objectif est de permettre aux entreprises d&rsquo;avoir le temps de [&hellip;]","og_url":"https:\/\/www.gereso.com\/actualites\/2011\/06\/09\/les-decrets-et-les-arretes-applicables-aux-entreprises-feront-lobjet-dune-entree-en-vigueur-differee\/","og_site_name":"Le Blog GERESO","article_published_time":"2011-06-08T22:00:00+00:00","author":"\u00c9quipe GERESO","twitter_card":"summary_large_image","schema":{"@context":"https:\/\/schema.org","@graph":[{"@type":"WebPage","@id":"https:\/\/www.gereso.com\/actualites\/2011\/06\/09\/les-decrets-et-les-arretes-applicables-aux-entreprises-feront-lobjet-dune-entree-en-vigueur-differee\/","url":"https:\/\/www.gereso.com\/actualites\/2011\/06\/09\/les-decrets-et-les-arretes-applicables-aux-entreprises-feront-lobjet-dune-entree-en-vigueur-differee\/","name":"Les d\u00e9crets et les arr\u00eat\u00e9s applicables aux entreprises feront l&#039;objet d&#039;une entr\u00e9e en vigueur diff\u00e9r\u00e9e - Le Blog GERESO","isPartOf":{"@id":"https:\/\/www.gereso.com\/actualites\/#website"},"datePublished":"2011-06-08T22:00:00+00:00","dateModified":"2011-06-08T22:00:00+00:00","author":{"@id":"https:\/\/www.gereso.com\/actualites\/#\/schema\/person\/197d8aef40cb4ae3f6a0aa9e1d3df2a6"},"breadcrumb":{"@id":"https:\/\/www.gereso.com\/actualites\/2011\/06\/09\/les-decrets-et-les-arretes-applicables-aux-entreprises-feront-lobjet-dune-entree-en-vigueur-differee\/#breadcrumb"},"inLanguage":"fr-FR","potentialAction":[{"@type":"ReadAction","target":["https:\/\/www.gereso.com\/actualites\/2011\/06\/09\/les-decrets-et-les-arretes-applicables-aux-entreprises-feront-lobjet-dune-entree-en-vigueur-differee\/"]}]},{"@type":"BreadcrumbList","@id":"https:\/\/www.gereso.com\/actualites\/2011\/06\/09\/les-decrets-et-les-arretes-applicables-aux-entreprises-feront-lobjet-dune-entree-en-vigueur-differee\/#breadcrumb","itemListElement":[{"@type":"ListItem","position":1,"name":"Home","item":"https:\/\/www.gereso.com\/actualites\/"},{"@type":"ListItem","position":2,"name":"Les d\u00e9crets et les arr\u00eat\u00e9s applicables aux entreprises feront l&#039;objet d&#039;une entr\u00e9e en vigueur diff\u00e9r\u00e9e"}]},{"@type":"WebSite","@id":"https:\/\/www.gereso.com\/actualites\/#website","url":"https:\/\/www.gereso.com\/actualites\/","name":"Le Blog GERESO","description":"Toute l&#039;actu RH, Finance, Fonction Publique, Management...","potentialAction":[{"@type":"SearchAction","target":{"@type":"EntryPoint","urlTemplate":"https:\/\/www.gereso.com\/actualites\/?s={search_term_string}"},"query-input":{"@type":"PropertyValueSpecification","valueRequired":true,"valueName":"search_term_string"}}],"inLanguage":"fr-FR"},{"@type":"Person","@id":"https:\/\/www.gereso.com\/actualites\/#\/schema\/person\/197d8aef40cb4ae3f6a0aa9e1d3df2a6","name":"\u00c9quipe GERESO","image":{"@type":"ImageObject","inLanguage":"fr-FR","@id":"https:\/\/www.gereso.com\/actualites\/#\/schema\/person\/image\/","url":"https:\/\/www.gereso.com\/actualites\/wp-content\/uploads\/2013\/12\/avatar-gereso-1.png","contentUrl":"https:\/\/www.gereso.com\/actualites\/wp-content\/uploads\/2013\/12\/avatar-gereso-1.png","caption":"\u00c9quipe GERESO"},"url":"https:\/\/www.gereso.com\/actualites\/author\/gereso\/"}]}},"_links":{"self":[{"href":"https:\/\/www.gereso.com\/actualites\/wp-json\/wp\/v2\/posts\/1889","targetHints":{"allow":["GET"]}}],"collection":[{"href":"https:\/\/www.gereso.com\/actualites\/wp-json\/wp\/v2\/posts"}],"about":[{"href":"https:\/\/www.gereso.com\/actualites\/wp-json\/wp\/v2\/types\/post"}],"author":[{"embeddable":true,"href":"https:\/\/www.gereso.com\/actualites\/wp-json\/wp\/v2\/users\/32"}],"replies":[{"embeddable":true,"href":"https:\/\/www.gereso.com\/actualites\/wp-json\/wp\/v2\/comments?post=1889"}],"version-history":[{"count":0,"href":"https:\/\/www.gereso.com\/actualites\/wp-json\/wp\/v2\/posts\/1889\/revisions"}],"wp:attachment":[{"href":"https:\/\/www.gereso.com\/actualites\/wp-json\/wp\/v2\/media?parent=1889"}],"wp:term":[{"taxonomy":"category","embeddable":true,"href":"https:\/\/www.gereso.com\/actualites\/wp-json\/wp\/v2\/categories?post=1889"},{"taxonomy":"post_tag","embeddable":true,"href":"https:\/\/www.gereso.com\/actualites\/wp-json\/wp\/v2\/tags?post=1889"}],"curies":[{"name":"wp","href":"https:\/\/api.w.org\/{rel}","templated":true}]}}