{"id":1890,"date":"2011-06-09T00:00:00","date_gmt":"2011-06-08T22:00:00","guid":{"rendered":"https:\/\/www.gereso.com\/actualites\/2011\/06\/aide-a-lembauche-2000-euros-pour-un-senior-en-contrat-de-professionnalisation\/"},"modified":"2011-06-09T00:00:00","modified_gmt":"2011-06-08T22:00:00","slug":"aide-a-lembauche-2000-euros-pour-un-senior-en-contrat-de-professionnalisation","status":"publish","type":"post","link":"https:\/\/www.gereso.com\/actualites\/2011\/06\/09\/aide-a-lembauche-2000-euros-pour-un-senior-en-contrat-de-professionnalisation\/","title":{"rendered":"Aide \u00e0 l&#039;embauche : 2000 euros pour un senior en contrat de professionnalisation"},"content":{"rendered":"<p>En mars dernier, le chef de l&rsquo;Etat a annonc\u00e9 des mesures pour r\u00e9duire le ch\u00f4mage et pour doper l&rsquo;emploi des seniors, notamment par le d\u00e9veloppement des emplois aid\u00e9s. A ce titre, un d\u00e9cret du 16 mai 2011 vient de pr\u00e9ciser les modalit\u00e9s pratiques de mise en &oelig;uvre de l&rsquo;aide \u00e0 l&rsquo;embauche des demandeurs d&rsquo;emploi de 45 ans et plus en contrat de professionnalisation.<\/p>\n<p> Le d\u00e9cret n\u00b02011-524 du 16 mai 2011 pr\u00e9cise le r\u00e9gime de la nouvelle aide de l&rsquo;Etat aux employeurs pour toute embauche de demandeurs d&rsquo;emploi de 45 ans et plus en contrat de professionnalisation. D&rsquo;un montant de 2.000 euros, cette aide fera l&rsquo;objet de deux versements :<\/p>\n<li><strong>un premier versement de 1.000 euros<\/strong> \u00e0 l&rsquo;issue du 3\u00e8me mois d&rsquo;ex\u00e9cution du contrat de professionnalisation, ou pour les embauches ant\u00e9rieures \u00e0 la date de publication du d\u00e9cret, \u00e0 l&rsquo;issue du 3\u00e8me mois suivant la date de cette publication ;<strong><\/strong><\/li>\n<li><strong>un second versement correspondant au solde<\/strong> de l&rsquo;aide \u00e0 l&rsquo;issue du 10\u00e8me mois d&rsquo;ex\u00e9cution du contrat de professionnalisation.<\/li>\n<p>Le texte pr\u00e9cise que si le contrat de professionnalisation est arriv\u00e9 \u00e0 terme ou a \u00e9t\u00e9 interrompu avant l&rsquo;une de ces \u00e9ch\u00e9ances, l&rsquo;aide ne sera pas due pour la p\u00e9riode consid\u00e9r\u00e9e. Pour les salari\u00e9s \u00e0 temps partiel, le montant de l&rsquo;aide est calcul\u00e9 au prorata du temps de travail effectif.<\/p>\n<p><strong>Comment demander l&rsquo;aide&nbsp;?<\/strong><\/p>\n<p> Pour b\u00e9n\u00e9ficier de l&rsquo;aide, l&#8217;employeur doit adresser sa demande \u00e0 P\u00f4le emploi dans les 3 mois suivant le d\u00e9but de l&rsquo;ex\u00e9cution du contrat de professionnalisation ou, pour les embauches ant\u00e9rieures \u00e0 la date de publication du d\u00e9cret, suivant la date de cette publication.<br \/> Cette demande doit \u00eatre accompagn\u00e9e d&rsquo;une copie du contrat de professionnalisation et, le cas \u00e9ch\u00e9ant, de la d\u00e9cision de prise en charge financi\u00e8re de l&rsquo;organisme paritaire collecteur agr\u00e9\u00e9 (OPCA) ou, \u00e0 d\u00e9faut, de la preuve de d\u00e9p\u00f4t du contrat aupr\u00e8s de cet organisme.<br \/> Pour donner lieu \u00e0 paiement, dans les 3 mois suivant chacune des \u00e9ch\u00e9ances mentionn\u00e9es ci-dessus, l&rsquo;employeur doit faire parvenir \u00e0 P\u00f4le emploi une d\u00e9claration attestant que le contrat de professionnalisation est en cours \u00e0 ladite \u00e9ch\u00e9ance.<br \/> Cette aide de l&rsquo;\u00c9tat est cumulable avec les aides d\u00e9j\u00e0 existantes au 17 mai 2011 pour l&rsquo;embauche de salari\u00e9s \u00e2g\u00e9s de 45 ans et plus en contrat de professionnalisation.<\/p>\n","protected":false},"excerpt":{"rendered":"<p>En mars dernier, le chef de l&rsquo;Etat a annonc\u00e9 des mesures pour r\u00e9duire le ch\u00f4mage et pour doper l&rsquo;emploi des seniors, notamment par le d\u00e9veloppement des emplois aid\u00e9s. A ce titre, un d\u00e9cret du 16 mai 2011 vient de pr\u00e9ciser les modalit\u00e9s pratiques de mise en &oelig;uvre de l&rsquo;aide \u00e0 l&rsquo;embauche des demandeurs d&rsquo;emploi de [&hellip;]<\/p>\n","protected":false},"author":32,"featured_media":0,"comment_status":"open","ping_status":"open","sticky":false,"template":"","format":"standard","meta":{"_acf_changed":false,"_mi_skip_tracking":false,"footnotes":""},"categories":[5],"tags":[],"class_list":["post-1890","post","type-post","status-publish","format-standard","hentry","category-droit-du-travail"],"acf":[],"yoast_head":"<!-- This site is optimized with the Yoast SEO plugin v23.4 - https:\/\/yoast.com\/wordpress\/plugins\/seo\/ -->\n<title>Aide \u00e0 l&#039;embauche : 2000 euros pour un senior en contrat de professionnalisation - Le Blog GERESO<\/title>\n<meta name=\"robots\" content=\"index, follow, max-snippet:-1, max-image-preview:large, max-video-preview:-1\" \/>\n<link rel=\"canonical\" href=\"https:\/\/www.gereso.com\/actualites\/2011\/06\/09\/aide-a-lembauche-2000-euros-pour-un-senior-en-contrat-de-professionnalisation\/\" \/>\n<meta property=\"og:locale\" content=\"fr_FR\" \/>\n<meta property=\"og:type\" content=\"article\" \/>\n<meta property=\"og:title\" content=\"Aide \u00e0 l&#039;embauche : 2000 euros pour un senior en contrat de professionnalisation - Le Blog GERESO\" \/>\n<meta property=\"og:description\" content=\"En mars dernier, le chef de l&rsquo;Etat a annonc\u00e9 des mesures pour r\u00e9duire le ch\u00f4mage et pour doper l&rsquo;emploi des seniors, notamment par le d\u00e9veloppement des emplois aid\u00e9s. A ce titre, un d\u00e9cret du 16 mai 2011 vient de pr\u00e9ciser les modalit\u00e9s pratiques de mise en &oelig;uvre de l&rsquo;aide \u00e0 l&rsquo;embauche des demandeurs d&rsquo;emploi de [&hellip;]\" \/>\n<meta property=\"og:url\" content=\"https:\/\/www.gereso.com\/actualites\/2011\/06\/09\/aide-a-lembauche-2000-euros-pour-un-senior-en-contrat-de-professionnalisation\/\" \/>\n<meta property=\"og:site_name\" content=\"Le Blog GERESO\" \/>\n<meta property=\"article:published_time\" content=\"2011-06-08T22:00:00+00:00\" \/>\n<meta name=\"author\" content=\"\u00c9quipe GERESO\" \/>\n<meta name=\"twitter:card\" content=\"summary_large_image\" \/>\n<script type=\"application\/ld+json\" class=\"yoast-schema-graph\">{\"@context\":\"https:\/\/schema.org\",\"@graph\":[{\"@type\":\"WebPage\",\"@id\":\"https:\/\/www.gereso.com\/actualites\/2011\/06\/09\/aide-a-lembauche-2000-euros-pour-un-senior-en-contrat-de-professionnalisation\/\",\"url\":\"https:\/\/www.gereso.com\/actualites\/2011\/06\/09\/aide-a-lembauche-2000-euros-pour-un-senior-en-contrat-de-professionnalisation\/\",\"name\":\"Aide \u00e0 l&#039;embauche : 2000 euros pour un senior en contrat de professionnalisation - Le Blog GERESO\",\"isPartOf\":{\"@id\":\"https:\/\/www.gereso.com\/actualites\/#website\"},\"datePublished\":\"2011-06-08T22:00:00+00:00\",\"dateModified\":\"2011-06-08T22:00:00+00:00\",\"author\":{\"@id\":\"https:\/\/www.gereso.com\/actualites\/#\/schema\/person\/197d8aef40cb4ae3f6a0aa9e1d3df2a6\"},\"breadcrumb\":{\"@id\":\"https:\/\/www.gereso.com\/actualites\/2011\/06\/09\/aide-a-lembauche-2000-euros-pour-un-senior-en-contrat-de-professionnalisation\/#breadcrumb\"},\"inLanguage\":\"fr-FR\",\"potentialAction\":[{\"@type\":\"ReadAction\",\"target\":[\"https:\/\/www.gereso.com\/actualites\/2011\/06\/09\/aide-a-lembauche-2000-euros-pour-un-senior-en-contrat-de-professionnalisation\/\"]}]},{\"@type\":\"BreadcrumbList\",\"@id\":\"https:\/\/www.gereso.com\/actualites\/2011\/06\/09\/aide-a-lembauche-2000-euros-pour-un-senior-en-contrat-de-professionnalisation\/#breadcrumb\",\"itemListElement\":[{\"@type\":\"ListItem\",\"position\":1,\"name\":\"Home\",\"item\":\"https:\/\/www.gereso.com\/actualites\/\"},{\"@type\":\"ListItem\",\"position\":2,\"name\":\"Aide \u00e0 l&#039;embauche : 2000 euros pour un senior en contrat de professionnalisation\"}]},{\"@type\":\"WebSite\",\"@id\":\"https:\/\/www.gereso.com\/actualites\/#website\",\"url\":\"https:\/\/www.gereso.com\/actualites\/\",\"name\":\"Le Blog GERESO\",\"description\":\"Toute l&#039;actu RH, Finance, Fonction Publique, Management...\",\"potentialAction\":[{\"@type\":\"SearchAction\",\"target\":{\"@type\":\"EntryPoint\",\"urlTemplate\":\"https:\/\/www.gereso.com\/actualites\/?s={search_term_string}\"},\"query-input\":{\"@type\":\"PropertyValueSpecification\",\"valueRequired\":true,\"valueName\":\"search_term_string\"}}],\"inLanguage\":\"fr-FR\"},{\"@type\":\"Person\",\"@id\":\"https:\/\/www.gereso.com\/actualites\/#\/schema\/person\/197d8aef40cb4ae3f6a0aa9e1d3df2a6\",\"name\":\"\u00c9quipe GERESO\",\"image\":{\"@type\":\"ImageObject\",\"inLanguage\":\"fr-FR\",\"@id\":\"https:\/\/www.gereso.com\/actualites\/#\/schema\/person\/image\/\",\"url\":\"https:\/\/www.gereso.com\/actualites\/wp-content\/uploads\/2013\/12\/avatar-gereso-1.png\",\"contentUrl\":\"https:\/\/www.gereso.com\/actualites\/wp-content\/uploads\/2013\/12\/avatar-gereso-1.png\",\"caption\":\"\u00c9quipe GERESO\"},\"url\":\"https:\/\/www.gereso.com\/actualites\/author\/gereso\/\"}]}<\/script>\n<!-- \/ Yoast SEO plugin. -->","yoast_head_json":{"title":"Aide \u00e0 l&#039;embauche : 2000 euros pour un senior en contrat de professionnalisation - Le Blog GERESO","robots":{"index":"index","follow":"follow","max-snippet":"max-snippet:-1","max-image-preview":"max-image-preview:large","max-video-preview":"max-video-preview:-1"},"canonical":"https:\/\/www.gereso.com\/actualites\/2011\/06\/09\/aide-a-lembauche-2000-euros-pour-un-senior-en-contrat-de-professionnalisation\/","og_locale":"fr_FR","og_type":"article","og_title":"Aide \u00e0 l&#039;embauche : 2000 euros pour un senior en contrat de professionnalisation - Le Blog GERESO","og_description":"En mars dernier, le chef de l&rsquo;Etat a annonc\u00e9 des mesures pour r\u00e9duire le ch\u00f4mage et pour doper l&rsquo;emploi des seniors, notamment par le d\u00e9veloppement des emplois aid\u00e9s. A ce titre, un d\u00e9cret du 16 mai 2011 vient de pr\u00e9ciser les modalit\u00e9s pratiques de mise en &oelig;uvre de l&rsquo;aide \u00e0 l&rsquo;embauche des demandeurs d&rsquo;emploi de [&hellip;]","og_url":"https:\/\/www.gereso.com\/actualites\/2011\/06\/09\/aide-a-lembauche-2000-euros-pour-un-senior-en-contrat-de-professionnalisation\/","og_site_name":"Le Blog GERESO","article_published_time":"2011-06-08T22:00:00+00:00","author":"\u00c9quipe GERESO","twitter_card":"summary_large_image","schema":{"@context":"https:\/\/schema.org","@graph":[{"@type":"WebPage","@id":"https:\/\/www.gereso.com\/actualites\/2011\/06\/09\/aide-a-lembauche-2000-euros-pour-un-senior-en-contrat-de-professionnalisation\/","url":"https:\/\/www.gereso.com\/actualites\/2011\/06\/09\/aide-a-lembauche-2000-euros-pour-un-senior-en-contrat-de-professionnalisation\/","name":"Aide \u00e0 l&#039;embauche : 2000 euros pour un senior en contrat de professionnalisation - Le Blog GERESO","isPartOf":{"@id":"https:\/\/www.gereso.com\/actualites\/#website"},"datePublished":"2011-06-08T22:00:00+00:00","dateModified":"2011-06-08T22:00:00+00:00","author":{"@id":"https:\/\/www.gereso.com\/actualites\/#\/schema\/person\/197d8aef40cb4ae3f6a0aa9e1d3df2a6"},"breadcrumb":{"@id":"https:\/\/www.gereso.com\/actualites\/2011\/06\/09\/aide-a-lembauche-2000-euros-pour-un-senior-en-contrat-de-professionnalisation\/#breadcrumb"},"inLanguage":"fr-FR","potentialAction":[{"@type":"ReadAction","target":["https:\/\/www.gereso.com\/actualites\/2011\/06\/09\/aide-a-lembauche-2000-euros-pour-un-senior-en-contrat-de-professionnalisation\/"]}]},{"@type":"BreadcrumbList","@id":"https:\/\/www.gereso.com\/actualites\/2011\/06\/09\/aide-a-lembauche-2000-euros-pour-un-senior-en-contrat-de-professionnalisation\/#breadcrumb","itemListElement":[{"@type":"ListItem","position":1,"name":"Home","item":"https:\/\/www.gereso.com\/actualites\/"},{"@type":"ListItem","position":2,"name":"Aide \u00e0 l&#039;embauche : 2000 euros pour un senior en contrat de professionnalisation"}]},{"@type":"WebSite","@id":"https:\/\/www.gereso.com\/actualites\/#website","url":"https:\/\/www.gereso.com\/actualites\/","name":"Le Blog GERESO","description":"Toute l&#039;actu RH, Finance, Fonction Publique, Management...","potentialAction":[{"@type":"SearchAction","target":{"@type":"EntryPoint","urlTemplate":"https:\/\/www.gereso.com\/actualites\/?s={search_term_string}"},"query-input":{"@type":"PropertyValueSpecification","valueRequired":true,"valueName":"search_term_string"}}],"inLanguage":"fr-FR"},{"@type":"Person","@id":"https:\/\/www.gereso.com\/actualites\/#\/schema\/person\/197d8aef40cb4ae3f6a0aa9e1d3df2a6","name":"\u00c9quipe GERESO","image":{"@type":"ImageObject","inLanguage":"fr-FR","@id":"https:\/\/www.gereso.com\/actualites\/#\/schema\/person\/image\/","url":"https:\/\/www.gereso.com\/actualites\/wp-content\/uploads\/2013\/12\/avatar-gereso-1.png","contentUrl":"https:\/\/www.gereso.com\/actualites\/wp-content\/uploads\/2013\/12\/avatar-gereso-1.png","caption":"\u00c9quipe GERESO"},"url":"https:\/\/www.gereso.com\/actualites\/author\/gereso\/"}]}},"_links":{"self":[{"href":"https:\/\/www.gereso.com\/actualites\/wp-json\/wp\/v2\/posts\/1890","targetHints":{"allow":["GET"]}}],"collection":[{"href":"https:\/\/www.gereso.com\/actualites\/wp-json\/wp\/v2\/posts"}],"about":[{"href":"https:\/\/www.gereso.com\/actualites\/wp-json\/wp\/v2\/types\/post"}],"author":[{"embeddable":true,"href":"https:\/\/www.gereso.com\/actualites\/wp-json\/wp\/v2\/users\/32"}],"replies":[{"embeddable":true,"href":"https:\/\/www.gereso.com\/actualites\/wp-json\/wp\/v2\/comments?post=1890"}],"version-history":[{"count":0,"href":"https:\/\/www.gereso.com\/actualites\/wp-json\/wp\/v2\/posts\/1890\/revisions"}],"wp:attachment":[{"href":"https:\/\/www.gereso.com\/actualites\/wp-json\/wp\/v2\/media?parent=1890"}],"wp:term":[{"taxonomy":"category","embeddable":true,"href":"https:\/\/www.gereso.com\/actualites\/wp-json\/wp\/v2\/categories?post=1890"},{"taxonomy":"post_tag","embeddable":true,"href":"https:\/\/www.gereso.com\/actualites\/wp-json\/wp\/v2\/tags?post=1890"}],"curies":[{"name":"wp","href":"https:\/\/api.w.org\/{rel}","templated":true}]}}