{"id":1891,"date":"2011-06-09T00:00:00","date_gmt":"2011-06-08T22:00:00","guid":{"rendered":"https:\/\/www.gereso.com\/actualites\/2011\/06\/nouvelle-aide-en-cas-de-recrutement-dun-jeune-de-moins-de-26-ans-par-une-entreprise-de-moins-de-250-salaries\/"},"modified":"2011-06-09T00:00:00","modified_gmt":"2011-06-08T22:00:00","slug":"nouvelle-aide-en-cas-de-recrutement-dun-jeune-de-moins-de-26-ans-par-une-entreprise-de-moins-de-250-salaries","status":"publish","type":"post","link":"https:\/\/www.gereso.com\/actualites\/2011\/06\/09\/nouvelle-aide-en-cas-de-recrutement-dun-jeune-de-moins-de-26-ans-par-une-entreprise-de-moins-de-250-salaries\/","title":{"rendered":"Nouvelle aide en cas de recrutement d&#039;un jeune de moins de 26 ans par une entreprise de moins de 250 salari\u00e9s"},"content":{"rendered":"<p class=\"texte\">Une nouvelle aide temporaire est cr\u00e9\u00e9e en cas d&#8217;embauche de jeunes de moins de 26 ans en contrat d&rsquo;apprentissage ou en contrat de professionnalisation commen\u00e7ant entre le 1er mars et le 31 d\u00e9cembre 2011 \u00e0 condition que cette embauche augmente le nombre de salari\u00e9s employ\u00e9s en alternance dans l&rsquo;entreprise.<\/p>\n<p class=\"texte\">L&rsquo;aide n&rsquo;est pas accord\u00e9e pour les contrats d&rsquo;apprentissage pour lesquels l&#8217;employeur b\u00e9n\u00e9ficie du r\u00e9gime d&rsquo;exon\u00e9ration le plus favorable (exemption de l&rsquo;ensemble des charges sociales, sauf cotisation \u00ab accidents du travail \u00bb).<\/p>\n<p class=\"texte\">Cette nouvelle aide est accord\u00e9e pour 12 mois. Calcul\u00e9e par P\u00f4le Emploi, elle varie selon le type de contrat : contrat d&rsquo;apprentissage ou de professionnalisation.<\/p>\n<p class=\"texte\">Pour b\u00e9n\u00e9ficier de l&rsquo;aide, l&#8217;employeur adresse \u00e0 P\u00f4le emploi une demande dans les deux mois suivant le d\u00e9but de l&rsquo;ex\u00e9cution du contrat concern\u00e9. Pour les contrats conclus du 1er mars au 16 mai 2011, l&#8217;employeur dispose de deux mois \u00e0 compter du 16 mai pour demander l&rsquo;aide.<\/p>\n<p class=\"texte\">Le paiement de cette nouvelle aide est subordonn\u00e9 \u00e0 diverses conditions et notamment au fait que l&rsquo;entreprise soit \u00e0 jour de ses obligations d\u00e9claratives et du paiement de ses cotisations.<\/p>\n<p class=\"texte\">Le P\u00f4le Emploi effectue un premier versement correspondant aux 6 premiers mois de l&rsquo;aide, r\u00e9alis\u00e9 au cours du 3e mois suivant le d\u00e9but d&rsquo;ex\u00e9cution du contrat. Le second versement sera r\u00e9alis\u00e9 au cours du 10e mois suivant le d\u00e9but d&rsquo;ex\u00e9cution du contrat.<\/p>\n<p>Source : d\u00e9cret 2011-523 du 16 mai 2011, JO du 17<\/p>\n","protected":false},"excerpt":{"rendered":"<p>Une nouvelle aide temporaire est cr\u00e9\u00e9e en cas d&#8217;embauche de jeunes de moins de 26 ans en contrat d&rsquo;apprentissage ou en contrat de professionnalisation commen\u00e7ant entre le 1er mars et le 31 d\u00e9cembre 2011 \u00e0 condition que cette embauche augmente le nombre de salari\u00e9s employ\u00e9s en alternance dans l&rsquo;entreprise. L&rsquo;aide n&rsquo;est pas accord\u00e9e pour les [&hellip;]<\/p>\n","protected":false},"author":32,"featured_media":0,"comment_status":"open","ping_status":"open","sticky":false,"template":"","format":"standard","meta":{"_acf_changed":false,"_mi_skip_tracking":false,"footnotes":""},"categories":[5],"tags":[],"class_list":["post-1891","post","type-post","status-publish","format-standard","hentry","category-droit-du-travail"],"acf":[],"yoast_head":"<!-- This site is optimized with the Yoast SEO plugin v23.4 - https:\/\/yoast.com\/wordpress\/plugins\/seo\/ -->\n<title>Nouvelle aide en cas de recrutement d&#039;un jeune de moins de 26 ans par une entreprise de moins de 250 salari\u00e9s - Le Blog GERESO<\/title>\n<meta name=\"robots\" content=\"index, follow, max-snippet:-1, max-image-preview:large, max-video-preview:-1\" \/>\n<link rel=\"canonical\" href=\"https:\/\/www.gereso.com\/actualites\/2011\/06\/09\/nouvelle-aide-en-cas-de-recrutement-dun-jeune-de-moins-de-26-ans-par-une-entreprise-de-moins-de-250-salaries\/\" \/>\n<meta property=\"og:locale\" content=\"fr_FR\" \/>\n<meta property=\"og:type\" content=\"article\" \/>\n<meta property=\"og:title\" content=\"Nouvelle aide en cas de recrutement d&#039;un jeune de moins de 26 ans par une entreprise de moins de 250 salari\u00e9s - Le Blog GERESO\" \/>\n<meta property=\"og:description\" content=\"Une nouvelle aide temporaire est cr\u00e9\u00e9e en cas d&#8217;embauche de jeunes de moins de 26 ans en contrat d&rsquo;apprentissage ou en contrat de professionnalisation commen\u00e7ant entre le 1er mars et le 31 d\u00e9cembre 2011 \u00e0 condition que cette embauche augmente le nombre de salari\u00e9s employ\u00e9s en alternance dans l&rsquo;entreprise. L&rsquo;aide n&rsquo;est pas accord\u00e9e pour les [&hellip;]\" \/>\n<meta property=\"og:url\" content=\"https:\/\/www.gereso.com\/actualites\/2011\/06\/09\/nouvelle-aide-en-cas-de-recrutement-dun-jeune-de-moins-de-26-ans-par-une-entreprise-de-moins-de-250-salaries\/\" \/>\n<meta property=\"og:site_name\" content=\"Le Blog GERESO\" \/>\n<meta property=\"article:published_time\" content=\"2011-06-08T22:00:00+00:00\" \/>\n<meta name=\"author\" content=\"\u00c9quipe GERESO\" \/>\n<meta name=\"twitter:card\" content=\"summary_large_image\" \/>\n<script type=\"application\/ld+json\" class=\"yoast-schema-graph\">{\"@context\":\"https:\/\/schema.org\",\"@graph\":[{\"@type\":\"WebPage\",\"@id\":\"https:\/\/www.gereso.com\/actualites\/2011\/06\/09\/nouvelle-aide-en-cas-de-recrutement-dun-jeune-de-moins-de-26-ans-par-une-entreprise-de-moins-de-250-salaries\/\",\"url\":\"https:\/\/www.gereso.com\/actualites\/2011\/06\/09\/nouvelle-aide-en-cas-de-recrutement-dun-jeune-de-moins-de-26-ans-par-une-entreprise-de-moins-de-250-salaries\/\",\"name\":\"Nouvelle aide en cas de recrutement d&#039;un jeune de moins de 26 ans par une entreprise de moins de 250 salari\u00e9s - Le Blog GERESO\",\"isPartOf\":{\"@id\":\"https:\/\/www.gereso.com\/actualites\/#website\"},\"datePublished\":\"2011-06-08T22:00:00+00:00\",\"dateModified\":\"2011-06-08T22:00:00+00:00\",\"author\":{\"@id\":\"https:\/\/www.gereso.com\/actualites\/#\/schema\/person\/197d8aef40cb4ae3f6a0aa9e1d3df2a6\"},\"breadcrumb\":{\"@id\":\"https:\/\/www.gereso.com\/actualites\/2011\/06\/09\/nouvelle-aide-en-cas-de-recrutement-dun-jeune-de-moins-de-26-ans-par-une-entreprise-de-moins-de-250-salaries\/#breadcrumb\"},\"inLanguage\":\"fr-FR\",\"potentialAction\":[{\"@type\":\"ReadAction\",\"target\":[\"https:\/\/www.gereso.com\/actualites\/2011\/06\/09\/nouvelle-aide-en-cas-de-recrutement-dun-jeune-de-moins-de-26-ans-par-une-entreprise-de-moins-de-250-salaries\/\"]}]},{\"@type\":\"BreadcrumbList\",\"@id\":\"https:\/\/www.gereso.com\/actualites\/2011\/06\/09\/nouvelle-aide-en-cas-de-recrutement-dun-jeune-de-moins-de-26-ans-par-une-entreprise-de-moins-de-250-salaries\/#breadcrumb\",\"itemListElement\":[{\"@type\":\"ListItem\",\"position\":1,\"name\":\"Home\",\"item\":\"https:\/\/www.gereso.com\/actualites\/\"},{\"@type\":\"ListItem\",\"position\":2,\"name\":\"Nouvelle aide en cas de recrutement d&#039;un jeune de moins de 26 ans par une entreprise de moins de 250 salari\u00e9s\"}]},{\"@type\":\"WebSite\",\"@id\":\"https:\/\/www.gereso.com\/actualites\/#website\",\"url\":\"https:\/\/www.gereso.com\/actualites\/\",\"name\":\"Le Blog GERESO\",\"description\":\"Toute l&#039;actu RH, Finance, Fonction Publique, Management...\",\"potentialAction\":[{\"@type\":\"SearchAction\",\"target\":{\"@type\":\"EntryPoint\",\"urlTemplate\":\"https:\/\/www.gereso.com\/actualites\/?s={search_term_string}\"},\"query-input\":{\"@type\":\"PropertyValueSpecification\",\"valueRequired\":true,\"valueName\":\"search_term_string\"}}],\"inLanguage\":\"fr-FR\"},{\"@type\":\"Person\",\"@id\":\"https:\/\/www.gereso.com\/actualites\/#\/schema\/person\/197d8aef40cb4ae3f6a0aa9e1d3df2a6\",\"name\":\"\u00c9quipe GERESO\",\"image\":{\"@type\":\"ImageObject\",\"inLanguage\":\"fr-FR\",\"@id\":\"https:\/\/www.gereso.com\/actualites\/#\/schema\/person\/image\/\",\"url\":\"https:\/\/www.gereso.com\/actualites\/wp-content\/uploads\/2013\/12\/avatar-gereso-1.png\",\"contentUrl\":\"https:\/\/www.gereso.com\/actualites\/wp-content\/uploads\/2013\/12\/avatar-gereso-1.png\",\"caption\":\"\u00c9quipe GERESO\"},\"url\":\"https:\/\/www.gereso.com\/actualites\/author\/gereso\/\"}]}<\/script>\n<!-- \/ Yoast SEO plugin. -->","yoast_head_json":{"title":"Nouvelle aide en cas de recrutement d&#039;un jeune de moins de 26 ans par une entreprise de moins de 250 salari\u00e9s - Le Blog GERESO","robots":{"index":"index","follow":"follow","max-snippet":"max-snippet:-1","max-image-preview":"max-image-preview:large","max-video-preview":"max-video-preview:-1"},"canonical":"https:\/\/www.gereso.com\/actualites\/2011\/06\/09\/nouvelle-aide-en-cas-de-recrutement-dun-jeune-de-moins-de-26-ans-par-une-entreprise-de-moins-de-250-salaries\/","og_locale":"fr_FR","og_type":"article","og_title":"Nouvelle aide en cas de recrutement d&#039;un jeune de moins de 26 ans par une entreprise de moins de 250 salari\u00e9s - Le Blog GERESO","og_description":"Une nouvelle aide temporaire est cr\u00e9\u00e9e en cas d&#8217;embauche de jeunes de moins de 26 ans en contrat d&rsquo;apprentissage ou en contrat de professionnalisation commen\u00e7ant entre le 1er mars et le 31 d\u00e9cembre 2011 \u00e0 condition que cette embauche augmente le nombre de salari\u00e9s employ\u00e9s en alternance dans l&rsquo;entreprise. L&rsquo;aide n&rsquo;est pas accord\u00e9e pour les [&hellip;]","og_url":"https:\/\/www.gereso.com\/actualites\/2011\/06\/09\/nouvelle-aide-en-cas-de-recrutement-dun-jeune-de-moins-de-26-ans-par-une-entreprise-de-moins-de-250-salaries\/","og_site_name":"Le Blog GERESO","article_published_time":"2011-06-08T22:00:00+00:00","author":"\u00c9quipe GERESO","twitter_card":"summary_large_image","schema":{"@context":"https:\/\/schema.org","@graph":[{"@type":"WebPage","@id":"https:\/\/www.gereso.com\/actualites\/2011\/06\/09\/nouvelle-aide-en-cas-de-recrutement-dun-jeune-de-moins-de-26-ans-par-une-entreprise-de-moins-de-250-salaries\/","url":"https:\/\/www.gereso.com\/actualites\/2011\/06\/09\/nouvelle-aide-en-cas-de-recrutement-dun-jeune-de-moins-de-26-ans-par-une-entreprise-de-moins-de-250-salaries\/","name":"Nouvelle aide en cas de recrutement d&#039;un jeune de moins de 26 ans par une entreprise de moins de 250 salari\u00e9s - Le Blog GERESO","isPartOf":{"@id":"https:\/\/www.gereso.com\/actualites\/#website"},"datePublished":"2011-06-08T22:00:00+00:00","dateModified":"2011-06-08T22:00:00+00:00","author":{"@id":"https:\/\/www.gereso.com\/actualites\/#\/schema\/person\/197d8aef40cb4ae3f6a0aa9e1d3df2a6"},"breadcrumb":{"@id":"https:\/\/www.gereso.com\/actualites\/2011\/06\/09\/nouvelle-aide-en-cas-de-recrutement-dun-jeune-de-moins-de-26-ans-par-une-entreprise-de-moins-de-250-salaries\/#breadcrumb"},"inLanguage":"fr-FR","potentialAction":[{"@type":"ReadAction","target":["https:\/\/www.gereso.com\/actualites\/2011\/06\/09\/nouvelle-aide-en-cas-de-recrutement-dun-jeune-de-moins-de-26-ans-par-une-entreprise-de-moins-de-250-salaries\/"]}]},{"@type":"BreadcrumbList","@id":"https:\/\/www.gereso.com\/actualites\/2011\/06\/09\/nouvelle-aide-en-cas-de-recrutement-dun-jeune-de-moins-de-26-ans-par-une-entreprise-de-moins-de-250-salaries\/#breadcrumb","itemListElement":[{"@type":"ListItem","position":1,"name":"Home","item":"https:\/\/www.gereso.com\/actualites\/"},{"@type":"ListItem","position":2,"name":"Nouvelle aide en cas de recrutement d&#039;un jeune de moins de 26 ans par une entreprise de moins de 250 salari\u00e9s"}]},{"@type":"WebSite","@id":"https:\/\/www.gereso.com\/actualites\/#website","url":"https:\/\/www.gereso.com\/actualites\/","name":"Le Blog GERESO","description":"Toute l&#039;actu RH, Finance, Fonction Publique, Management...","potentialAction":[{"@type":"SearchAction","target":{"@type":"EntryPoint","urlTemplate":"https:\/\/www.gereso.com\/actualites\/?s={search_term_string}"},"query-input":{"@type":"PropertyValueSpecification","valueRequired":true,"valueName":"search_term_string"}}],"inLanguage":"fr-FR"},{"@type":"Person","@id":"https:\/\/www.gereso.com\/actualites\/#\/schema\/person\/197d8aef40cb4ae3f6a0aa9e1d3df2a6","name":"\u00c9quipe GERESO","image":{"@type":"ImageObject","inLanguage":"fr-FR","@id":"https:\/\/www.gereso.com\/actualites\/#\/schema\/person\/image\/","url":"https:\/\/www.gereso.com\/actualites\/wp-content\/uploads\/2013\/12\/avatar-gereso-1.png","contentUrl":"https:\/\/www.gereso.com\/actualites\/wp-content\/uploads\/2013\/12\/avatar-gereso-1.png","caption":"\u00c9quipe GERESO"},"url":"https:\/\/www.gereso.com\/actualites\/author\/gereso\/"}]}},"_links":{"self":[{"href":"https:\/\/www.gereso.com\/actualites\/wp-json\/wp\/v2\/posts\/1891","targetHints":{"allow":["GET"]}}],"collection":[{"href":"https:\/\/www.gereso.com\/actualites\/wp-json\/wp\/v2\/posts"}],"about":[{"href":"https:\/\/www.gereso.com\/actualites\/wp-json\/wp\/v2\/types\/post"}],"author":[{"embeddable":true,"href":"https:\/\/www.gereso.com\/actualites\/wp-json\/wp\/v2\/users\/32"}],"replies":[{"embeddable":true,"href":"https:\/\/www.gereso.com\/actualites\/wp-json\/wp\/v2\/comments?post=1891"}],"version-history":[{"count":0,"href":"https:\/\/www.gereso.com\/actualites\/wp-json\/wp\/v2\/posts\/1891\/revisions"}],"wp:attachment":[{"href":"https:\/\/www.gereso.com\/actualites\/wp-json\/wp\/v2\/media?parent=1891"}],"wp:term":[{"taxonomy":"category","embeddable":true,"href":"https:\/\/www.gereso.com\/actualites\/wp-json\/wp\/v2\/categories?post=1891"},{"taxonomy":"post_tag","embeddable":true,"href":"https:\/\/www.gereso.com\/actualites\/wp-json\/wp\/v2\/tags?post=1891"}],"curies":[{"name":"wp","href":"https:\/\/api.w.org\/{rel}","templated":true}]}}