{"id":18913,"date":"2021-01-29T11:01:42","date_gmt":"2021-01-29T09:01:42","guid":{"rendered":"https:\/\/www.gereso.com\/actualites\/?p=18913"},"modified":"2021-02-24T11:07:47","modified_gmt":"2021-02-24T09:07:47","slug":"plan-de-relance-de-leconomie-focus-sur-2020","status":"publish","type":"post","link":"https:\/\/www.gereso.com\/actualites\/2021\/01\/29\/plan-de-relance-de-leconomie-focus-sur-2020\/","title":{"rendered":"Plan de relance de l\u2019\u00e9conomie : focus sur 2020"},"content":{"rendered":"\n<p>La crise sanitaire de 2020 a entra\u00een\u00e9 un fort ralentissement de l\u2019\u00e9conomie dont le d\u00e9marrage se fait attendre. D\u00e8s la rentr\u00e9e de septembre 2020, le Gouvernement pr\u00e9sentait des mesures d\u2019aides pour un montant global de <strong>100 milliards d\u2019euros<\/strong>. Le Gouvernement a fait r\u00e9cemment un point sur l\u2019avanc\u00e9e du <strong><a href=\"https:\/\/www.economie.gouv.fr\/plan-de-relance\">Plan de relance<\/a><\/strong>.<\/p>\n\n\n\n<h2 class=\"wp-block-heading\"><strong>11 milliards inject\u00e9s dans l\u2019\u00e9conomie sur 2020<\/strong><\/h2>\n\n\n\n<p>Alors que la crise sanitaire n\u2019en finit pas \u00e0 l\u2019approche du\npremier anniversaire du confinement printanier de 2020, le minist\u00e8re de l\u2019\u00c9conomie,\ndes Finances et de la relance a fait un point d\u2019\u00e9tape sur le dispositif du <strong>Plan\nde relance<\/strong> mis en \u0153uvre d\u00e9but septembre. <\/p>\n\n\n\n<p>Dot\u00e9 d\u2019un budget de 100 milliards \u20ac dont 40 seront financ\u00e9s\npar l\u2019interm\u00e9diaire de l\u2019Union europ\u00e9enne pour partie sous forme d\u2019une\nsubvention non remboursable, cette politique interventionniste souhait\u00e9e par le\nGouvernement a permis la mise \u00e0 disposition de 11 milliards \u00e0 fin 2020 dont 9\nont d\u00e9j\u00e0 \u00e9t\u00e9 vers\u00e9s. En voici les principales lignes de d\u00e9penses&nbsp;:<\/p>\n\n\n\n<ul class=\"wp-block-list\"><li>La <strong>SNCF<\/strong> a b\u00e9n\u00e9fici\u00e9 de 4 milliards pour\nr\u00e9nover son r\u00e9seau et favoriser l\u2019exploitation du fret<\/li><li>Les <strong>collectivit\u00e9s locales<\/strong> ont re\u00e7u 2\nmilliards dans l\u2019objectif de soutenir la mobilit\u00e9 durable<\/li><li>Un peu plus de 2 milliards ont \u00e9t\u00e9 consacr\u00e9s \u00e0\ndes projets de <strong>r\u00e9novation \u00e9nerg\u00e9tique<\/strong> des b\u00e2timents de l\u2019\u00c9tat<\/li><li>Un demi-milliard a \u00e9t\u00e9 vers\u00e9 en primes \u00e0 la\nconversion ou en bonus \u00e9cologique pour les nouveaux acqu\u00e9reurs de <strong>v\u00e9hicules\n\u00ab&nbsp;propres&nbsp;\u00bb<\/strong><\/li><li>Un autre demi-milliard a \u00e9t\u00e9 per\u00e7u par les\nfoyers sous forme d\u2019une <strong>allocation de rentr\u00e9e scolaire <\/strong>major\u00e9e de 100 \u20ac\npar \u00e9l\u00e8ve en moyenne.<\/li><\/ul>\n\n\n\n<h2 class=\"wp-block-heading\"><strong>Un v\u0153u de 40 milliards pour 2021 <\/strong><\/h2>\n\n\n\n<p>Le ministre de l\u2019\u00c9conomie s\u2019est fix\u00e9 le cap de 40 milliards\nd\u2019euros d\u2019engagements pour cette ann\u00e9e sur ce dispositif qui est ax\u00e9 sur trois\nvolets&nbsp;: l\u2019\u00e9cologie, la comp\u00e9titivit\u00e9 des entreprises fran\u00e7aises et la\ncoh\u00e9sion.<\/p>\n\n\n\n<p>Par ailleurs dans un souci de transparence, le Gouvernement\nactualise mensuellement les chiffres concernant cette mesure politique\nhistorique sur un site internet qui lui est d\u00e9di\u00e9, <a href=\"http:\/\/www.planderelance.gouv.fr\">www.planderelance.gouv.fr<\/a> . Outre\nces donn\u00e9es, il y est recens\u00e9 les mesures d\u2019aides en faveur des particuliers,\ndes entreprises, des collectivit\u00e9s locales, mais \u00e9galement des administrations.<\/p>\n","protected":false},"excerpt":{"rendered":"<p>La crise sanitaire de 2020 a entra\u00een\u00e9 un fort ralentissement de l\u2019\u00e9conomie dont le d\u00e9marrage se fait attendre. D\u00e8s la rentr\u00e9e de septembre 2020, le Gouvernement pr\u00e9sentait des mesures d\u2019aides pour un montant global de 100 milliards d\u2019euros. Le Gouvernement a fait r\u00e9cemment un point sur l\u2019avanc\u00e9e du Plan de relance. 11 milliards inject\u00e9s dans [&hellip;]<\/p>\n","protected":false},"author":45,"featured_media":0,"comment_status":"open","ping_status":"open","sticky":false,"template":"","format":"quote","meta":{"_acf_changed":false,"_mi_skip_tracking":false,"footnotes":""},"categories":[12,3],"tags":[1877,1928],"class_list":["post-18913","post","type-post","status-publish","format-quote","hentry","category-actualites","category-comptabilite-fiscalite-et-gestion-financiere","tag-covid-19","tag-plan-de-relance","post_format-post-format-quote"],"acf":[],"yoast_head":"<!-- This site is optimized with the Yoast SEO plugin v23.4 - https:\/\/yoast.com\/wordpress\/plugins\/seo\/ -->\n<title>Plan de relance de l\u2019\u00e9conomie : focus sur 2020 - Le Blog GERESO<\/title>\n<meta name=\"robots\" content=\"index, follow, max-snippet:-1, max-image-preview:large, max-video-preview:-1\" \/>\n<link rel=\"canonical\" href=\"https:\/\/www.gereso.com\/actualites\/2021\/01\/29\/plan-de-relance-de-leconomie-focus-sur-2020\/\" \/>\n<meta property=\"og:locale\" content=\"fr_FR\" \/>\n<meta property=\"og:type\" content=\"article\" \/>\n<meta property=\"og:title\" content=\"Plan de relance de l\u2019\u00e9conomie : focus sur 2020 - Le Blog GERESO\" \/>\n<meta property=\"og:description\" content=\"La crise sanitaire de 2020 a entra\u00een\u00e9 un fort ralentissement de l\u2019\u00e9conomie dont le d\u00e9marrage se fait attendre. D\u00e8s la rentr\u00e9e de septembre 2020, le Gouvernement pr\u00e9sentait des mesures d\u2019aides pour un montant global de 100 milliards d\u2019euros. Le Gouvernement a fait r\u00e9cemment un point sur l\u2019avanc\u00e9e du Plan de relance. 11 milliards inject\u00e9s dans [&hellip;]\" \/>\n<meta property=\"og:url\" content=\"https:\/\/www.gereso.com\/actualites\/2021\/01\/29\/plan-de-relance-de-leconomie-focus-sur-2020\/\" \/>\n<meta property=\"og:site_name\" content=\"Le Blog GERESO\" \/>\n<meta property=\"article:published_time\" content=\"2021-01-29T09:01:42+00:00\" \/>\n<meta property=\"article:modified_time\" content=\"2021-02-24T09:07:47+00:00\" \/>\n<meta name=\"author\" content=\"Damien P\u00e9an\" \/>\n<meta name=\"twitter:card\" content=\"summary_large_image\" \/>\n<script type=\"application\/ld+json\" class=\"yoast-schema-graph\">{\"@context\":\"https:\/\/schema.org\",\"@graph\":[{\"@type\":\"WebPage\",\"@id\":\"https:\/\/www.gereso.com\/actualites\/2021\/01\/29\/plan-de-relance-de-leconomie-focus-sur-2020\/\",\"url\":\"https:\/\/www.gereso.com\/actualites\/2021\/01\/29\/plan-de-relance-de-leconomie-focus-sur-2020\/\",\"name\":\"Plan de relance de l\u2019\u00e9conomie : focus sur 2020 - Le Blog GERESO\",\"isPartOf\":{\"@id\":\"https:\/\/www.gereso.com\/actualites\/#website\"},\"datePublished\":\"2021-01-29T09:01:42+00:00\",\"dateModified\":\"2021-02-24T09:07:47+00:00\",\"author\":{\"@id\":\"https:\/\/www.gereso.com\/actualites\/#\/schema\/person\/c91814f92d627ed4715993fbbf7c7e8d\"},\"breadcrumb\":{\"@id\":\"https:\/\/www.gereso.com\/actualites\/2021\/01\/29\/plan-de-relance-de-leconomie-focus-sur-2020\/#breadcrumb\"},\"inLanguage\":\"fr-FR\",\"potentialAction\":[{\"@type\":\"ReadAction\",\"target\":[\"https:\/\/www.gereso.com\/actualites\/2021\/01\/29\/plan-de-relance-de-leconomie-focus-sur-2020\/\"]}]},{\"@type\":\"BreadcrumbList\",\"@id\":\"https:\/\/www.gereso.com\/actualites\/2021\/01\/29\/plan-de-relance-de-leconomie-focus-sur-2020\/#breadcrumb\",\"itemListElement\":[{\"@type\":\"ListItem\",\"position\":1,\"name\":\"Home\",\"item\":\"https:\/\/www.gereso.com\/actualites\/\"},{\"@type\":\"ListItem\",\"position\":2,\"name\":\"Plan de relance de l\u2019\u00e9conomie : focus sur 2020\"}]},{\"@type\":\"WebSite\",\"@id\":\"https:\/\/www.gereso.com\/actualites\/#website\",\"url\":\"https:\/\/www.gereso.com\/actualites\/\",\"name\":\"Le Blog GERESO\",\"description\":\"Toute l&#039;actu RH, Finance, Fonction Publique, Management...\",\"potentialAction\":[{\"@type\":\"SearchAction\",\"target\":{\"@type\":\"EntryPoint\",\"urlTemplate\":\"https:\/\/www.gereso.com\/actualites\/?s={search_term_string}\"},\"query-input\":{\"@type\":\"PropertyValueSpecification\",\"valueRequired\":true,\"valueName\":\"search_term_string\"}}],\"inLanguage\":\"fr-FR\"},{\"@type\":\"Person\",\"@id\":\"https:\/\/www.gereso.com\/actualites\/#\/schema\/person\/c91814f92d627ed4715993fbbf7c7e8d\",\"name\":\"Damien P\u00e9an\",\"image\":{\"@type\":\"ImageObject\",\"inLanguage\":\"fr-FR\",\"@id\":\"https:\/\/www.gereso.com\/actualites\/#\/schema\/person\/image\/\",\"url\":\"https:\/\/www.gereso.com\/actualites\/wp-content\/uploads\/2016\/03\/damien-pean.jpg\",\"contentUrl\":\"https:\/\/www.gereso.com\/actualites\/wp-content\/uploads\/2016\/03\/damien-pean.jpg\",\"caption\":\"Damien P\u00e9an\"},\"description\":\"Damien P\u00c9AN est titulaire du Dipl\u00f4me d'\u00e9tudes sup\u00e9rieures comptables et financi\u00e8res (DESCF). Il intervient depuis plusieurs ann\u00e9es aupr\u00e8s d'\u00e9tudiants en licence de comptabilit\u00e9 et de gestion, \u00e0 qui il enseigne le contr\u00f4le de gestion, la comptabilit\u00e9 approfondie, le management, la fiscalit\u00e9, le droit des soci\u00e9t\u00e9s et le droit du travail. Il intervient \u00e9galement en formation continue pour le compte de divers organismes de formation sur des th\u00e9matiques techniques en comptabilit\u00e9 et fiscalit\u00e9. Il forme aussi un public de non-initi\u00e9s aux fondamentaux de la finance.\",\"url\":\"https:\/\/www.gereso.com\/actualites\/author\/d-pean\/\"}]}<\/script>\n<!-- \/ Yoast SEO plugin. -->","yoast_head_json":{"title":"Plan de relance de l\u2019\u00e9conomie : focus sur 2020 - Le Blog GERESO","robots":{"index":"index","follow":"follow","max-snippet":"max-snippet:-1","max-image-preview":"max-image-preview:large","max-video-preview":"max-video-preview:-1"},"canonical":"https:\/\/www.gereso.com\/actualites\/2021\/01\/29\/plan-de-relance-de-leconomie-focus-sur-2020\/","og_locale":"fr_FR","og_type":"article","og_title":"Plan de relance de l\u2019\u00e9conomie : focus sur 2020 - Le Blog GERESO","og_description":"La crise sanitaire de 2020 a entra\u00een\u00e9 un fort ralentissement de l\u2019\u00e9conomie dont le d\u00e9marrage se fait attendre. D\u00e8s la rentr\u00e9e de septembre 2020, le Gouvernement pr\u00e9sentait des mesures d\u2019aides pour un montant global de 100 milliards d\u2019euros. Le Gouvernement a fait r\u00e9cemment un point sur l\u2019avanc\u00e9e du Plan de relance. 11 milliards inject\u00e9s dans [&hellip;]","og_url":"https:\/\/www.gereso.com\/actualites\/2021\/01\/29\/plan-de-relance-de-leconomie-focus-sur-2020\/","og_site_name":"Le Blog GERESO","article_published_time":"2021-01-29T09:01:42+00:00","article_modified_time":"2021-02-24T09:07:47+00:00","author":"Damien P\u00e9an","twitter_card":"summary_large_image","schema":{"@context":"https:\/\/schema.org","@graph":[{"@type":"WebPage","@id":"https:\/\/www.gereso.com\/actualites\/2021\/01\/29\/plan-de-relance-de-leconomie-focus-sur-2020\/","url":"https:\/\/www.gereso.com\/actualites\/2021\/01\/29\/plan-de-relance-de-leconomie-focus-sur-2020\/","name":"Plan de relance de l\u2019\u00e9conomie : focus sur 2020 - Le Blog GERESO","isPartOf":{"@id":"https:\/\/www.gereso.com\/actualites\/#website"},"datePublished":"2021-01-29T09:01:42+00:00","dateModified":"2021-02-24T09:07:47+00:00","author":{"@id":"https:\/\/www.gereso.com\/actualites\/#\/schema\/person\/c91814f92d627ed4715993fbbf7c7e8d"},"breadcrumb":{"@id":"https:\/\/www.gereso.com\/actualites\/2021\/01\/29\/plan-de-relance-de-leconomie-focus-sur-2020\/#breadcrumb"},"inLanguage":"fr-FR","potentialAction":[{"@type":"ReadAction","target":["https:\/\/www.gereso.com\/actualites\/2021\/01\/29\/plan-de-relance-de-leconomie-focus-sur-2020\/"]}]},{"@type":"BreadcrumbList","@id":"https:\/\/www.gereso.com\/actualites\/2021\/01\/29\/plan-de-relance-de-leconomie-focus-sur-2020\/#breadcrumb","itemListElement":[{"@type":"ListItem","position":1,"name":"Home","item":"https:\/\/www.gereso.com\/actualites\/"},{"@type":"ListItem","position":2,"name":"Plan de relance de l\u2019\u00e9conomie : focus sur 2020"}]},{"@type":"WebSite","@id":"https:\/\/www.gereso.com\/actualites\/#website","url":"https:\/\/www.gereso.com\/actualites\/","name":"Le Blog GERESO","description":"Toute l&#039;actu RH, Finance, Fonction Publique, Management...","potentialAction":[{"@type":"SearchAction","target":{"@type":"EntryPoint","urlTemplate":"https:\/\/www.gereso.com\/actualites\/?s={search_term_string}"},"query-input":{"@type":"PropertyValueSpecification","valueRequired":true,"valueName":"search_term_string"}}],"inLanguage":"fr-FR"},{"@type":"Person","@id":"https:\/\/www.gereso.com\/actualites\/#\/schema\/person\/c91814f92d627ed4715993fbbf7c7e8d","name":"Damien P\u00e9an","image":{"@type":"ImageObject","inLanguage":"fr-FR","@id":"https:\/\/www.gereso.com\/actualites\/#\/schema\/person\/image\/","url":"https:\/\/www.gereso.com\/actualites\/wp-content\/uploads\/2016\/03\/damien-pean.jpg","contentUrl":"https:\/\/www.gereso.com\/actualites\/wp-content\/uploads\/2016\/03\/damien-pean.jpg","caption":"Damien P\u00e9an"},"description":"Damien P\u00c9AN est titulaire du Dipl\u00f4me d'\u00e9tudes sup\u00e9rieures comptables et financi\u00e8res (DESCF). Il intervient depuis plusieurs ann\u00e9es aupr\u00e8s d'\u00e9tudiants en licence de comptabilit\u00e9 et de gestion, \u00e0 qui il enseigne le contr\u00f4le de gestion, la comptabilit\u00e9 approfondie, le management, la fiscalit\u00e9, le droit des soci\u00e9t\u00e9s et le droit du travail. Il intervient \u00e9galement en formation continue pour le compte de divers organismes de formation sur des th\u00e9matiques techniques en comptabilit\u00e9 et fiscalit\u00e9. Il forme aussi un public de non-initi\u00e9s aux fondamentaux de la finance.","url":"https:\/\/www.gereso.com\/actualites\/author\/d-pean\/"}]}},"_links":{"self":[{"href":"https:\/\/www.gereso.com\/actualites\/wp-json\/wp\/v2\/posts\/18913","targetHints":{"allow":["GET"]}}],"collection":[{"href":"https:\/\/www.gereso.com\/actualites\/wp-json\/wp\/v2\/posts"}],"about":[{"href":"https:\/\/www.gereso.com\/actualites\/wp-json\/wp\/v2\/types\/post"}],"author":[{"embeddable":true,"href":"https:\/\/www.gereso.com\/actualites\/wp-json\/wp\/v2\/users\/45"}],"replies":[{"embeddable":true,"href":"https:\/\/www.gereso.com\/actualites\/wp-json\/wp\/v2\/comments?post=18913"}],"version-history":[{"count":2,"href":"https:\/\/www.gereso.com\/actualites\/wp-json\/wp\/v2\/posts\/18913\/revisions"}],"predecessor-version":[{"id":19333,"href":"https:\/\/www.gereso.com\/actualites\/wp-json\/wp\/v2\/posts\/18913\/revisions\/19333"}],"wp:attachment":[{"href":"https:\/\/www.gereso.com\/actualites\/wp-json\/wp\/v2\/media?parent=18913"}],"wp:term":[{"taxonomy":"category","embeddable":true,"href":"https:\/\/www.gereso.com\/actualites\/wp-json\/wp\/v2\/categories?post=18913"},{"taxonomy":"post_tag","embeddable":true,"href":"https:\/\/www.gereso.com\/actualites\/wp-json\/wp\/v2\/tags?post=18913"}],"curies":[{"name":"wp","href":"https:\/\/api.w.org\/{rel}","templated":true}]}}