{"id":1892,"date":"2011-06-09T00:00:00","date_gmt":"2011-06-08T22:00:00","guid":{"rendered":"https:\/\/www.gereso.com\/actualites\/2011\/06\/obligation-de-reprise-des-contrats-en-cas-de-transfert-dentreprise-et-licenciement-pour-motif-disciplinaire\/"},"modified":"2011-06-09T00:00:00","modified_gmt":"2011-06-08T22:00:00","slug":"obligation-de-reprise-des-contrats-en-cas-de-transfert-dentreprise-et-licenciement-pour-motif-disciplinaire","status":"publish","type":"post","link":"https:\/\/www.gereso.com\/actualites\/2011\/06\/09\/obligation-de-reprise-des-contrats-en-cas-de-transfert-dentreprise-et-licenciement-pour-motif-disciplinaire\/","title":{"rendered":"Obligation de reprise des contrats en cas de transfert d&#039;entreprise et licenciement pour motif disciplinaire"},"content":{"rendered":"<p>Une entreprise en redressement judiciaire voit ses actifs c\u00e9d\u00e9s par jugement d&rsquo;arr\u00eat\u00e9 d&rsquo;un plan de cession d&rsquo;actifs au profit d&rsquo;un repreneur. Ce jugement engage la nouvelle entreprise \u00e0 poursuivre pendant une dur\u00e9e de deux ans les contrats de travail qui lui ont \u00e9t\u00e9 transf\u00e9r\u00e9s en application de l&rsquo;article L. 1224-1 du Code du travail, sous peine de dommages et int\u00e9r\u00eats.<\/p>\n<p>Un salari\u00e9 de l&rsquo;entreprise est licenci\u00e9 un an apr\u00e8s le transfert de son contrat de travail pour faute grave. Il saisit les juridictions afin de voir reconna\u00eetre son droit \u00e0 la garantie de l&#8217;emploi en application du plan de cession et demande le paiement de ses salaires jusqu&rsquo;\u00e0 l&rsquo;\u00e9ch\u00e9ance de la p\u00e9riode restant \u00e0 courir jusqu&rsquo;\u00e0 l&rsquo;expiration du d\u00e9lai de deux ans stipul\u00e9.<\/p>\n<p>La cour d&rsquo;appel et la Cour de cassation ne lui accordent pas l&rsquo;indemnisation requise.<\/p>\n<p>L&#8217;employeur s&rsquo;\u00e9tait en effet engag\u00e9 \u00e0 garantir les 27 emplois repris, et l&rsquo;effectif de 27 salari\u00e9s est maintenu suite au d\u00e9part du salari\u00e9 licenci\u00e9 pour faute grave.<\/p>\n<p>La Cour estime \u00ab que la clause obligeant le cessionnaire \u00e0 exploiter l&rsquo;activit\u00e9 durant au moins deux ans avec les salari\u00e9s attach\u00e9s \u00e0 l&rsquo;entit\u00e9 c\u00e9d\u00e9e (&#8230;) n&rsquo;a pas pour effet de priver l&#8217;employeur du pouvoir de prononcer des licenciements pour motif disciplinaire \u00bb.<\/p>\n<p>Source : Cass. soc., 17 mai 2011, n\u00b0 09-43.003, FS-P+B, M. H. c\/ St\u00e9 Logitud solutions : JurisData n\u00b0 2011-008895<\/p>\n","protected":false},"excerpt":{"rendered":"<p>Une entreprise en redressement judiciaire voit ses actifs c\u00e9d\u00e9s par jugement d&rsquo;arr\u00eat\u00e9 d&rsquo;un plan de cession d&rsquo;actifs au profit d&rsquo;un repreneur. Ce jugement engage la nouvelle entreprise \u00e0 poursuivre pendant une dur\u00e9e de deux ans les contrats de travail qui lui ont \u00e9t\u00e9 transf\u00e9r\u00e9s en application de l&rsquo;article L. 1224-1 du Code du travail, sous [&hellip;]<\/p>\n","protected":false},"author":32,"featured_media":0,"comment_status":"open","ping_status":"open","sticky":false,"template":"","format":"standard","meta":{"_acf_changed":false,"_mi_skip_tracking":false,"footnotes":""},"categories":[5],"tags":[],"class_list":["post-1892","post","type-post","status-publish","format-standard","hentry","category-droit-du-travail"],"acf":[],"yoast_head":"<!-- This site is optimized with the Yoast SEO plugin v23.4 - https:\/\/yoast.com\/wordpress\/plugins\/seo\/ -->\n<title>Obligation de reprise des contrats en cas de transfert d&#039;entreprise et licenciement pour motif disciplinaire - Le Blog GERESO<\/title>\n<meta name=\"robots\" content=\"index, follow, max-snippet:-1, max-image-preview:large, max-video-preview:-1\" \/>\n<link rel=\"canonical\" href=\"https:\/\/www.gereso.com\/actualites\/2011\/06\/09\/obligation-de-reprise-des-contrats-en-cas-de-transfert-dentreprise-et-licenciement-pour-motif-disciplinaire\/\" \/>\n<meta property=\"og:locale\" content=\"fr_FR\" \/>\n<meta property=\"og:type\" content=\"article\" \/>\n<meta property=\"og:title\" content=\"Obligation de reprise des contrats en cas de transfert d&#039;entreprise et licenciement pour motif disciplinaire - Le Blog GERESO\" \/>\n<meta property=\"og:description\" content=\"Une entreprise en redressement judiciaire voit ses actifs c\u00e9d\u00e9s par jugement d&rsquo;arr\u00eat\u00e9 d&rsquo;un plan de cession d&rsquo;actifs au profit d&rsquo;un repreneur. Ce jugement engage la nouvelle entreprise \u00e0 poursuivre pendant une dur\u00e9e de deux ans les contrats de travail qui lui ont \u00e9t\u00e9 transf\u00e9r\u00e9s en application de l&rsquo;article L. 1224-1 du Code du travail, sous [&hellip;]\" \/>\n<meta property=\"og:url\" content=\"https:\/\/www.gereso.com\/actualites\/2011\/06\/09\/obligation-de-reprise-des-contrats-en-cas-de-transfert-dentreprise-et-licenciement-pour-motif-disciplinaire\/\" \/>\n<meta property=\"og:site_name\" content=\"Le Blog GERESO\" \/>\n<meta property=\"article:published_time\" content=\"2011-06-08T22:00:00+00:00\" \/>\n<meta name=\"author\" content=\"\u00c9quipe GERESO\" \/>\n<meta name=\"twitter:card\" content=\"summary_large_image\" \/>\n<script type=\"application\/ld+json\" class=\"yoast-schema-graph\">{\"@context\":\"https:\/\/schema.org\",\"@graph\":[{\"@type\":\"WebPage\",\"@id\":\"https:\/\/www.gereso.com\/actualites\/2011\/06\/09\/obligation-de-reprise-des-contrats-en-cas-de-transfert-dentreprise-et-licenciement-pour-motif-disciplinaire\/\",\"url\":\"https:\/\/www.gereso.com\/actualites\/2011\/06\/09\/obligation-de-reprise-des-contrats-en-cas-de-transfert-dentreprise-et-licenciement-pour-motif-disciplinaire\/\",\"name\":\"Obligation de reprise des contrats en cas de transfert d&#039;entreprise et licenciement pour motif disciplinaire - Le Blog GERESO\",\"isPartOf\":{\"@id\":\"https:\/\/www.gereso.com\/actualites\/#website\"},\"datePublished\":\"2011-06-08T22:00:00+00:00\",\"dateModified\":\"2011-06-08T22:00:00+00:00\",\"author\":{\"@id\":\"https:\/\/www.gereso.com\/actualites\/#\/schema\/person\/197d8aef40cb4ae3f6a0aa9e1d3df2a6\"},\"breadcrumb\":{\"@id\":\"https:\/\/www.gereso.com\/actualites\/2011\/06\/09\/obligation-de-reprise-des-contrats-en-cas-de-transfert-dentreprise-et-licenciement-pour-motif-disciplinaire\/#breadcrumb\"},\"inLanguage\":\"fr-FR\",\"potentialAction\":[{\"@type\":\"ReadAction\",\"target\":[\"https:\/\/www.gereso.com\/actualites\/2011\/06\/09\/obligation-de-reprise-des-contrats-en-cas-de-transfert-dentreprise-et-licenciement-pour-motif-disciplinaire\/\"]}]},{\"@type\":\"BreadcrumbList\",\"@id\":\"https:\/\/www.gereso.com\/actualites\/2011\/06\/09\/obligation-de-reprise-des-contrats-en-cas-de-transfert-dentreprise-et-licenciement-pour-motif-disciplinaire\/#breadcrumb\",\"itemListElement\":[{\"@type\":\"ListItem\",\"position\":1,\"name\":\"Home\",\"item\":\"https:\/\/www.gereso.com\/actualites\/\"},{\"@type\":\"ListItem\",\"position\":2,\"name\":\"Obligation de reprise des contrats en cas de transfert d&#039;entreprise et licenciement pour motif disciplinaire\"}]},{\"@type\":\"WebSite\",\"@id\":\"https:\/\/www.gereso.com\/actualites\/#website\",\"url\":\"https:\/\/www.gereso.com\/actualites\/\",\"name\":\"Le Blog GERESO\",\"description\":\"Toute l&#039;actu RH, Finance, Fonction Publique, Management...\",\"potentialAction\":[{\"@type\":\"SearchAction\",\"target\":{\"@type\":\"EntryPoint\",\"urlTemplate\":\"https:\/\/www.gereso.com\/actualites\/?s={search_term_string}\"},\"query-input\":{\"@type\":\"PropertyValueSpecification\",\"valueRequired\":true,\"valueName\":\"search_term_string\"}}],\"inLanguage\":\"fr-FR\"},{\"@type\":\"Person\",\"@id\":\"https:\/\/www.gereso.com\/actualites\/#\/schema\/person\/197d8aef40cb4ae3f6a0aa9e1d3df2a6\",\"name\":\"\u00c9quipe GERESO\",\"image\":{\"@type\":\"ImageObject\",\"inLanguage\":\"fr-FR\",\"@id\":\"https:\/\/www.gereso.com\/actualites\/#\/schema\/person\/image\/\",\"url\":\"https:\/\/www.gereso.com\/actualites\/wp-content\/uploads\/2013\/12\/avatar-gereso-1.png\",\"contentUrl\":\"https:\/\/www.gereso.com\/actualites\/wp-content\/uploads\/2013\/12\/avatar-gereso-1.png\",\"caption\":\"\u00c9quipe GERESO\"},\"url\":\"https:\/\/www.gereso.com\/actualites\/author\/gereso\/\"}]}<\/script>\n<!-- \/ Yoast SEO plugin. -->","yoast_head_json":{"title":"Obligation de reprise des contrats en cas de transfert d&#039;entreprise et licenciement pour motif disciplinaire - Le Blog GERESO","robots":{"index":"index","follow":"follow","max-snippet":"max-snippet:-1","max-image-preview":"max-image-preview:large","max-video-preview":"max-video-preview:-1"},"canonical":"https:\/\/www.gereso.com\/actualites\/2011\/06\/09\/obligation-de-reprise-des-contrats-en-cas-de-transfert-dentreprise-et-licenciement-pour-motif-disciplinaire\/","og_locale":"fr_FR","og_type":"article","og_title":"Obligation de reprise des contrats en cas de transfert d&#039;entreprise et licenciement pour motif disciplinaire - Le Blog GERESO","og_description":"Une entreprise en redressement judiciaire voit ses actifs c\u00e9d\u00e9s par jugement d&rsquo;arr\u00eat\u00e9 d&rsquo;un plan de cession d&rsquo;actifs au profit d&rsquo;un repreneur. Ce jugement engage la nouvelle entreprise \u00e0 poursuivre pendant une dur\u00e9e de deux ans les contrats de travail qui lui ont \u00e9t\u00e9 transf\u00e9r\u00e9s en application de l&rsquo;article L. 1224-1 du Code du travail, sous [&hellip;]","og_url":"https:\/\/www.gereso.com\/actualites\/2011\/06\/09\/obligation-de-reprise-des-contrats-en-cas-de-transfert-dentreprise-et-licenciement-pour-motif-disciplinaire\/","og_site_name":"Le Blog GERESO","article_published_time":"2011-06-08T22:00:00+00:00","author":"\u00c9quipe GERESO","twitter_card":"summary_large_image","schema":{"@context":"https:\/\/schema.org","@graph":[{"@type":"WebPage","@id":"https:\/\/www.gereso.com\/actualites\/2011\/06\/09\/obligation-de-reprise-des-contrats-en-cas-de-transfert-dentreprise-et-licenciement-pour-motif-disciplinaire\/","url":"https:\/\/www.gereso.com\/actualites\/2011\/06\/09\/obligation-de-reprise-des-contrats-en-cas-de-transfert-dentreprise-et-licenciement-pour-motif-disciplinaire\/","name":"Obligation de reprise des contrats en cas de transfert d&#039;entreprise et licenciement pour motif disciplinaire - Le Blog GERESO","isPartOf":{"@id":"https:\/\/www.gereso.com\/actualites\/#website"},"datePublished":"2011-06-08T22:00:00+00:00","dateModified":"2011-06-08T22:00:00+00:00","author":{"@id":"https:\/\/www.gereso.com\/actualites\/#\/schema\/person\/197d8aef40cb4ae3f6a0aa9e1d3df2a6"},"breadcrumb":{"@id":"https:\/\/www.gereso.com\/actualites\/2011\/06\/09\/obligation-de-reprise-des-contrats-en-cas-de-transfert-dentreprise-et-licenciement-pour-motif-disciplinaire\/#breadcrumb"},"inLanguage":"fr-FR","potentialAction":[{"@type":"ReadAction","target":["https:\/\/www.gereso.com\/actualites\/2011\/06\/09\/obligation-de-reprise-des-contrats-en-cas-de-transfert-dentreprise-et-licenciement-pour-motif-disciplinaire\/"]}]},{"@type":"BreadcrumbList","@id":"https:\/\/www.gereso.com\/actualites\/2011\/06\/09\/obligation-de-reprise-des-contrats-en-cas-de-transfert-dentreprise-et-licenciement-pour-motif-disciplinaire\/#breadcrumb","itemListElement":[{"@type":"ListItem","position":1,"name":"Home","item":"https:\/\/www.gereso.com\/actualites\/"},{"@type":"ListItem","position":2,"name":"Obligation de reprise des contrats en cas de transfert d&#039;entreprise et licenciement pour motif disciplinaire"}]},{"@type":"WebSite","@id":"https:\/\/www.gereso.com\/actualites\/#website","url":"https:\/\/www.gereso.com\/actualites\/","name":"Le Blog GERESO","description":"Toute l&#039;actu RH, Finance, Fonction Publique, Management...","potentialAction":[{"@type":"SearchAction","target":{"@type":"EntryPoint","urlTemplate":"https:\/\/www.gereso.com\/actualites\/?s={search_term_string}"},"query-input":{"@type":"PropertyValueSpecification","valueRequired":true,"valueName":"search_term_string"}}],"inLanguage":"fr-FR"},{"@type":"Person","@id":"https:\/\/www.gereso.com\/actualites\/#\/schema\/person\/197d8aef40cb4ae3f6a0aa9e1d3df2a6","name":"\u00c9quipe GERESO","image":{"@type":"ImageObject","inLanguage":"fr-FR","@id":"https:\/\/www.gereso.com\/actualites\/#\/schema\/person\/image\/","url":"https:\/\/www.gereso.com\/actualites\/wp-content\/uploads\/2013\/12\/avatar-gereso-1.png","contentUrl":"https:\/\/www.gereso.com\/actualites\/wp-content\/uploads\/2013\/12\/avatar-gereso-1.png","caption":"\u00c9quipe GERESO"},"url":"https:\/\/www.gereso.com\/actualites\/author\/gereso\/"}]}},"_links":{"self":[{"href":"https:\/\/www.gereso.com\/actualites\/wp-json\/wp\/v2\/posts\/1892","targetHints":{"allow":["GET"]}}],"collection":[{"href":"https:\/\/www.gereso.com\/actualites\/wp-json\/wp\/v2\/posts"}],"about":[{"href":"https:\/\/www.gereso.com\/actualites\/wp-json\/wp\/v2\/types\/post"}],"author":[{"embeddable":true,"href":"https:\/\/www.gereso.com\/actualites\/wp-json\/wp\/v2\/users\/32"}],"replies":[{"embeddable":true,"href":"https:\/\/www.gereso.com\/actualites\/wp-json\/wp\/v2\/comments?post=1892"}],"version-history":[{"count":0,"href":"https:\/\/www.gereso.com\/actualites\/wp-json\/wp\/v2\/posts\/1892\/revisions"}],"wp:attachment":[{"href":"https:\/\/www.gereso.com\/actualites\/wp-json\/wp\/v2\/media?parent=1892"}],"wp:term":[{"taxonomy":"category","embeddable":true,"href":"https:\/\/www.gereso.com\/actualites\/wp-json\/wp\/v2\/categories?post=1892"},{"taxonomy":"post_tag","embeddable":true,"href":"https:\/\/www.gereso.com\/actualites\/wp-json\/wp\/v2\/tags?post=1892"}],"curies":[{"name":"wp","href":"https:\/\/api.w.org\/{rel}","templated":true}]}}