{"id":1904,"date":"2007-06-01T00:00:00","date_gmt":"2007-05-31T22:00:00","guid":{"rendered":"https:\/\/www.gereso.com\/actualites\/2007\/06\/formation-professionnelle-le-salaire-fixe-et-variable-doit-etre-maintenu\/"},"modified":"2007-06-01T00:00:00","modified_gmt":"2007-05-31T22:00:00","slug":"formation-professionnelle-le-salaire-fixe-et-variable-doit-etre-maintenu","status":"publish","type":"post","link":"https:\/\/www.gereso.com\/actualites\/2007\/06\/01\/formation-professionnelle-le-salaire-fixe-et-variable-doit-etre-maintenu\/","title":{"rendered":"Formation professionnelle : le salaire fixe et variable doit \u00eatre maintenu"},"content":{"rendered":"<h3><b>L&rsquo;histoire<\/b><\/h3>\n<p>Une salari\u00e9e a suivi <b>une formation professionnelle pendant son temps de travail. <\/b>Son contrat de travail pr\u00e9voyait une r\u00e9mun\u00e9ration compos\u00e9e, \u00e0 la fois, d&rsquo;<b>une partie fixe et d&rsquo;une partie variable<\/b> calcul\u00e9e sur la base d&rsquo;un pourcentage du chiffre d&rsquo;affaires.<\/p>\n<p>Pendant la p\u00e9riode de formation, son employeur ne lui a vers\u00e9 que lemontant fixe de son salaire. S&rsquo;estimant l\u00e9s\u00e9e, la salari\u00e9e a demand\u00e9 aujuge des r\u00e9f\u00e9r\u00e9s <b>le paiement par provision de la partie variable de sa r\u00e9mun\u00e9ration.<\/b><\/p>\n<h3>Ce que disent les juges<\/h3>\n<p>Les juges rappellent le principe selon lequel<b> l&rsquo;action de formation<\/b>, suivie par le salari\u00e9 pour assurer son adaptation au poste de travail, <b>constitue du temps de travail effectif.<\/b><span style=\"font-weight: bold;\"><br \/><\/span><\/p>\n<p><span style=\"font-weight: bold;\">\u00a0<\/span>D\u00e8s lors,<b> le salari\u00e9 a droit au maintien de sa r\u00e9mun\u00e9ration pendant sa formation.<\/b><\/p>\n<p>Les juges constatent que la salari\u00e9e a subi <b>une perte de r\u00e9mun\u00e9ration<\/b>. <\/p>\n<p>Par cons\u00e9quent, <b>l&#8217;employeur, qui ne r\u00e8gle que la partie fixe, est redevable des sommes non vers\u00e9es au titre de la r\u00e9mun\u00e9ration variable.<\/b><\/p>\n<h3>Ce qu&rsquo;il faut retenir<b><br \/><\/b><\/h3>\n<p>Touteaction de formation, suivie pour assurer l&rsquo;adaptation au poste detravail, est consid\u00e9r\u00e9e comme du temps de travail effectif. <\/p>\n<p>D\u00e8s lors, la r\u00e9mun\u00e9ration doit \u00eatre maintenue dans sa totalit\u00e9 durant la p\u00e9riode de formation. En d&rsquo;autres termes, <b>l&#8217;employeur est \u00e9galement tenu de verser au salari\u00e9 la partie variable de sa r\u00e9mun\u00e9ration.<\/b><\/p>\n<p>Sources : JuriTravail.com &#8211; Arr\u00eat de la Chambre sociale de la Cour de cassation du 20 juin 2007 &#8211; N\u00b0 de pourvoi : 05-44715.<\/p>\n","protected":false},"excerpt":{"rendered":"<p>L&rsquo;histoire Une salari\u00e9e a suivi une formation professionnelle pendant son temps de travail. Son contrat de travail pr\u00e9voyait une r\u00e9mun\u00e9ration compos\u00e9e, \u00e0 la fois, d&rsquo;une partie fixe et d&rsquo;une partie variable calcul\u00e9e sur la base d&rsquo;un pourcentage du chiffre d&rsquo;affaires. Pendant la p\u00e9riode de formation, son employeur ne lui a vers\u00e9 que lemontant fixe de [&hellip;]<\/p>\n","protected":false},"author":32,"featured_media":0,"comment_status":"open","ping_status":"open","sticky":false,"template":"","format":"standard","meta":{"_acf_changed":false,"_mi_skip_tracking":false,"footnotes":""},"categories":[6],"tags":[],"class_list":["post-1904","post","type-post","status-publish","format-standard","hentry","category-fonction-publique"],"acf":[],"yoast_head":"<!-- This site is optimized with the Yoast SEO plugin v23.4 - https:\/\/yoast.com\/wordpress\/plugins\/seo\/ -->\n<title>Formation professionnelle : le salaire fixe et variable doit \u00eatre maintenu - Le Blog GERESO<\/title>\n<meta name=\"robots\" content=\"index, follow, max-snippet:-1, max-image-preview:large, max-video-preview:-1\" \/>\n<link rel=\"canonical\" href=\"https:\/\/www.gereso.com\/actualites\/2007\/06\/01\/formation-professionnelle-le-salaire-fixe-et-variable-doit-etre-maintenu\/\" \/>\n<meta property=\"og:locale\" content=\"fr_FR\" \/>\n<meta property=\"og:type\" content=\"article\" \/>\n<meta property=\"og:title\" content=\"Formation professionnelle : le salaire fixe et variable doit \u00eatre maintenu - Le Blog GERESO\" \/>\n<meta property=\"og:description\" content=\"L&rsquo;histoire Une salari\u00e9e a suivi une formation professionnelle pendant son temps de travail. Son contrat de travail pr\u00e9voyait une r\u00e9mun\u00e9ration compos\u00e9e, \u00e0 la fois, d&rsquo;une partie fixe et d&rsquo;une partie variable calcul\u00e9e sur la base d&rsquo;un pourcentage du chiffre d&rsquo;affaires. Pendant la p\u00e9riode de formation, son employeur ne lui a vers\u00e9 que lemontant fixe de [&hellip;]\" \/>\n<meta property=\"og:url\" content=\"https:\/\/www.gereso.com\/actualites\/2007\/06\/01\/formation-professionnelle-le-salaire-fixe-et-variable-doit-etre-maintenu\/\" \/>\n<meta property=\"og:site_name\" content=\"Le Blog GERESO\" \/>\n<meta property=\"article:published_time\" content=\"2007-05-31T22:00:00+00:00\" \/>\n<meta name=\"author\" content=\"\u00c9quipe GERESO\" \/>\n<meta name=\"twitter:card\" content=\"summary_large_image\" \/>\n<script type=\"application\/ld+json\" class=\"yoast-schema-graph\">{\"@context\":\"https:\/\/schema.org\",\"@graph\":[{\"@type\":\"WebPage\",\"@id\":\"https:\/\/www.gereso.com\/actualites\/2007\/06\/01\/formation-professionnelle-le-salaire-fixe-et-variable-doit-etre-maintenu\/\",\"url\":\"https:\/\/www.gereso.com\/actualites\/2007\/06\/01\/formation-professionnelle-le-salaire-fixe-et-variable-doit-etre-maintenu\/\",\"name\":\"Formation professionnelle : le salaire fixe et variable doit \u00eatre maintenu - Le Blog GERESO\",\"isPartOf\":{\"@id\":\"https:\/\/www.gereso.com\/actualites\/#website\"},\"datePublished\":\"2007-05-31T22:00:00+00:00\",\"dateModified\":\"2007-05-31T22:00:00+00:00\",\"author\":{\"@id\":\"https:\/\/www.gereso.com\/actualites\/#\/schema\/person\/197d8aef40cb4ae3f6a0aa9e1d3df2a6\"},\"breadcrumb\":{\"@id\":\"https:\/\/www.gereso.com\/actualites\/2007\/06\/01\/formation-professionnelle-le-salaire-fixe-et-variable-doit-etre-maintenu\/#breadcrumb\"},\"inLanguage\":\"fr-FR\",\"potentialAction\":[{\"@type\":\"ReadAction\",\"target\":[\"https:\/\/www.gereso.com\/actualites\/2007\/06\/01\/formation-professionnelle-le-salaire-fixe-et-variable-doit-etre-maintenu\/\"]}]},{\"@type\":\"BreadcrumbList\",\"@id\":\"https:\/\/www.gereso.com\/actualites\/2007\/06\/01\/formation-professionnelle-le-salaire-fixe-et-variable-doit-etre-maintenu\/#breadcrumb\",\"itemListElement\":[{\"@type\":\"ListItem\",\"position\":1,\"name\":\"Home\",\"item\":\"https:\/\/www.gereso.com\/actualites\/\"},{\"@type\":\"ListItem\",\"position\":2,\"name\":\"Formation professionnelle : le salaire fixe et variable doit \u00eatre maintenu\"}]},{\"@type\":\"WebSite\",\"@id\":\"https:\/\/www.gereso.com\/actualites\/#website\",\"url\":\"https:\/\/www.gereso.com\/actualites\/\",\"name\":\"Le Blog GERESO\",\"description\":\"Toute l&#039;actu RH, Finance, Fonction Publique, Management...\",\"potentialAction\":[{\"@type\":\"SearchAction\",\"target\":{\"@type\":\"EntryPoint\",\"urlTemplate\":\"https:\/\/www.gereso.com\/actualites\/?s={search_term_string}\"},\"query-input\":{\"@type\":\"PropertyValueSpecification\",\"valueRequired\":true,\"valueName\":\"search_term_string\"}}],\"inLanguage\":\"fr-FR\"},{\"@type\":\"Person\",\"@id\":\"https:\/\/www.gereso.com\/actualites\/#\/schema\/person\/197d8aef40cb4ae3f6a0aa9e1d3df2a6\",\"name\":\"\u00c9quipe GERESO\",\"image\":{\"@type\":\"ImageObject\",\"inLanguage\":\"fr-FR\",\"@id\":\"https:\/\/www.gereso.com\/actualites\/#\/schema\/person\/image\/\",\"url\":\"https:\/\/www.gereso.com\/actualites\/wp-content\/uploads\/2013\/12\/avatar-gereso-1.png\",\"contentUrl\":\"https:\/\/www.gereso.com\/actualites\/wp-content\/uploads\/2013\/12\/avatar-gereso-1.png\",\"caption\":\"\u00c9quipe GERESO\"},\"url\":\"https:\/\/www.gereso.com\/actualites\/author\/gereso\/\"}]}<\/script>\n<!-- \/ Yoast SEO plugin. -->","yoast_head_json":{"title":"Formation professionnelle : le salaire fixe et variable doit \u00eatre maintenu - Le Blog GERESO","robots":{"index":"index","follow":"follow","max-snippet":"max-snippet:-1","max-image-preview":"max-image-preview:large","max-video-preview":"max-video-preview:-1"},"canonical":"https:\/\/www.gereso.com\/actualites\/2007\/06\/01\/formation-professionnelle-le-salaire-fixe-et-variable-doit-etre-maintenu\/","og_locale":"fr_FR","og_type":"article","og_title":"Formation professionnelle : le salaire fixe et variable doit \u00eatre maintenu - Le Blog GERESO","og_description":"L&rsquo;histoire Une salari\u00e9e a suivi une formation professionnelle pendant son temps de travail. Son contrat de travail pr\u00e9voyait une r\u00e9mun\u00e9ration compos\u00e9e, \u00e0 la fois, d&rsquo;une partie fixe et d&rsquo;une partie variable calcul\u00e9e sur la base d&rsquo;un pourcentage du chiffre d&rsquo;affaires. Pendant la p\u00e9riode de formation, son employeur ne lui a vers\u00e9 que lemontant fixe de [&hellip;]","og_url":"https:\/\/www.gereso.com\/actualites\/2007\/06\/01\/formation-professionnelle-le-salaire-fixe-et-variable-doit-etre-maintenu\/","og_site_name":"Le Blog GERESO","article_published_time":"2007-05-31T22:00:00+00:00","author":"\u00c9quipe GERESO","twitter_card":"summary_large_image","schema":{"@context":"https:\/\/schema.org","@graph":[{"@type":"WebPage","@id":"https:\/\/www.gereso.com\/actualites\/2007\/06\/01\/formation-professionnelle-le-salaire-fixe-et-variable-doit-etre-maintenu\/","url":"https:\/\/www.gereso.com\/actualites\/2007\/06\/01\/formation-professionnelle-le-salaire-fixe-et-variable-doit-etre-maintenu\/","name":"Formation professionnelle : le salaire fixe et variable doit \u00eatre maintenu - Le Blog GERESO","isPartOf":{"@id":"https:\/\/www.gereso.com\/actualites\/#website"},"datePublished":"2007-05-31T22:00:00+00:00","dateModified":"2007-05-31T22:00:00+00:00","author":{"@id":"https:\/\/www.gereso.com\/actualites\/#\/schema\/person\/197d8aef40cb4ae3f6a0aa9e1d3df2a6"},"breadcrumb":{"@id":"https:\/\/www.gereso.com\/actualites\/2007\/06\/01\/formation-professionnelle-le-salaire-fixe-et-variable-doit-etre-maintenu\/#breadcrumb"},"inLanguage":"fr-FR","potentialAction":[{"@type":"ReadAction","target":["https:\/\/www.gereso.com\/actualites\/2007\/06\/01\/formation-professionnelle-le-salaire-fixe-et-variable-doit-etre-maintenu\/"]}]},{"@type":"BreadcrumbList","@id":"https:\/\/www.gereso.com\/actualites\/2007\/06\/01\/formation-professionnelle-le-salaire-fixe-et-variable-doit-etre-maintenu\/#breadcrumb","itemListElement":[{"@type":"ListItem","position":1,"name":"Home","item":"https:\/\/www.gereso.com\/actualites\/"},{"@type":"ListItem","position":2,"name":"Formation professionnelle : le salaire fixe et variable doit \u00eatre maintenu"}]},{"@type":"WebSite","@id":"https:\/\/www.gereso.com\/actualites\/#website","url":"https:\/\/www.gereso.com\/actualites\/","name":"Le Blog GERESO","description":"Toute l&#039;actu RH, Finance, Fonction Publique, Management...","potentialAction":[{"@type":"SearchAction","target":{"@type":"EntryPoint","urlTemplate":"https:\/\/www.gereso.com\/actualites\/?s={search_term_string}"},"query-input":{"@type":"PropertyValueSpecification","valueRequired":true,"valueName":"search_term_string"}}],"inLanguage":"fr-FR"},{"@type":"Person","@id":"https:\/\/www.gereso.com\/actualites\/#\/schema\/person\/197d8aef40cb4ae3f6a0aa9e1d3df2a6","name":"\u00c9quipe GERESO","image":{"@type":"ImageObject","inLanguage":"fr-FR","@id":"https:\/\/www.gereso.com\/actualites\/#\/schema\/person\/image\/","url":"https:\/\/www.gereso.com\/actualites\/wp-content\/uploads\/2013\/12\/avatar-gereso-1.png","contentUrl":"https:\/\/www.gereso.com\/actualites\/wp-content\/uploads\/2013\/12\/avatar-gereso-1.png","caption":"\u00c9quipe GERESO"},"url":"https:\/\/www.gereso.com\/actualites\/author\/gereso\/"}]}},"_links":{"self":[{"href":"https:\/\/www.gereso.com\/actualites\/wp-json\/wp\/v2\/posts\/1904","targetHints":{"allow":["GET"]}}],"collection":[{"href":"https:\/\/www.gereso.com\/actualites\/wp-json\/wp\/v2\/posts"}],"about":[{"href":"https:\/\/www.gereso.com\/actualites\/wp-json\/wp\/v2\/types\/post"}],"author":[{"embeddable":true,"href":"https:\/\/www.gereso.com\/actualites\/wp-json\/wp\/v2\/users\/32"}],"replies":[{"embeddable":true,"href":"https:\/\/www.gereso.com\/actualites\/wp-json\/wp\/v2\/comments?post=1904"}],"version-history":[{"count":0,"href":"https:\/\/www.gereso.com\/actualites\/wp-json\/wp\/v2\/posts\/1904\/revisions"}],"wp:attachment":[{"href":"https:\/\/www.gereso.com\/actualites\/wp-json\/wp\/v2\/media?parent=1904"}],"wp:term":[{"taxonomy":"category","embeddable":true,"href":"https:\/\/www.gereso.com\/actualites\/wp-json\/wp\/v2\/categories?post=1904"},{"taxonomy":"post_tag","embeddable":true,"href":"https:\/\/www.gereso.com\/actualites\/wp-json\/wp\/v2\/tags?post=1904"}],"curies":[{"name":"wp","href":"https:\/\/api.w.org\/{rel}","templated":true}]}}