{"id":1914,"date":"2007-04-01T00:00:00","date_gmt":"2007-03-31T22:00:00","guid":{"rendered":"https:\/\/www.gereso.com\/actualites\/2007\/04\/la-gestion-previsionnelle-des-emplois-et-des-competences-realisme-previsionnel-ou-utopie-anticipee\/"},"modified":"2007-04-01T00:00:00","modified_gmt":"2007-03-31T22:00:00","slug":"la-gestion-previsionnelle-des-emplois-et-des-competences-realisme-previsionnel-ou-utopie-anticipee","status":"publish","type":"post","link":"https:\/\/www.gereso.com\/actualites\/2007\/04\/01\/la-gestion-previsionnelle-des-emplois-et-des-competences-realisme-previsionnel-ou-utopie-anticipee\/","title":{"rendered":"La Gestion Pr\u00e9visionnelle des Emplois et des Comp\u00e9tences : r\u00e9alisme pr\u00e9visionnel ou utopie anticip\u00e9e&nbsp;?"},"content":{"rendered":"<h3>Les groupements d&#8217;employeurs et des Syndicats professionnels<\/h3>\n<p>Ils agissent, afin que\u00a0des entreprises volontaires\u00a0:<\/p>\n<li> &#8211;\u00a0 <b>Analysent les pratiques actuelles<\/b> de GRH,<\/li>\n<li> &#8211;\u00a0 Prennent conscience des <b>enjeux<\/b>,<\/li>\n<li> &#8211;\u00a0 <b>Echangent<\/b> entre elles,<\/li>\n<li> &#8211;\u00a0 Proposent <b>des outils<\/b> et une <b>m\u00e9thodologie<\/b>.<\/li>\n<p>L&rsquo;op\u00e9ration engag\u00e9e et novatrice en GPEC\u00a0men\u00e9e tout r\u00e9cemment par leSyndicat Interprofessionnel d&rsquo;Ille et Vilaine \u00ab\u00a0L&rsquo;Union des Entreprises 35\u00a0\u00bb a permis <b>une vraie concertation,<\/b> une <b>aide \u00e0 l&rsquo;\u00e9laboration d&rsquo;un plan d&rsquo;actions sp\u00e9cifique \u00e0 chaque entreprise<\/b>, en mettant en oeuvre les \u00e9tapes ci-dessus.\u00a0 <\/p>\n<p>Avec cette op\u00e9ration financ\u00e9e par la DDTEFP d&rsquo;Ile et Vilaine et leFonds Social Europ\u00e9en,\u00a0c&rsquo;est toute une r\u00e9gion qui se mobilise.<\/p>\n<h3>Les accords de branches et d&rsquo;entreprises<\/h3>\n<p><b>Les accords de GPEC ont tripl\u00e9s en 2006<\/b>,par rapport \u00e0 2005, selon les rapports de l&rsquo;ANACT. Les effetsfacilitateurs de la l\u00e9gislation en la mati\u00e8re commencent \u00e0 porter leursfruits.<\/p>\n<h3>Les gestionnaires des Ressources Humaines, les Repr\u00e9sentants des salari\u00e9s, les Dirigeants de PME<b>\u00a0<\/b><\/h3>\n<p>\u00a0<\/p>\n<p>Ils sont de plus en plus nombreux \u00e0<b> se former aux enjeux et m\u00e9thodes des diff\u00e9rentes approches possibles<\/b>.<\/p>\n<p>Les principales raisons sont les suivantes\u00a0:<\/p>\n<li><b>Besoin de professionnalisation et de structuration<\/b> RH,<\/li>\n<li> <b>Regard ext\u00e9rieur et distanciation<\/b>,<\/li>\n<li> <b>Recherche de r\u00e9seau de proximit\u00e9 <\/b>et d&rsquo;\u00e9changes,<\/li>\n<li> <b>S&rsquo;adapter aux exigences du march\u00e9 et \u00e0 la responsabilit\u00e9 sociale<\/b> qui est la leur?<\/li>\n<h3>Les pratiques qui sortent du sch\u00e9ma \u00ab\u00a0usine \u00e0 gaz\u00a0\u00bb<br \/><\/h3>\n<p>Ces pratiques, trop souvent \u00e9labor\u00e9es dans les ann\u00e9es 80\/90, avaient pour objectif prioritaire <b>de r\u00e9pondre aux restructurations massives.<\/b><span style=\"font-weight: bold;\"><br \/><\/span><\/p>\n<p><span style=\"font-weight: bold;\">\u00a0<\/span>Ce que constatent les experts\u00a0:<\/p>\n<li>L&rsquo;\u00e8re de la <b>seule r\u00e9activit\u00e9 \u00e9conomique ne semble plus suffisante<\/b>, et comporte des risques.<\/li>\n<li> Une <b>anticipation plus pragmatique<\/b> o\u00f9 l&rsquo;\u00e9tat des lieux, l&rsquo;observation, l&rsquo;exp\u00e9rimentation, semblent prendre le dessus.<\/li>\n<li> La <b>recherche d&rsquo;une r\u00e9elle efficacit\u00e9 et p\u00e9rennisation toute en souplesse<\/b>, au service de tous les acteurs \u00e9conomiques et sociaux de l&rsquo;entreprise, se dessine.<\/li>\n<h3>Les r\u00e9sultats qui d\u00e9montrent de plus en plus la r\u00e9ussite des actions en GPEC, sur les plans\u00a0:<\/h3>\n<h4>Adaptation au march\u00e9<\/h4>\n<p>\u00a0Par une meilleure connaissance des pratiques du secteur\u00a0\u00a0 d&rsquo;activit\u00e9,dans les domaines technologiques, \u00e9conomiques et sociaux.<\/p>\n<h4>Recrutement<br \/><\/h4>\n<p> Mieux\u00a0<b>d\u00e9finir ses besoins \u00e0 partir de l&rsquo;analyse de l&rsquo;existant et des perspectives d&rsquo;\u00e9volution<\/b> \u00e0 court, moyen et plus long terme.<\/p>\n<p>Pr\u00e9parer une <b>int\u00e9gration r\u00e9ussie des collaborateurs<\/b> pour une adaptation, une efficacit\u00e9 et une mobilisation dans des d\u00e9lais obligatoirement de plus en plus courts.<\/p>\n<h4>Formation<br \/><\/h4>\n<p>Orient\u00e9e adaptation, \u00e9volution et\u00a0 <b>d\u00e9veloppement des comp\u00e9tences \u00ab\u00a0instrumentales\u00a0\u00bb <\/b>(savoir, savoir-faire, savoir-\u00eatre?) et <b>sociales<\/b> (savoir-vivre, \u00e9thique, d\u00e9ontologie, implication, reconnaissance?).<\/p>\n<h4>Appr\u00e9ciation des pertormances <br \/><\/h4>\n<p>Visant \u00e0 obtenir <b>non pas une course effr\u00e9n\u00e9e aux r\u00e9sultats \u00e0 tout prix<\/b>, mais <b>l&rsquo;\u00e9quilibre ambitieux et r\u00e9aliste entre exigence \u00e9conomique et r\u00e9alisation de soi,<\/b> seul garant d&rsquo;une efficacit\u00e9 vraie, pleinement assum\u00e9e et g\u00e9r\u00e9e de part et d&rsquo;autre.<\/p>\n<h4><b style=\"font-weight: bold;\">Mobilit\u00e9s<\/b><span style=\"font-weight: bold;\">\u00a0<\/span><br \/><\/h4>\n<p>Professionnalis\u00e9es, sur les plans <b>fonctionnel<\/b> (changer de m\u00e9tier), <b>hi\u00e9rarchique <\/b>(\u00e9voluer vers les sommets), <b>g\u00e9ographique<\/b> (bouger en Europe, voire \u00e0 l&rsquo;international, oser changer d&rsquo;entreprise), &#8230;<\/p>\n<p>La GPEC, aujourd&rsquo;hui c&rsquo;est tout cela, sans drame, sans \u00ab\u00a0le tout \u00e0 lafois\u00a0\u00bb, c&rsquo;est avant tout une prise de conscience et une volont\u00e9 ded\u00e9veloppement pragmatique et r\u00e9aliste.<\/p>\n<h4>Conclusion<\/h4>\n<p><b>L&rsquo;engagement des dirigeants<\/b>, la <b>participation active des repr\u00e9sentants des salari\u00e9s<\/b>, l<b>?implication de la hi\u00e9rarchie et des collaborateurs dans une relation gagnant \/ gagnant,<\/b> le <b>respect des valeurs de l&rsquo;entreprise<\/b>, le <b>pragmatisme<\/b>, ont d\u00e9montr\u00e9 l&rsquo;efficacit\u00e9 d&rsquo;une telle d\u00e9marche et sa r\u00e9ussite.<\/p>\n<p>D\u00e9j\u00e0, de nombreuses soci\u00e9t\u00e9s priv\u00e9es ou structures publiques sont dansla course pour que la gestion de leur entreprise et des hommes qui lacomposent soit <b>pr\u00e9visionnelle,<\/b> pour <b>p\u00e9renniser leur d\u00e9veloppement \u00e9conomique et social.<\/b><\/p>\n<p>Auteur : Yvelise Hebbert&nbsp;? Consultante partenaire GERESO&nbsp;? Avril 2007<\/p>\n","protected":false},"excerpt":{"rendered":"<p>Les groupements d&#8217;employeurs et des Syndicats professionnels Ils agissent, afin que\u00a0des entreprises volontaires\u00a0: &#8211;\u00a0 Analysent les pratiques actuelles de GRH, &#8211;\u00a0 Prennent conscience des enjeux, &#8211;\u00a0 Echangent entre elles, &#8211;\u00a0 Proposent des outils et une m\u00e9thodologie. L&rsquo;op\u00e9ration engag\u00e9e et novatrice en GPEC\u00a0men\u00e9e tout r\u00e9cemment par leSyndicat Interprofessionnel d&rsquo;Ille et Vilaine \u00ab\u00a0L&rsquo;Union des Entreprises 35\u00a0\u00bb a [&hellip;]<\/p>\n","protected":false},"author":32,"featured_media":0,"comment_status":"open","ping_status":"open","sticky":false,"template":"","format":"standard","meta":{"_acf_changed":false,"_mi_skip_tracking":false,"footnotes":""},"categories":[6],"tags":[],"class_list":["post-1914","post","type-post","status-publish","format-standard","hentry","category-fonction-publique"],"acf":[],"yoast_head":"<!-- This site is optimized with the Yoast SEO plugin v23.4 - https:\/\/yoast.com\/wordpress\/plugins\/seo\/ -->\n<title>La Gestion Pr\u00e9visionnelle des Emplois et des Comp\u00e9tences : r\u00e9alisme pr\u00e9visionnel ou utopie anticip\u00e9e&nbsp;? - Le Blog GERESO<\/title>\n<meta name=\"robots\" content=\"index, follow, max-snippet:-1, max-image-preview:large, max-video-preview:-1\" \/>\n<link rel=\"canonical\" href=\"https:\/\/www.gereso.com\/actualites\/2007\/04\/01\/la-gestion-previsionnelle-des-emplois-et-des-competences-realisme-previsionnel-ou-utopie-anticipee\/\" \/>\n<meta property=\"og:locale\" content=\"fr_FR\" \/>\n<meta property=\"og:type\" content=\"article\" \/>\n<meta property=\"og:title\" content=\"La Gestion Pr\u00e9visionnelle des Emplois et des Comp\u00e9tences : r\u00e9alisme pr\u00e9visionnel ou utopie anticip\u00e9e&nbsp;? - Le Blog GERESO\" \/>\n<meta property=\"og:description\" content=\"Les groupements d&#8217;employeurs et des Syndicats professionnels Ils agissent, afin que\u00a0des entreprises volontaires\u00a0: &#8211;\u00a0 Analysent les pratiques actuelles de GRH, &#8211;\u00a0 Prennent conscience des enjeux, &#8211;\u00a0 Echangent entre elles, &#8211;\u00a0 Proposent des outils et une m\u00e9thodologie. L&rsquo;op\u00e9ration engag\u00e9e et novatrice en GPEC\u00a0men\u00e9e tout r\u00e9cemment par leSyndicat Interprofessionnel d&rsquo;Ille et Vilaine \u00ab\u00a0L&rsquo;Union des Entreprises 35\u00a0\u00bb a [&hellip;]\" \/>\n<meta property=\"og:url\" content=\"https:\/\/www.gereso.com\/actualites\/2007\/04\/01\/la-gestion-previsionnelle-des-emplois-et-des-competences-realisme-previsionnel-ou-utopie-anticipee\/\" \/>\n<meta property=\"og:site_name\" content=\"Le Blog GERESO\" \/>\n<meta property=\"article:published_time\" content=\"2007-03-31T22:00:00+00:00\" \/>\n<meta name=\"author\" content=\"\u00c9quipe GERESO\" \/>\n<meta name=\"twitter:card\" content=\"summary_large_image\" \/>\n<script type=\"application\/ld+json\" class=\"yoast-schema-graph\">{\"@context\":\"https:\/\/schema.org\",\"@graph\":[{\"@type\":\"WebPage\",\"@id\":\"https:\/\/www.gereso.com\/actualites\/2007\/04\/01\/la-gestion-previsionnelle-des-emplois-et-des-competences-realisme-previsionnel-ou-utopie-anticipee\/\",\"url\":\"https:\/\/www.gereso.com\/actualites\/2007\/04\/01\/la-gestion-previsionnelle-des-emplois-et-des-competences-realisme-previsionnel-ou-utopie-anticipee\/\",\"name\":\"La Gestion Pr\u00e9visionnelle des Emplois et des Comp\u00e9tences : r\u00e9alisme pr\u00e9visionnel ou utopie anticip\u00e9e&nbsp;? - Le Blog GERESO\",\"isPartOf\":{\"@id\":\"https:\/\/www.gereso.com\/actualites\/#website\"},\"datePublished\":\"2007-03-31T22:00:00+00:00\",\"dateModified\":\"2007-03-31T22:00:00+00:00\",\"author\":{\"@id\":\"https:\/\/www.gereso.com\/actualites\/#\/schema\/person\/197d8aef40cb4ae3f6a0aa9e1d3df2a6\"},\"breadcrumb\":{\"@id\":\"https:\/\/www.gereso.com\/actualites\/2007\/04\/01\/la-gestion-previsionnelle-des-emplois-et-des-competences-realisme-previsionnel-ou-utopie-anticipee\/#breadcrumb\"},\"inLanguage\":\"fr-FR\",\"potentialAction\":[{\"@type\":\"ReadAction\",\"target\":[\"https:\/\/www.gereso.com\/actualites\/2007\/04\/01\/la-gestion-previsionnelle-des-emplois-et-des-competences-realisme-previsionnel-ou-utopie-anticipee\/\"]}]},{\"@type\":\"BreadcrumbList\",\"@id\":\"https:\/\/www.gereso.com\/actualites\/2007\/04\/01\/la-gestion-previsionnelle-des-emplois-et-des-competences-realisme-previsionnel-ou-utopie-anticipee\/#breadcrumb\",\"itemListElement\":[{\"@type\":\"ListItem\",\"position\":1,\"name\":\"Home\",\"item\":\"https:\/\/www.gereso.com\/actualites\/\"},{\"@type\":\"ListItem\",\"position\":2,\"name\":\"La Gestion Pr\u00e9visionnelle des Emplois et des Comp\u00e9tences : r\u00e9alisme pr\u00e9visionnel ou utopie anticip\u00e9e&nbsp;?\"}]},{\"@type\":\"WebSite\",\"@id\":\"https:\/\/www.gereso.com\/actualites\/#website\",\"url\":\"https:\/\/www.gereso.com\/actualites\/\",\"name\":\"Le Blog GERESO\",\"description\":\"Toute l&#039;actu RH, Finance, Fonction Publique, Management...\",\"potentialAction\":[{\"@type\":\"SearchAction\",\"target\":{\"@type\":\"EntryPoint\",\"urlTemplate\":\"https:\/\/www.gereso.com\/actualites\/?s={search_term_string}\"},\"query-input\":{\"@type\":\"PropertyValueSpecification\",\"valueRequired\":true,\"valueName\":\"search_term_string\"}}],\"inLanguage\":\"fr-FR\"},{\"@type\":\"Person\",\"@id\":\"https:\/\/www.gereso.com\/actualites\/#\/schema\/person\/197d8aef40cb4ae3f6a0aa9e1d3df2a6\",\"name\":\"\u00c9quipe GERESO\",\"image\":{\"@type\":\"ImageObject\",\"inLanguage\":\"fr-FR\",\"@id\":\"https:\/\/www.gereso.com\/actualites\/#\/schema\/person\/image\/\",\"url\":\"https:\/\/www.gereso.com\/actualites\/wp-content\/uploads\/2013\/12\/avatar-gereso-1.png\",\"contentUrl\":\"https:\/\/www.gereso.com\/actualites\/wp-content\/uploads\/2013\/12\/avatar-gereso-1.png\",\"caption\":\"\u00c9quipe GERESO\"},\"url\":\"https:\/\/www.gereso.com\/actualites\/author\/gereso\/\"}]}<\/script>\n<!-- \/ Yoast SEO plugin. -->","yoast_head_json":{"title":"La Gestion Pr\u00e9visionnelle des Emplois et des Comp\u00e9tences : r\u00e9alisme pr\u00e9visionnel ou utopie anticip\u00e9e&nbsp;? - Le Blog GERESO","robots":{"index":"index","follow":"follow","max-snippet":"max-snippet:-1","max-image-preview":"max-image-preview:large","max-video-preview":"max-video-preview:-1"},"canonical":"https:\/\/www.gereso.com\/actualites\/2007\/04\/01\/la-gestion-previsionnelle-des-emplois-et-des-competences-realisme-previsionnel-ou-utopie-anticipee\/","og_locale":"fr_FR","og_type":"article","og_title":"La Gestion Pr\u00e9visionnelle des Emplois et des Comp\u00e9tences : r\u00e9alisme pr\u00e9visionnel ou utopie anticip\u00e9e&nbsp;? - Le Blog GERESO","og_description":"Les groupements d&#8217;employeurs et des Syndicats professionnels Ils agissent, afin que\u00a0des entreprises volontaires\u00a0: &#8211;\u00a0 Analysent les pratiques actuelles de GRH, &#8211;\u00a0 Prennent conscience des enjeux, &#8211;\u00a0 Echangent entre elles, &#8211;\u00a0 Proposent des outils et une m\u00e9thodologie. L&rsquo;op\u00e9ration engag\u00e9e et novatrice en GPEC\u00a0men\u00e9e tout r\u00e9cemment par leSyndicat Interprofessionnel d&rsquo;Ille et Vilaine \u00ab\u00a0L&rsquo;Union des Entreprises 35\u00a0\u00bb a [&hellip;]","og_url":"https:\/\/www.gereso.com\/actualites\/2007\/04\/01\/la-gestion-previsionnelle-des-emplois-et-des-competences-realisme-previsionnel-ou-utopie-anticipee\/","og_site_name":"Le Blog GERESO","article_published_time":"2007-03-31T22:00:00+00:00","author":"\u00c9quipe GERESO","twitter_card":"summary_large_image","schema":{"@context":"https:\/\/schema.org","@graph":[{"@type":"WebPage","@id":"https:\/\/www.gereso.com\/actualites\/2007\/04\/01\/la-gestion-previsionnelle-des-emplois-et-des-competences-realisme-previsionnel-ou-utopie-anticipee\/","url":"https:\/\/www.gereso.com\/actualites\/2007\/04\/01\/la-gestion-previsionnelle-des-emplois-et-des-competences-realisme-previsionnel-ou-utopie-anticipee\/","name":"La Gestion Pr\u00e9visionnelle des Emplois et des Comp\u00e9tences : r\u00e9alisme pr\u00e9visionnel ou utopie anticip\u00e9e&nbsp;? - Le Blog GERESO","isPartOf":{"@id":"https:\/\/www.gereso.com\/actualites\/#website"},"datePublished":"2007-03-31T22:00:00+00:00","dateModified":"2007-03-31T22:00:00+00:00","author":{"@id":"https:\/\/www.gereso.com\/actualites\/#\/schema\/person\/197d8aef40cb4ae3f6a0aa9e1d3df2a6"},"breadcrumb":{"@id":"https:\/\/www.gereso.com\/actualites\/2007\/04\/01\/la-gestion-previsionnelle-des-emplois-et-des-competences-realisme-previsionnel-ou-utopie-anticipee\/#breadcrumb"},"inLanguage":"fr-FR","potentialAction":[{"@type":"ReadAction","target":["https:\/\/www.gereso.com\/actualites\/2007\/04\/01\/la-gestion-previsionnelle-des-emplois-et-des-competences-realisme-previsionnel-ou-utopie-anticipee\/"]}]},{"@type":"BreadcrumbList","@id":"https:\/\/www.gereso.com\/actualites\/2007\/04\/01\/la-gestion-previsionnelle-des-emplois-et-des-competences-realisme-previsionnel-ou-utopie-anticipee\/#breadcrumb","itemListElement":[{"@type":"ListItem","position":1,"name":"Home","item":"https:\/\/www.gereso.com\/actualites\/"},{"@type":"ListItem","position":2,"name":"La Gestion Pr\u00e9visionnelle des Emplois et des Comp\u00e9tences : r\u00e9alisme pr\u00e9visionnel ou utopie anticip\u00e9e&nbsp;?"}]},{"@type":"WebSite","@id":"https:\/\/www.gereso.com\/actualites\/#website","url":"https:\/\/www.gereso.com\/actualites\/","name":"Le Blog GERESO","description":"Toute l&#039;actu RH, Finance, Fonction Publique, Management...","potentialAction":[{"@type":"SearchAction","target":{"@type":"EntryPoint","urlTemplate":"https:\/\/www.gereso.com\/actualites\/?s={search_term_string}"},"query-input":{"@type":"PropertyValueSpecification","valueRequired":true,"valueName":"search_term_string"}}],"inLanguage":"fr-FR"},{"@type":"Person","@id":"https:\/\/www.gereso.com\/actualites\/#\/schema\/person\/197d8aef40cb4ae3f6a0aa9e1d3df2a6","name":"\u00c9quipe GERESO","image":{"@type":"ImageObject","inLanguage":"fr-FR","@id":"https:\/\/www.gereso.com\/actualites\/#\/schema\/person\/image\/","url":"https:\/\/www.gereso.com\/actualites\/wp-content\/uploads\/2013\/12\/avatar-gereso-1.png","contentUrl":"https:\/\/www.gereso.com\/actualites\/wp-content\/uploads\/2013\/12\/avatar-gereso-1.png","caption":"\u00c9quipe GERESO"},"url":"https:\/\/www.gereso.com\/actualites\/author\/gereso\/"}]}},"_links":{"self":[{"href":"https:\/\/www.gereso.com\/actualites\/wp-json\/wp\/v2\/posts\/1914","targetHints":{"allow":["GET"]}}],"collection":[{"href":"https:\/\/www.gereso.com\/actualites\/wp-json\/wp\/v2\/posts"}],"about":[{"href":"https:\/\/www.gereso.com\/actualites\/wp-json\/wp\/v2\/types\/post"}],"author":[{"embeddable":true,"href":"https:\/\/www.gereso.com\/actualites\/wp-json\/wp\/v2\/users\/32"}],"replies":[{"embeddable":true,"href":"https:\/\/www.gereso.com\/actualites\/wp-json\/wp\/v2\/comments?post=1914"}],"version-history":[{"count":0,"href":"https:\/\/www.gereso.com\/actualites\/wp-json\/wp\/v2\/posts\/1914\/revisions"}],"wp:attachment":[{"href":"https:\/\/www.gereso.com\/actualites\/wp-json\/wp\/v2\/media?parent=1914"}],"wp:term":[{"taxonomy":"category","embeddable":true,"href":"https:\/\/www.gereso.com\/actualites\/wp-json\/wp\/v2\/categories?post=1914"},{"taxonomy":"post_tag","embeddable":true,"href":"https:\/\/www.gereso.com\/actualites\/wp-json\/wp\/v2\/tags?post=1914"}],"curies":[{"name":"wp","href":"https:\/\/api.w.org\/{rel}","templated":true}]}}