{"id":1921,"date":"2011-11-22T13:51:55","date_gmt":"2011-11-22T11:51:55","guid":{"rendered":"https:\/\/www.gereso.com\/actualites\/2011\/11\/pourquoi-je-vais-travailler-les-resultats-du-sondage-de-lanact\/"},"modified":"2011-11-22T13:51:55","modified_gmt":"2011-11-22T11:51:55","slug":"pourquoi-je-vais-travailler-les-resultats-du-sondage-de-lanact","status":"publish","type":"post","link":"https:\/\/www.gereso.com\/actualites\/2011\/11\/22\/pourquoi-je-vais-travailler-les-resultats-du-sondage-de-lanact\/","title":{"rendered":"&quot;Pourquoi je vais travailler &#8230;&quot; : les r\u00e9sultats du sondage de l&#039;ANACT"},"content":{"rendered":"<h3>3 principaux enseignements<\/h3>\n<p><strong>Premier enseignement<\/strong> de ce sondage\u00a0: quand on interroge les salari\u00e9s sur les crit\u00e8res les plus importants dans un emploi, ils citent -pour la premi\u00e8re fois depuis 2004- en premi\u00e8re position les conditions de travail (51%, stable) devant le niveau de r\u00e9mun\u00e9ration (50% -4 points\/2004). C&rsquo;est l&rsquo;int\u00e9r\u00eat pour le m\u00e9tier qui cro\u00eet de cinq points en deux ans, en particulier chez les CSP sup\u00e9rieures (56%) et les salari\u00e9s du secteur public (51%). La reconnaissance dans le travail (64% de satisfaits) et les possibilit\u00e9s d&rsquo;\u00e9volution professionnelle (59% de satisfaits) demeurent les aspects les moins satisfaisants pour les salari\u00e9s fran\u00e7ais.<\/p>\n<p><strong>Deuxi\u00e8me enseignement<\/strong>\u00a0: les salari\u00e9s fran\u00e7ais se d\u00e9clarent majoritairement tr\u00e8s impliqu\u00e9s dans leur travail (57%). Le secteur des services (61% tr\u00e8s impliqu\u00e9s) et les plus petites entreprises (66% dans les moins de 20 salari\u00e9s) semblent favoriser l&rsquo;implication. Pourtant, seuls 24% de salari\u00e9s ont chaque matin tr\u00e8s envie d&rsquo;aller travailler quand 60% ont seulement plut\u00f4t envie d&rsquo;y aller. En d\u00e9pit d&rsquo;une situation qu&rsquo;ils jugent eux-m\u00eames d\u00e9favoris\u00e9e, les salari\u00e9s en CDD se montrent plut\u00f4t plus motiv\u00e9s que les autres (36% ont chaque matin tr\u00e8s envie d&rsquo;aller travailler).<\/p>\n<p><strong>Troisi\u00e8me enseignement\u00a0<\/strong>: 76% des salari\u00e9s estiment que s&rsquo;ils devaient \u00eatre absents (hors vacances et RTT), ce seraient le plus probablement en raison de probl\u00e8mes de sant\u00e9. 55% \u00e9voquent des contraintes personnelles et notamment des difficult\u00e9s de garde d&rsquo;enfants ou de vie scolaire (30% et 35% pour les femmes). Les salari\u00e9s fran\u00e7ais ne sentent majoritairement pas indispensables\u00a0: lorsqu&rsquo;ils s&rsquo;absentent de leur travail, 58% se disent que les choses peuvent tr\u00e8s bien se faire sans eux, tandis que 27% se disent que c&rsquo;est g\u00eanant parce que leur pr\u00e9sence est indispensable (39% dans les entreprises de moins de 20). 24% des cadres pensent qu&rsquo;ils peuvent r\u00e9soudre \u00e0 distance les probl\u00e8mes qui se posent.<\/p>\n<p>Enfin, <strong>80% des salari\u00e9s<\/strong>font des suggestions d&rsquo;am\u00e9lioration de leurs conditions de travail et 64% estiment que leur avis est pris en compte (73% dans les entreprises de moins de 20). Les cadres se sentent davantage \u00e9cout\u00e9s que les ouvriers (68% contre 60%). Concernant leurs conditions de travail, les salari\u00e9s n&rsquo;\u00e9prouvent dans leur grande majorit\u00e9 pas le sentiment d&rsquo;\u00eatre victimes d&rsquo;un traitement d\u00e9favorable ou discriminatoire, mais c&rsquo;est avec le contrat de travail que l&rsquo;on mesure la plus forte proportion de salari\u00e9s s&rsquo;estimant d\u00e9favoris\u00e9s (18% des salari\u00e9s\u00a0; 33% des 18-24 ans\u00a0; 52% en CDD\u00a0; 59% int\u00e9rimaire). 18% des femmes ont le sentiment d&rsquo;\u00eatre discrimin\u00e9 en raison de leur sexe.<\/p>\n<p>&gt; Consulter les r\u00e9sultats du sondage sur le site de l&rsquo;ANACT<\/p>\n<p>Source : Sondage exclusif ANACT-La Tribune-France-Info, r\u00e9alis\u00e9 par le CSA aupr\u00e8s d&rsquo;un \u00e9chantillon de 953 salari\u00e9s constitu\u00e9 d&rsquo;apr\u00e8s la m\u00e9thode des quotas, r\u00e9alis\u00e9 par t\u00e9l\u00e9phone et issu de deux \u00e9chantillons, 1002 personnes \u00e2g\u00e9es de + de 18 ans interrog\u00e9es les 23 et 24 mars 2006, le second de 1004 personnes de 18 ans et + interrog\u00e9es le 2 avril 2006.<\/p>\n<h3>Sites utiles<\/h3>\n<p><strong>L&rsquo;Anact<\/strong><\/p>\n<p>L&rsquo;Agence Nationale pour l&rsquo;Am\u00e9lioration des Conditions de Travail dispose d&rsquo;un r\u00e9seau national destin\u00e9 \u00e0 aider les entreprises \u00e0 d\u00e9velopper des projets innovants pour am\u00e9liorer les conditions de travail\u00a0de leurs\u00a0salari\u00e9s.<\/p>\n<p><strong>La Fondation Europ\u00e9enne pour l&rsquo;Am\u00e9lioration des Conditions de Travail et de Vie<\/strong><\/p>\n<p>Cr\u00e9\u00e9e en 1975, cette Fondation m\u00e8ne des recherches sur les conditions de vie et de travail en Europe. Elle est \u00e0 l&rsquo;origine de l&rsquo;Observatoire europ\u00e9en des relations professionnelles<strong> (EIRO)<\/strong>, de\u00a0l&rsquo;Observatoire de la qualit\u00e9 de vie dans l&rsquo;UE, et m\u00e8ne des\u00a0<strong>enqu\u00eates sur les conditions de travail.<\/strong><\/p>\n<p><strong>Sant\u00e9 et S\u00e9curit\u00e9 au Travail<\/strong><\/p>\n<p>\u00a0Ce site du Minist\u00e8re de l&#8217;emploi, du travail et de la coh\u00e9sion sociale donne acc\u00e8s \u00e0 une foule de ressources sur les deux th\u00e9matiques : r\u00e9glementations, dossiers et infos pratiques&#8230;<\/p>\n","protected":false},"excerpt":{"rendered":"<p>3 principaux enseignements Premier enseignement de ce sondage\u00a0: quand on interroge les salari\u00e9s sur les crit\u00e8res les plus importants dans un emploi, ils citent -pour la premi\u00e8re fois depuis 2004- en premi\u00e8re position les conditions de travail (51%, stable) devant le niveau de r\u00e9mun\u00e9ration (50% -4 points\/2004). C&rsquo;est l&rsquo;int\u00e9r\u00eat pour le m\u00e9tier qui cro\u00eet de [&hellip;]<\/p>\n","protected":false},"author":32,"featured_media":0,"comment_status":"open","ping_status":"open","sticky":false,"template":"","format":"standard","meta":{"_acf_changed":false,"_mi_skip_tracking":false,"footnotes":""},"categories":[6],"tags":[],"class_list":["post-1921","post","type-post","status-publish","format-standard","hentry","category-fonction-publique"],"acf":[],"yoast_head":"<!-- This site is optimized with the Yoast SEO plugin v23.4 - https:\/\/yoast.com\/wordpress\/plugins\/seo\/ -->\n<title>&quot;Pourquoi je vais travailler ...&quot; : les r\u00e9sultats du sondage de l&#039;ANACT - Le Blog GERESO<\/title>\n<meta name=\"robots\" content=\"index, follow, max-snippet:-1, max-image-preview:large, max-video-preview:-1\" \/>\n<link rel=\"canonical\" href=\"https:\/\/www.gereso.com\/actualites\/2011\/11\/22\/pourquoi-je-vais-travailler-les-resultats-du-sondage-de-lanact\/\" \/>\n<meta property=\"og:locale\" content=\"fr_FR\" \/>\n<meta property=\"og:type\" content=\"article\" \/>\n<meta property=\"og:title\" content=\"&quot;Pourquoi je vais travailler ...&quot; : les r\u00e9sultats du sondage de l&#039;ANACT - Le Blog GERESO\" \/>\n<meta property=\"og:description\" content=\"3 principaux enseignements Premier enseignement de ce sondage\u00a0: quand on interroge les salari\u00e9s sur les crit\u00e8res les plus importants dans un emploi, ils citent -pour la premi\u00e8re fois depuis 2004- en premi\u00e8re position les conditions de travail (51%, stable) devant le niveau de r\u00e9mun\u00e9ration (50% -4 points\/2004). C&rsquo;est l&rsquo;int\u00e9r\u00eat pour le m\u00e9tier qui cro\u00eet de [&hellip;]\" \/>\n<meta property=\"og:url\" content=\"https:\/\/www.gereso.com\/actualites\/2011\/11\/22\/pourquoi-je-vais-travailler-les-resultats-du-sondage-de-lanact\/\" \/>\n<meta property=\"og:site_name\" content=\"Le Blog GERESO\" \/>\n<meta property=\"article:published_time\" content=\"2011-11-22T11:51:55+00:00\" \/>\n<meta name=\"author\" content=\"\u00c9quipe GERESO\" \/>\n<meta name=\"twitter:card\" content=\"summary_large_image\" \/>\n<script type=\"application\/ld+json\" class=\"yoast-schema-graph\">{\"@context\":\"https:\/\/schema.org\",\"@graph\":[{\"@type\":\"WebPage\",\"@id\":\"https:\/\/www.gereso.com\/actualites\/2011\/11\/22\/pourquoi-je-vais-travailler-les-resultats-du-sondage-de-lanact\/\",\"url\":\"https:\/\/www.gereso.com\/actualites\/2011\/11\/22\/pourquoi-je-vais-travailler-les-resultats-du-sondage-de-lanact\/\",\"name\":\"&quot;Pourquoi je vais travailler ...&quot; : les r\u00e9sultats du sondage de l&#039;ANACT - Le Blog GERESO\",\"isPartOf\":{\"@id\":\"https:\/\/www.gereso.com\/actualites\/#website\"},\"datePublished\":\"2011-11-22T11:51:55+00:00\",\"dateModified\":\"2011-11-22T11:51:55+00:00\",\"author\":{\"@id\":\"https:\/\/www.gereso.com\/actualites\/#\/schema\/person\/197d8aef40cb4ae3f6a0aa9e1d3df2a6\"},\"breadcrumb\":{\"@id\":\"https:\/\/www.gereso.com\/actualites\/2011\/11\/22\/pourquoi-je-vais-travailler-les-resultats-du-sondage-de-lanact\/#breadcrumb\"},\"inLanguage\":\"fr-FR\",\"potentialAction\":[{\"@type\":\"ReadAction\",\"target\":[\"https:\/\/www.gereso.com\/actualites\/2011\/11\/22\/pourquoi-je-vais-travailler-les-resultats-du-sondage-de-lanact\/\"]}]},{\"@type\":\"BreadcrumbList\",\"@id\":\"https:\/\/www.gereso.com\/actualites\/2011\/11\/22\/pourquoi-je-vais-travailler-les-resultats-du-sondage-de-lanact\/#breadcrumb\",\"itemListElement\":[{\"@type\":\"ListItem\",\"position\":1,\"name\":\"Home\",\"item\":\"https:\/\/www.gereso.com\/actualites\/\"},{\"@type\":\"ListItem\",\"position\":2,\"name\":\"&quot;Pourquoi je vais travailler &#8230;&quot; : les r\u00e9sultats du sondage de l&#039;ANACT\"}]},{\"@type\":\"WebSite\",\"@id\":\"https:\/\/www.gereso.com\/actualites\/#website\",\"url\":\"https:\/\/www.gereso.com\/actualites\/\",\"name\":\"Le Blog GERESO\",\"description\":\"Toute l&#039;actu RH, Finance, Fonction Publique, Management...\",\"potentialAction\":[{\"@type\":\"SearchAction\",\"target\":{\"@type\":\"EntryPoint\",\"urlTemplate\":\"https:\/\/www.gereso.com\/actualites\/?s={search_term_string}\"},\"query-input\":{\"@type\":\"PropertyValueSpecification\",\"valueRequired\":true,\"valueName\":\"search_term_string\"}}],\"inLanguage\":\"fr-FR\"},{\"@type\":\"Person\",\"@id\":\"https:\/\/www.gereso.com\/actualites\/#\/schema\/person\/197d8aef40cb4ae3f6a0aa9e1d3df2a6\",\"name\":\"\u00c9quipe GERESO\",\"image\":{\"@type\":\"ImageObject\",\"inLanguage\":\"fr-FR\",\"@id\":\"https:\/\/www.gereso.com\/actualites\/#\/schema\/person\/image\/\",\"url\":\"https:\/\/www.gereso.com\/actualites\/wp-content\/uploads\/2013\/12\/avatar-gereso-1.png\",\"contentUrl\":\"https:\/\/www.gereso.com\/actualites\/wp-content\/uploads\/2013\/12\/avatar-gereso-1.png\",\"caption\":\"\u00c9quipe GERESO\"},\"url\":\"https:\/\/www.gereso.com\/actualites\/author\/gereso\/\"}]}<\/script>\n<!-- \/ Yoast SEO plugin. -->","yoast_head_json":{"title":"&quot;Pourquoi je vais travailler ...&quot; : les r\u00e9sultats du sondage de l&#039;ANACT - Le Blog GERESO","robots":{"index":"index","follow":"follow","max-snippet":"max-snippet:-1","max-image-preview":"max-image-preview:large","max-video-preview":"max-video-preview:-1"},"canonical":"https:\/\/www.gereso.com\/actualites\/2011\/11\/22\/pourquoi-je-vais-travailler-les-resultats-du-sondage-de-lanact\/","og_locale":"fr_FR","og_type":"article","og_title":"&quot;Pourquoi je vais travailler ...&quot; : les r\u00e9sultats du sondage de l&#039;ANACT - Le Blog GERESO","og_description":"3 principaux enseignements Premier enseignement de ce sondage\u00a0: quand on interroge les salari\u00e9s sur les crit\u00e8res les plus importants dans un emploi, ils citent -pour la premi\u00e8re fois depuis 2004- en premi\u00e8re position les conditions de travail (51%, stable) devant le niveau de r\u00e9mun\u00e9ration (50% -4 points\/2004). C&rsquo;est l&rsquo;int\u00e9r\u00eat pour le m\u00e9tier qui cro\u00eet de [&hellip;]","og_url":"https:\/\/www.gereso.com\/actualites\/2011\/11\/22\/pourquoi-je-vais-travailler-les-resultats-du-sondage-de-lanact\/","og_site_name":"Le Blog GERESO","article_published_time":"2011-11-22T11:51:55+00:00","author":"\u00c9quipe GERESO","twitter_card":"summary_large_image","schema":{"@context":"https:\/\/schema.org","@graph":[{"@type":"WebPage","@id":"https:\/\/www.gereso.com\/actualites\/2011\/11\/22\/pourquoi-je-vais-travailler-les-resultats-du-sondage-de-lanact\/","url":"https:\/\/www.gereso.com\/actualites\/2011\/11\/22\/pourquoi-je-vais-travailler-les-resultats-du-sondage-de-lanact\/","name":"&quot;Pourquoi je vais travailler ...&quot; : les r\u00e9sultats du sondage de l&#039;ANACT - Le Blog GERESO","isPartOf":{"@id":"https:\/\/www.gereso.com\/actualites\/#website"},"datePublished":"2011-11-22T11:51:55+00:00","dateModified":"2011-11-22T11:51:55+00:00","author":{"@id":"https:\/\/www.gereso.com\/actualites\/#\/schema\/person\/197d8aef40cb4ae3f6a0aa9e1d3df2a6"},"breadcrumb":{"@id":"https:\/\/www.gereso.com\/actualites\/2011\/11\/22\/pourquoi-je-vais-travailler-les-resultats-du-sondage-de-lanact\/#breadcrumb"},"inLanguage":"fr-FR","potentialAction":[{"@type":"ReadAction","target":["https:\/\/www.gereso.com\/actualites\/2011\/11\/22\/pourquoi-je-vais-travailler-les-resultats-du-sondage-de-lanact\/"]}]},{"@type":"BreadcrumbList","@id":"https:\/\/www.gereso.com\/actualites\/2011\/11\/22\/pourquoi-je-vais-travailler-les-resultats-du-sondage-de-lanact\/#breadcrumb","itemListElement":[{"@type":"ListItem","position":1,"name":"Home","item":"https:\/\/www.gereso.com\/actualites\/"},{"@type":"ListItem","position":2,"name":"&quot;Pourquoi je vais travailler &#8230;&quot; : les r\u00e9sultats du sondage de l&#039;ANACT"}]},{"@type":"WebSite","@id":"https:\/\/www.gereso.com\/actualites\/#website","url":"https:\/\/www.gereso.com\/actualites\/","name":"Le Blog GERESO","description":"Toute l&#039;actu RH, Finance, Fonction Publique, Management...","potentialAction":[{"@type":"SearchAction","target":{"@type":"EntryPoint","urlTemplate":"https:\/\/www.gereso.com\/actualites\/?s={search_term_string}"},"query-input":{"@type":"PropertyValueSpecification","valueRequired":true,"valueName":"search_term_string"}}],"inLanguage":"fr-FR"},{"@type":"Person","@id":"https:\/\/www.gereso.com\/actualites\/#\/schema\/person\/197d8aef40cb4ae3f6a0aa9e1d3df2a6","name":"\u00c9quipe GERESO","image":{"@type":"ImageObject","inLanguage":"fr-FR","@id":"https:\/\/www.gereso.com\/actualites\/#\/schema\/person\/image\/","url":"https:\/\/www.gereso.com\/actualites\/wp-content\/uploads\/2013\/12\/avatar-gereso-1.png","contentUrl":"https:\/\/www.gereso.com\/actualites\/wp-content\/uploads\/2013\/12\/avatar-gereso-1.png","caption":"\u00c9quipe GERESO"},"url":"https:\/\/www.gereso.com\/actualites\/author\/gereso\/"}]}},"_links":{"self":[{"href":"https:\/\/www.gereso.com\/actualites\/wp-json\/wp\/v2\/posts\/1921","targetHints":{"allow":["GET"]}}],"collection":[{"href":"https:\/\/www.gereso.com\/actualites\/wp-json\/wp\/v2\/posts"}],"about":[{"href":"https:\/\/www.gereso.com\/actualites\/wp-json\/wp\/v2\/types\/post"}],"author":[{"embeddable":true,"href":"https:\/\/www.gereso.com\/actualites\/wp-json\/wp\/v2\/users\/32"}],"replies":[{"embeddable":true,"href":"https:\/\/www.gereso.com\/actualites\/wp-json\/wp\/v2\/comments?post=1921"}],"version-history":[{"count":0,"href":"https:\/\/www.gereso.com\/actualites\/wp-json\/wp\/v2\/posts\/1921\/revisions"}],"wp:attachment":[{"href":"https:\/\/www.gereso.com\/actualites\/wp-json\/wp\/v2\/media?parent=1921"}],"wp:term":[{"taxonomy":"category","embeddable":true,"href":"https:\/\/www.gereso.com\/actualites\/wp-json\/wp\/v2\/categories?post=1921"},{"taxonomy":"post_tag","embeddable":true,"href":"https:\/\/www.gereso.com\/actualites\/wp-json\/wp\/v2\/tags?post=1921"}],"curies":[{"name":"wp","href":"https:\/\/api.w.org\/{rel}","templated":true}]}}